{"id":5509,"date":"2021-10-26T08:39:22","date_gmt":"2021-10-26T06:39:22","guid":{"rendered":"https:\/\/mhf.ro\/mm\/?p=5509"},"modified":"2021-10-26T08:39:22","modified_gmt":"2021-10-26T06:39:22","slug":"tesla-model-3-cea-mai-vanduta-masina-in-europa","status":"publish","type":"post","link":"https:\/\/mhf.ro\/mm\/tesla-model-3-cea-mai-vanduta-masina-in-europa\/","title":{"rendered":"Tesla Model 3, cea mai v\u00e2ndut\u0103 ma\u0219in\u0103 \u00een Europa"},"content":{"rendered":"<p>Pentru prima dat\u0103 \u00een istorie, un automobil electric, care \u00een plus este produs \u00een afara Europei, a devenit luna trecut\u0103 cel mai v\u00e2ndut automobil de pe pia\u0163a din Europa.<\/p>\n<p>Tesla Model 3 a devansat \u00een septembrie 2021 modele cu motoare cu combustie intern\u0103 de la mari produc\u0103tori auto, precum Volkswagen, Renault \u0219i Peugeot, informeaz\u0103 compania de consultan\u021b\u0103 Jato Dynamics, potrivit\u00a0Wall-Street.<\/p>\n<p>Sursa citat\u0103 precizeaz\u0103 c\u0103 cifrele record bifate de Tesla reprezint\u0103 un important semnal cu privire la tranzi\u021bia de la motoarele pe combustie intern\u0103 la ma\u0219inile electrice.<\/p>\n<p>Potrivit acestei firme,\u00a0Tesla Model 3 a controlat o cot\u0103 de 2,6% din pia\u0163a\u00a0auto\u00a0european\u0103 \u00een luna septembrie,\u00a0cu 24.591 de unit\u0103\u0163i \u00eenmatriculate (cre\u015ftere de 42% \u00een ritm anual), fa\u0163\u0103 de 18.264 unit\u0103\u0163i pentru Renault Clio, \u015fi 17.988 de unit\u0103\u0163i pentru Dacia Sandero (cre\u015ftere de 41% \u00een ritm anual), scrie Agerpres.ro.<\/p>\n<p>\u00cen a\u015fteptarea inaugur\u0103rii uzinei Tesla de la Berlin, automobilele Model 3 sunt produse \u00een SUA \u015fi China.<\/p>\n<p>Guvernele ofer\u0103 stimulente generoase pentru a-i \u00eencuraja pe cump\u0103r\u0103tori s\u0103 renun\u0163e la autoturismele lor cu motoare pe combustie, astfel c\u0103 \u00een luna septembrie automobilele complet electrice \u015fi hibridele de tip plug-in au controlat 23% din pia\u0163a auto european\u0103, mai mult dec\u00e2t automobilele cu motoare pe motorin\u0103. (conf. Jurnalist.ro)<\/p>\n","protected":false},"excerpt":{"rendered":"<p>Pentru prima dat\u0103 \u00een istorie, un automobil electric, care \u00een plus este produs \u00een afara Europei, a devenit luna trecut\u0103<\/p>\n","protected":false},"author":1,"featured_media":5510,"comment_status":"open","ping_status":"open","sticky":false,"template":"","format":"standard","meta":{"colormag_page_container_layout":"default_layout","colormag_page_sidebar_layout":"default_layout","footnotes":""},"categories":[8],"tags":[],"class_list":["post-5509","post","type-post","status-publish","format-standard","has-post-thumbnail","hentry","category-div"],"yoast_head":"<!-- This site is optimized with the Yoast SEO plugin v27.0 - https:\/\/yoast.com\/product\/yoast-seo-wordpress\/ -->\n<title>Tesla Model 3, cea mai v\u00e2ndut\u0103 ma\u0219in\u0103 \u00een Europa - MHF Photography<\/title>\n<meta name=\"robots\" content=\"index, follow, max-snippet:-1, max-image-preview:large, max-video-preview:-1\" \/>\n<link rel=\"canonical\" href=\"https:\/\/mhf.ro\/mm\/tesla-model-3-cea-mai-vanduta-masina-in-europa\/\" \/>\n<meta property=\"og:locale\" content=\"ro_RO\" \/>\n<meta property=\"og:type\" content=\"article\" \/>\n<meta property=\"og:title\" content=\"Tesla Model 3, cea mai v\u00e2ndut\u0103 ma\u0219in\u0103 \u00een Europa - MHF Photography\" \/>\n<meta property=\"og:description\" content=\"Pentru prima dat\u0103 \u00een istorie, un automobil electric, care \u00een plus este produs \u00een afara Europei, a devenit luna trecut\u0103\" \/>\n<meta property=\"og:url\" content=\"https:\/\/mhf.ro\/mm\/tesla-model-3-cea-mai-vanduta-masina-in-europa\/\" \/>\n<meta property=\"og:site_name\" content=\"MHF Photography\" \/>\n<meta property=\"article:published_time\" content=\"2021-10-26T06:39:22+00:00\" \/>\n<meta property=\"og:image\" content=\"https:\/\/mhf.ro\/mm\/wp-content\/uploads\/2021\/10\/tesla.jpg\" \/>\n\t<meta property=\"og:image:width\" content=\"1260\" \/>\n\t<meta property=\"og:image:height\" content=\"709\" \/>\n\t<meta property=\"og:image:type\" content=\"image\/jpeg\" \/>\n<meta name=\"author\" content=\"Marius Marcu\" \/>\n<meta name=\"twitter:card\" content=\"summary_large_image\" \/>\n<meta name=\"twitter:label1\" content=\"Scris de\" \/>\n\t<meta name=\"twitter:data1\" content=\"Marius Marcu\" \/>\n\t<meta name=\"twitter:label2\" content=\"Timp estimat pentru citire\" \/>\n\t<meta name=\"twitter:data2\" content=\"1 minut\" \/>\n<script type=\"application\/ld+json\" class=\"yoast-schema-graph\">{\"@context\":\"https:\/\/schema.org\",\"@graph\":[{\"@type\":\"Article\",\"@id\":\"https:\/\/mhf.ro\/mm\/tesla-model-3-cea-mai-vanduta-masina-in-europa\/#article\",\"isPartOf\":{\"@id\":\"https:\/\/mhf.ro\/mm\/tesla-model-3-cea-mai-vanduta-masina-in-europa\/\"},\"author\":{\"name\":\"Marius Marcu\",\"@id\":\"https:\/\/mhf.ro\/mm\/#\/schema\/person\/a3bebf7bdb4bf12f698aff73c7e46c21\"},\"headline\":\"Tesla Model 3, cea mai v\u00e2ndut\u0103 ma\u0219in\u0103 \u00een Europa\",\"datePublished\":\"2021-10-26T06:39:22+00:00\",\"mainEntityOfPage\":{\"@id\":\"https:\/\/mhf.ro\/mm\/tesla-model-3-cea-mai-vanduta-masina-in-europa\/\"},\"wordCount\":223,\"commentCount\":0,\"publisher\":{\"@id\":\"https:\/\/mhf.ro\/mm\/#\/schema\/person\/a3bebf7bdb4bf12f698aff73c7e46c21\"},\"image\":{\"@id\":\"https:\/\/mhf.ro\/mm\/tesla-model-3-cea-mai-vanduta-masina-in-europa\/#primaryimage\"},\"thumbnailUrl\":\"https:\/\/mhf.ro\/mm\/wp-content\/uploads\/2021\/10\/tesla.jpg\",\"articleSection\":[\"Diverse\"],\"inLanguage\":\"ro-RO\",\"potentialAction\":[{\"@type\":\"CommentAction\",\"name\":\"Comment\",\"target\":[\"https:\/\/mhf.ro\/mm\/tesla-model-3-cea-mai-vanduta-masina-in-europa\/#respond\"]}]},{\"@type\":\"WebPage\",\"@id\":\"https:\/\/mhf.ro\/mm\/tesla-model-3-cea-mai-vanduta-masina-in-europa\/\",\"url\":\"https:\/\/mhf.ro\/mm\/tesla-model-3-cea-mai-vanduta-masina-in-europa\/\",\"name\":\"Tesla Model 3, cea mai v\u00e2ndut\u0103 ma\u0219in\u0103 \u00een Europa - MHF Photography\",\"isPartOf\":{\"@id\":\"https:\/\/mhf.ro\/mm\/#website\"},\"primaryImageOfPage\":{\"@id\":\"https:\/\/mhf.ro\/mm\/tesla-model-3-cea-mai-vanduta-masina-in-europa\/#primaryimage\"},\"image\":{\"@id\":\"https:\/\/mhf.ro\/mm\/tesla-model-3-cea-mai-vanduta-masina-in-europa\/#primaryimage\"},\"thumbnailUrl\":\"https:\/\/mhf.ro\/mm\/wp-content\/uploads\/2021\/10\/tesla.jpg\",\"datePublished\":\"2021-10-26T06:39:22+00:00\",\"breadcrumb\":{\"@id\":\"https:\/\/mhf.ro\/mm\/tesla-model-3-cea-mai-vanduta-masina-in-europa\/#breadcrumb\"},\"inLanguage\":\"ro-RO\",\"potentialAction\":[{\"@type\":\"ReadAction\",\"target\":[\"https:\/\/mhf.ro\/mm\/tesla-model-3-cea-mai-vanduta-masina-in-europa\/\"]}]},{\"@type\":\"ImageObject\",\"inLanguage\":\"ro-RO\",\"@id\":\"https:\/\/mhf.ro\/mm\/tesla-model-3-cea-mai-vanduta-masina-in-europa\/#primaryimage\",\"url\":\"https:\/\/mhf.ro\/mm\/wp-content\/uploads\/2021\/10\/tesla.jpg\",\"contentUrl\":\"https:\/\/mhf.ro\/mm\/wp-content\/uploads\/2021\/10\/tesla.jpg\",\"width\":1260,\"height\":709},{\"@type\":\"BreadcrumbList\",\"@id\":\"https:\/\/mhf.ro\/mm\/tesla-model-3-cea-mai-vanduta-masina-in-europa\/#breadcrumb\",\"itemListElement\":[{\"@type\":\"ListItem\",\"position\":1,\"name\":\"Prima pagin\u0103\",\"item\":\"https:\/\/mhf.ro\/mm\/\"},{\"@type\":\"ListItem\",\"position\":2,\"name\":\"Tesla Model 3, cea mai v\u00e2ndut\u0103 ma\u0219in\u0103 \u00een Europa\"}]},{\"@type\":\"WebSite\",\"@id\":\"https:\/\/mhf.ro\/mm\/#website\",\"url\":\"https:\/\/mhf.ro\/mm\/\",\"name\":\"MHF Photography \u2013 Blog de fotografie, natur\u0103 \u0219i tehnic\u0103 divers\u0103\",\"description\":\"Aventur\u0103 \u00een fiecare cadru.\",\"publisher\":{\"@id\":\"https:\/\/mhf.ro\/mm\/#\/schema\/person\/a3bebf7bdb4bf12f698aff73c7e46c21\"},\"potentialAction\":[{\"@type\":\"SearchAction\",\"target\":{\"@type\":\"EntryPoint\",\"urlTemplate\":\"https:\/\/mhf.ro\/mm\/?s={search_term_string}\"},\"query-input\":{\"@type\":\"PropertyValueSpecification\",\"valueRequired\":true,\"valueName\":\"search_term_string\"}}],\"inLanguage\":\"ro-RO\"},{\"@type\":[\"Person\",\"Organization\"],\"@id\":\"https:\/\/mhf.ro\/mm\/#\/schema\/person\/a3bebf7bdb4bf12f698aff73c7e46c21\",\"name\":\"Marius Marcu\",\"image\":{\"@type\":\"ImageObject\",\"inLanguage\":\"ro-RO\",\"@id\":\"https:\/\/mhf.ro\/mm\/#\/schema\/person\/image\/\",\"url\":\"https:\/\/mhf.ro\/mm\/wp-content\/uploads\/2025\/12\/cropped-logo_mhf_2.png\",\"contentUrl\":\"https:\/\/mhf.ro\/mm\/wp-content\/uploads\/2025\/12\/cropped-logo_mhf_2.png\",\"width\":1096,\"height\":457,\"caption\":\"Marius Marcu\"},\"logo\":{\"@id\":\"https:\/\/mhf.ro\/mm\/#\/schema\/person\/image\/\"},\"sameAs\":[\"https:\/\/mhf.ro\/mm\"],\"url\":\"https:\/\/mhf.ro\/mm\/author\/mihai\/\"}]}<\/script>\n<!-- \/ Yoast SEO plugin. -->","yoast_head_json":{"title":"Tesla Model 3, cea mai v\u00e2ndut\u0103 ma\u0219in\u0103 \u00een Europa - MHF Photography","robots":{"index":"index","follow":"follow","max-snippet":"max-snippet:-1","max-image-preview":"max-image-preview:large","max-video-preview":"max-video-preview:-1"},"canonical":"https:\/\/mhf.ro\/mm\/tesla-model-3-cea-mai-vanduta-masina-in-europa\/","og_locale":"ro_RO","og_type":"article","og_title":"Tesla Model 3, cea mai v\u00e2ndut\u0103 ma\u0219in\u0103 \u00een Europa - MHF Photography","og_description":"Pentru prima dat\u0103 \u00een istorie, un automobil electric, care \u00een plus este produs \u00een afara Europei, a devenit luna trecut\u0103","og_url":"https:\/\/mhf.ro\/mm\/tesla-model-3-cea-mai-vanduta-masina-in-europa\/","og_site_name":"MHF Photography","article_published_time":"2021-10-26T06:39:22+00:00","og_image":[{"width":1260,"height":709,"url":"https:\/\/mhf.ro\/mm\/wp-content\/uploads\/2021\/10\/tesla.jpg","type":"image\/jpeg"}],"author":"Marius Marcu","twitter_card":"summary_large_image","twitter_misc":{"Scris de":"Marius Marcu","Timp estimat pentru citire":"1 minut"},"schema":{"@context":"https:\/\/schema.org","@graph":[{"@type":"Article","@id":"https:\/\/mhf.ro\/mm\/tesla-model-3-cea-mai-vanduta-masina-in-europa\/#article","isPartOf":{"@id":"https:\/\/mhf.ro\/mm\/tesla-model-3-cea-mai-vanduta-masina-in-europa\/"},"author":{"name":"Marius Marcu","@id":"https:\/\/mhf.ro\/mm\/#\/schema\/person\/a3bebf7bdb4bf12f698aff73c7e46c21"},"headline":"Tesla Model 3, cea mai v\u00e2ndut\u0103 ma\u0219in\u0103 \u00een Europa","datePublished":"2021-10-26T06:39:22+00:00","mainEntityOfPage":{"@id":"https:\/\/mhf.ro\/mm\/tesla-model-3-cea-mai-vanduta-masina-in-europa\/"},"wordCount":223,"commentCount":0,"publisher":{"@id":"https:\/\/mhf.ro\/mm\/#\/schema\/person\/a3bebf7bdb4bf12f698aff73c7e46c21"},"image":{"@id":"https:\/\/mhf.ro\/mm\/tesla-model-3-cea-mai-vanduta-masina-in-europa\/#primaryimage"},"thumbnailUrl":"https:\/\/mhf.ro\/mm\/wp-content\/uploads\/2021\/10\/tesla.jpg","articleSection":["Diverse"],"inLanguage":"ro-RO","potentialAction":[{"@type":"CommentAction","name":"Comment","target":["https:\/\/mhf.ro\/mm\/tesla-model-3-cea-mai-vanduta-masina-in-europa\/#respond"]}]},{"@type":"WebPage","@id":"https:\/\/mhf.ro\/mm\/tesla-model-3-cea-mai-vanduta-masina-in-europa\/","url":"https:\/\/mhf.ro\/mm\/tesla-model-3-cea-mai-vanduta-masina-in-europa\/","name":"Tesla Model 3, cea mai v\u00e2ndut\u0103 ma\u0219in\u0103 \u00een Europa - MHF Photography","isPartOf":{"@id":"https:\/\/mhf.ro\/mm\/#website"},"primaryImageOfPage":{"@id":"https:\/\/mhf.ro\/mm\/tesla-model-3-cea-mai-vanduta-masina-in-europa\/#primaryimage"},"image":{"@id":"https:\/\/mhf.ro\/mm\/tesla-model-3-cea-mai-vanduta-masina-in-europa\/#primaryimage"},"thumbnailUrl":"https:\/\/mhf.ro\/mm\/wp-content\/uploads\/2021\/10\/tesla.jpg","datePublished":"2021-10-26T06:39:22+00:00","breadcrumb":{"@id":"https:\/\/mhf.ro\/mm\/tesla-model-3-cea-mai-vanduta-masina-in-europa\/#breadcrumb"},"inLanguage":"ro-RO","potentialAction":[{"@type":"ReadAction","target":["https:\/\/mhf.ro\/mm\/tesla-model-3-cea-mai-vanduta-masina-in-europa\/"]}]},{"@type":"ImageObject","inLanguage":"ro-RO","@id":"https:\/\/mhf.ro\/mm\/tesla-model-3-cea-mai-vanduta-masina-in-europa\/#primaryimage","url":"https:\/\/mhf.ro\/mm\/wp-content\/uploads\/2021\/10\/tesla.jpg","contentUrl":"https:\/\/mhf.ro\/mm\/wp-content\/uploads\/2021\/10\/tesla.jpg","width":1260,"height":709},{"@type":"BreadcrumbList","@id":"https:\/\/mhf.ro\/mm\/tesla-model-3-cea-mai-vanduta-masina-in-europa\/#breadcrumb","itemListElement":[{"@type":"ListItem","position":1,"name":"Prima pagin\u0103","item":"https:\/\/mhf.ro\/mm\/"},{"@type":"ListItem","position":2,"name":"Tesla Model 3, cea mai v\u00e2ndut\u0103 ma\u0219in\u0103 \u00een Europa"}]},{"@type":"WebSite","@id":"https:\/\/mhf.ro\/mm\/#website","url":"https:\/\/mhf.ro\/mm\/","name":"MHF Photography \u2013 Blog de fotografie, natur\u0103 \u0219i tehnic\u0103 divers\u0103","description":"Aventur\u0103 \u00een fiecare cadru.","publisher":{"@id":"https:\/\/mhf.ro\/mm\/#\/schema\/person\/a3bebf7bdb4bf12f698aff73c7e46c21"},"potentialAction":[{"@type":"SearchAction","target":{"@type":"EntryPoint","urlTemplate":"https:\/\/mhf.ro\/mm\/?s={search_term_string}"},"query-input":{"@type":"PropertyValueSpecification","valueRequired":true,"valueName":"search_term_string"}}],"inLanguage":"ro-RO"},{"@type":["Person","Organization"],"@id":"https:\/\/mhf.ro\/mm\/#\/schema\/person\/a3bebf7bdb4bf12f698aff73c7e46c21","name":"Marius Marcu","image":{"@type":"ImageObject","inLanguage":"ro-RO","@id":"https:\/\/mhf.ro\/mm\/#\/schema\/person\/image\/","url":"https:\/\/mhf.ro\/mm\/wp-content\/uploads\/2025\/12\/cropped-logo_mhf_2.png","contentUrl":"https:\/\/mhf.ro\/mm\/wp-content\/uploads\/2025\/12\/cropped-logo_mhf_2.png","width":1096,"height":457,"caption":"Marius Marcu"},"logo":{"@id":"https:\/\/mhf.ro\/mm\/#\/schema\/person\/image\/"},"sameAs":["https:\/\/mhf.ro\/mm"],"url":"https:\/\/mhf.ro\/mm\/author\/mihai\/"}]}},"_links":{"self":[{"href":"https:\/\/mhf.ro\/mm\/wp-json\/wp\/v2\/posts\/5509","targetHints":{"allow":["GET"]}}],"collection":[{"href":"https:\/\/mhf.ro\/mm\/wp-json\/wp\/v2\/posts"}],"about":[{"href":"https:\/\/mhf.ro\/mm\/wp-json\/wp\/v2\/types\/post"}],"author":[{"embeddable":true,"href":"https:\/\/mhf.ro\/mm\/wp-json\/wp\/v2\/users\/1"}],"replies":[{"embeddable":true,"href":"https:\/\/mhf.ro\/mm\/wp-json\/wp\/v2\/comments?post=5509"}],"version-history":[{"count":1,"href":"https:\/\/mhf.ro\/mm\/wp-json\/wp\/v2\/posts\/5509\/revisions"}],"predecessor-version":[{"id":5511,"href":"https:\/\/mhf.ro\/mm\/wp-json\/wp\/v2\/posts\/5509\/revisions\/5511"}],"wp:featuredmedia":[{"embeddable":true,"href":"https:\/\/mhf.ro\/mm\/wp-json\/wp\/v2\/media\/5510"}],"wp:attachment":[{"href":"https:\/\/mhf.ro\/mm\/wp-json\/wp\/v2\/media?parent=5509"}],"wp:term":[{"taxonomy":"category","embeddable":true,"href":"https:\/\/mhf.ro\/mm\/wp-json\/wp\/v2\/categories?post=5509"},{"taxonomy":"post_tag","embeddable":true,"href":"https:\/\/mhf.ro\/mm\/wp-json\/wp\/v2\/tags?post=5509"}],"curies":[{"name":"wp","href":"https:\/\/api.w.org\/{rel}","templated":true}]}}