{"id":5514,"date":"2021-10-27T08:29:11","date_gmt":"2021-10-27T06:29:11","guid":{"rendered":"https:\/\/mhf.ro\/mm\/?p=5514"},"modified":"2021-10-27T10:01:39","modified_gmt":"2021-10-27T08:01:39","slug":"terapia-cluj-nu-este-lasata-sa-produca-antiviralul-favipiravir","status":"publish","type":"post","link":"https:\/\/mhf.ro\/mm\/terapia-cluj-nu-este-lasata-sa-produca-antiviralul-favipiravir\/","title":{"rendered":"Terapia Cluj nu este l\u0103sat\u0103 s\u0103 produc\u0103 antiviralul Favipiravir"},"content":{"rendered":"<h4>Terapia Cluj acuz\u0103 Agen\u021bia Medicamentului c\u0103 nu a aprobat de 6 luni producerea Favipiravir \u00een Rom\u00e2nia, un antiviral folosit \u00een spitale pentru tratarea formelor u\u0219oare de COVID.<\/h4>\n<p>Pre\u0219edintele institu\u021biei, Robert Ancuceanu, d\u0103 un r\u0103spun halucinant, \u00een condi\u021biile \u00een care \u021bara noastr\u0103 se confrunt\u0103 cu cea mai grav\u0103 criz\u0103 sanitar\u0103. El sus\u021bine c\u0103 nu are cuno\u0219tin\u021b\u0103 de existen\u021ba unei astfel de cereri: \u201eE posibil s\u0103 fi venit \u0219i s\u0103 se fi r\u0103t\u0103cit pe undeva. \u00cencerc\u0103m s\u0103 vedem ce s-a \u00eent\u00e2mplat\u201d.<\/p>\n<h4>Potrivit\u00a0Libertatea, Autoritatea Na\u021bional\u0103 a Medicamentului nu ar fi r\u0103spuns de mai bine de 6 luni la adresa \u00eenaintat\u0103 de Terapia Cluj.<\/h4>\n<p>Un anun\u021b privind inten\u021bia de \u00eencepere a produc\u021biei a fost f\u0103cut chiar \u00een luna mai, potrivit Ziarului Financiar.<\/p>\n<p>\u201eAm \u00eentrebat at\u00e2t la proceduri na\u021bionale, c\u00e2t \u0219i la inspec\u021bie, unde ar fi trebuit s\u0103 vin\u0103 aceast\u0103 cerere (a Terapia \u2013 n.r.), iar colegii mei spun c\u0103 nu au primit. E posibil s\u0103 fi venit \u0219i s\u0103 se fi r\u0103t\u0103cit pe undeva. \u00cencerc\u0103m s\u0103 vedem ce s-a \u00eent\u00e2mplat. \u00a0Dar eu sunt doar de dou\u0103 luni \u0219i abia a\u0219tept s\u0103 revin la via\u021ba mea personal\u0103\u201d, a afirmat Ancuceanu.<\/p>\n<p>Acesta spune \u00eens\u0103 c\u0103 Agen\u021bia Medicamentului a autorizat Terapia s\u0103 v\u00e2nd\u0103 favipiravir importat din India. Cu toate acestea, sus\u021bine c\u0103 exist\u0103 anumite probleme legate de favipiravir. Potrivit lui Ancuceanu, produsul Terapia nu este originalul. Originalul se nume\u0219te Avigan \u0219i a fost realizat \u00een Japonia. Favipiravir este \u201ecopia\u201d, adic\u0103 medicamentul generic, \u0219i este realizat \u00een acest moment \u00een India.<\/p>\n<p>Favipiravir a fost dezvoltat ini\u021bial pentru grip\u0103, dar este folosit \u0219i \u00eempotriva COVID pe motiv c\u0103 reduce febra. Mai mul\u021bi speciali\u0219ti din domeniul sanitar cer ca medicamentul s\u0103 fie accesibil popula\u021biei pentru a ridica presiunea din spitale.<\/p>\n<p>\u201ePropun ca antiviralul Favipiravir s\u0103 poat\u0103 fi eliberat din farmaciile cu circuit deschis. Sigur, acesta va fi eliberat pe baz\u0103 de re\u0163et\u0103 completat\u0103, eliberat\u0103 de medicul specialist, medicul de familie, s\u0103 fie decontat\u0103 exclusiv de c\u0103tre stat. Acest deziderat ne va duce, mai mult ca sigur, la reducerea num\u0103rului de intern\u0103ri \u00een cadrul spitalului, de transformare a formelor medii \u00een forme severe \u015fi tratarea pacien\u0163ilor cu forme medii la domiciliu\u201d, a declarat Florin Ro\u0219u, managerul Spitalului Clinic de Boli Infec\u021bioase din Ia\u0219i. (conf. Jurnalist.ro)<\/p>\n","protected":false},"excerpt":{"rendered":"<p>Terapia Cluj acuz\u0103 Agen\u021bia Medicamentului c\u0103 nu a aprobat de 6 luni producerea Favipiravir \u00een Rom\u00e2nia, un antiviral folosit \u00een<\/p>\n","protected":false},"author":1,"featured_media":5515,"comment_status":"open","ping_status":"open","sticky":false,"template":"","format":"standard","meta":{"colormag_page_container_layout":"default_layout","colormag_page_sidebar_layout":"default_layout","footnotes":""},"categories":[5],"tags":[],"class_list":["post-5514","post","type-post","status-publish","format-standard","has-post-thumbnail","hentry","category-locale"],"yoast_head":"<!-- This site is optimized with the Yoast SEO plugin v27.0 - https:\/\/yoast.com\/product\/yoast-seo-wordpress\/ -->\n<title>Terapia Cluj nu este l\u0103sat\u0103 s\u0103 produc\u0103 antiviralul Favipiravir - MHF Photography<\/title>\n<meta name=\"robots\" content=\"index, follow, max-snippet:-1, max-image-preview:large, max-video-preview:-1\" \/>\n<link rel=\"canonical\" href=\"https:\/\/mhf.ro\/mm\/terapia-cluj-nu-este-lasata-sa-produca-antiviralul-favipiravir\/\" \/>\n<meta property=\"og:locale\" content=\"ro_RO\" \/>\n<meta property=\"og:type\" content=\"article\" \/>\n<meta property=\"og:title\" content=\"Terapia Cluj nu este l\u0103sat\u0103 s\u0103 produc\u0103 antiviralul Favipiravir - MHF Photography\" \/>\n<meta property=\"og:description\" content=\"Terapia Cluj acuz\u0103 Agen\u021bia Medicamentului c\u0103 nu a aprobat de 6 luni producerea Favipiravir \u00een Rom\u00e2nia, un antiviral folosit \u00een\" \/>\n<meta property=\"og:url\" content=\"https:\/\/mhf.ro\/mm\/terapia-cluj-nu-este-lasata-sa-produca-antiviralul-favipiravir\/\" \/>\n<meta property=\"og:site_name\" content=\"MHF Photography\" \/>\n<meta property=\"article:published_time\" content=\"2021-10-27T06:29:11+00:00\" \/>\n<meta property=\"article:modified_time\" content=\"2021-10-27T08:01:39+00:00\" \/>\n<meta property=\"og:image\" content=\"https:\/\/mhf.ro\/mm\/wp-content\/uploads\/2021\/10\/Favipiravir.jpg\" \/>\n\t<meta property=\"og:image:width\" content=\"1260\" \/>\n\t<meta property=\"og:image:height\" content=\"709\" \/>\n\t<meta property=\"og:image:type\" content=\"image\/jpeg\" \/>\n<meta name=\"author\" content=\"Marius Marcu\" \/>\n<meta name=\"twitter:card\" content=\"summary_large_image\" \/>\n<meta name=\"twitter:label1\" content=\"Scris de\" \/>\n\t<meta name=\"twitter:data1\" content=\"Marius Marcu\" \/>\n\t<meta name=\"twitter:label2\" content=\"Timp estimat pentru citire\" \/>\n\t<meta name=\"twitter:data2\" content=\"2 minute\" \/>\n<script type=\"application\/ld+json\" class=\"yoast-schema-graph\">{\"@context\":\"https:\/\/schema.org\",\"@graph\":[{\"@type\":\"Article\",\"@id\":\"https:\/\/mhf.ro\/mm\/terapia-cluj-nu-este-lasata-sa-produca-antiviralul-favipiravir\/#article\",\"isPartOf\":{\"@id\":\"https:\/\/mhf.ro\/mm\/terapia-cluj-nu-este-lasata-sa-produca-antiviralul-favipiravir\/\"},\"author\":{\"name\":\"Marius Marcu\",\"@id\":\"https:\/\/mhf.ro\/mm\/#\/schema\/person\/a3bebf7bdb4bf12f698aff73c7e46c21\"},\"headline\":\"Terapia Cluj nu este l\u0103sat\u0103 s\u0103 produc\u0103 antiviralul Favipiravir\",\"datePublished\":\"2021-10-27T06:29:11+00:00\",\"dateModified\":\"2021-10-27T08:01:39+00:00\",\"mainEntityOfPage\":{\"@id\":\"https:\/\/mhf.ro\/mm\/terapia-cluj-nu-este-lasata-sa-produca-antiviralul-favipiravir\/\"},\"wordCount\":419,\"commentCount\":0,\"publisher\":{\"@id\":\"https:\/\/mhf.ro\/mm\/#\/schema\/person\/a3bebf7bdb4bf12f698aff73c7e46c21\"},\"image\":{\"@id\":\"https:\/\/mhf.ro\/mm\/terapia-cluj-nu-este-lasata-sa-produca-antiviralul-favipiravir\/#primaryimage\"},\"thumbnailUrl\":\"https:\/\/mhf.ro\/mm\/wp-content\/uploads\/2021\/10\/Favipiravir.jpg\",\"articleSection\":[\"Locale\"],\"inLanguage\":\"ro-RO\",\"potentialAction\":[{\"@type\":\"CommentAction\",\"name\":\"Comment\",\"target\":[\"https:\/\/mhf.ro\/mm\/terapia-cluj-nu-este-lasata-sa-produca-antiviralul-favipiravir\/#respond\"]}]},{\"@type\":\"WebPage\",\"@id\":\"https:\/\/mhf.ro\/mm\/terapia-cluj-nu-este-lasata-sa-produca-antiviralul-favipiravir\/\",\"url\":\"https:\/\/mhf.ro\/mm\/terapia-cluj-nu-este-lasata-sa-produca-antiviralul-favipiravir\/\",\"name\":\"Terapia Cluj nu este l\u0103sat\u0103 s\u0103 produc\u0103 antiviralul Favipiravir - MHF Photography\",\"isPartOf\":{\"@id\":\"https:\/\/mhf.ro\/mm\/#website\"},\"primaryImageOfPage\":{\"@id\":\"https:\/\/mhf.ro\/mm\/terapia-cluj-nu-este-lasata-sa-produca-antiviralul-favipiravir\/#primaryimage\"},\"image\":{\"@id\":\"https:\/\/mhf.ro\/mm\/terapia-cluj-nu-este-lasata-sa-produca-antiviralul-favipiravir\/#primaryimage\"},\"thumbnailUrl\":\"https:\/\/mhf.ro\/mm\/wp-content\/uploads\/2021\/10\/Favipiravir.jpg\",\"datePublished\":\"2021-10-27T06:29:11+00:00\",\"dateModified\":\"2021-10-27T08:01:39+00:00\",\"breadcrumb\":{\"@id\":\"https:\/\/mhf.ro\/mm\/terapia-cluj-nu-este-lasata-sa-produca-antiviralul-favipiravir\/#breadcrumb\"},\"inLanguage\":\"ro-RO\",\"potentialAction\":[{\"@type\":\"ReadAction\",\"target\":[\"https:\/\/mhf.ro\/mm\/terapia-cluj-nu-este-lasata-sa-produca-antiviralul-favipiravir\/\"]}]},{\"@type\":\"ImageObject\",\"inLanguage\":\"ro-RO\",\"@id\":\"https:\/\/mhf.ro\/mm\/terapia-cluj-nu-este-lasata-sa-produca-antiviralul-favipiravir\/#primaryimage\",\"url\":\"https:\/\/mhf.ro\/mm\/wp-content\/uploads\/2021\/10\/Favipiravir.jpg\",\"contentUrl\":\"https:\/\/mhf.ro\/mm\/wp-content\/uploads\/2021\/10\/Favipiravir.jpg\",\"width\":1260,\"height\":709},{\"@type\":\"BreadcrumbList\",\"@id\":\"https:\/\/mhf.ro\/mm\/terapia-cluj-nu-este-lasata-sa-produca-antiviralul-favipiravir\/#breadcrumb\",\"itemListElement\":[{\"@type\":\"ListItem\",\"position\":1,\"name\":\"Prima pagin\u0103\",\"item\":\"https:\/\/mhf.ro\/mm\/\"},{\"@type\":\"ListItem\",\"position\":2,\"name\":\"Terapia Cluj nu este l\u0103sat\u0103 s\u0103 produc\u0103 antiviralul Favipiravir\"}]},{\"@type\":\"WebSite\",\"@id\":\"https:\/\/mhf.ro\/mm\/#website\",\"url\":\"https:\/\/mhf.ro\/mm\/\",\"name\":\"MHF Photography \u2013 Blog de fotografie, natur\u0103 \u0219i tehnic\u0103 divers\u0103\",\"description\":\"Aventur\u0103 \u00een fiecare cadru.\",\"publisher\":{\"@id\":\"https:\/\/mhf.ro\/mm\/#\/schema\/person\/a3bebf7bdb4bf12f698aff73c7e46c21\"},\"potentialAction\":[{\"@type\":\"SearchAction\",\"target\":{\"@type\":\"EntryPoint\",\"urlTemplate\":\"https:\/\/mhf.ro\/mm\/?s={search_term_string}\"},\"query-input\":{\"@type\":\"PropertyValueSpecification\",\"valueRequired\":true,\"valueName\":\"search_term_string\"}}],\"inLanguage\":\"ro-RO\"},{\"@type\":[\"Person\",\"Organization\"],\"@id\":\"https:\/\/mhf.ro\/mm\/#\/schema\/person\/a3bebf7bdb4bf12f698aff73c7e46c21\",\"name\":\"Marius Marcu\",\"image\":{\"@type\":\"ImageObject\",\"inLanguage\":\"ro-RO\",\"@id\":\"https:\/\/mhf.ro\/mm\/#\/schema\/person\/image\/\",\"url\":\"https:\/\/mhf.ro\/mm\/wp-content\/uploads\/2025\/12\/cropped-logo_mhf_2.png\",\"contentUrl\":\"https:\/\/mhf.ro\/mm\/wp-content\/uploads\/2025\/12\/cropped-logo_mhf_2.png\",\"width\":1096,\"height\":457,\"caption\":\"Marius Marcu\"},\"logo\":{\"@id\":\"https:\/\/mhf.ro\/mm\/#\/schema\/person\/image\/\"},\"sameAs\":[\"https:\/\/mhf.ro\/mm\"],\"url\":\"https:\/\/mhf.ro\/mm\/author\/mihai\/\"}]}<\/script>\n<!-- \/ Yoast SEO plugin. -->","yoast_head_json":{"title":"Terapia Cluj nu este l\u0103sat\u0103 s\u0103 produc\u0103 antiviralul Favipiravir - MHF Photography","robots":{"index":"index","follow":"follow","max-snippet":"max-snippet:-1","max-image-preview":"max-image-preview:large","max-video-preview":"max-video-preview:-1"},"canonical":"https:\/\/mhf.ro\/mm\/terapia-cluj-nu-este-lasata-sa-produca-antiviralul-favipiravir\/","og_locale":"ro_RO","og_type":"article","og_title":"Terapia Cluj nu este l\u0103sat\u0103 s\u0103 produc\u0103 antiviralul Favipiravir - MHF Photography","og_description":"Terapia Cluj acuz\u0103 Agen\u021bia Medicamentului c\u0103 nu a aprobat de 6 luni producerea Favipiravir \u00een Rom\u00e2nia, un antiviral folosit \u00een","og_url":"https:\/\/mhf.ro\/mm\/terapia-cluj-nu-este-lasata-sa-produca-antiviralul-favipiravir\/","og_site_name":"MHF Photography","article_published_time":"2021-10-27T06:29:11+00:00","article_modified_time":"2021-10-27T08:01:39+00:00","og_image":[{"width":1260,"height":709,"url":"https:\/\/mhf.ro\/mm\/wp-content\/uploads\/2021\/10\/Favipiravir.jpg","type":"image\/jpeg"}],"author":"Marius Marcu","twitter_card":"summary_large_image","twitter_misc":{"Scris de":"Marius Marcu","Timp estimat pentru citire":"2 minute"},"schema":{"@context":"https:\/\/schema.org","@graph":[{"@type":"Article","@id":"https:\/\/mhf.ro\/mm\/terapia-cluj-nu-este-lasata-sa-produca-antiviralul-favipiravir\/#article","isPartOf":{"@id":"https:\/\/mhf.ro\/mm\/terapia-cluj-nu-este-lasata-sa-produca-antiviralul-favipiravir\/"},"author":{"name":"Marius Marcu","@id":"https:\/\/mhf.ro\/mm\/#\/schema\/person\/a3bebf7bdb4bf12f698aff73c7e46c21"},"headline":"Terapia Cluj nu este l\u0103sat\u0103 s\u0103 produc\u0103 antiviralul Favipiravir","datePublished":"2021-10-27T06:29:11+00:00","dateModified":"2021-10-27T08:01:39+00:00","mainEntityOfPage":{"@id":"https:\/\/mhf.ro\/mm\/terapia-cluj-nu-este-lasata-sa-produca-antiviralul-favipiravir\/"},"wordCount":419,"commentCount":0,"publisher":{"@id":"https:\/\/mhf.ro\/mm\/#\/schema\/person\/a3bebf7bdb4bf12f698aff73c7e46c21"},"image":{"@id":"https:\/\/mhf.ro\/mm\/terapia-cluj-nu-este-lasata-sa-produca-antiviralul-favipiravir\/#primaryimage"},"thumbnailUrl":"https:\/\/mhf.ro\/mm\/wp-content\/uploads\/2021\/10\/Favipiravir.jpg","articleSection":["Locale"],"inLanguage":"ro-RO","potentialAction":[{"@type":"CommentAction","name":"Comment","target":["https:\/\/mhf.ro\/mm\/terapia-cluj-nu-este-lasata-sa-produca-antiviralul-favipiravir\/#respond"]}]},{"@type":"WebPage","@id":"https:\/\/mhf.ro\/mm\/terapia-cluj-nu-este-lasata-sa-produca-antiviralul-favipiravir\/","url":"https:\/\/mhf.ro\/mm\/terapia-cluj-nu-este-lasata-sa-produca-antiviralul-favipiravir\/","name":"Terapia Cluj nu este l\u0103sat\u0103 s\u0103 produc\u0103 antiviralul Favipiravir - MHF Photography","isPartOf":{"@id":"https:\/\/mhf.ro\/mm\/#website"},"primaryImageOfPage":{"@id":"https:\/\/mhf.ro\/mm\/terapia-cluj-nu-este-lasata-sa-produca-antiviralul-favipiravir\/#primaryimage"},"image":{"@id":"https:\/\/mhf.ro\/mm\/terapia-cluj-nu-este-lasata-sa-produca-antiviralul-favipiravir\/#primaryimage"},"thumbnailUrl":"https:\/\/mhf.ro\/mm\/wp-content\/uploads\/2021\/10\/Favipiravir.jpg","datePublished":"2021-10-27T06:29:11+00:00","dateModified":"2021-10-27T08:01:39+00:00","breadcrumb":{"@id":"https:\/\/mhf.ro\/mm\/terapia-cluj-nu-este-lasata-sa-produca-antiviralul-favipiravir\/#breadcrumb"},"inLanguage":"ro-RO","potentialAction":[{"@type":"ReadAction","target":["https:\/\/mhf.ro\/mm\/terapia-cluj-nu-este-lasata-sa-produca-antiviralul-favipiravir\/"]}]},{"@type":"ImageObject","inLanguage":"ro-RO","@id":"https:\/\/mhf.ro\/mm\/terapia-cluj-nu-este-lasata-sa-produca-antiviralul-favipiravir\/#primaryimage","url":"https:\/\/mhf.ro\/mm\/wp-content\/uploads\/2021\/10\/Favipiravir.jpg","contentUrl":"https:\/\/mhf.ro\/mm\/wp-content\/uploads\/2021\/10\/Favipiravir.jpg","width":1260,"height":709},{"@type":"BreadcrumbList","@id":"https:\/\/mhf.ro\/mm\/terapia-cluj-nu-este-lasata-sa-produca-antiviralul-favipiravir\/#breadcrumb","itemListElement":[{"@type":"ListItem","position":1,"name":"Prima pagin\u0103","item":"https:\/\/mhf.ro\/mm\/"},{"@type":"ListItem","position":2,"name":"Terapia Cluj nu este l\u0103sat\u0103 s\u0103 produc\u0103 antiviralul Favipiravir"}]},{"@type":"WebSite","@id":"https:\/\/mhf.ro\/mm\/#website","url":"https:\/\/mhf.ro\/mm\/","name":"MHF Photography \u2013 Blog de fotografie, natur\u0103 \u0219i tehnic\u0103 divers\u0103","description":"Aventur\u0103 \u00een fiecare cadru.","publisher":{"@id":"https:\/\/mhf.ro\/mm\/#\/schema\/person\/a3bebf7bdb4bf12f698aff73c7e46c21"},"potentialAction":[{"@type":"SearchAction","target":{"@type":"EntryPoint","urlTemplate":"https:\/\/mhf.ro\/mm\/?s={search_term_string}"},"query-input":{"@type":"PropertyValueSpecification","valueRequired":true,"valueName":"search_term_string"}}],"inLanguage":"ro-RO"},{"@type":["Person","Organization"],"@id":"https:\/\/mhf.ro\/mm\/#\/schema\/person\/a3bebf7bdb4bf12f698aff73c7e46c21","name":"Marius Marcu","image":{"@type":"ImageObject","inLanguage":"ro-RO","@id":"https:\/\/mhf.ro\/mm\/#\/schema\/person\/image\/","url":"https:\/\/mhf.ro\/mm\/wp-content\/uploads\/2025\/12\/cropped-logo_mhf_2.png","contentUrl":"https:\/\/mhf.ro\/mm\/wp-content\/uploads\/2025\/12\/cropped-logo_mhf_2.png","width":1096,"height":457,"caption":"Marius Marcu"},"logo":{"@id":"https:\/\/mhf.ro\/mm\/#\/schema\/person\/image\/"},"sameAs":["https:\/\/mhf.ro\/mm"],"url":"https:\/\/mhf.ro\/mm\/author\/mihai\/"}]}},"_links":{"self":[{"href":"https:\/\/mhf.ro\/mm\/wp-json\/wp\/v2\/posts\/5514","targetHints":{"allow":["GET"]}}],"collection":[{"href":"https:\/\/mhf.ro\/mm\/wp-json\/wp\/v2\/posts"}],"about":[{"href":"https:\/\/mhf.ro\/mm\/wp-json\/wp\/v2\/types\/post"}],"author":[{"embeddable":true,"href":"https:\/\/mhf.ro\/mm\/wp-json\/wp\/v2\/users\/1"}],"replies":[{"embeddable":true,"href":"https:\/\/mhf.ro\/mm\/wp-json\/wp\/v2\/comments?post=5514"}],"version-history":[{"count":2,"href":"https:\/\/mhf.ro\/mm\/wp-json\/wp\/v2\/posts\/5514\/revisions"}],"predecessor-version":[{"id":5517,"href":"https:\/\/mhf.ro\/mm\/wp-json\/wp\/v2\/posts\/5514\/revisions\/5517"}],"wp:featuredmedia":[{"embeddable":true,"href":"https:\/\/mhf.ro\/mm\/wp-json\/wp\/v2\/media\/5515"}],"wp:attachment":[{"href":"https:\/\/mhf.ro\/mm\/wp-json\/wp\/v2\/media?parent=5514"}],"wp:term":[{"taxonomy":"category","embeddable":true,"href":"https:\/\/mhf.ro\/mm\/wp-json\/wp\/v2\/categories?post=5514"},{"taxonomy":"post_tag","embeddable":true,"href":"https:\/\/mhf.ro\/mm\/wp-json\/wp\/v2\/tags?post=5514"}],"curies":[{"name":"wp","href":"https:\/\/api.w.org\/{rel}","templated":true}]}}