{"id":5518,"date":"2021-10-27T09:03:30","date_gmt":"2021-10-27T07:03:30","guid":{"rendered":"https:\/\/mhf.ro\/mm\/?p=5518"},"modified":"2021-10-27T10:05:29","modified_gmt":"2021-10-27T08:05:29","slug":"zilele-de-vacanta-se-recupereaza-in-ianuarie","status":"publish","type":"post","link":"https:\/\/mhf.ro\/mm\/zilele-de-vacanta-se-recupereaza-in-ianuarie\/","title":{"rendered":"Zilele de vacan\u021b\u0103 se recupereaz\u0103 \u00een ianuarie"},"content":{"rendered":"<p>Ministrul interimar al Educa\u021biei, Sorin C\u00eempeanu, a anun\u021bat c\u0103 cele dou\u0103 s\u0103pt\u0103m\u00e2ni de vacan\u021b\u0103 se vor recupera \u00een ianuarie, cu prezen\u021b\u0103 fizic\u0103. Astfel, \u00eentre 3-14 ianuarie vor merge la \u0219coal\u0103 elevii de gimnaziu \u0219i liceu, iar \u00eentre 10-14 ianuarie cei din ciclul primar, care ar fi avut oricum o s\u0103pt\u0103m\u00e2na de vacan\u021b\u0103 \u00een octombrie.<\/p>\n<div>\u201eCele dou\u0103 s\u0103pt\u0103m\u00e2ni de vacan\u021b\u0103 suplimentar\u0103 sunt convins c\u0103 se vor transforma \u00een dou\u0103 s\u0103pt\u0103m\u00e2ni de \u0219coal\u0103 cu prezen\u021b\u0103 fizic\u0103 \u00eentre 3 \u0219i 14 ianuarie, pentru gimnaziu \u0219i liceu, respectiv \u00eentr-o s\u0103pt\u0103m\u00e2n\u0103 cu prezen\u021b\u0103 fizic\u0103, \u00eentre 10 \u0219i 14 ianuarie, pentru ciclul primar.<\/div>\n<div><\/div>\n<div>\u201dNu se pierde nicio zi de \u015fcoal\u0103 nici din semestrul 1, nici din semestrul 2. Cele dou\u0103 s\u0103pt\u0103m\u00e2ni sunt maximul ce poate fi recuperat in a\u015fa fel \u00eenc\u00e2t datele de examene s\u0103 fie cele cunoscute, f\u0103r\u0103 a se pierde nicio zi de cursuri.\u00a0\u201d, a declarat C\u00eempeanu pentru\u00a0Educa\u021bieprivat\u0103.ro.<\/div>\n<div><\/div>\n<div>C\u00eempeanu a mai spus c\u0103 exist\u0103 \u0219anse ca din 8 noiembrie \u0219coala s\u0103 \u00eenceap\u0103 online.<\/div>\n<div><\/div>\n<div>Elevii au dou\u0103 s\u0103pt\u0103m\u00e2ni de vacan\u0163\u0103, pentru a se limita r\u0103sp\u00e2nirea virusului. (conf Jurnalist.ro)<\/div>\n","protected":false},"excerpt":{"rendered":"<p>Ministrul interimar al Educa\u021biei, Sorin C\u00eempeanu, a anun\u021bat c\u0103 cele dou\u0103 s\u0103pt\u0103m\u00e2ni de vacan\u021b\u0103 se vor recupera \u00een ianuarie, cu<\/p>\n","protected":false},"author":1,"featured_media":5519,"comment_status":"open","ping_status":"open","sticky":false,"template":"","format":"standard","meta":{"colormag_page_container_layout":"default_layout","colormag_page_sidebar_layout":"default_layout","footnotes":""},"categories":[8],"tags":[],"class_list":["post-5518","post","type-post","status-publish","format-standard","has-post-thumbnail","hentry","category-div"],"yoast_head":"<!-- This site is optimized with the Yoast SEO plugin v27.0 - https:\/\/yoast.com\/product\/yoast-seo-wordpress\/ -->\n<title>Zilele de vacan\u021b\u0103 se recupereaz\u0103 \u00een ianuarie - MHF Photography<\/title>\n<meta name=\"robots\" content=\"index, follow, max-snippet:-1, max-image-preview:large, max-video-preview:-1\" \/>\n<link rel=\"canonical\" href=\"https:\/\/mhf.ro\/mm\/zilele-de-vacanta-se-recupereaza-in-ianuarie\/\" \/>\n<meta property=\"og:locale\" content=\"ro_RO\" \/>\n<meta property=\"og:type\" content=\"article\" \/>\n<meta property=\"og:title\" content=\"Zilele de vacan\u021b\u0103 se recupereaz\u0103 \u00een ianuarie - MHF Photography\" \/>\n<meta property=\"og:description\" content=\"Ministrul interimar al Educa\u021biei, Sorin C\u00eempeanu, a anun\u021bat c\u0103 cele dou\u0103 s\u0103pt\u0103m\u00e2ni de vacan\u021b\u0103 se vor recupera \u00een ianuarie, cu\" \/>\n<meta property=\"og:url\" content=\"https:\/\/mhf.ro\/mm\/zilele-de-vacanta-se-recupereaza-in-ianuarie\/\" \/>\n<meta property=\"og:site_name\" content=\"MHF Photography\" \/>\n<meta property=\"article:published_time\" content=\"2021-10-27T07:03:30+00:00\" \/>\n<meta property=\"article:modified_time\" content=\"2021-10-27T08:05:29+00:00\" \/>\n<meta property=\"og:image\" content=\"https:\/\/mhf.ro\/mm\/wp-content\/uploads\/2021\/10\/sorin-cimpeanu.jpg\" \/>\n\t<meta property=\"og:image:width\" content=\"1200\" \/>\n\t<meta property=\"og:image:height\" content=\"573\" \/>\n\t<meta property=\"og:image:type\" content=\"image\/jpeg\" \/>\n<meta name=\"author\" content=\"Marius Marcu\" \/>\n<meta name=\"twitter:card\" content=\"summary_large_image\" \/>\n<meta name=\"twitter:label1\" content=\"Scris de\" \/>\n\t<meta name=\"twitter:data1\" content=\"Marius Marcu\" \/>\n\t<meta name=\"twitter:label2\" content=\"Timp estimat pentru citire\" \/>\n\t<meta name=\"twitter:data2\" content=\"1 minut\" \/>\n<script type=\"application\/ld+json\" class=\"yoast-schema-graph\">{\"@context\":\"https:\/\/schema.org\",\"@graph\":[{\"@type\":\"Article\",\"@id\":\"https:\/\/mhf.ro\/mm\/zilele-de-vacanta-se-recupereaza-in-ianuarie\/#article\",\"isPartOf\":{\"@id\":\"https:\/\/mhf.ro\/mm\/zilele-de-vacanta-se-recupereaza-in-ianuarie\/\"},\"author\":{\"name\":\"Marius Marcu\",\"@id\":\"https:\/\/mhf.ro\/mm\/#\/schema\/person\/a3bebf7bdb4bf12f698aff73c7e46c21\"},\"headline\":\"Zilele de vacan\u021b\u0103 se recupereaz\u0103 \u00een ianuarie\",\"datePublished\":\"2021-10-27T07:03:30+00:00\",\"dateModified\":\"2021-10-27T08:05:29+00:00\",\"mainEntityOfPage\":{\"@id\":\"https:\/\/mhf.ro\/mm\/zilele-de-vacanta-se-recupereaza-in-ianuarie\/\"},\"wordCount\":208,\"commentCount\":0,\"publisher\":{\"@id\":\"https:\/\/mhf.ro\/mm\/#\/schema\/person\/a3bebf7bdb4bf12f698aff73c7e46c21\"},\"image\":{\"@id\":\"https:\/\/mhf.ro\/mm\/zilele-de-vacanta-se-recupereaza-in-ianuarie\/#primaryimage\"},\"thumbnailUrl\":\"https:\/\/mhf.ro\/mm\/wp-content\/uploads\/2021\/10\/sorin-cimpeanu.jpg\",\"articleSection\":[\"Diverse\"],\"inLanguage\":\"ro-RO\",\"potentialAction\":[{\"@type\":\"CommentAction\",\"name\":\"Comment\",\"target\":[\"https:\/\/mhf.ro\/mm\/zilele-de-vacanta-se-recupereaza-in-ianuarie\/#respond\"]}]},{\"@type\":\"WebPage\",\"@id\":\"https:\/\/mhf.ro\/mm\/zilele-de-vacanta-se-recupereaza-in-ianuarie\/\",\"url\":\"https:\/\/mhf.ro\/mm\/zilele-de-vacanta-se-recupereaza-in-ianuarie\/\",\"name\":\"Zilele de vacan\u021b\u0103 se recupereaz\u0103 \u00een ianuarie - MHF Photography\",\"isPartOf\":{\"@id\":\"https:\/\/mhf.ro\/mm\/#website\"},\"primaryImageOfPage\":{\"@id\":\"https:\/\/mhf.ro\/mm\/zilele-de-vacanta-se-recupereaza-in-ianuarie\/#primaryimage\"},\"image\":{\"@id\":\"https:\/\/mhf.ro\/mm\/zilele-de-vacanta-se-recupereaza-in-ianuarie\/#primaryimage\"},\"thumbnailUrl\":\"https:\/\/mhf.ro\/mm\/wp-content\/uploads\/2021\/10\/sorin-cimpeanu.jpg\",\"datePublished\":\"2021-10-27T07:03:30+00:00\",\"dateModified\":\"2021-10-27T08:05:29+00:00\",\"breadcrumb\":{\"@id\":\"https:\/\/mhf.ro\/mm\/zilele-de-vacanta-se-recupereaza-in-ianuarie\/#breadcrumb\"},\"inLanguage\":\"ro-RO\",\"potentialAction\":[{\"@type\":\"ReadAction\",\"target\":[\"https:\/\/mhf.ro\/mm\/zilele-de-vacanta-se-recupereaza-in-ianuarie\/\"]}]},{\"@type\":\"ImageObject\",\"inLanguage\":\"ro-RO\",\"@id\":\"https:\/\/mhf.ro\/mm\/zilele-de-vacanta-se-recupereaza-in-ianuarie\/#primaryimage\",\"url\":\"https:\/\/mhf.ro\/mm\/wp-content\/uploads\/2021\/10\/sorin-cimpeanu.jpg\",\"contentUrl\":\"https:\/\/mhf.ro\/mm\/wp-content\/uploads\/2021\/10\/sorin-cimpeanu.jpg\",\"width\":1200,\"height\":573},{\"@type\":\"BreadcrumbList\",\"@id\":\"https:\/\/mhf.ro\/mm\/zilele-de-vacanta-se-recupereaza-in-ianuarie\/#breadcrumb\",\"itemListElement\":[{\"@type\":\"ListItem\",\"position\":1,\"name\":\"Prima pagin\u0103\",\"item\":\"https:\/\/mhf.ro\/mm\/\"},{\"@type\":\"ListItem\",\"position\":2,\"name\":\"Zilele de vacan\u021b\u0103 se recupereaz\u0103 \u00een ianuarie\"}]},{\"@type\":\"WebSite\",\"@id\":\"https:\/\/mhf.ro\/mm\/#website\",\"url\":\"https:\/\/mhf.ro\/mm\/\",\"name\":\"MHF Photography \u2013 Blog de fotografie, natur\u0103 \u0219i tehnic\u0103 divers\u0103\",\"description\":\"Aventur\u0103 \u00een fiecare cadru.\",\"publisher\":{\"@id\":\"https:\/\/mhf.ro\/mm\/#\/schema\/person\/a3bebf7bdb4bf12f698aff73c7e46c21\"},\"potentialAction\":[{\"@type\":\"SearchAction\",\"target\":{\"@type\":\"EntryPoint\",\"urlTemplate\":\"https:\/\/mhf.ro\/mm\/?s={search_term_string}\"},\"query-input\":{\"@type\":\"PropertyValueSpecification\",\"valueRequired\":true,\"valueName\":\"search_term_string\"}}],\"inLanguage\":\"ro-RO\"},{\"@type\":[\"Person\",\"Organization\"],\"@id\":\"https:\/\/mhf.ro\/mm\/#\/schema\/person\/a3bebf7bdb4bf12f698aff73c7e46c21\",\"name\":\"Marius Marcu\",\"image\":{\"@type\":\"ImageObject\",\"inLanguage\":\"ro-RO\",\"@id\":\"https:\/\/mhf.ro\/mm\/#\/schema\/person\/image\/\",\"url\":\"https:\/\/mhf.ro\/mm\/wp-content\/uploads\/2025\/12\/cropped-logo_mhf_2.png\",\"contentUrl\":\"https:\/\/mhf.ro\/mm\/wp-content\/uploads\/2025\/12\/cropped-logo_mhf_2.png\",\"width\":1096,\"height\":457,\"caption\":\"Marius Marcu\"},\"logo\":{\"@id\":\"https:\/\/mhf.ro\/mm\/#\/schema\/person\/image\/\"},\"sameAs\":[\"https:\/\/mhf.ro\/mm\"],\"url\":\"https:\/\/mhf.ro\/mm\/author\/mihai\/\"}]}<\/script>\n<!-- \/ Yoast SEO plugin. -->","yoast_head_json":{"title":"Zilele de vacan\u021b\u0103 se recupereaz\u0103 \u00een ianuarie - MHF Photography","robots":{"index":"index","follow":"follow","max-snippet":"max-snippet:-1","max-image-preview":"max-image-preview:large","max-video-preview":"max-video-preview:-1"},"canonical":"https:\/\/mhf.ro\/mm\/zilele-de-vacanta-se-recupereaza-in-ianuarie\/","og_locale":"ro_RO","og_type":"article","og_title":"Zilele de vacan\u021b\u0103 se recupereaz\u0103 \u00een ianuarie - MHF Photography","og_description":"Ministrul interimar al Educa\u021biei, Sorin C\u00eempeanu, a anun\u021bat c\u0103 cele dou\u0103 s\u0103pt\u0103m\u00e2ni de vacan\u021b\u0103 se vor recupera \u00een ianuarie, cu","og_url":"https:\/\/mhf.ro\/mm\/zilele-de-vacanta-se-recupereaza-in-ianuarie\/","og_site_name":"MHF Photography","article_published_time":"2021-10-27T07:03:30+00:00","article_modified_time":"2021-10-27T08:05:29+00:00","og_image":[{"width":1200,"height":573,"url":"https:\/\/mhf.ro\/mm\/wp-content\/uploads\/2021\/10\/sorin-cimpeanu.jpg","type":"image\/jpeg"}],"author":"Marius Marcu","twitter_card":"summary_large_image","twitter_misc":{"Scris de":"Marius Marcu","Timp estimat pentru citire":"1 minut"},"schema":{"@context":"https:\/\/schema.org","@graph":[{"@type":"Article","@id":"https:\/\/mhf.ro\/mm\/zilele-de-vacanta-se-recupereaza-in-ianuarie\/#article","isPartOf":{"@id":"https:\/\/mhf.ro\/mm\/zilele-de-vacanta-se-recupereaza-in-ianuarie\/"},"author":{"name":"Marius Marcu","@id":"https:\/\/mhf.ro\/mm\/#\/schema\/person\/a3bebf7bdb4bf12f698aff73c7e46c21"},"headline":"Zilele de vacan\u021b\u0103 se recupereaz\u0103 \u00een ianuarie","datePublished":"2021-10-27T07:03:30+00:00","dateModified":"2021-10-27T08:05:29+00:00","mainEntityOfPage":{"@id":"https:\/\/mhf.ro\/mm\/zilele-de-vacanta-se-recupereaza-in-ianuarie\/"},"wordCount":208,"commentCount":0,"publisher":{"@id":"https:\/\/mhf.ro\/mm\/#\/schema\/person\/a3bebf7bdb4bf12f698aff73c7e46c21"},"image":{"@id":"https:\/\/mhf.ro\/mm\/zilele-de-vacanta-se-recupereaza-in-ianuarie\/#primaryimage"},"thumbnailUrl":"https:\/\/mhf.ro\/mm\/wp-content\/uploads\/2021\/10\/sorin-cimpeanu.jpg","articleSection":["Diverse"],"inLanguage":"ro-RO","potentialAction":[{"@type":"CommentAction","name":"Comment","target":["https:\/\/mhf.ro\/mm\/zilele-de-vacanta-se-recupereaza-in-ianuarie\/#respond"]}]},{"@type":"WebPage","@id":"https:\/\/mhf.ro\/mm\/zilele-de-vacanta-se-recupereaza-in-ianuarie\/","url":"https:\/\/mhf.ro\/mm\/zilele-de-vacanta-se-recupereaza-in-ianuarie\/","name":"Zilele de vacan\u021b\u0103 se recupereaz\u0103 \u00een ianuarie - MHF Photography","isPartOf":{"@id":"https:\/\/mhf.ro\/mm\/#website"},"primaryImageOfPage":{"@id":"https:\/\/mhf.ro\/mm\/zilele-de-vacanta-se-recupereaza-in-ianuarie\/#primaryimage"},"image":{"@id":"https:\/\/mhf.ro\/mm\/zilele-de-vacanta-se-recupereaza-in-ianuarie\/#primaryimage"},"thumbnailUrl":"https:\/\/mhf.ro\/mm\/wp-content\/uploads\/2021\/10\/sorin-cimpeanu.jpg","datePublished":"2021-10-27T07:03:30+00:00","dateModified":"2021-10-27T08:05:29+00:00","breadcrumb":{"@id":"https:\/\/mhf.ro\/mm\/zilele-de-vacanta-se-recupereaza-in-ianuarie\/#breadcrumb"},"inLanguage":"ro-RO","potentialAction":[{"@type":"ReadAction","target":["https:\/\/mhf.ro\/mm\/zilele-de-vacanta-se-recupereaza-in-ianuarie\/"]}]},{"@type":"ImageObject","inLanguage":"ro-RO","@id":"https:\/\/mhf.ro\/mm\/zilele-de-vacanta-se-recupereaza-in-ianuarie\/#primaryimage","url":"https:\/\/mhf.ro\/mm\/wp-content\/uploads\/2021\/10\/sorin-cimpeanu.jpg","contentUrl":"https:\/\/mhf.ro\/mm\/wp-content\/uploads\/2021\/10\/sorin-cimpeanu.jpg","width":1200,"height":573},{"@type":"BreadcrumbList","@id":"https:\/\/mhf.ro\/mm\/zilele-de-vacanta-se-recupereaza-in-ianuarie\/#breadcrumb","itemListElement":[{"@type":"ListItem","position":1,"name":"Prima pagin\u0103","item":"https:\/\/mhf.ro\/mm\/"},{"@type":"ListItem","position":2,"name":"Zilele de vacan\u021b\u0103 se recupereaz\u0103 \u00een ianuarie"}]},{"@type":"WebSite","@id":"https:\/\/mhf.ro\/mm\/#website","url":"https:\/\/mhf.ro\/mm\/","name":"MHF Photography \u2013 Blog de fotografie, natur\u0103 \u0219i tehnic\u0103 divers\u0103","description":"Aventur\u0103 \u00een fiecare cadru.","publisher":{"@id":"https:\/\/mhf.ro\/mm\/#\/schema\/person\/a3bebf7bdb4bf12f698aff73c7e46c21"},"potentialAction":[{"@type":"SearchAction","target":{"@type":"EntryPoint","urlTemplate":"https:\/\/mhf.ro\/mm\/?s={search_term_string}"},"query-input":{"@type":"PropertyValueSpecification","valueRequired":true,"valueName":"search_term_string"}}],"inLanguage":"ro-RO"},{"@type":["Person","Organization"],"@id":"https:\/\/mhf.ro\/mm\/#\/schema\/person\/a3bebf7bdb4bf12f698aff73c7e46c21","name":"Marius Marcu","image":{"@type":"ImageObject","inLanguage":"ro-RO","@id":"https:\/\/mhf.ro\/mm\/#\/schema\/person\/image\/","url":"https:\/\/mhf.ro\/mm\/wp-content\/uploads\/2025\/12\/cropped-logo_mhf_2.png","contentUrl":"https:\/\/mhf.ro\/mm\/wp-content\/uploads\/2025\/12\/cropped-logo_mhf_2.png","width":1096,"height":457,"caption":"Marius Marcu"},"logo":{"@id":"https:\/\/mhf.ro\/mm\/#\/schema\/person\/image\/"},"sameAs":["https:\/\/mhf.ro\/mm"],"url":"https:\/\/mhf.ro\/mm\/author\/mihai\/"}]}},"_links":{"self":[{"href":"https:\/\/mhf.ro\/mm\/wp-json\/wp\/v2\/posts\/5518","targetHints":{"allow":["GET"]}}],"collection":[{"href":"https:\/\/mhf.ro\/mm\/wp-json\/wp\/v2\/posts"}],"about":[{"href":"https:\/\/mhf.ro\/mm\/wp-json\/wp\/v2\/types\/post"}],"author":[{"embeddable":true,"href":"https:\/\/mhf.ro\/mm\/wp-json\/wp\/v2\/users\/1"}],"replies":[{"embeddable":true,"href":"https:\/\/mhf.ro\/mm\/wp-json\/wp\/v2\/comments?post=5518"}],"version-history":[{"count":1,"href":"https:\/\/mhf.ro\/mm\/wp-json\/wp\/v2\/posts\/5518\/revisions"}],"predecessor-version":[{"id":5520,"href":"https:\/\/mhf.ro\/mm\/wp-json\/wp\/v2\/posts\/5518\/revisions\/5520"}],"wp:featuredmedia":[{"embeddable":true,"href":"https:\/\/mhf.ro\/mm\/wp-json\/wp\/v2\/media\/5519"}],"wp:attachment":[{"href":"https:\/\/mhf.ro\/mm\/wp-json\/wp\/v2\/media?parent=5518"}],"wp:term":[{"taxonomy":"category","embeddable":true,"href":"https:\/\/mhf.ro\/mm\/wp-json\/wp\/v2\/categories?post=5518"},{"taxonomy":"post_tag","embeddable":true,"href":"https:\/\/mhf.ro\/mm\/wp-json\/wp\/v2\/tags?post=5518"}],"curies":[{"name":"wp","href":"https:\/\/api.w.org\/{rel}","templated":true}]}}