{"id":5538,"date":"2021-10-30T07:11:08","date_gmt":"2021-10-30T05:11:08","guid":{"rendered":"https:\/\/mhf.ro\/mm\/?p=5538"},"modified":"2021-10-30T07:33:38","modified_gmt":"2021-10-30T05:33:38","slug":"covid-medici-germani-polonezi-si-danezi-in-romania","status":"publish","type":"post","link":"https:\/\/mhf.ro\/mm\/covid-medici-germani-polonezi-si-danezi-in-romania\/","title":{"rendered":"COVID. Medici germani, polonezi \u0219i danezi, \u00een Rom\u00e2nia"},"content":{"rendered":"<p align=\"left\"><span lang=\"ro-RO\">O echip\u0103 de medici \u015fi asisten\u0163i medicali din Danemarca a sosit \u00een Rom\u00e2nia \u015fi va lucra al\u0103turi de personalul de la Institutul Matei Bal\u015f din Bucure\u015fti\u00a0<\/span><span lang=\"ro-RO\">pentru tratarea pacien\u021bilor cu Covid-19<\/span><span lang=\"ro-RO\">. Personalul medical este \u00eenso\u0163it de speciali\u015fti \u00een domeniul managementului situa\u0163iilor de urgen\u0163\u0103.<\/span><\/p>\n<p align=\"left\"><span lang=\"ro-RO\">\u0218i a<\/span><span lang=\"ro-RO\">rmata German\u0103 \u2013 Bundeswehr \u2013 trimite \u00een Romania c\u00e2tiva speciali\u0219ti \u00een domeniul medical \u0219i al evacu\u0103rii medicale, informeaz\u0103\u00a0<\/span><a href=\"https:\/\/securitynews.ro\/armata-germana-trimite-specialisti-medicali-in-romania-posibile-preluari-de-cazuri-grave\/\"><span lang=\"ro-RO\">securitynews.ro<\/span><\/a><span lang=\"ro-RO\">.<\/span><\/p>\n<ul>\n<li><span lang=\"ro-RO\">Speciali\u0219tii germani vor decide zilele urm\u0103toare dac\u0103 vor fi transfera\u021bi pacien\u021bi rom\u00e2ni \u00een stare grav\u0103, bolnavi de COVID19, \u00een Germania.<\/span><\/li>\n<\/ul>\n<p align=\"left\"><span lang=\"ro-RO\">De asemenea,\u00a0<\/span><span lang=\"ro-RO\">33 de cadre medicale din Polonia au sosit la Bucure\u0219ti pentru a ajuta \u00een lupta spitalelor cu avalan\u0219a de cazuri de COVID.<\/span><\/p>\n<p align=\"left\"><span lang=\"ro-RO\">Primarul Capitalei, Nicu\u0219or Dan, a precizat vineri, \u00eentr-o conferin\u021b\u0103 de pres\u0103, c\u0103 este vorba despre 13 medici \u0219i 20 de asisten\u021bi specializa\u021bi pe coronavirus, care vor lucra \u00een spitalele bucure\u0219tene, iar municipalitatea va asigura cazarea \u0219i masa acestora.<\/span><\/p>\n<p align=\"left\">Aflat\u0103 \u00een cea mai dificil\u0103 pozi\u021bie din toat\u0103 Europa \u00een valul 4 al pandemiei, Rom\u00e2nia a solicitat activarea Mecanismului European de Protec\u021bie Civil\u0103.<\/p>\n<p align=\"left\">Amintim c\u0103 Rom\u00e2nia a beneficiat masiv p\u00e2n\u0103 \u00een prezent de ajutor european const\u00e2nd \u00een :<\/p>\n<ul>\n<li>medicamente<\/li>\n<li>tratamente specifice anti-COVID<\/li>\n<li>medici<\/li>\n<li>asistente<\/li>\n<li>aparatura<\/li>\n<li>tehnologie medicala<\/li>\n<li>logistica specifica<\/li>\n<\/ul>\n<p style=\"text-align: right;\">(conf. Jurnalist.ro)<\/p>\n","protected":false},"excerpt":{"rendered":"<p>O echip\u0103 de medici \u015fi asisten\u0163i medicali din Danemarca a sosit \u00een Rom\u00e2nia \u015fi va lucra al\u0103turi de personalul de<\/p>\n","protected":false},"author":1,"featured_media":5539,"comment_status":"open","ping_status":"open","sticky":false,"template":"","format":"standard","meta":{"colormag_page_container_layout":"default_layout","colormag_page_sidebar_layout":"default_layout","footnotes":""},"categories":[8],"tags":[],"class_list":["post-5538","post","type-post","status-publish","format-standard","has-post-thumbnail","hentry","category-div"],"yoast_head":"<!-- This site is optimized with the Yoast SEO plugin v27.0 - https:\/\/yoast.com\/product\/yoast-seo-wordpress\/ -->\n<title>COVID. Medici germani, polonezi \u0219i danezi, \u00een Rom\u00e2nia - MHF Photography<\/title>\n<meta name=\"robots\" content=\"index, follow, max-snippet:-1, max-image-preview:large, max-video-preview:-1\" \/>\n<link rel=\"canonical\" href=\"https:\/\/mhf.ro\/mm\/covid-medici-germani-polonezi-si-danezi-in-romania\/\" \/>\n<meta property=\"og:locale\" content=\"ro_RO\" \/>\n<meta property=\"og:type\" content=\"article\" \/>\n<meta property=\"og:title\" content=\"COVID. Medici germani, polonezi \u0219i danezi, \u00een Rom\u00e2nia - MHF Photography\" \/>\n<meta property=\"og:description\" content=\"O echip\u0103 de medici \u015fi asisten\u0163i medicali din Danemarca a sosit \u00een Rom\u00e2nia \u015fi va lucra al\u0103turi de personalul de\" \/>\n<meta property=\"og:url\" content=\"https:\/\/mhf.ro\/mm\/covid-medici-germani-polonezi-si-danezi-in-romania\/\" \/>\n<meta property=\"og:site_name\" content=\"MHF Photography\" \/>\n<meta property=\"article:published_time\" content=\"2021-10-30T05:11:08+00:00\" \/>\n<meta property=\"article:modified_time\" content=\"2021-10-30T05:33:38+00:00\" \/>\n<meta property=\"og:image\" content=\"https:\/\/mhf.ro\/mm\/wp-content\/uploads\/2021\/10\/medici.jpg\" \/>\n\t<meta property=\"og:image:width\" content=\"600\" \/>\n\t<meta property=\"og:image:height\" content=\"400\" \/>\n\t<meta property=\"og:image:type\" content=\"image\/jpeg\" \/>\n<meta name=\"author\" content=\"Marius Marcu\" \/>\n<meta name=\"twitter:card\" content=\"summary_large_image\" \/>\n<meta name=\"twitter:label1\" content=\"Scris de\" \/>\n\t<meta name=\"twitter:data1\" content=\"Marius Marcu\" \/>\n\t<meta name=\"twitter:label2\" content=\"Timp estimat pentru citire\" \/>\n\t<meta name=\"twitter:data2\" content=\"1 minut\" \/>\n<script type=\"application\/ld+json\" class=\"yoast-schema-graph\">{\"@context\":\"https:\/\/schema.org\",\"@graph\":[{\"@type\":\"Article\",\"@id\":\"https:\/\/mhf.ro\/mm\/covid-medici-germani-polonezi-si-danezi-in-romania\/#article\",\"isPartOf\":{\"@id\":\"https:\/\/mhf.ro\/mm\/covid-medici-germani-polonezi-si-danezi-in-romania\/\"},\"author\":{\"name\":\"Marius Marcu\",\"@id\":\"https:\/\/mhf.ro\/mm\/#\/schema\/person\/a3bebf7bdb4bf12f698aff73c7e46c21\"},\"headline\":\"COVID. Medici germani, polonezi \u0219i danezi, \u00een Rom\u00e2nia\",\"datePublished\":\"2021-10-30T05:11:08+00:00\",\"dateModified\":\"2021-10-30T05:33:38+00:00\",\"mainEntityOfPage\":{\"@id\":\"https:\/\/mhf.ro\/mm\/covid-medici-germani-polonezi-si-danezi-in-romania\/\"},\"wordCount\":229,\"commentCount\":0,\"publisher\":{\"@id\":\"https:\/\/mhf.ro\/mm\/#\/schema\/person\/a3bebf7bdb4bf12f698aff73c7e46c21\"},\"image\":{\"@id\":\"https:\/\/mhf.ro\/mm\/covid-medici-germani-polonezi-si-danezi-in-romania\/#primaryimage\"},\"thumbnailUrl\":\"https:\/\/mhf.ro\/mm\/wp-content\/uploads\/2021\/10\/medici.jpg\",\"articleSection\":[\"Diverse\"],\"inLanguage\":\"ro-RO\",\"potentialAction\":[{\"@type\":\"CommentAction\",\"name\":\"Comment\",\"target\":[\"https:\/\/mhf.ro\/mm\/covid-medici-germani-polonezi-si-danezi-in-romania\/#respond\"]}]},{\"@type\":\"WebPage\",\"@id\":\"https:\/\/mhf.ro\/mm\/covid-medici-germani-polonezi-si-danezi-in-romania\/\",\"url\":\"https:\/\/mhf.ro\/mm\/covid-medici-germani-polonezi-si-danezi-in-romania\/\",\"name\":\"COVID. Medici germani, polonezi \u0219i danezi, \u00een Rom\u00e2nia - MHF Photography\",\"isPartOf\":{\"@id\":\"https:\/\/mhf.ro\/mm\/#website\"},\"primaryImageOfPage\":{\"@id\":\"https:\/\/mhf.ro\/mm\/covid-medici-germani-polonezi-si-danezi-in-romania\/#primaryimage\"},\"image\":{\"@id\":\"https:\/\/mhf.ro\/mm\/covid-medici-germani-polonezi-si-danezi-in-romania\/#primaryimage\"},\"thumbnailUrl\":\"https:\/\/mhf.ro\/mm\/wp-content\/uploads\/2021\/10\/medici.jpg\",\"datePublished\":\"2021-10-30T05:11:08+00:00\",\"dateModified\":\"2021-10-30T05:33:38+00:00\",\"breadcrumb\":{\"@id\":\"https:\/\/mhf.ro\/mm\/covid-medici-germani-polonezi-si-danezi-in-romania\/#breadcrumb\"},\"inLanguage\":\"ro-RO\",\"potentialAction\":[{\"@type\":\"ReadAction\",\"target\":[\"https:\/\/mhf.ro\/mm\/covid-medici-germani-polonezi-si-danezi-in-romania\/\"]}]},{\"@type\":\"ImageObject\",\"inLanguage\":\"ro-RO\",\"@id\":\"https:\/\/mhf.ro\/mm\/covid-medici-germani-polonezi-si-danezi-in-romania\/#primaryimage\",\"url\":\"https:\/\/mhf.ro\/mm\/wp-content\/uploads\/2021\/10\/medici.jpg\",\"contentUrl\":\"https:\/\/mhf.ro\/mm\/wp-content\/uploads\/2021\/10\/medici.jpg\",\"width\":600,\"height\":400},{\"@type\":\"BreadcrumbList\",\"@id\":\"https:\/\/mhf.ro\/mm\/covid-medici-germani-polonezi-si-danezi-in-romania\/#breadcrumb\",\"itemListElement\":[{\"@type\":\"ListItem\",\"position\":1,\"name\":\"Prima pagin\u0103\",\"item\":\"https:\/\/mhf.ro\/mm\/\"},{\"@type\":\"ListItem\",\"position\":2,\"name\":\"COVID. Medici germani, polonezi \u0219i danezi, \u00een Rom\u00e2nia\"}]},{\"@type\":\"WebSite\",\"@id\":\"https:\/\/mhf.ro\/mm\/#website\",\"url\":\"https:\/\/mhf.ro\/mm\/\",\"name\":\"MHF Photography \u2013 Blog de fotografie, natur\u0103 \u0219i tehnic\u0103 divers\u0103\",\"description\":\"Aventur\u0103 \u00een fiecare cadru.\",\"publisher\":{\"@id\":\"https:\/\/mhf.ro\/mm\/#\/schema\/person\/a3bebf7bdb4bf12f698aff73c7e46c21\"},\"potentialAction\":[{\"@type\":\"SearchAction\",\"target\":{\"@type\":\"EntryPoint\",\"urlTemplate\":\"https:\/\/mhf.ro\/mm\/?s={search_term_string}\"},\"query-input\":{\"@type\":\"PropertyValueSpecification\",\"valueRequired\":true,\"valueName\":\"search_term_string\"}}],\"inLanguage\":\"ro-RO\"},{\"@type\":[\"Person\",\"Organization\"],\"@id\":\"https:\/\/mhf.ro\/mm\/#\/schema\/person\/a3bebf7bdb4bf12f698aff73c7e46c21\",\"name\":\"Marius Marcu\",\"image\":{\"@type\":\"ImageObject\",\"inLanguage\":\"ro-RO\",\"@id\":\"https:\/\/mhf.ro\/mm\/#\/schema\/person\/image\/\",\"url\":\"https:\/\/mhf.ro\/mm\/wp-content\/uploads\/2025\/12\/cropped-logo_mhf_2.png\",\"contentUrl\":\"https:\/\/mhf.ro\/mm\/wp-content\/uploads\/2025\/12\/cropped-logo_mhf_2.png\",\"width\":1096,\"height\":457,\"caption\":\"Marius Marcu\"},\"logo\":{\"@id\":\"https:\/\/mhf.ro\/mm\/#\/schema\/person\/image\/\"},\"sameAs\":[\"https:\/\/mhf.ro\/mm\"],\"url\":\"https:\/\/mhf.ro\/mm\/author\/mihai\/\"}]}<\/script>\n<!-- \/ Yoast SEO plugin. -->","yoast_head_json":{"title":"COVID. Medici germani, polonezi \u0219i danezi, \u00een Rom\u00e2nia - MHF Photography","robots":{"index":"index","follow":"follow","max-snippet":"max-snippet:-1","max-image-preview":"max-image-preview:large","max-video-preview":"max-video-preview:-1"},"canonical":"https:\/\/mhf.ro\/mm\/covid-medici-germani-polonezi-si-danezi-in-romania\/","og_locale":"ro_RO","og_type":"article","og_title":"COVID. Medici germani, polonezi \u0219i danezi, \u00een Rom\u00e2nia - MHF Photography","og_description":"O echip\u0103 de medici \u015fi asisten\u0163i medicali din Danemarca a sosit \u00een Rom\u00e2nia \u015fi va lucra al\u0103turi de personalul de","og_url":"https:\/\/mhf.ro\/mm\/covid-medici-germani-polonezi-si-danezi-in-romania\/","og_site_name":"MHF Photography","article_published_time":"2021-10-30T05:11:08+00:00","article_modified_time":"2021-10-30T05:33:38+00:00","og_image":[{"width":600,"height":400,"url":"https:\/\/mhf.ro\/mm\/wp-content\/uploads\/2021\/10\/medici.jpg","type":"image\/jpeg"}],"author":"Marius Marcu","twitter_card":"summary_large_image","twitter_misc":{"Scris de":"Marius Marcu","Timp estimat pentru citire":"1 minut"},"schema":{"@context":"https:\/\/schema.org","@graph":[{"@type":"Article","@id":"https:\/\/mhf.ro\/mm\/covid-medici-germani-polonezi-si-danezi-in-romania\/#article","isPartOf":{"@id":"https:\/\/mhf.ro\/mm\/covid-medici-germani-polonezi-si-danezi-in-romania\/"},"author":{"name":"Marius Marcu","@id":"https:\/\/mhf.ro\/mm\/#\/schema\/person\/a3bebf7bdb4bf12f698aff73c7e46c21"},"headline":"COVID. Medici germani, polonezi \u0219i danezi, \u00een Rom\u00e2nia","datePublished":"2021-10-30T05:11:08+00:00","dateModified":"2021-10-30T05:33:38+00:00","mainEntityOfPage":{"@id":"https:\/\/mhf.ro\/mm\/covid-medici-germani-polonezi-si-danezi-in-romania\/"},"wordCount":229,"commentCount":0,"publisher":{"@id":"https:\/\/mhf.ro\/mm\/#\/schema\/person\/a3bebf7bdb4bf12f698aff73c7e46c21"},"image":{"@id":"https:\/\/mhf.ro\/mm\/covid-medici-germani-polonezi-si-danezi-in-romania\/#primaryimage"},"thumbnailUrl":"https:\/\/mhf.ro\/mm\/wp-content\/uploads\/2021\/10\/medici.jpg","articleSection":["Diverse"],"inLanguage":"ro-RO","potentialAction":[{"@type":"CommentAction","name":"Comment","target":["https:\/\/mhf.ro\/mm\/covid-medici-germani-polonezi-si-danezi-in-romania\/#respond"]}]},{"@type":"WebPage","@id":"https:\/\/mhf.ro\/mm\/covid-medici-germani-polonezi-si-danezi-in-romania\/","url":"https:\/\/mhf.ro\/mm\/covid-medici-germani-polonezi-si-danezi-in-romania\/","name":"COVID. Medici germani, polonezi \u0219i danezi, \u00een Rom\u00e2nia - MHF Photography","isPartOf":{"@id":"https:\/\/mhf.ro\/mm\/#website"},"primaryImageOfPage":{"@id":"https:\/\/mhf.ro\/mm\/covid-medici-germani-polonezi-si-danezi-in-romania\/#primaryimage"},"image":{"@id":"https:\/\/mhf.ro\/mm\/covid-medici-germani-polonezi-si-danezi-in-romania\/#primaryimage"},"thumbnailUrl":"https:\/\/mhf.ro\/mm\/wp-content\/uploads\/2021\/10\/medici.jpg","datePublished":"2021-10-30T05:11:08+00:00","dateModified":"2021-10-30T05:33:38+00:00","breadcrumb":{"@id":"https:\/\/mhf.ro\/mm\/covid-medici-germani-polonezi-si-danezi-in-romania\/#breadcrumb"},"inLanguage":"ro-RO","potentialAction":[{"@type":"ReadAction","target":["https:\/\/mhf.ro\/mm\/covid-medici-germani-polonezi-si-danezi-in-romania\/"]}]},{"@type":"ImageObject","inLanguage":"ro-RO","@id":"https:\/\/mhf.ro\/mm\/covid-medici-germani-polonezi-si-danezi-in-romania\/#primaryimage","url":"https:\/\/mhf.ro\/mm\/wp-content\/uploads\/2021\/10\/medici.jpg","contentUrl":"https:\/\/mhf.ro\/mm\/wp-content\/uploads\/2021\/10\/medici.jpg","width":600,"height":400},{"@type":"BreadcrumbList","@id":"https:\/\/mhf.ro\/mm\/covid-medici-germani-polonezi-si-danezi-in-romania\/#breadcrumb","itemListElement":[{"@type":"ListItem","position":1,"name":"Prima pagin\u0103","item":"https:\/\/mhf.ro\/mm\/"},{"@type":"ListItem","position":2,"name":"COVID. Medici germani, polonezi \u0219i danezi, \u00een Rom\u00e2nia"}]},{"@type":"WebSite","@id":"https:\/\/mhf.ro\/mm\/#website","url":"https:\/\/mhf.ro\/mm\/","name":"MHF Photography \u2013 Blog de fotografie, natur\u0103 \u0219i tehnic\u0103 divers\u0103","description":"Aventur\u0103 \u00een fiecare cadru.","publisher":{"@id":"https:\/\/mhf.ro\/mm\/#\/schema\/person\/a3bebf7bdb4bf12f698aff73c7e46c21"},"potentialAction":[{"@type":"SearchAction","target":{"@type":"EntryPoint","urlTemplate":"https:\/\/mhf.ro\/mm\/?s={search_term_string}"},"query-input":{"@type":"PropertyValueSpecification","valueRequired":true,"valueName":"search_term_string"}}],"inLanguage":"ro-RO"},{"@type":["Person","Organization"],"@id":"https:\/\/mhf.ro\/mm\/#\/schema\/person\/a3bebf7bdb4bf12f698aff73c7e46c21","name":"Marius Marcu","image":{"@type":"ImageObject","inLanguage":"ro-RO","@id":"https:\/\/mhf.ro\/mm\/#\/schema\/person\/image\/","url":"https:\/\/mhf.ro\/mm\/wp-content\/uploads\/2025\/12\/cropped-logo_mhf_2.png","contentUrl":"https:\/\/mhf.ro\/mm\/wp-content\/uploads\/2025\/12\/cropped-logo_mhf_2.png","width":1096,"height":457,"caption":"Marius Marcu"},"logo":{"@id":"https:\/\/mhf.ro\/mm\/#\/schema\/person\/image\/"},"sameAs":["https:\/\/mhf.ro\/mm"],"url":"https:\/\/mhf.ro\/mm\/author\/mihai\/"}]}},"_links":{"self":[{"href":"https:\/\/mhf.ro\/mm\/wp-json\/wp\/v2\/posts\/5538","targetHints":{"allow":["GET"]}}],"collection":[{"href":"https:\/\/mhf.ro\/mm\/wp-json\/wp\/v2\/posts"}],"about":[{"href":"https:\/\/mhf.ro\/mm\/wp-json\/wp\/v2\/types\/post"}],"author":[{"embeddable":true,"href":"https:\/\/mhf.ro\/mm\/wp-json\/wp\/v2\/users\/1"}],"replies":[{"embeddable":true,"href":"https:\/\/mhf.ro\/mm\/wp-json\/wp\/v2\/comments?post=5538"}],"version-history":[{"count":1,"href":"https:\/\/mhf.ro\/mm\/wp-json\/wp\/v2\/posts\/5538\/revisions"}],"predecessor-version":[{"id":5540,"href":"https:\/\/mhf.ro\/mm\/wp-json\/wp\/v2\/posts\/5538\/revisions\/5540"}],"wp:featuredmedia":[{"embeddable":true,"href":"https:\/\/mhf.ro\/mm\/wp-json\/wp\/v2\/media\/5539"}],"wp:attachment":[{"href":"https:\/\/mhf.ro\/mm\/wp-json\/wp\/v2\/media?parent=5538"}],"wp:term":[{"taxonomy":"category","embeddable":true,"href":"https:\/\/mhf.ro\/mm\/wp-json\/wp\/v2\/categories?post=5538"},{"taxonomy":"post_tag","embeddable":true,"href":"https:\/\/mhf.ro\/mm\/wp-json\/wp\/v2\/tags?post=5538"}],"curies":[{"name":"wp","href":"https:\/\/api.w.org\/{rel}","templated":true}]}}