{"id":5543,"date":"2021-10-31T11:04:29","date_gmt":"2021-10-31T09:04:29","guid":{"rendered":"https:\/\/mhf.ro\/mm\/?p=5543"},"modified":"2021-10-31T11:04:29","modified_gmt":"2021-10-31T09:04:29","slug":"programul-de-guvernare-si-lista-cabinetului-ciuca","status":"publish","type":"post","link":"https:\/\/mhf.ro\/mm\/programul-de-guvernare-si-lista-cabinetului-ciuca\/","title":{"rendered":"Programul de guvernare \u0219i lista Cabinetului Ciuc\u0103"},"content":{"rendered":"<p>A fost depus la Parlament programul de guvernare \u015fi lista de mini\u015ftri ai Cabinetului Ciuc\u0103\u00a0 Acesta sus\u021bine c\u0103 documentul este centrat pe m\u0103surile ce trebuie luate pentru a rezolva criza pandemic\u0103.<\/p>\n<p>\u201eAm depus programul de guvernare \u0219i lista cabinetului. Programul este centrat pe m\u0103surile de prim\u0103 urgen\u021b\u0103 ce trebuie luate la nivelul guvernului pentru a rezolva criza pandemic\u0103. De asemenea, este o alt\u0103 prioritate cea legat\u0103 de cre\u0219terea pre\u021burilor la energie \u0219i gaze naturale \u0219i alimente. Cea de-a treia este foarte bine articulat\u0103 la programul na\u021bional de redresare \u0219i rezilien\u021b\u0103, aprobat de cur\u00e2nd.<\/p>\n<p>Doresc s\u0103 men\u021bionez c\u0103 la nivelul fiec\u0103rui capitol sunt cuprinse m\u0103surile de reform\u0103. Am extras partea de esen\u021b\u0103 din PNRR pentru a constitui anexele care dau reperele temporare activit\u0103\u021bii fiec\u0103rui minister ca s\u0103 avem un grafic de timp pentru tot ce avem de realizat.<\/p>\n<p>Sunt foarte \u00eencrez\u0103tor c\u0103 prin acest program putem s\u0103 continu\u0103m ceea ce s-a realizat \u0219i men\u021bionez c\u0103 programul nu e nou, am analizat tot ce s-a realizat din vechiul program \u0219i am asigurat partea de continuitate \u0219i coeren\u021b\u0103 cu PNRR.<\/p>\n<p>\u00cen acest moment, sigur, nu putem s\u0103 fim nereali\u0219ti \u0219i s\u0103 nu lu\u0103m \u00een seam\u0103 calculul matematic. Dar prin acest demers, doresc s\u0103 subliniez c\u0103 de\u0219i nu s-a ajuns la o \u00een\u021belegere \u00eentre partidele politice, prin votarea acestui guvern este solu\u021bia prin care se c\u00e2\u0219tig\u0103 timp astfel \u00eenc\u00e2t s\u0103 poat\u0103 s\u0103 continue negocierile \u0219i s\u0103 reu\u0219easc\u0103 s\u0103 g\u0103seasc\u0103 liniile comune \u00een ce prive\u0219te acordul sau un pact politic. Eu sunt convins \u0219i fac apel la tot ce \u00eenseamn\u0103 responsabilitatea membrilor Parlamentului.<\/p>\n<p>Avem nevoie de stabilitate pentru a dep\u0103\u0219i situa\u021bia de criz\u0103. Sunt convins c\u0103 dac\u0103 vrem s\u0103 vedem realitatea este suficient s\u0103 vedem ce se \u00eent\u00e2mpl\u0103 \u00een sec\u021biile de primiri-urgen\u021be.<\/p>\n<p>Am avut un mandat \u0219i voi continua s\u0103 respect \u00eentru totul acest mandat\u201d, a declarat Nicolae Ciuc\u0103.<\/p>\n<p><strong>Mini\u015ftrii propu\u015fi de PNL \u00een Guvernul Ciuc\u0103<\/strong><\/p>\n<ul>\n<li>Dan V\u00eelceanu \u2013 la Ministerul Finan\u0163elor Publice;<\/li>\n<li>Marcel Bolo\u015f \u2013 la Ministerul Transporturilor;<\/li>\n<li>Lucian Bode \u2013 la Ministerul de Interne;<\/li>\n<li>Alina Gorghiu \u2013 la Ministerul Justi\u0163iei;<\/li>\n<li>Bogdan Aurescu \u2013 la Ministerul de Externe;<\/li>\n<li>C\u0103t\u0103lin Predoiu \u2013 la Ministerul Ap\u0103r\u0103rii Na\u0163ionale;<\/li>\n<li>Virgil Popescu \u2013 la Ministerul Energiei;<\/li>\n<li>Florin Roman \u2013 la Ministerul Economiei;<\/li>\n<li>Mircea Fechet \u2013 la Ministerul Agriculturii;<\/li>\n<li>Robert Sighiart\u0103u \u2013 la Ministerul Cercet\u0103rii;<\/li>\n<li>Nelu T\u0103taru \u2013 la Ministerul S\u0103n\u0103t\u0103\u0163ii;<\/li>\n<li>Raluca Turcan \u2013 Ministerul Muncii;<\/li>\n<li>Sorin C\u00eempeanu \u2013 la Ministerul Educa\u0163iei;<\/li>\n<li>Bogdan Gheorghiu \u2013 la Ministerul Culturii;<\/li>\n<\/ul>\n<p><strong>UDMR \u00eei propune pe:<\/strong><\/p>\n<ul>\n<li>Kelemen Hunor \u2013 vicepremier;<\/li>\n<li>Hegedus Csilla \u2013 la Ministerul Investi\u0163iilor \u015fi Proiectelor Europene;<\/li>\n<li>Cseke Attila \u2013 la Ministerul Dezvolt\u0103rii, Lucr\u0103rilor Publice \u015fi a Administra\u0163iei;<\/li>\n<li>Tanczos Barna \u2013 la Ministerul Mediului, Apelor \u015fi P\u0103durilor;<\/li>\n<li>Novak Eduard \u2013 la Ministerul Tineretului \u015fi Sportului.<\/li>\n<\/ul>\n<p style=\"text-align: right;\">(conf. Jurnalist.ro)<\/p>\n","protected":false},"excerpt":{"rendered":"<p>A fost depus la Parlament programul de guvernare \u015fi lista de mini\u015ftri ai Cabinetului Ciuc\u0103\u00a0 Acesta sus\u021bine c\u0103 documentul este<\/p>\n","protected":false},"author":1,"featured_media":5544,"comment_status":"open","ping_status":"open","sticky":false,"template":"","format":"standard","meta":{"colormag_page_container_layout":"default_layout","colormag_page_sidebar_layout":"default_layout","footnotes":""},"categories":[5],"tags":[],"class_list":["post-5543","post","type-post","status-publish","format-standard","has-post-thumbnail","hentry","category-locale"],"yoast_head":"<!-- This site is optimized with the Yoast SEO plugin v27.0 - https:\/\/yoast.com\/product\/yoast-seo-wordpress\/ -->\n<title>Programul de guvernare \u0219i lista Cabinetului Ciuc\u0103 - MHF Photography<\/title>\n<meta name=\"robots\" content=\"index, follow, max-snippet:-1, max-image-preview:large, max-video-preview:-1\" \/>\n<link rel=\"canonical\" href=\"https:\/\/mhf.ro\/mm\/programul-de-guvernare-si-lista-cabinetului-ciuca\/\" \/>\n<meta property=\"og:locale\" content=\"ro_RO\" \/>\n<meta property=\"og:type\" content=\"article\" \/>\n<meta property=\"og:title\" content=\"Programul de guvernare \u0219i lista Cabinetului Ciuc\u0103 - MHF Photography\" \/>\n<meta property=\"og:description\" content=\"A fost depus la Parlament programul de guvernare \u015fi lista de mini\u015ftri ai Cabinetului Ciuc\u0103\u00a0 Acesta sus\u021bine c\u0103 documentul este\" \/>\n<meta property=\"og:url\" content=\"https:\/\/mhf.ro\/mm\/programul-de-guvernare-si-lista-cabinetului-ciuca\/\" \/>\n<meta property=\"og:site_name\" content=\"MHF Photography\" \/>\n<meta property=\"article:published_time\" content=\"2021-10-31T09:04:29+00:00\" \/>\n<meta property=\"og:image\" content=\"https:\/\/mhf.ro\/mm\/wp-content\/uploads\/2021\/10\/nicolae-ciuca-1.jpg\" \/>\n\t<meta property=\"og:image:width\" content=\"840\" \/>\n\t<meta property=\"og:image:height\" content=\"500\" \/>\n\t<meta property=\"og:image:type\" content=\"image\/jpeg\" \/>\n<meta name=\"author\" content=\"Marius Marcu\" \/>\n<meta name=\"twitter:card\" content=\"summary_large_image\" \/>\n<meta name=\"twitter:label1\" content=\"Scris de\" \/>\n\t<meta name=\"twitter:data1\" content=\"Marius Marcu\" \/>\n\t<meta name=\"twitter:label2\" content=\"Timp estimat pentru citire\" \/>\n\t<meta name=\"twitter:data2\" content=\"2 minute\" \/>\n<script type=\"application\/ld+json\" class=\"yoast-schema-graph\">{\"@context\":\"https:\/\/schema.org\",\"@graph\":[{\"@type\":\"Article\",\"@id\":\"https:\/\/mhf.ro\/mm\/programul-de-guvernare-si-lista-cabinetului-ciuca\/#article\",\"isPartOf\":{\"@id\":\"https:\/\/mhf.ro\/mm\/programul-de-guvernare-si-lista-cabinetului-ciuca\/\"},\"author\":{\"name\":\"Marius Marcu\",\"@id\":\"https:\/\/mhf.ro\/mm\/#\/schema\/person\/a3bebf7bdb4bf12f698aff73c7e46c21\"},\"headline\":\"Programul de guvernare \u0219i lista Cabinetului Ciuc\u0103\",\"datePublished\":\"2021-10-31T09:04:29+00:00\",\"mainEntityOfPage\":{\"@id\":\"https:\/\/mhf.ro\/mm\/programul-de-guvernare-si-lista-cabinetului-ciuca\/\"},\"wordCount\":488,\"commentCount\":0,\"publisher\":{\"@id\":\"https:\/\/mhf.ro\/mm\/#\/schema\/person\/a3bebf7bdb4bf12f698aff73c7e46c21\"},\"image\":{\"@id\":\"https:\/\/mhf.ro\/mm\/programul-de-guvernare-si-lista-cabinetului-ciuca\/#primaryimage\"},\"thumbnailUrl\":\"https:\/\/mhf.ro\/mm\/wp-content\/uploads\/2021\/10\/nicolae-ciuca-1.jpg\",\"articleSection\":[\"Locale\"],\"inLanguage\":\"ro-RO\",\"potentialAction\":[{\"@type\":\"CommentAction\",\"name\":\"Comment\",\"target\":[\"https:\/\/mhf.ro\/mm\/programul-de-guvernare-si-lista-cabinetului-ciuca\/#respond\"]}]},{\"@type\":\"WebPage\",\"@id\":\"https:\/\/mhf.ro\/mm\/programul-de-guvernare-si-lista-cabinetului-ciuca\/\",\"url\":\"https:\/\/mhf.ro\/mm\/programul-de-guvernare-si-lista-cabinetului-ciuca\/\",\"name\":\"Programul de guvernare \u0219i lista Cabinetului Ciuc\u0103 - MHF Photography\",\"isPartOf\":{\"@id\":\"https:\/\/mhf.ro\/mm\/#website\"},\"primaryImageOfPage\":{\"@id\":\"https:\/\/mhf.ro\/mm\/programul-de-guvernare-si-lista-cabinetului-ciuca\/#primaryimage\"},\"image\":{\"@id\":\"https:\/\/mhf.ro\/mm\/programul-de-guvernare-si-lista-cabinetului-ciuca\/#primaryimage\"},\"thumbnailUrl\":\"https:\/\/mhf.ro\/mm\/wp-content\/uploads\/2021\/10\/nicolae-ciuca-1.jpg\",\"datePublished\":\"2021-10-31T09:04:29+00:00\",\"breadcrumb\":{\"@id\":\"https:\/\/mhf.ro\/mm\/programul-de-guvernare-si-lista-cabinetului-ciuca\/#breadcrumb\"},\"inLanguage\":\"ro-RO\",\"potentialAction\":[{\"@type\":\"ReadAction\",\"target\":[\"https:\/\/mhf.ro\/mm\/programul-de-guvernare-si-lista-cabinetului-ciuca\/\"]}]},{\"@type\":\"ImageObject\",\"inLanguage\":\"ro-RO\",\"@id\":\"https:\/\/mhf.ro\/mm\/programul-de-guvernare-si-lista-cabinetului-ciuca\/#primaryimage\",\"url\":\"https:\/\/mhf.ro\/mm\/wp-content\/uploads\/2021\/10\/nicolae-ciuca-1.jpg\",\"contentUrl\":\"https:\/\/mhf.ro\/mm\/wp-content\/uploads\/2021\/10\/nicolae-ciuca-1.jpg\",\"width\":840,\"height\":500},{\"@type\":\"BreadcrumbList\",\"@id\":\"https:\/\/mhf.ro\/mm\/programul-de-guvernare-si-lista-cabinetului-ciuca\/#breadcrumb\",\"itemListElement\":[{\"@type\":\"ListItem\",\"position\":1,\"name\":\"Prima pagin\u0103\",\"item\":\"https:\/\/mhf.ro\/mm\/\"},{\"@type\":\"ListItem\",\"position\":2,\"name\":\"Programul de guvernare \u0219i lista Cabinetului Ciuc\u0103\"}]},{\"@type\":\"WebSite\",\"@id\":\"https:\/\/mhf.ro\/mm\/#website\",\"url\":\"https:\/\/mhf.ro\/mm\/\",\"name\":\"MHF Photography \u2013 Blog de fotografie, natur\u0103 \u0219i tehnic\u0103 divers\u0103\",\"description\":\"Aventur\u0103 \u00een fiecare cadru.\",\"publisher\":{\"@id\":\"https:\/\/mhf.ro\/mm\/#\/schema\/person\/a3bebf7bdb4bf12f698aff73c7e46c21\"},\"potentialAction\":[{\"@type\":\"SearchAction\",\"target\":{\"@type\":\"EntryPoint\",\"urlTemplate\":\"https:\/\/mhf.ro\/mm\/?s={search_term_string}\"},\"query-input\":{\"@type\":\"PropertyValueSpecification\",\"valueRequired\":true,\"valueName\":\"search_term_string\"}}],\"inLanguage\":\"ro-RO\"},{\"@type\":[\"Person\",\"Organization\"],\"@id\":\"https:\/\/mhf.ro\/mm\/#\/schema\/person\/a3bebf7bdb4bf12f698aff73c7e46c21\",\"name\":\"Marius Marcu\",\"image\":{\"@type\":\"ImageObject\",\"inLanguage\":\"ro-RO\",\"@id\":\"https:\/\/mhf.ro\/mm\/#\/schema\/person\/image\/\",\"url\":\"https:\/\/mhf.ro\/mm\/wp-content\/uploads\/2025\/12\/cropped-logo_mhf_2.png\",\"contentUrl\":\"https:\/\/mhf.ro\/mm\/wp-content\/uploads\/2025\/12\/cropped-logo_mhf_2.png\",\"width\":1096,\"height\":457,\"caption\":\"Marius Marcu\"},\"logo\":{\"@id\":\"https:\/\/mhf.ro\/mm\/#\/schema\/person\/image\/\"},\"sameAs\":[\"https:\/\/mhf.ro\/mm\"],\"url\":\"https:\/\/mhf.ro\/mm\/author\/mihai\/\"}]}<\/script>\n<!-- \/ Yoast SEO plugin. -->","yoast_head_json":{"title":"Programul de guvernare \u0219i lista Cabinetului Ciuc\u0103 - MHF Photography","robots":{"index":"index","follow":"follow","max-snippet":"max-snippet:-1","max-image-preview":"max-image-preview:large","max-video-preview":"max-video-preview:-1"},"canonical":"https:\/\/mhf.ro\/mm\/programul-de-guvernare-si-lista-cabinetului-ciuca\/","og_locale":"ro_RO","og_type":"article","og_title":"Programul de guvernare \u0219i lista Cabinetului Ciuc\u0103 - MHF Photography","og_description":"A fost depus la Parlament programul de guvernare \u015fi lista de mini\u015ftri ai Cabinetului Ciuc\u0103\u00a0 Acesta sus\u021bine c\u0103 documentul este","og_url":"https:\/\/mhf.ro\/mm\/programul-de-guvernare-si-lista-cabinetului-ciuca\/","og_site_name":"MHF Photography","article_published_time":"2021-10-31T09:04:29+00:00","og_image":[{"width":840,"height":500,"url":"https:\/\/mhf.ro\/mm\/wp-content\/uploads\/2021\/10\/nicolae-ciuca-1.jpg","type":"image\/jpeg"}],"author":"Marius Marcu","twitter_card":"summary_large_image","twitter_misc":{"Scris de":"Marius Marcu","Timp estimat pentru citire":"2 minute"},"schema":{"@context":"https:\/\/schema.org","@graph":[{"@type":"Article","@id":"https:\/\/mhf.ro\/mm\/programul-de-guvernare-si-lista-cabinetului-ciuca\/#article","isPartOf":{"@id":"https:\/\/mhf.ro\/mm\/programul-de-guvernare-si-lista-cabinetului-ciuca\/"},"author":{"name":"Marius Marcu","@id":"https:\/\/mhf.ro\/mm\/#\/schema\/person\/a3bebf7bdb4bf12f698aff73c7e46c21"},"headline":"Programul de guvernare \u0219i lista Cabinetului Ciuc\u0103","datePublished":"2021-10-31T09:04:29+00:00","mainEntityOfPage":{"@id":"https:\/\/mhf.ro\/mm\/programul-de-guvernare-si-lista-cabinetului-ciuca\/"},"wordCount":488,"commentCount":0,"publisher":{"@id":"https:\/\/mhf.ro\/mm\/#\/schema\/person\/a3bebf7bdb4bf12f698aff73c7e46c21"},"image":{"@id":"https:\/\/mhf.ro\/mm\/programul-de-guvernare-si-lista-cabinetului-ciuca\/#primaryimage"},"thumbnailUrl":"https:\/\/mhf.ro\/mm\/wp-content\/uploads\/2021\/10\/nicolae-ciuca-1.jpg","articleSection":["Locale"],"inLanguage":"ro-RO","potentialAction":[{"@type":"CommentAction","name":"Comment","target":["https:\/\/mhf.ro\/mm\/programul-de-guvernare-si-lista-cabinetului-ciuca\/#respond"]}]},{"@type":"WebPage","@id":"https:\/\/mhf.ro\/mm\/programul-de-guvernare-si-lista-cabinetului-ciuca\/","url":"https:\/\/mhf.ro\/mm\/programul-de-guvernare-si-lista-cabinetului-ciuca\/","name":"Programul de guvernare \u0219i lista Cabinetului Ciuc\u0103 - MHF Photography","isPartOf":{"@id":"https:\/\/mhf.ro\/mm\/#website"},"primaryImageOfPage":{"@id":"https:\/\/mhf.ro\/mm\/programul-de-guvernare-si-lista-cabinetului-ciuca\/#primaryimage"},"image":{"@id":"https:\/\/mhf.ro\/mm\/programul-de-guvernare-si-lista-cabinetului-ciuca\/#primaryimage"},"thumbnailUrl":"https:\/\/mhf.ro\/mm\/wp-content\/uploads\/2021\/10\/nicolae-ciuca-1.jpg","datePublished":"2021-10-31T09:04:29+00:00","breadcrumb":{"@id":"https:\/\/mhf.ro\/mm\/programul-de-guvernare-si-lista-cabinetului-ciuca\/#breadcrumb"},"inLanguage":"ro-RO","potentialAction":[{"@type":"ReadAction","target":["https:\/\/mhf.ro\/mm\/programul-de-guvernare-si-lista-cabinetului-ciuca\/"]}]},{"@type":"ImageObject","inLanguage":"ro-RO","@id":"https:\/\/mhf.ro\/mm\/programul-de-guvernare-si-lista-cabinetului-ciuca\/#primaryimage","url":"https:\/\/mhf.ro\/mm\/wp-content\/uploads\/2021\/10\/nicolae-ciuca-1.jpg","contentUrl":"https:\/\/mhf.ro\/mm\/wp-content\/uploads\/2021\/10\/nicolae-ciuca-1.jpg","width":840,"height":500},{"@type":"BreadcrumbList","@id":"https:\/\/mhf.ro\/mm\/programul-de-guvernare-si-lista-cabinetului-ciuca\/#breadcrumb","itemListElement":[{"@type":"ListItem","position":1,"name":"Prima pagin\u0103","item":"https:\/\/mhf.ro\/mm\/"},{"@type":"ListItem","position":2,"name":"Programul de guvernare \u0219i lista Cabinetului Ciuc\u0103"}]},{"@type":"WebSite","@id":"https:\/\/mhf.ro\/mm\/#website","url":"https:\/\/mhf.ro\/mm\/","name":"MHF Photography \u2013 Blog de fotografie, natur\u0103 \u0219i tehnic\u0103 divers\u0103","description":"Aventur\u0103 \u00een fiecare cadru.","publisher":{"@id":"https:\/\/mhf.ro\/mm\/#\/schema\/person\/a3bebf7bdb4bf12f698aff73c7e46c21"},"potentialAction":[{"@type":"SearchAction","target":{"@type":"EntryPoint","urlTemplate":"https:\/\/mhf.ro\/mm\/?s={search_term_string}"},"query-input":{"@type":"PropertyValueSpecification","valueRequired":true,"valueName":"search_term_string"}}],"inLanguage":"ro-RO"},{"@type":["Person","Organization"],"@id":"https:\/\/mhf.ro\/mm\/#\/schema\/person\/a3bebf7bdb4bf12f698aff73c7e46c21","name":"Marius Marcu","image":{"@type":"ImageObject","inLanguage":"ro-RO","@id":"https:\/\/mhf.ro\/mm\/#\/schema\/person\/image\/","url":"https:\/\/mhf.ro\/mm\/wp-content\/uploads\/2025\/12\/cropped-logo_mhf_2.png","contentUrl":"https:\/\/mhf.ro\/mm\/wp-content\/uploads\/2025\/12\/cropped-logo_mhf_2.png","width":1096,"height":457,"caption":"Marius Marcu"},"logo":{"@id":"https:\/\/mhf.ro\/mm\/#\/schema\/person\/image\/"},"sameAs":["https:\/\/mhf.ro\/mm"],"url":"https:\/\/mhf.ro\/mm\/author\/mihai\/"}]}},"_links":{"self":[{"href":"https:\/\/mhf.ro\/mm\/wp-json\/wp\/v2\/posts\/5543","targetHints":{"allow":["GET"]}}],"collection":[{"href":"https:\/\/mhf.ro\/mm\/wp-json\/wp\/v2\/posts"}],"about":[{"href":"https:\/\/mhf.ro\/mm\/wp-json\/wp\/v2\/types\/post"}],"author":[{"embeddable":true,"href":"https:\/\/mhf.ro\/mm\/wp-json\/wp\/v2\/users\/1"}],"replies":[{"embeddable":true,"href":"https:\/\/mhf.ro\/mm\/wp-json\/wp\/v2\/comments?post=5543"}],"version-history":[{"count":1,"href":"https:\/\/mhf.ro\/mm\/wp-json\/wp\/v2\/posts\/5543\/revisions"}],"predecessor-version":[{"id":5545,"href":"https:\/\/mhf.ro\/mm\/wp-json\/wp\/v2\/posts\/5543\/revisions\/5545"}],"wp:featuredmedia":[{"embeddable":true,"href":"https:\/\/mhf.ro\/mm\/wp-json\/wp\/v2\/media\/5544"}],"wp:attachment":[{"href":"https:\/\/mhf.ro\/mm\/wp-json\/wp\/v2\/media?parent=5543"}],"wp:term":[{"taxonomy":"category","embeddable":true,"href":"https:\/\/mhf.ro\/mm\/wp-json\/wp\/v2\/categories?post=5543"},{"taxonomy":"post_tag","embeddable":true,"href":"https:\/\/mhf.ro\/mm\/wp-json\/wp\/v2\/tags?post=5543"}],"curies":[{"name":"wp","href":"https:\/\/api.w.org\/{rel}","templated":true}]}}