{"id":5546,"date":"2021-10-31T09:24:43","date_gmt":"2021-10-31T07:24:43","guid":{"rendered":"https:\/\/mhf.ro\/mm\/?p=5546"},"modified":"2021-10-31T11:07:59","modified_gmt":"2021-10-31T09:07:59","slug":"6-ani-de-colectiv","status":"publish","type":"post","link":"https:\/\/mhf.ro\/mm\/6-ani-de-colectiv\/","title":{"rendered":"6 ani de Colectiv"},"content":{"rendered":"<p><strong>\u201c6 ani, 65 de mor\u021bi, 0 condamn\u0103ri. Dosarele Colectiv. Judec\u0103tori, procurori ai Parchetului General, procurori ai Parchetului Militar, s\u0103 v\u0103 fie ru\u015fine!\u201d<\/strong>, este mesajul postat pe Facebook de Asocia\u021bia victimelor incendiului din Colectiv.<\/p>\n<p>\u00cen noaptea de vineri, 30 octombrie 2015, un incendiu a cuprins Clubul Colectiv, iar \u00een urma acestuia au fost 65 de mor\u021bi \u0219i peste 180 de r\u0103ni\u021bi.<\/p>\n<div id=\"adoceanrovkprmvfpfp4\">\n<div id=\"gia5vhottnfjlqrlutpirjiohgrlqt\">\n<div id=\"ottnfjlqrlutpirjiohgrlqt_inside\">\n<p>Justi\u021bia nu a reu\u0219it nici p\u00e2n\u0103 acum s\u0103 dea o sentin\u021b\u0103 final\u0103 \u00een acest proces.<\/p>\n<p><img decoding=\"async\" class=\"jetpack-lazy-image jetpack-lazy-image--handled td-animation-stack-type0-2\" src=\"https:\/\/ad.doubleclick.net\/ddm\/ad\/N6436.2582616STIRILEKANALD.RO\/B26459471.313937631;sz=1x1;ord=[timestamp];dc_lat=;dc_rdid=;tag_for_child_directed_treatment=;tfua=;gdpr=$%7BGDPR%7D;gdpr_consent=$%7BGDPR_CONSENT_755%7D?\" alt=\"Advertisement\" width=\"1\" height=\"1\" border=\"0\" data-lazy-loaded=\"1\" \/>Tribunalul Bucure\u0219ti pronun\u021ba \u00een decembrie 2019, primele condamn\u0103ri \u00een acest dosar. Fostul primar al Sectorului 4 Cristian Popescu Piedone, \u00een prezent, primar al Sectorului 5, a fost condamnat la 8 ani \u015fi 6 luni de \u00eenchisoare cu executare. Acesta este acuzat de abuz \u00een serviciu pentru eliberarea autoriza\u021biilor de func\u021bionare pentru club.<\/p>\n<\/div>\n<\/div>\n<\/div>\n<p>De asemenea, au fost condamnate alte 12 persoane, printre care patronii clubului Alin George Anastasescu, Paul Gancea \u015fi Costin Mincu. Ace\u0219tia au primit c\u00e2te 11 ani \u015fi 8 luni \u00eenchisoare.\u00a0 \u00cens\u0103, nici p\u00e2n\u0103 la acest moment, nu exist\u0103 o decizie definitiv\u0103 \u00een cazul dosarului Colectiv.<\/p>\n<p>Un protest fa\u0163\u0103 de lipsa raport\u0103rilor reale ale infec\u0163iilor intraspitalice\u015fti a avut loc Vineri, \u00een Pia\u0163a Victoriei. Membri ai Comunit\u0103\u0163ii Declic au aprins 500 de lum\u00e2n\u0103ri care au fost aranjate \u00een a\u015fa fel \u00eenc\u00e2t s\u0103 formeze mesajul \u201cNeam ucis de nosocomiale\u2033.<\/p>\n<p>Prin acest protest se dore\u0219te s\u0103 se atrag\u0103 aten\u0163ia asupra pericolului la care sunt supu\u015fi pacien\u0163ii din cauza infec\u0163iilor \u201cascunse sub pre\u015f de autorit\u0103\u0163i\u201d.<\/p>\n<p>\u201cAu trecut 6 ani de la tragedia din Colectiv, c\u00e2nd am con\u015ftientizat cu to\u0163ii c\u00e2t de grav este pericolul acestor infec\u0163ii pentru via\u0163a pacien\u0163ilor. Ast\u0103zi, suntem din nou \u00een mijlocul unei alte tragedii. Zilnic, 500 de oameni mor din cauza COVID. E ca \u015fi cum 2 avioane pline cu pasageri se pr\u0103bu\u015fesc, zilnic, \u00een Rom\u00e2nia. Unii dintre pacien\u0163ii cu COVID ar mai fi avut \u015fanse s\u0103 scape, spun medicii, dac\u0103 sec\u0163iile de terapie intensiv\u0103 nu ar fi fost pline de nosocomiale. C\u00e2\u0163i pacien\u0163i trebuie s\u0103 mai moar\u0103, victime ale infec\u0163iilor nosocomiale, ca guvernan\u0163ii s\u0103 se ocupe, cu adev\u0103rat, de eradicarea infec\u0163iilor?\u2033 a declarat Andu\u0163a Karetsou, campaigner Declic. (conf. Jurnalist.ro)<\/p>\n","protected":false},"excerpt":{"rendered":"<p>\u201c6 ani, 65 de mor\u021bi, 0 condamn\u0103ri. Dosarele Colectiv. Judec\u0103tori, procurori ai Parchetului General, procurori ai Parchetului Militar, s\u0103 v\u0103<\/p>\n","protected":false},"author":1,"featured_media":5547,"comment_status":"open","ping_status":"open","sticky":false,"template":"","format":"standard","meta":{"colormag_page_container_layout":"default_layout","colormag_page_sidebar_layout":"default_layout","footnotes":""},"categories":[8],"tags":[],"class_list":["post-5546","post","type-post","status-publish","format-standard","has-post-thumbnail","hentry","category-div"],"yoast_head":"<!-- This site is optimized with the Yoast SEO plugin v27.0 - https:\/\/yoast.com\/product\/yoast-seo-wordpress\/ -->\n<title>6 ani de Colectiv - MHF Photography<\/title>\n<meta name=\"robots\" content=\"index, follow, max-snippet:-1, max-image-preview:large, max-video-preview:-1\" \/>\n<link rel=\"canonical\" href=\"https:\/\/mhf.ro\/mm\/6-ani-de-colectiv\/\" \/>\n<meta property=\"og:locale\" content=\"ro_RO\" \/>\n<meta property=\"og:type\" content=\"article\" \/>\n<meta property=\"og:title\" content=\"6 ani de Colectiv - MHF Photography\" \/>\n<meta property=\"og:description\" content=\"\u201c6 ani, 65 de mor\u021bi, 0 condamn\u0103ri. Dosarele Colectiv. Judec\u0103tori, procurori ai Parchetului General, procurori ai Parchetului Militar, s\u0103 v\u0103\" \/>\n<meta property=\"og:url\" content=\"https:\/\/mhf.ro\/mm\/6-ani-de-colectiv\/\" \/>\n<meta property=\"og:site_name\" content=\"MHF Photography\" \/>\n<meta property=\"article:published_time\" content=\"2021-10-31T07:24:43+00:00\" \/>\n<meta property=\"article:modified_time\" content=\"2021-10-31T09:07:59+00:00\" \/>\n<meta property=\"og:image\" content=\"https:\/\/mhf.ro\/mm\/wp-content\/uploads\/2021\/10\/colectiv-840x500-1.jpg\" \/>\n\t<meta property=\"og:image:width\" content=\"840\" \/>\n\t<meta property=\"og:image:height\" content=\"500\" \/>\n\t<meta property=\"og:image:type\" content=\"image\/jpeg\" \/>\n<meta name=\"author\" content=\"Marius Marcu\" \/>\n<meta name=\"twitter:card\" content=\"summary_large_image\" \/>\n<meta name=\"twitter:label1\" content=\"Scris de\" \/>\n\t<meta name=\"twitter:data1\" content=\"Marius Marcu\" \/>\n\t<meta name=\"twitter:label2\" content=\"Timp estimat pentru citire\" \/>\n\t<meta name=\"twitter:data2\" content=\"2 minute\" \/>\n<script type=\"application\/ld+json\" class=\"yoast-schema-graph\">{\"@context\":\"https:\/\/schema.org\",\"@graph\":[{\"@type\":\"Article\",\"@id\":\"https:\/\/mhf.ro\/mm\/6-ani-de-colectiv\/#article\",\"isPartOf\":{\"@id\":\"https:\/\/mhf.ro\/mm\/6-ani-de-colectiv\/\"},\"author\":{\"name\":\"Marius Marcu\",\"@id\":\"https:\/\/mhf.ro\/mm\/#\/schema\/person\/a3bebf7bdb4bf12f698aff73c7e46c21\"},\"headline\":\"6 ani de Colectiv\",\"datePublished\":\"2021-10-31T07:24:43+00:00\",\"dateModified\":\"2021-10-31T09:07:59+00:00\",\"mainEntityOfPage\":{\"@id\":\"https:\/\/mhf.ro\/mm\/6-ani-de-colectiv\/\"},\"wordCount\":385,\"commentCount\":0,\"publisher\":{\"@id\":\"https:\/\/mhf.ro\/mm\/#\/schema\/person\/a3bebf7bdb4bf12f698aff73c7e46c21\"},\"image\":{\"@id\":\"https:\/\/mhf.ro\/mm\/6-ani-de-colectiv\/#primaryimage\"},\"thumbnailUrl\":\"https:\/\/mhf.ro\/mm\/wp-content\/uploads\/2021\/10\/colectiv-840x500-1.jpg\",\"articleSection\":[\"Diverse\"],\"inLanguage\":\"ro-RO\",\"potentialAction\":[{\"@type\":\"CommentAction\",\"name\":\"Comment\",\"target\":[\"https:\/\/mhf.ro\/mm\/6-ani-de-colectiv\/#respond\"]}]},{\"@type\":\"WebPage\",\"@id\":\"https:\/\/mhf.ro\/mm\/6-ani-de-colectiv\/\",\"url\":\"https:\/\/mhf.ro\/mm\/6-ani-de-colectiv\/\",\"name\":\"6 ani de Colectiv - MHF Photography\",\"isPartOf\":{\"@id\":\"https:\/\/mhf.ro\/mm\/#website\"},\"primaryImageOfPage\":{\"@id\":\"https:\/\/mhf.ro\/mm\/6-ani-de-colectiv\/#primaryimage\"},\"image\":{\"@id\":\"https:\/\/mhf.ro\/mm\/6-ani-de-colectiv\/#primaryimage\"},\"thumbnailUrl\":\"https:\/\/mhf.ro\/mm\/wp-content\/uploads\/2021\/10\/colectiv-840x500-1.jpg\",\"datePublished\":\"2021-10-31T07:24:43+00:00\",\"dateModified\":\"2021-10-31T09:07:59+00:00\",\"breadcrumb\":{\"@id\":\"https:\/\/mhf.ro\/mm\/6-ani-de-colectiv\/#breadcrumb\"},\"inLanguage\":\"ro-RO\",\"potentialAction\":[{\"@type\":\"ReadAction\",\"target\":[\"https:\/\/mhf.ro\/mm\/6-ani-de-colectiv\/\"]}]},{\"@type\":\"ImageObject\",\"inLanguage\":\"ro-RO\",\"@id\":\"https:\/\/mhf.ro\/mm\/6-ani-de-colectiv\/#primaryimage\",\"url\":\"https:\/\/mhf.ro\/mm\/wp-content\/uploads\/2021\/10\/colectiv-840x500-1.jpg\",\"contentUrl\":\"https:\/\/mhf.ro\/mm\/wp-content\/uploads\/2021\/10\/colectiv-840x500-1.jpg\",\"width\":840,\"height\":500},{\"@type\":\"BreadcrumbList\",\"@id\":\"https:\/\/mhf.ro\/mm\/6-ani-de-colectiv\/#breadcrumb\",\"itemListElement\":[{\"@type\":\"ListItem\",\"position\":1,\"name\":\"Prima pagin\u0103\",\"item\":\"https:\/\/mhf.ro\/mm\/\"},{\"@type\":\"ListItem\",\"position\":2,\"name\":\"6 ani de Colectiv\"}]},{\"@type\":\"WebSite\",\"@id\":\"https:\/\/mhf.ro\/mm\/#website\",\"url\":\"https:\/\/mhf.ro\/mm\/\",\"name\":\"MHF Photography \u2013 Blog de fotografie, natur\u0103 \u0219i tehnic\u0103 divers\u0103\",\"description\":\"Aventur\u0103 \u00een fiecare cadru.\",\"publisher\":{\"@id\":\"https:\/\/mhf.ro\/mm\/#\/schema\/person\/a3bebf7bdb4bf12f698aff73c7e46c21\"},\"potentialAction\":[{\"@type\":\"SearchAction\",\"target\":{\"@type\":\"EntryPoint\",\"urlTemplate\":\"https:\/\/mhf.ro\/mm\/?s={search_term_string}\"},\"query-input\":{\"@type\":\"PropertyValueSpecification\",\"valueRequired\":true,\"valueName\":\"search_term_string\"}}],\"inLanguage\":\"ro-RO\"},{\"@type\":[\"Person\",\"Organization\"],\"@id\":\"https:\/\/mhf.ro\/mm\/#\/schema\/person\/a3bebf7bdb4bf12f698aff73c7e46c21\",\"name\":\"Marius Marcu\",\"image\":{\"@type\":\"ImageObject\",\"inLanguage\":\"ro-RO\",\"@id\":\"https:\/\/mhf.ro\/mm\/#\/schema\/person\/image\/\",\"url\":\"https:\/\/mhf.ro\/mm\/wp-content\/uploads\/2025\/12\/cropped-logo_mhf_2.png\",\"contentUrl\":\"https:\/\/mhf.ro\/mm\/wp-content\/uploads\/2025\/12\/cropped-logo_mhf_2.png\",\"width\":1096,\"height\":457,\"caption\":\"Marius Marcu\"},\"logo\":{\"@id\":\"https:\/\/mhf.ro\/mm\/#\/schema\/person\/image\/\"},\"sameAs\":[\"https:\/\/mhf.ro\/mm\"],\"url\":\"https:\/\/mhf.ro\/mm\/author\/mihai\/\"}]}<\/script>\n<!-- \/ Yoast SEO plugin. -->","yoast_head_json":{"title":"6 ani de Colectiv - MHF Photography","robots":{"index":"index","follow":"follow","max-snippet":"max-snippet:-1","max-image-preview":"max-image-preview:large","max-video-preview":"max-video-preview:-1"},"canonical":"https:\/\/mhf.ro\/mm\/6-ani-de-colectiv\/","og_locale":"ro_RO","og_type":"article","og_title":"6 ani de Colectiv - MHF Photography","og_description":"\u201c6 ani, 65 de mor\u021bi, 0 condamn\u0103ri. Dosarele Colectiv. Judec\u0103tori, procurori ai Parchetului General, procurori ai Parchetului Militar, s\u0103 v\u0103","og_url":"https:\/\/mhf.ro\/mm\/6-ani-de-colectiv\/","og_site_name":"MHF Photography","article_published_time":"2021-10-31T07:24:43+00:00","article_modified_time":"2021-10-31T09:07:59+00:00","og_image":[{"width":840,"height":500,"url":"https:\/\/mhf.ro\/mm\/wp-content\/uploads\/2021\/10\/colectiv-840x500-1.jpg","type":"image\/jpeg"}],"author":"Marius Marcu","twitter_card":"summary_large_image","twitter_misc":{"Scris de":"Marius Marcu","Timp estimat pentru citire":"2 minute"},"schema":{"@context":"https:\/\/schema.org","@graph":[{"@type":"Article","@id":"https:\/\/mhf.ro\/mm\/6-ani-de-colectiv\/#article","isPartOf":{"@id":"https:\/\/mhf.ro\/mm\/6-ani-de-colectiv\/"},"author":{"name":"Marius Marcu","@id":"https:\/\/mhf.ro\/mm\/#\/schema\/person\/a3bebf7bdb4bf12f698aff73c7e46c21"},"headline":"6 ani de Colectiv","datePublished":"2021-10-31T07:24:43+00:00","dateModified":"2021-10-31T09:07:59+00:00","mainEntityOfPage":{"@id":"https:\/\/mhf.ro\/mm\/6-ani-de-colectiv\/"},"wordCount":385,"commentCount":0,"publisher":{"@id":"https:\/\/mhf.ro\/mm\/#\/schema\/person\/a3bebf7bdb4bf12f698aff73c7e46c21"},"image":{"@id":"https:\/\/mhf.ro\/mm\/6-ani-de-colectiv\/#primaryimage"},"thumbnailUrl":"https:\/\/mhf.ro\/mm\/wp-content\/uploads\/2021\/10\/colectiv-840x500-1.jpg","articleSection":["Diverse"],"inLanguage":"ro-RO","potentialAction":[{"@type":"CommentAction","name":"Comment","target":["https:\/\/mhf.ro\/mm\/6-ani-de-colectiv\/#respond"]}]},{"@type":"WebPage","@id":"https:\/\/mhf.ro\/mm\/6-ani-de-colectiv\/","url":"https:\/\/mhf.ro\/mm\/6-ani-de-colectiv\/","name":"6 ani de Colectiv - MHF Photography","isPartOf":{"@id":"https:\/\/mhf.ro\/mm\/#website"},"primaryImageOfPage":{"@id":"https:\/\/mhf.ro\/mm\/6-ani-de-colectiv\/#primaryimage"},"image":{"@id":"https:\/\/mhf.ro\/mm\/6-ani-de-colectiv\/#primaryimage"},"thumbnailUrl":"https:\/\/mhf.ro\/mm\/wp-content\/uploads\/2021\/10\/colectiv-840x500-1.jpg","datePublished":"2021-10-31T07:24:43+00:00","dateModified":"2021-10-31T09:07:59+00:00","breadcrumb":{"@id":"https:\/\/mhf.ro\/mm\/6-ani-de-colectiv\/#breadcrumb"},"inLanguage":"ro-RO","potentialAction":[{"@type":"ReadAction","target":["https:\/\/mhf.ro\/mm\/6-ani-de-colectiv\/"]}]},{"@type":"ImageObject","inLanguage":"ro-RO","@id":"https:\/\/mhf.ro\/mm\/6-ani-de-colectiv\/#primaryimage","url":"https:\/\/mhf.ro\/mm\/wp-content\/uploads\/2021\/10\/colectiv-840x500-1.jpg","contentUrl":"https:\/\/mhf.ro\/mm\/wp-content\/uploads\/2021\/10\/colectiv-840x500-1.jpg","width":840,"height":500},{"@type":"BreadcrumbList","@id":"https:\/\/mhf.ro\/mm\/6-ani-de-colectiv\/#breadcrumb","itemListElement":[{"@type":"ListItem","position":1,"name":"Prima pagin\u0103","item":"https:\/\/mhf.ro\/mm\/"},{"@type":"ListItem","position":2,"name":"6 ani de Colectiv"}]},{"@type":"WebSite","@id":"https:\/\/mhf.ro\/mm\/#website","url":"https:\/\/mhf.ro\/mm\/","name":"MHF Photography \u2013 Blog de fotografie, natur\u0103 \u0219i tehnic\u0103 divers\u0103","description":"Aventur\u0103 \u00een fiecare cadru.","publisher":{"@id":"https:\/\/mhf.ro\/mm\/#\/schema\/person\/a3bebf7bdb4bf12f698aff73c7e46c21"},"potentialAction":[{"@type":"SearchAction","target":{"@type":"EntryPoint","urlTemplate":"https:\/\/mhf.ro\/mm\/?s={search_term_string}"},"query-input":{"@type":"PropertyValueSpecification","valueRequired":true,"valueName":"search_term_string"}}],"inLanguage":"ro-RO"},{"@type":["Person","Organization"],"@id":"https:\/\/mhf.ro\/mm\/#\/schema\/person\/a3bebf7bdb4bf12f698aff73c7e46c21","name":"Marius Marcu","image":{"@type":"ImageObject","inLanguage":"ro-RO","@id":"https:\/\/mhf.ro\/mm\/#\/schema\/person\/image\/","url":"https:\/\/mhf.ro\/mm\/wp-content\/uploads\/2025\/12\/cropped-logo_mhf_2.png","contentUrl":"https:\/\/mhf.ro\/mm\/wp-content\/uploads\/2025\/12\/cropped-logo_mhf_2.png","width":1096,"height":457,"caption":"Marius Marcu"},"logo":{"@id":"https:\/\/mhf.ro\/mm\/#\/schema\/person\/image\/"},"sameAs":["https:\/\/mhf.ro\/mm"],"url":"https:\/\/mhf.ro\/mm\/author\/mihai\/"}]}},"_links":{"self":[{"href":"https:\/\/mhf.ro\/mm\/wp-json\/wp\/v2\/posts\/5546","targetHints":{"allow":["GET"]}}],"collection":[{"href":"https:\/\/mhf.ro\/mm\/wp-json\/wp\/v2\/posts"}],"about":[{"href":"https:\/\/mhf.ro\/mm\/wp-json\/wp\/v2\/types\/post"}],"author":[{"embeddable":true,"href":"https:\/\/mhf.ro\/mm\/wp-json\/wp\/v2\/users\/1"}],"replies":[{"embeddable":true,"href":"https:\/\/mhf.ro\/mm\/wp-json\/wp\/v2\/comments?post=5546"}],"version-history":[{"count":1,"href":"https:\/\/mhf.ro\/mm\/wp-json\/wp\/v2\/posts\/5546\/revisions"}],"predecessor-version":[{"id":5548,"href":"https:\/\/mhf.ro\/mm\/wp-json\/wp\/v2\/posts\/5546\/revisions\/5548"}],"wp:featuredmedia":[{"embeddable":true,"href":"https:\/\/mhf.ro\/mm\/wp-json\/wp\/v2\/media\/5547"}],"wp:attachment":[{"href":"https:\/\/mhf.ro\/mm\/wp-json\/wp\/v2\/media?parent=5546"}],"wp:term":[{"taxonomy":"category","embeddable":true,"href":"https:\/\/mhf.ro\/mm\/wp-json\/wp\/v2\/categories?post=5546"},{"taxonomy":"post_tag","embeddable":true,"href":"https:\/\/mhf.ro\/mm\/wp-json\/wp\/v2\/tags?post=5546"}],"curies":[{"name":"wp","href":"https:\/\/api.w.org\/{rel}","templated":true}]}}