{"id":5560,"date":"2021-11-02T08:21:53","date_gmt":"2021-11-02T06:21:53","guid":{"rendered":"https:\/\/mhf.ro\/mm\/?p=5560"},"modified":"2021-11-02T08:53:54","modified_gmt":"2021-11-02T06:53:54","slug":"aur-declanseaza-procedura-de-suspendare-a-presedintelui","status":"publish","type":"post","link":"https:\/\/mhf.ro\/mm\/aur-declanseaza-procedura-de-suspendare-a-presedintelui\/","title":{"rendered":"AUR declan\u0219eaz\u0103 procedura de suspendare a pre\u015fedintelui"},"content":{"rendered":"<p class=\"title\">AUR str\u00e2nge semn\u0103turi pentru suspendarea pre\u0219edintelui Klaus Iohannis.<\/p>\n<p class=\"title\">\u201eNe-au semnat deja \u0219i parlamentari de la PNL\u201d, spune George Simion.<\/p>\n<p>Printre motivele invocate de AUR se num\u0103r\u0103 excursiile \u00een str\u0103in\u0103tate ale pre\u0219edintelui, lipsa de la s\u0103rb\u0103torile na\u021bionale, generarea crizei politice actuale sau dezbinarea societ\u0103\u021bii rom\u00e2ne\u0219ti.<\/p>\n<p>Sper\u0103m c\u0103 partidele parlamentare nu se vor l\u0103sa intimidate. Invit\u0103m toate forma\u0163iunile s\u0103 ni se al\u0103ture. (\u2026) Este nevoie ca actualul locatar de la Cotroceni \u015fi primul turist al \u0163\u0103rii s\u0103 ne p\u0103r\u0103seasc\u0103\u201d, a anun\u0163at, luni, copre\u015fedintele AUR George Simion.<\/p>\n<p class=\"title\"><strong>Care e procedura de suspendare a pre\u0219edintelui<\/strong><\/p>\n<div>Potrivit Constitu\u021biei pre\u0219edintele Rom\u00e2niei poate fi suspendat din func\u021bie de Parlament, dup\u0103 consultarea Cur\u021bii Constitu\u021bionale, \u00een cazul s\u0103v\u00e2r\u015firii unor fapte grave prin care \u00eencalc\u0103 prevederile Constitu\u0163iei, arat\u0103\u00a0Hotnews.<\/div>\n<div><\/div>\n<div>Pre\u015fedintele poate da Parlamentului explica\u0163ii cu privire la faptele ce i se imput\u0103.<\/div>\n<div><\/div>\n<div>Propunerea de suspendare din func\u0163ie poate fi ini\u0163iat\u0103 de cel pu\u0163in o treime din num\u0103rul deputa\u0163ilor \u015fi senatorilor \u015fi se aduce, ne\u00eent\u00e2rziat, la cuno\u015ftin\u0163\u0103 Pre\u015fedintelui.<\/div>\n<div><\/div>\n<div>Dac\u0103 propunerea de suspendare din func\u0163ie este aprobat\u0103, \u00een cel mult 30 de zile se organizeaz\u0103 un referendum pentru demiterea Pre\u015fedintelui. (conf. Jurnalist.ro)<\/div>\n","protected":false},"excerpt":{"rendered":"<p>AUR str\u00e2nge semn\u0103turi pentru suspendarea pre\u0219edintelui Klaus Iohannis. \u201eNe-au semnat deja \u0219i parlamentari de la PNL\u201d, spune George Simion. Printre<\/p>\n","protected":false},"author":1,"featured_media":5561,"comment_status":"open","ping_status":"open","sticky":false,"template":"","format":"standard","meta":{"colormag_page_container_layout":"default_layout","colormag_page_sidebar_layout":"default_layout","footnotes":""},"categories":[8],"tags":[],"class_list":["post-5560","post","type-post","status-publish","format-standard","has-post-thumbnail","hentry","category-div"],"yoast_head":"<!-- This site is optimized with the Yoast SEO plugin v27.0 - https:\/\/yoast.com\/product\/yoast-seo-wordpress\/ -->\n<title>AUR declan\u0219eaz\u0103 procedura de suspendare a pre\u015fedintelui - MHF Photography<\/title>\n<meta name=\"robots\" content=\"index, follow, max-snippet:-1, max-image-preview:large, max-video-preview:-1\" \/>\n<link rel=\"canonical\" href=\"https:\/\/mhf.ro\/mm\/aur-declanseaza-procedura-de-suspendare-a-presedintelui\/\" \/>\n<meta property=\"og:locale\" content=\"ro_RO\" \/>\n<meta property=\"og:type\" content=\"article\" \/>\n<meta property=\"og:title\" content=\"AUR declan\u0219eaz\u0103 procedura de suspendare a pre\u015fedintelui - MHF Photography\" \/>\n<meta property=\"og:description\" content=\"AUR str\u00e2nge semn\u0103turi pentru suspendarea pre\u0219edintelui Klaus Iohannis. \u201eNe-au semnat deja \u0219i parlamentari de la PNL\u201d, spune George Simion. Printre\" \/>\n<meta property=\"og:url\" content=\"https:\/\/mhf.ro\/mm\/aur-declanseaza-procedura-de-suspendare-a-presedintelui\/\" \/>\n<meta property=\"og:site_name\" content=\"MHF Photography\" \/>\n<meta property=\"article:published_time\" content=\"2021-11-02T06:21:53+00:00\" \/>\n<meta property=\"article:modified_time\" content=\"2021-11-02T06:53:54+00:00\" \/>\n<meta property=\"og:image\" content=\"https:\/\/mhf.ro\/mm\/wp-content\/uploads\/2021\/11\/simion-iohannis.jpg\" \/>\n\t<meta property=\"og:image:width\" content=\"1200\" \/>\n\t<meta property=\"og:image:height\" content=\"594\" \/>\n\t<meta property=\"og:image:type\" content=\"image\/jpeg\" \/>\n<meta name=\"author\" content=\"Marius Marcu\" \/>\n<meta name=\"twitter:card\" content=\"summary_large_image\" \/>\n<meta name=\"twitter:label1\" content=\"Scris de\" \/>\n\t<meta name=\"twitter:data1\" content=\"Marius Marcu\" \/>\n\t<meta name=\"twitter:label2\" content=\"Timp estimat pentru citire\" \/>\n\t<meta name=\"twitter:data2\" content=\"1 minut\" \/>\n<script type=\"application\/ld+json\" class=\"yoast-schema-graph\">{\"@context\":\"https:\/\/schema.org\",\"@graph\":[{\"@type\":\"Article\",\"@id\":\"https:\/\/mhf.ro\/mm\/aur-declanseaza-procedura-de-suspendare-a-presedintelui\/#article\",\"isPartOf\":{\"@id\":\"https:\/\/mhf.ro\/mm\/aur-declanseaza-procedura-de-suspendare-a-presedintelui\/\"},\"author\":{\"name\":\"Marius Marcu\",\"@id\":\"https:\/\/mhf.ro\/mm\/#\/schema\/person\/a3bebf7bdb4bf12f698aff73c7e46c21\"},\"headline\":\"AUR declan\u0219eaz\u0103 procedura de suspendare a pre\u015fedintelui\",\"datePublished\":\"2021-11-02T06:21:53+00:00\",\"dateModified\":\"2021-11-02T06:53:54+00:00\",\"mainEntityOfPage\":{\"@id\":\"https:\/\/mhf.ro\/mm\/aur-declanseaza-procedura-de-suspendare-a-presedintelui\/\"},\"wordCount\":234,\"commentCount\":0,\"publisher\":{\"@id\":\"https:\/\/mhf.ro\/mm\/#\/schema\/person\/a3bebf7bdb4bf12f698aff73c7e46c21\"},\"image\":{\"@id\":\"https:\/\/mhf.ro\/mm\/aur-declanseaza-procedura-de-suspendare-a-presedintelui\/#primaryimage\"},\"thumbnailUrl\":\"https:\/\/mhf.ro\/mm\/wp-content\/uploads\/2021\/11\/simion-iohannis.jpg\",\"articleSection\":[\"Diverse\"],\"inLanguage\":\"ro-RO\",\"potentialAction\":[{\"@type\":\"CommentAction\",\"name\":\"Comment\",\"target\":[\"https:\/\/mhf.ro\/mm\/aur-declanseaza-procedura-de-suspendare-a-presedintelui\/#respond\"]}]},{\"@type\":\"WebPage\",\"@id\":\"https:\/\/mhf.ro\/mm\/aur-declanseaza-procedura-de-suspendare-a-presedintelui\/\",\"url\":\"https:\/\/mhf.ro\/mm\/aur-declanseaza-procedura-de-suspendare-a-presedintelui\/\",\"name\":\"AUR declan\u0219eaz\u0103 procedura de suspendare a pre\u015fedintelui - MHF Photography\",\"isPartOf\":{\"@id\":\"https:\/\/mhf.ro\/mm\/#website\"},\"primaryImageOfPage\":{\"@id\":\"https:\/\/mhf.ro\/mm\/aur-declanseaza-procedura-de-suspendare-a-presedintelui\/#primaryimage\"},\"image\":{\"@id\":\"https:\/\/mhf.ro\/mm\/aur-declanseaza-procedura-de-suspendare-a-presedintelui\/#primaryimage\"},\"thumbnailUrl\":\"https:\/\/mhf.ro\/mm\/wp-content\/uploads\/2021\/11\/simion-iohannis.jpg\",\"datePublished\":\"2021-11-02T06:21:53+00:00\",\"dateModified\":\"2021-11-02T06:53:54+00:00\",\"breadcrumb\":{\"@id\":\"https:\/\/mhf.ro\/mm\/aur-declanseaza-procedura-de-suspendare-a-presedintelui\/#breadcrumb\"},\"inLanguage\":\"ro-RO\",\"potentialAction\":[{\"@type\":\"ReadAction\",\"target\":[\"https:\/\/mhf.ro\/mm\/aur-declanseaza-procedura-de-suspendare-a-presedintelui\/\"]}]},{\"@type\":\"ImageObject\",\"inLanguage\":\"ro-RO\",\"@id\":\"https:\/\/mhf.ro\/mm\/aur-declanseaza-procedura-de-suspendare-a-presedintelui\/#primaryimage\",\"url\":\"https:\/\/mhf.ro\/mm\/wp-content\/uploads\/2021\/11\/simion-iohannis.jpg\",\"contentUrl\":\"https:\/\/mhf.ro\/mm\/wp-content\/uploads\/2021\/11\/simion-iohannis.jpg\",\"width\":1200,\"height\":594},{\"@type\":\"BreadcrumbList\",\"@id\":\"https:\/\/mhf.ro\/mm\/aur-declanseaza-procedura-de-suspendare-a-presedintelui\/#breadcrumb\",\"itemListElement\":[{\"@type\":\"ListItem\",\"position\":1,\"name\":\"Prima pagin\u0103\",\"item\":\"https:\/\/mhf.ro\/mm\/\"},{\"@type\":\"ListItem\",\"position\":2,\"name\":\"AUR declan\u0219eaz\u0103 procedura de suspendare a pre\u015fedintelui\"}]},{\"@type\":\"WebSite\",\"@id\":\"https:\/\/mhf.ro\/mm\/#website\",\"url\":\"https:\/\/mhf.ro\/mm\/\",\"name\":\"MHF Photography \u2013 Blog de fotografie, natur\u0103 \u0219i tehnic\u0103 divers\u0103\",\"description\":\"Aventur\u0103 \u00een fiecare cadru.\",\"publisher\":{\"@id\":\"https:\/\/mhf.ro\/mm\/#\/schema\/person\/a3bebf7bdb4bf12f698aff73c7e46c21\"},\"potentialAction\":[{\"@type\":\"SearchAction\",\"target\":{\"@type\":\"EntryPoint\",\"urlTemplate\":\"https:\/\/mhf.ro\/mm\/?s={search_term_string}\"},\"query-input\":{\"@type\":\"PropertyValueSpecification\",\"valueRequired\":true,\"valueName\":\"search_term_string\"}}],\"inLanguage\":\"ro-RO\"},{\"@type\":[\"Person\",\"Organization\"],\"@id\":\"https:\/\/mhf.ro\/mm\/#\/schema\/person\/a3bebf7bdb4bf12f698aff73c7e46c21\",\"name\":\"Marius Marcu\",\"image\":{\"@type\":\"ImageObject\",\"inLanguage\":\"ro-RO\",\"@id\":\"https:\/\/mhf.ro\/mm\/#\/schema\/person\/image\/\",\"url\":\"https:\/\/mhf.ro\/mm\/wp-content\/uploads\/2025\/12\/cropped-logo_mhf_2.png\",\"contentUrl\":\"https:\/\/mhf.ro\/mm\/wp-content\/uploads\/2025\/12\/cropped-logo_mhf_2.png\",\"width\":1096,\"height\":457,\"caption\":\"Marius Marcu\"},\"logo\":{\"@id\":\"https:\/\/mhf.ro\/mm\/#\/schema\/person\/image\/\"},\"sameAs\":[\"https:\/\/mhf.ro\/mm\"],\"url\":\"https:\/\/mhf.ro\/mm\/author\/mihai\/\"}]}<\/script>\n<!-- \/ Yoast SEO plugin. -->","yoast_head_json":{"title":"AUR declan\u0219eaz\u0103 procedura de suspendare a pre\u015fedintelui - MHF Photography","robots":{"index":"index","follow":"follow","max-snippet":"max-snippet:-1","max-image-preview":"max-image-preview:large","max-video-preview":"max-video-preview:-1"},"canonical":"https:\/\/mhf.ro\/mm\/aur-declanseaza-procedura-de-suspendare-a-presedintelui\/","og_locale":"ro_RO","og_type":"article","og_title":"AUR declan\u0219eaz\u0103 procedura de suspendare a pre\u015fedintelui - MHF Photography","og_description":"AUR str\u00e2nge semn\u0103turi pentru suspendarea pre\u0219edintelui Klaus Iohannis. \u201eNe-au semnat deja \u0219i parlamentari de la PNL\u201d, spune George Simion. Printre","og_url":"https:\/\/mhf.ro\/mm\/aur-declanseaza-procedura-de-suspendare-a-presedintelui\/","og_site_name":"MHF Photography","article_published_time":"2021-11-02T06:21:53+00:00","article_modified_time":"2021-11-02T06:53:54+00:00","og_image":[{"width":1200,"height":594,"url":"https:\/\/mhf.ro\/mm\/wp-content\/uploads\/2021\/11\/simion-iohannis.jpg","type":"image\/jpeg"}],"author":"Marius Marcu","twitter_card":"summary_large_image","twitter_misc":{"Scris de":"Marius Marcu","Timp estimat pentru citire":"1 minut"},"schema":{"@context":"https:\/\/schema.org","@graph":[{"@type":"Article","@id":"https:\/\/mhf.ro\/mm\/aur-declanseaza-procedura-de-suspendare-a-presedintelui\/#article","isPartOf":{"@id":"https:\/\/mhf.ro\/mm\/aur-declanseaza-procedura-de-suspendare-a-presedintelui\/"},"author":{"name":"Marius Marcu","@id":"https:\/\/mhf.ro\/mm\/#\/schema\/person\/a3bebf7bdb4bf12f698aff73c7e46c21"},"headline":"AUR declan\u0219eaz\u0103 procedura de suspendare a pre\u015fedintelui","datePublished":"2021-11-02T06:21:53+00:00","dateModified":"2021-11-02T06:53:54+00:00","mainEntityOfPage":{"@id":"https:\/\/mhf.ro\/mm\/aur-declanseaza-procedura-de-suspendare-a-presedintelui\/"},"wordCount":234,"commentCount":0,"publisher":{"@id":"https:\/\/mhf.ro\/mm\/#\/schema\/person\/a3bebf7bdb4bf12f698aff73c7e46c21"},"image":{"@id":"https:\/\/mhf.ro\/mm\/aur-declanseaza-procedura-de-suspendare-a-presedintelui\/#primaryimage"},"thumbnailUrl":"https:\/\/mhf.ro\/mm\/wp-content\/uploads\/2021\/11\/simion-iohannis.jpg","articleSection":["Diverse"],"inLanguage":"ro-RO","potentialAction":[{"@type":"CommentAction","name":"Comment","target":["https:\/\/mhf.ro\/mm\/aur-declanseaza-procedura-de-suspendare-a-presedintelui\/#respond"]}]},{"@type":"WebPage","@id":"https:\/\/mhf.ro\/mm\/aur-declanseaza-procedura-de-suspendare-a-presedintelui\/","url":"https:\/\/mhf.ro\/mm\/aur-declanseaza-procedura-de-suspendare-a-presedintelui\/","name":"AUR declan\u0219eaz\u0103 procedura de suspendare a pre\u015fedintelui - MHF Photography","isPartOf":{"@id":"https:\/\/mhf.ro\/mm\/#website"},"primaryImageOfPage":{"@id":"https:\/\/mhf.ro\/mm\/aur-declanseaza-procedura-de-suspendare-a-presedintelui\/#primaryimage"},"image":{"@id":"https:\/\/mhf.ro\/mm\/aur-declanseaza-procedura-de-suspendare-a-presedintelui\/#primaryimage"},"thumbnailUrl":"https:\/\/mhf.ro\/mm\/wp-content\/uploads\/2021\/11\/simion-iohannis.jpg","datePublished":"2021-11-02T06:21:53+00:00","dateModified":"2021-11-02T06:53:54+00:00","breadcrumb":{"@id":"https:\/\/mhf.ro\/mm\/aur-declanseaza-procedura-de-suspendare-a-presedintelui\/#breadcrumb"},"inLanguage":"ro-RO","potentialAction":[{"@type":"ReadAction","target":["https:\/\/mhf.ro\/mm\/aur-declanseaza-procedura-de-suspendare-a-presedintelui\/"]}]},{"@type":"ImageObject","inLanguage":"ro-RO","@id":"https:\/\/mhf.ro\/mm\/aur-declanseaza-procedura-de-suspendare-a-presedintelui\/#primaryimage","url":"https:\/\/mhf.ro\/mm\/wp-content\/uploads\/2021\/11\/simion-iohannis.jpg","contentUrl":"https:\/\/mhf.ro\/mm\/wp-content\/uploads\/2021\/11\/simion-iohannis.jpg","width":1200,"height":594},{"@type":"BreadcrumbList","@id":"https:\/\/mhf.ro\/mm\/aur-declanseaza-procedura-de-suspendare-a-presedintelui\/#breadcrumb","itemListElement":[{"@type":"ListItem","position":1,"name":"Prima pagin\u0103","item":"https:\/\/mhf.ro\/mm\/"},{"@type":"ListItem","position":2,"name":"AUR declan\u0219eaz\u0103 procedura de suspendare a pre\u015fedintelui"}]},{"@type":"WebSite","@id":"https:\/\/mhf.ro\/mm\/#website","url":"https:\/\/mhf.ro\/mm\/","name":"MHF Photography \u2013 Blog de fotografie, natur\u0103 \u0219i tehnic\u0103 divers\u0103","description":"Aventur\u0103 \u00een fiecare cadru.","publisher":{"@id":"https:\/\/mhf.ro\/mm\/#\/schema\/person\/a3bebf7bdb4bf12f698aff73c7e46c21"},"potentialAction":[{"@type":"SearchAction","target":{"@type":"EntryPoint","urlTemplate":"https:\/\/mhf.ro\/mm\/?s={search_term_string}"},"query-input":{"@type":"PropertyValueSpecification","valueRequired":true,"valueName":"search_term_string"}}],"inLanguage":"ro-RO"},{"@type":["Person","Organization"],"@id":"https:\/\/mhf.ro\/mm\/#\/schema\/person\/a3bebf7bdb4bf12f698aff73c7e46c21","name":"Marius Marcu","image":{"@type":"ImageObject","inLanguage":"ro-RO","@id":"https:\/\/mhf.ro\/mm\/#\/schema\/person\/image\/","url":"https:\/\/mhf.ro\/mm\/wp-content\/uploads\/2025\/12\/cropped-logo_mhf_2.png","contentUrl":"https:\/\/mhf.ro\/mm\/wp-content\/uploads\/2025\/12\/cropped-logo_mhf_2.png","width":1096,"height":457,"caption":"Marius Marcu"},"logo":{"@id":"https:\/\/mhf.ro\/mm\/#\/schema\/person\/image\/"},"sameAs":["https:\/\/mhf.ro\/mm"],"url":"https:\/\/mhf.ro\/mm\/author\/mihai\/"}]}},"_links":{"self":[{"href":"https:\/\/mhf.ro\/mm\/wp-json\/wp\/v2\/posts\/5560","targetHints":{"allow":["GET"]}}],"collection":[{"href":"https:\/\/mhf.ro\/mm\/wp-json\/wp\/v2\/posts"}],"about":[{"href":"https:\/\/mhf.ro\/mm\/wp-json\/wp\/v2\/types\/post"}],"author":[{"embeddable":true,"href":"https:\/\/mhf.ro\/mm\/wp-json\/wp\/v2\/users\/1"}],"replies":[{"embeddable":true,"href":"https:\/\/mhf.ro\/mm\/wp-json\/wp\/v2\/comments?post=5560"}],"version-history":[{"count":2,"href":"https:\/\/mhf.ro\/mm\/wp-json\/wp\/v2\/posts\/5560\/revisions"}],"predecessor-version":[{"id":5563,"href":"https:\/\/mhf.ro\/mm\/wp-json\/wp\/v2\/posts\/5560\/revisions\/5563"}],"wp:featuredmedia":[{"embeddable":true,"href":"https:\/\/mhf.ro\/mm\/wp-json\/wp\/v2\/media\/5561"}],"wp:attachment":[{"href":"https:\/\/mhf.ro\/mm\/wp-json\/wp\/v2\/media?parent=5560"}],"wp:term":[{"taxonomy":"category","embeddable":true,"href":"https:\/\/mhf.ro\/mm\/wp-json\/wp\/v2\/categories?post=5560"},{"taxonomy":"post_tag","embeddable":true,"href":"https:\/\/mhf.ro\/mm\/wp-json\/wp\/v2\/tags?post=5560"}],"curies":[{"name":"wp","href":"https:\/\/api.w.org\/{rel}","templated":true}]}}