{"id":5568,"date":"2021-11-04T08:27:20","date_gmt":"2021-11-04T06:27:20","guid":{"rendered":"https:\/\/mhf.ro\/mm\/?p=5568"},"modified":"2021-11-04T08:59:27","modified_gmt":"2021-11-04T06:59:27","slug":"politistii-locali-testati-daca-stiu-sa-scrie-sa-citeasca","status":"publish","type":"post","link":"https:\/\/mhf.ro\/mm\/politistii-locali-testati-daca-stiu-sa-scrie-sa-citeasca\/","title":{"rendered":"Poli\u021bi\u0219tii locali, testa\u021bi dac\u0103 \u201e\u015ftiu s\u0103 scrie, s\u0103 citeasc\u0103\u201d"},"content":{"rendered":"<p class=\"news__title\" title=\"Poli\u021bi\u0219tii locali din Sectorul 6, testa\u021bi dac\u0103 &quot;\u015ftiu s\u0103 scrie sau s\u0103 citeasc\u0103&quot;. Ciucu: &quot;Stau pe telefon, pe TikTok&quot;\">Poli\u021bi\u0219tii locali din Sectorul 6 sunt testa\u021bi dac\u0103 \u201e\u015ftiu s\u0103 scrie sau s\u0103 citeasc\u0103\u201d. \u00cen plin proces de reformare a poli\u021biei locale, primarul Ciprian Ciucu spune c\u0103 oamenii legii stau mai mult pe Tik Tok dec\u00e2t la datorie.<\/p>\n<p title=\"Poli\u021bi\u0219tii locali din Sectorul 6, testa\u021bi dac\u0103 &quot;\u015ftiu s\u0103 scrie sau s\u0103 citeasc\u0103&quot;. Ciucu: &quot;Stau pe telefon, pe TikTok&quot;\">\u201eNu m\u0103 rezum la poli\u0163i\u015ftii locali, este un repro\u015f pe care \u00eel aduc pentru poli\u0163ia MAI. Stau pe telefon, pe TikTok, nu \u015ftiu pe ce stau, \u00eei v\u0103d \u00een ma\u015fini \u015fi nu-i v\u0103d prezen\u0163i \u00een comunitate. Am declarat c\u0103 sunt unii poli\u0163i\u015fti care nu \u015ftiu s\u0103 scrie sau s\u0103 citeasc\u0103. R\u0103m\u00e2ne s\u0103 fie demonstrat sau invalidat de acest concurs\u201d, a declarat\u00a0Ciprian Ciucu, primarul Sectorului 6, \u00eentr-un interviu pentru\u00a0\u0218tirile ProTV.<\/p>\n<p title=\"Poli\u021bi\u0219tii locali din Sectorul 6, testa\u021bi dac\u0103 &quot;\u015ftiu s\u0103 scrie sau s\u0103 citeasc\u0103&quot;. Ciucu: &quot;Stau pe telefon, pe TikTok&quot;\">Testarea poli\u021bi\u0219tilor a \u00eenceput luni, 1 noiembrie, \u0219i const\u0103 \u00een\u00a0cinci \u00eentreb\u0103ri gril\u0103 \u0219i un punct de sintez\u0103, prin care poli\u021bi\u0219tii sunt pu\u0219i s\u0103 explice \u00een scris cum se poate rezolva spe\u021ba prezentat\u0103.<\/p>\n<p>Comisia de testare puncteaz\u0103 at\u00e2t \u00een\u021belegerea textului, a modului de exprimare, de scriere, dar \u0219i modalitatea de a ac\u021biona \u00een cadrul spe\u021bei respective, pe care trebuie s\u0103 o introduc\u0103 \u00een lege.<\/p>\n<p>\u00cen Sectorul 6 \u00eenceput reformarea poli\u021biei locale. Sunt afectate mai multe func\u021bii. Este vorba despre 397 de posturi (func\u021bii publice) din care vor r\u0103m\u00e2ne 307. (conf. Jurnalist.ro)<\/p>\n","protected":false},"excerpt":{"rendered":"<p>Poli\u021bi\u0219tii locali din Sectorul 6 sunt testa\u021bi dac\u0103 \u201e\u015ftiu s\u0103 scrie sau s\u0103 citeasc\u0103\u201d. \u00cen plin proces de reformare a<\/p>\n","protected":false},"author":1,"featured_media":5569,"comment_status":"open","ping_status":"open","sticky":false,"template":"","format":"standard","meta":{"colormag_page_container_layout":"default_layout","colormag_page_sidebar_layout":"default_layout","footnotes":""},"categories":[8],"tags":[],"class_list":["post-5568","post","type-post","status-publish","format-standard","has-post-thumbnail","hentry","category-div"],"yoast_head":"<!-- This site is optimized with the Yoast SEO plugin v27.0 - https:\/\/yoast.com\/product\/yoast-seo-wordpress\/ -->\n<title>Poli\u021bi\u0219tii locali, testa\u021bi dac\u0103 \u201e\u015ftiu s\u0103 scrie, s\u0103 citeasc\u0103\u201d - MHF Photography<\/title>\n<meta name=\"robots\" content=\"index, follow, max-snippet:-1, max-image-preview:large, max-video-preview:-1\" \/>\n<link rel=\"canonical\" href=\"https:\/\/mhf.ro\/mm\/politistii-locali-testati-daca-stiu-sa-scrie-sa-citeasca\/\" \/>\n<meta property=\"og:locale\" content=\"ro_RO\" \/>\n<meta property=\"og:type\" content=\"article\" \/>\n<meta property=\"og:title\" content=\"Poli\u021bi\u0219tii locali, testa\u021bi dac\u0103 \u201e\u015ftiu s\u0103 scrie, s\u0103 citeasc\u0103\u201d - MHF Photography\" \/>\n<meta property=\"og:description\" content=\"Poli\u021bi\u0219tii locali din Sectorul 6 sunt testa\u021bi dac\u0103 \u201e\u015ftiu s\u0103 scrie sau s\u0103 citeasc\u0103\u201d. \u00cen plin proces de reformare a\" \/>\n<meta property=\"og:url\" content=\"https:\/\/mhf.ro\/mm\/politistii-locali-testati-daca-stiu-sa-scrie-sa-citeasca\/\" \/>\n<meta property=\"og:site_name\" content=\"MHF Photography\" \/>\n<meta property=\"article:published_time\" content=\"2021-11-04T06:27:20+00:00\" \/>\n<meta property=\"article:modified_time\" content=\"2021-11-04T06:59:27+00:00\" \/>\n<meta property=\"og:image\" content=\"https:\/\/mhf.ro\/mm\/wp-content\/uploads\/2021\/11\/politia-locala.png\" \/>\n\t<meta property=\"og:image:width\" content=\"1000\" \/>\n\t<meta property=\"og:image:height\" content=\"522\" \/>\n\t<meta property=\"og:image:type\" content=\"image\/png\" \/>\n<meta name=\"author\" content=\"Marius Marcu\" \/>\n<meta name=\"twitter:card\" content=\"summary_large_image\" \/>\n<meta name=\"twitter:label1\" content=\"Scris de\" \/>\n\t<meta name=\"twitter:data1\" content=\"Marius Marcu\" \/>\n\t<meta name=\"twitter:label2\" content=\"Timp estimat pentru citire\" \/>\n\t<meta name=\"twitter:data2\" content=\"1 minut\" \/>\n<script type=\"application\/ld+json\" class=\"yoast-schema-graph\">{\"@context\":\"https:\/\/schema.org\",\"@graph\":[{\"@type\":\"Article\",\"@id\":\"https:\/\/mhf.ro\/mm\/politistii-locali-testati-daca-stiu-sa-scrie-sa-citeasca\/#article\",\"isPartOf\":{\"@id\":\"https:\/\/mhf.ro\/mm\/politistii-locali-testati-daca-stiu-sa-scrie-sa-citeasca\/\"},\"author\":{\"name\":\"Marius Marcu\",\"@id\":\"https:\/\/mhf.ro\/mm\/#\/schema\/person\/a3bebf7bdb4bf12f698aff73c7e46c21\"},\"headline\":\"Poli\u021bi\u0219tii locali, testa\u021bi dac\u0103 \u201e\u015ftiu s\u0103 scrie, s\u0103 citeasc\u0103\u201d\",\"datePublished\":\"2021-11-04T06:27:20+00:00\",\"dateModified\":\"2021-11-04T06:59:27+00:00\",\"mainEntityOfPage\":{\"@id\":\"https:\/\/mhf.ro\/mm\/politistii-locali-testati-daca-stiu-sa-scrie-sa-citeasca\/\"},\"wordCount\":239,\"commentCount\":0,\"publisher\":{\"@id\":\"https:\/\/mhf.ro\/mm\/#\/schema\/person\/a3bebf7bdb4bf12f698aff73c7e46c21\"},\"image\":{\"@id\":\"https:\/\/mhf.ro\/mm\/politistii-locali-testati-daca-stiu-sa-scrie-sa-citeasca\/#primaryimage\"},\"thumbnailUrl\":\"https:\/\/mhf.ro\/mm\/wp-content\/uploads\/2021\/11\/politia-locala.png\",\"articleSection\":[\"Diverse\"],\"inLanguage\":\"ro-RO\",\"potentialAction\":[{\"@type\":\"CommentAction\",\"name\":\"Comment\",\"target\":[\"https:\/\/mhf.ro\/mm\/politistii-locali-testati-daca-stiu-sa-scrie-sa-citeasca\/#respond\"]}]},{\"@type\":\"WebPage\",\"@id\":\"https:\/\/mhf.ro\/mm\/politistii-locali-testati-daca-stiu-sa-scrie-sa-citeasca\/\",\"url\":\"https:\/\/mhf.ro\/mm\/politistii-locali-testati-daca-stiu-sa-scrie-sa-citeasca\/\",\"name\":\"Poli\u021bi\u0219tii locali, testa\u021bi dac\u0103 \u201e\u015ftiu s\u0103 scrie, s\u0103 citeasc\u0103\u201d - MHF Photography\",\"isPartOf\":{\"@id\":\"https:\/\/mhf.ro\/mm\/#website\"},\"primaryImageOfPage\":{\"@id\":\"https:\/\/mhf.ro\/mm\/politistii-locali-testati-daca-stiu-sa-scrie-sa-citeasca\/#primaryimage\"},\"image\":{\"@id\":\"https:\/\/mhf.ro\/mm\/politistii-locali-testati-daca-stiu-sa-scrie-sa-citeasca\/#primaryimage\"},\"thumbnailUrl\":\"https:\/\/mhf.ro\/mm\/wp-content\/uploads\/2021\/11\/politia-locala.png\",\"datePublished\":\"2021-11-04T06:27:20+00:00\",\"dateModified\":\"2021-11-04T06:59:27+00:00\",\"breadcrumb\":{\"@id\":\"https:\/\/mhf.ro\/mm\/politistii-locali-testati-daca-stiu-sa-scrie-sa-citeasca\/#breadcrumb\"},\"inLanguage\":\"ro-RO\",\"potentialAction\":[{\"@type\":\"ReadAction\",\"target\":[\"https:\/\/mhf.ro\/mm\/politistii-locali-testati-daca-stiu-sa-scrie-sa-citeasca\/\"]}]},{\"@type\":\"ImageObject\",\"inLanguage\":\"ro-RO\",\"@id\":\"https:\/\/mhf.ro\/mm\/politistii-locali-testati-daca-stiu-sa-scrie-sa-citeasca\/#primaryimage\",\"url\":\"https:\/\/mhf.ro\/mm\/wp-content\/uploads\/2021\/11\/politia-locala.png\",\"contentUrl\":\"https:\/\/mhf.ro\/mm\/wp-content\/uploads\/2021\/11\/politia-locala.png\",\"width\":1000,\"height\":522},{\"@type\":\"BreadcrumbList\",\"@id\":\"https:\/\/mhf.ro\/mm\/politistii-locali-testati-daca-stiu-sa-scrie-sa-citeasca\/#breadcrumb\",\"itemListElement\":[{\"@type\":\"ListItem\",\"position\":1,\"name\":\"Prima pagin\u0103\",\"item\":\"https:\/\/mhf.ro\/mm\/\"},{\"@type\":\"ListItem\",\"position\":2,\"name\":\"Poli\u021bi\u0219tii locali, testa\u021bi dac\u0103 \u201e\u015ftiu s\u0103 scrie, s\u0103 citeasc\u0103\u201d\"}]},{\"@type\":\"WebSite\",\"@id\":\"https:\/\/mhf.ro\/mm\/#website\",\"url\":\"https:\/\/mhf.ro\/mm\/\",\"name\":\"MHF Photography \u2013 Blog de fotografie, natur\u0103 \u0219i tehnic\u0103 divers\u0103\",\"description\":\"Aventur\u0103 \u00een fiecare cadru.\",\"publisher\":{\"@id\":\"https:\/\/mhf.ro\/mm\/#\/schema\/person\/a3bebf7bdb4bf12f698aff73c7e46c21\"},\"potentialAction\":[{\"@type\":\"SearchAction\",\"target\":{\"@type\":\"EntryPoint\",\"urlTemplate\":\"https:\/\/mhf.ro\/mm\/?s={search_term_string}\"},\"query-input\":{\"@type\":\"PropertyValueSpecification\",\"valueRequired\":true,\"valueName\":\"search_term_string\"}}],\"inLanguage\":\"ro-RO\"},{\"@type\":[\"Person\",\"Organization\"],\"@id\":\"https:\/\/mhf.ro\/mm\/#\/schema\/person\/a3bebf7bdb4bf12f698aff73c7e46c21\",\"name\":\"Marius Marcu\",\"image\":{\"@type\":\"ImageObject\",\"inLanguage\":\"ro-RO\",\"@id\":\"https:\/\/mhf.ro\/mm\/#\/schema\/person\/image\/\",\"url\":\"https:\/\/mhf.ro\/mm\/wp-content\/uploads\/2025\/12\/cropped-logo_mhf_2.png\",\"contentUrl\":\"https:\/\/mhf.ro\/mm\/wp-content\/uploads\/2025\/12\/cropped-logo_mhf_2.png\",\"width\":1096,\"height\":457,\"caption\":\"Marius Marcu\"},\"logo\":{\"@id\":\"https:\/\/mhf.ro\/mm\/#\/schema\/person\/image\/\"},\"sameAs\":[\"https:\/\/mhf.ro\/mm\"],\"url\":\"https:\/\/mhf.ro\/mm\/author\/mihai\/\"}]}<\/script>\n<!-- \/ Yoast SEO plugin. -->","yoast_head_json":{"title":"Poli\u021bi\u0219tii locali, testa\u021bi dac\u0103 \u201e\u015ftiu s\u0103 scrie, s\u0103 citeasc\u0103\u201d - MHF Photography","robots":{"index":"index","follow":"follow","max-snippet":"max-snippet:-1","max-image-preview":"max-image-preview:large","max-video-preview":"max-video-preview:-1"},"canonical":"https:\/\/mhf.ro\/mm\/politistii-locali-testati-daca-stiu-sa-scrie-sa-citeasca\/","og_locale":"ro_RO","og_type":"article","og_title":"Poli\u021bi\u0219tii locali, testa\u021bi dac\u0103 \u201e\u015ftiu s\u0103 scrie, s\u0103 citeasc\u0103\u201d - MHF Photography","og_description":"Poli\u021bi\u0219tii locali din Sectorul 6 sunt testa\u021bi dac\u0103 \u201e\u015ftiu s\u0103 scrie sau s\u0103 citeasc\u0103\u201d. \u00cen plin proces de reformare a","og_url":"https:\/\/mhf.ro\/mm\/politistii-locali-testati-daca-stiu-sa-scrie-sa-citeasca\/","og_site_name":"MHF Photography","article_published_time":"2021-11-04T06:27:20+00:00","article_modified_time":"2021-11-04T06:59:27+00:00","og_image":[{"width":1000,"height":522,"url":"https:\/\/mhf.ro\/mm\/wp-content\/uploads\/2021\/11\/politia-locala.png","type":"image\/png"}],"author":"Marius Marcu","twitter_card":"summary_large_image","twitter_misc":{"Scris de":"Marius Marcu","Timp estimat pentru citire":"1 minut"},"schema":{"@context":"https:\/\/schema.org","@graph":[{"@type":"Article","@id":"https:\/\/mhf.ro\/mm\/politistii-locali-testati-daca-stiu-sa-scrie-sa-citeasca\/#article","isPartOf":{"@id":"https:\/\/mhf.ro\/mm\/politistii-locali-testati-daca-stiu-sa-scrie-sa-citeasca\/"},"author":{"name":"Marius Marcu","@id":"https:\/\/mhf.ro\/mm\/#\/schema\/person\/a3bebf7bdb4bf12f698aff73c7e46c21"},"headline":"Poli\u021bi\u0219tii locali, testa\u021bi dac\u0103 \u201e\u015ftiu s\u0103 scrie, s\u0103 citeasc\u0103\u201d","datePublished":"2021-11-04T06:27:20+00:00","dateModified":"2021-11-04T06:59:27+00:00","mainEntityOfPage":{"@id":"https:\/\/mhf.ro\/mm\/politistii-locali-testati-daca-stiu-sa-scrie-sa-citeasca\/"},"wordCount":239,"commentCount":0,"publisher":{"@id":"https:\/\/mhf.ro\/mm\/#\/schema\/person\/a3bebf7bdb4bf12f698aff73c7e46c21"},"image":{"@id":"https:\/\/mhf.ro\/mm\/politistii-locali-testati-daca-stiu-sa-scrie-sa-citeasca\/#primaryimage"},"thumbnailUrl":"https:\/\/mhf.ro\/mm\/wp-content\/uploads\/2021\/11\/politia-locala.png","articleSection":["Diverse"],"inLanguage":"ro-RO","potentialAction":[{"@type":"CommentAction","name":"Comment","target":["https:\/\/mhf.ro\/mm\/politistii-locali-testati-daca-stiu-sa-scrie-sa-citeasca\/#respond"]}]},{"@type":"WebPage","@id":"https:\/\/mhf.ro\/mm\/politistii-locali-testati-daca-stiu-sa-scrie-sa-citeasca\/","url":"https:\/\/mhf.ro\/mm\/politistii-locali-testati-daca-stiu-sa-scrie-sa-citeasca\/","name":"Poli\u021bi\u0219tii locali, testa\u021bi dac\u0103 \u201e\u015ftiu s\u0103 scrie, s\u0103 citeasc\u0103\u201d - MHF Photography","isPartOf":{"@id":"https:\/\/mhf.ro\/mm\/#website"},"primaryImageOfPage":{"@id":"https:\/\/mhf.ro\/mm\/politistii-locali-testati-daca-stiu-sa-scrie-sa-citeasca\/#primaryimage"},"image":{"@id":"https:\/\/mhf.ro\/mm\/politistii-locali-testati-daca-stiu-sa-scrie-sa-citeasca\/#primaryimage"},"thumbnailUrl":"https:\/\/mhf.ro\/mm\/wp-content\/uploads\/2021\/11\/politia-locala.png","datePublished":"2021-11-04T06:27:20+00:00","dateModified":"2021-11-04T06:59:27+00:00","breadcrumb":{"@id":"https:\/\/mhf.ro\/mm\/politistii-locali-testati-daca-stiu-sa-scrie-sa-citeasca\/#breadcrumb"},"inLanguage":"ro-RO","potentialAction":[{"@type":"ReadAction","target":["https:\/\/mhf.ro\/mm\/politistii-locali-testati-daca-stiu-sa-scrie-sa-citeasca\/"]}]},{"@type":"ImageObject","inLanguage":"ro-RO","@id":"https:\/\/mhf.ro\/mm\/politistii-locali-testati-daca-stiu-sa-scrie-sa-citeasca\/#primaryimage","url":"https:\/\/mhf.ro\/mm\/wp-content\/uploads\/2021\/11\/politia-locala.png","contentUrl":"https:\/\/mhf.ro\/mm\/wp-content\/uploads\/2021\/11\/politia-locala.png","width":1000,"height":522},{"@type":"BreadcrumbList","@id":"https:\/\/mhf.ro\/mm\/politistii-locali-testati-daca-stiu-sa-scrie-sa-citeasca\/#breadcrumb","itemListElement":[{"@type":"ListItem","position":1,"name":"Prima pagin\u0103","item":"https:\/\/mhf.ro\/mm\/"},{"@type":"ListItem","position":2,"name":"Poli\u021bi\u0219tii locali, testa\u021bi dac\u0103 \u201e\u015ftiu s\u0103 scrie, s\u0103 citeasc\u0103\u201d"}]},{"@type":"WebSite","@id":"https:\/\/mhf.ro\/mm\/#website","url":"https:\/\/mhf.ro\/mm\/","name":"MHF Photography \u2013 Blog de fotografie, natur\u0103 \u0219i tehnic\u0103 divers\u0103","description":"Aventur\u0103 \u00een fiecare cadru.","publisher":{"@id":"https:\/\/mhf.ro\/mm\/#\/schema\/person\/a3bebf7bdb4bf12f698aff73c7e46c21"},"potentialAction":[{"@type":"SearchAction","target":{"@type":"EntryPoint","urlTemplate":"https:\/\/mhf.ro\/mm\/?s={search_term_string}"},"query-input":{"@type":"PropertyValueSpecification","valueRequired":true,"valueName":"search_term_string"}}],"inLanguage":"ro-RO"},{"@type":["Person","Organization"],"@id":"https:\/\/mhf.ro\/mm\/#\/schema\/person\/a3bebf7bdb4bf12f698aff73c7e46c21","name":"Marius Marcu","image":{"@type":"ImageObject","inLanguage":"ro-RO","@id":"https:\/\/mhf.ro\/mm\/#\/schema\/person\/image\/","url":"https:\/\/mhf.ro\/mm\/wp-content\/uploads\/2025\/12\/cropped-logo_mhf_2.png","contentUrl":"https:\/\/mhf.ro\/mm\/wp-content\/uploads\/2025\/12\/cropped-logo_mhf_2.png","width":1096,"height":457,"caption":"Marius Marcu"},"logo":{"@id":"https:\/\/mhf.ro\/mm\/#\/schema\/person\/image\/"},"sameAs":["https:\/\/mhf.ro\/mm"],"url":"https:\/\/mhf.ro\/mm\/author\/mihai\/"}]}},"_links":{"self":[{"href":"https:\/\/mhf.ro\/mm\/wp-json\/wp\/v2\/posts\/5568","targetHints":{"allow":["GET"]}}],"collection":[{"href":"https:\/\/mhf.ro\/mm\/wp-json\/wp\/v2\/posts"}],"about":[{"href":"https:\/\/mhf.ro\/mm\/wp-json\/wp\/v2\/types\/post"}],"author":[{"embeddable":true,"href":"https:\/\/mhf.ro\/mm\/wp-json\/wp\/v2\/users\/1"}],"replies":[{"embeddable":true,"href":"https:\/\/mhf.ro\/mm\/wp-json\/wp\/v2\/comments?post=5568"}],"version-history":[{"count":1,"href":"https:\/\/mhf.ro\/mm\/wp-json\/wp\/v2\/posts\/5568\/revisions"}],"predecessor-version":[{"id":5570,"href":"https:\/\/mhf.ro\/mm\/wp-json\/wp\/v2\/posts\/5568\/revisions\/5570"}],"wp:featuredmedia":[{"embeddable":true,"href":"https:\/\/mhf.ro\/mm\/wp-json\/wp\/v2\/media\/5569"}],"wp:attachment":[{"href":"https:\/\/mhf.ro\/mm\/wp-json\/wp\/v2\/media?parent=5568"}],"wp:term":[{"taxonomy":"category","embeddable":true,"href":"https:\/\/mhf.ro\/mm\/wp-json\/wp\/v2\/categories?post=5568"},{"taxonomy":"post_tag","embeddable":true,"href":"https:\/\/mhf.ro\/mm\/wp-json\/wp\/v2\/tags?post=5568"}],"curies":[{"name":"wp","href":"https:\/\/api.w.org\/{rel}","templated":true}]}}