{"id":5583,"date":"2021-11-07T08:27:50","date_gmt":"2021-11-07T06:27:50","guid":{"rendered":"https:\/\/mhf.ro\/mm\/?p=5583"},"modified":"2021-11-07T08:27:50","modified_gmt":"2021-11-07T06:27:50","slug":"ajutor-de-la-stat-pentru-firmele-care-nu-au-facut-concedieri","status":"publish","type":"post","link":"https:\/\/mhf.ro\/mm\/ajutor-de-la-stat-pentru-firmele-care-nu-au-facut-concedieri\/","title":{"rendered":"Ajutor de la stat pentru firmele care nu au f\u0103cut concedieri"},"content":{"rendered":"<div class=\"article-excerpt\">\n<p>Declara\u021bia \u00eei apar\u021bine ministrului interimar al Muncii \u0219i Protec\u021biei Sociale, Raluca Turcan, \u00een cadrul Topului Na\u0163ional al Firmelor Private, organizat de Consiliul Na\u0163ional al \u00centreprinderilor Private Mici \u015fi Mijlocii din Rom\u00e2nia.<\/p>\n<p>Aceasta a declarat c\u0103 Guvernul a preg\u0103tit o ordonan\u021b\u0103 de urgen\u021b\u0103 \u00een acest sens.<\/p>\n<p>Angajatorii din \u00eentreprinderile mici \u0219i mijlocii care nu au f\u0103cut concedieri \u0219i care au angaja\u021bi pl\u0103ti\u021bi cu norm\u0103 de munc\u0103 \u00eentreag\u0103 vor primi sprijin din partea statului.<\/p>\n<\/div>\n<p>\u201eAvem o ordonan\u0163\u0103 de urgen\u0163\u0103 preg\u0103tit\u0103 prin care angajatorii din \u00eentreprinderile mici \u015fi mijlocii care nu au f\u0103cut concedieri \u015fi care au angaja\u0163i pl\u0103ti\u0163i cu norm\u0103 \u00eentreag\u0103 s\u0103 beneficieze de asemenea de o m\u0103sura activ\u0103 din partea statului, tocmai ca un semnal de recunoa\u015ftere a efortului f\u0103cut \u015fi de stimulare \u00een continuare a activit\u0103\u0163ilor\u201d.<\/p>\n<p>\u00cen contextul \u00een care \u00eentreprinderile mici \u015fi mijlocii \u00eent\u00e2mpin\u0103 probleme cu g\u0103sirea de for\u0163\u0103 de munc\u0103, Guvernul a simplificat \u00a0modul \u00een care companiile pot atrage muncitori.<\/p>\n<p>\u201ePentru c\u0103 v\u0103 confrunta\u0163i cu lipsa de for\u0163\u0103 de munc\u0103, am \u00eencercat s\u0103 simplific\u0103m procedura de atragere a lucr\u0103torilor str\u0103ini din spa\u0163iul non-UE, s\u0103 pute\u0163i s\u0103 ob\u0163ine\u0163i mai u\u015for avizele, dac\u0103 ave\u0163i nevoie de lucr\u0103tori, astfel \u00eenc\u00e2t \u015fi cu lucr\u0103tori din spa\u0163iul non-UE, \u015fi cu rom\u00e2ni mai bine pl\u0103ti\u0163i \u015fi mai motiva\u0163i, s\u0103 reu\u015fi\u0163i s\u0103 v\u0103 dezvolta\u0163i \u00een continuare afacerile, s\u0103 pute\u0163i s\u0103 apela\u0163i la sprijinul statului ori de c\u00e2te ori ave\u0163i nevoie \u015fi \u00eentr-un dialog permanent s\u0103 reu\u015fim s\u0103 g\u0103sim solu\u0163ii\u201d, spune Raluca Turcan.<\/p>\n<p>Florin Jianu este pre\u015fedintele Consiliul Na\u0163ional al \u00centreprinderilor Private Mici \u015fi Mijlocii din Rom\u00e2nia (CNIPMMR). Acesta a declarat c\u0103 institu\u021bia pe care o conduce \u00ee\u0219i propune s\u0103 scad\u0103 rata \u0219omajului sub 10%.<\/p>\n<p>\u201eAvem instrumentele necesare la nivel european. \u00cen urm\u0103torii 2-3 ani vrem s\u0103 avem o sc\u0103dere sub 10% a ratei somajului. De asemenea, este responsabilitatea autorit\u0103\u021bilor pentru a stopa impactul scumpirilor \u00een zona energiei. Nou\u0103 din zece IMM-uri au declarat c\u0103 sunt afectate de aceste scumpiri\u201d.<\/p>\n<p>Florin Jianu crede c\u0103 Rom\u00e2nia trebuie s\u0103 fac\u0103 pa\u0219i \u00een ceea ce priveste finan\u021b\u0103rile, iar solu\u021bia ar fi crearea unui program pentru sus\u021binerea companiilor. (conf. Jurnalist.ro)<\/p>\n","protected":false},"excerpt":{"rendered":"<p>Declara\u021bia \u00eei apar\u021bine ministrului interimar al Muncii \u0219i Protec\u021biei Sociale, Raluca Turcan, \u00een cadrul Topului Na\u0163ional al Firmelor Private, organizat<\/p>\n","protected":false},"author":1,"featured_media":5584,"comment_status":"open","ping_status":"open","sticky":false,"template":"","format":"standard","meta":{"colormag_page_container_layout":"default_layout","colormag_page_sidebar_layout":"default_layout","footnotes":""},"categories":[8],"tags":[],"class_list":["post-5583","post","type-post","status-publish","format-standard","has-post-thumbnail","hentry","category-div"],"yoast_head":"<!-- This site is optimized with the Yoast SEO plugin v27.0 - https:\/\/yoast.com\/product\/yoast-seo-wordpress\/ -->\n<title>Ajutor de la stat pentru firmele care nu au f\u0103cut concedieri - MHF Photography<\/title>\n<meta name=\"robots\" content=\"index, follow, max-snippet:-1, max-image-preview:large, max-video-preview:-1\" \/>\n<link rel=\"canonical\" href=\"https:\/\/mhf.ro\/mm\/ajutor-de-la-stat-pentru-firmele-care-nu-au-facut-concedieri\/\" \/>\n<meta property=\"og:locale\" content=\"ro_RO\" \/>\n<meta property=\"og:type\" content=\"article\" \/>\n<meta property=\"og:title\" content=\"Ajutor de la stat pentru firmele care nu au f\u0103cut concedieri - MHF Photography\" \/>\n<meta property=\"og:description\" content=\"Declara\u021bia \u00eei apar\u021bine ministrului interimar al Muncii \u0219i Protec\u021biei Sociale, Raluca Turcan, \u00een cadrul Topului Na\u0163ional al Firmelor Private, organizat\" \/>\n<meta property=\"og:url\" content=\"https:\/\/mhf.ro\/mm\/ajutor-de-la-stat-pentru-firmele-care-nu-au-facut-concedieri\/\" \/>\n<meta property=\"og:site_name\" content=\"MHF Photography\" \/>\n<meta property=\"article:published_time\" content=\"2021-11-07T06:27:50+00:00\" \/>\n<meta property=\"og:image\" content=\"https:\/\/mhf.ro\/mm\/wp-content\/uploads\/2021\/11\/raluca-turcan.jpg\" \/>\n\t<meta property=\"og:image:width\" content=\"1000\" \/>\n\t<meta property=\"og:image:height\" content=\"577\" \/>\n\t<meta property=\"og:image:type\" content=\"image\/jpeg\" \/>\n<meta name=\"author\" content=\"Marius Marcu\" \/>\n<meta name=\"twitter:card\" content=\"summary_large_image\" \/>\n<meta name=\"twitter:label1\" content=\"Scris de\" \/>\n\t<meta name=\"twitter:data1\" content=\"Marius Marcu\" \/>\n\t<meta name=\"twitter:label2\" content=\"Timp estimat pentru citire\" \/>\n\t<meta name=\"twitter:data2\" content=\"2 minute\" \/>\n<script type=\"application\/ld+json\" class=\"yoast-schema-graph\">{\"@context\":\"https:\/\/schema.org\",\"@graph\":[{\"@type\":\"Article\",\"@id\":\"https:\/\/mhf.ro\/mm\/ajutor-de-la-stat-pentru-firmele-care-nu-au-facut-concedieri\/#article\",\"isPartOf\":{\"@id\":\"https:\/\/mhf.ro\/mm\/ajutor-de-la-stat-pentru-firmele-care-nu-au-facut-concedieri\/\"},\"author\":{\"name\":\"Marius Marcu\",\"@id\":\"https:\/\/mhf.ro\/mm\/#\/schema\/person\/a3bebf7bdb4bf12f698aff73c7e46c21\"},\"headline\":\"Ajutor de la stat pentru firmele care nu au f\u0103cut concedieri\",\"datePublished\":\"2021-11-07T06:27:50+00:00\",\"mainEntityOfPage\":{\"@id\":\"https:\/\/mhf.ro\/mm\/ajutor-de-la-stat-pentru-firmele-care-nu-au-facut-concedieri\/\"},\"wordCount\":413,\"commentCount\":0,\"publisher\":{\"@id\":\"https:\/\/mhf.ro\/mm\/#\/schema\/person\/a3bebf7bdb4bf12f698aff73c7e46c21\"},\"image\":{\"@id\":\"https:\/\/mhf.ro\/mm\/ajutor-de-la-stat-pentru-firmele-care-nu-au-facut-concedieri\/#primaryimage\"},\"thumbnailUrl\":\"https:\/\/mhf.ro\/mm\/wp-content\/uploads\/2021\/11\/raluca-turcan.jpg\",\"articleSection\":[\"Diverse\"],\"inLanguage\":\"ro-RO\",\"potentialAction\":[{\"@type\":\"CommentAction\",\"name\":\"Comment\",\"target\":[\"https:\/\/mhf.ro\/mm\/ajutor-de-la-stat-pentru-firmele-care-nu-au-facut-concedieri\/#respond\"]}]},{\"@type\":\"WebPage\",\"@id\":\"https:\/\/mhf.ro\/mm\/ajutor-de-la-stat-pentru-firmele-care-nu-au-facut-concedieri\/\",\"url\":\"https:\/\/mhf.ro\/mm\/ajutor-de-la-stat-pentru-firmele-care-nu-au-facut-concedieri\/\",\"name\":\"Ajutor de la stat pentru firmele care nu au f\u0103cut concedieri - MHF Photography\",\"isPartOf\":{\"@id\":\"https:\/\/mhf.ro\/mm\/#website\"},\"primaryImageOfPage\":{\"@id\":\"https:\/\/mhf.ro\/mm\/ajutor-de-la-stat-pentru-firmele-care-nu-au-facut-concedieri\/#primaryimage\"},\"image\":{\"@id\":\"https:\/\/mhf.ro\/mm\/ajutor-de-la-stat-pentru-firmele-care-nu-au-facut-concedieri\/#primaryimage\"},\"thumbnailUrl\":\"https:\/\/mhf.ro\/mm\/wp-content\/uploads\/2021\/11\/raluca-turcan.jpg\",\"datePublished\":\"2021-11-07T06:27:50+00:00\",\"breadcrumb\":{\"@id\":\"https:\/\/mhf.ro\/mm\/ajutor-de-la-stat-pentru-firmele-care-nu-au-facut-concedieri\/#breadcrumb\"},\"inLanguage\":\"ro-RO\",\"potentialAction\":[{\"@type\":\"ReadAction\",\"target\":[\"https:\/\/mhf.ro\/mm\/ajutor-de-la-stat-pentru-firmele-care-nu-au-facut-concedieri\/\"]}]},{\"@type\":\"ImageObject\",\"inLanguage\":\"ro-RO\",\"@id\":\"https:\/\/mhf.ro\/mm\/ajutor-de-la-stat-pentru-firmele-care-nu-au-facut-concedieri\/#primaryimage\",\"url\":\"https:\/\/mhf.ro\/mm\/wp-content\/uploads\/2021\/11\/raluca-turcan.jpg\",\"contentUrl\":\"https:\/\/mhf.ro\/mm\/wp-content\/uploads\/2021\/11\/raluca-turcan.jpg\",\"width\":1000,\"height\":577},{\"@type\":\"BreadcrumbList\",\"@id\":\"https:\/\/mhf.ro\/mm\/ajutor-de-la-stat-pentru-firmele-care-nu-au-facut-concedieri\/#breadcrumb\",\"itemListElement\":[{\"@type\":\"ListItem\",\"position\":1,\"name\":\"Prima pagin\u0103\",\"item\":\"https:\/\/mhf.ro\/mm\/\"},{\"@type\":\"ListItem\",\"position\":2,\"name\":\"Ajutor de la stat pentru firmele care nu au f\u0103cut concedieri\"}]},{\"@type\":\"WebSite\",\"@id\":\"https:\/\/mhf.ro\/mm\/#website\",\"url\":\"https:\/\/mhf.ro\/mm\/\",\"name\":\"MHF Photography \u2013 Blog de fotografie, natur\u0103 \u0219i tehnic\u0103 divers\u0103\",\"description\":\"Aventur\u0103 \u00een fiecare cadru.\",\"publisher\":{\"@id\":\"https:\/\/mhf.ro\/mm\/#\/schema\/person\/a3bebf7bdb4bf12f698aff73c7e46c21\"},\"potentialAction\":[{\"@type\":\"SearchAction\",\"target\":{\"@type\":\"EntryPoint\",\"urlTemplate\":\"https:\/\/mhf.ro\/mm\/?s={search_term_string}\"},\"query-input\":{\"@type\":\"PropertyValueSpecification\",\"valueRequired\":true,\"valueName\":\"search_term_string\"}}],\"inLanguage\":\"ro-RO\"},{\"@type\":[\"Person\",\"Organization\"],\"@id\":\"https:\/\/mhf.ro\/mm\/#\/schema\/person\/a3bebf7bdb4bf12f698aff73c7e46c21\",\"name\":\"Marius Marcu\",\"image\":{\"@type\":\"ImageObject\",\"inLanguage\":\"ro-RO\",\"@id\":\"https:\/\/mhf.ro\/mm\/#\/schema\/person\/image\/\",\"url\":\"https:\/\/mhf.ro\/mm\/wp-content\/uploads\/2025\/12\/cropped-logo_mhf_2.png\",\"contentUrl\":\"https:\/\/mhf.ro\/mm\/wp-content\/uploads\/2025\/12\/cropped-logo_mhf_2.png\",\"width\":1096,\"height\":457,\"caption\":\"Marius Marcu\"},\"logo\":{\"@id\":\"https:\/\/mhf.ro\/mm\/#\/schema\/person\/image\/\"},\"sameAs\":[\"https:\/\/mhf.ro\/mm\"],\"url\":\"https:\/\/mhf.ro\/mm\/author\/mihai\/\"}]}<\/script>\n<!-- \/ Yoast SEO plugin. -->","yoast_head_json":{"title":"Ajutor de la stat pentru firmele care nu au f\u0103cut concedieri - MHF Photography","robots":{"index":"index","follow":"follow","max-snippet":"max-snippet:-1","max-image-preview":"max-image-preview:large","max-video-preview":"max-video-preview:-1"},"canonical":"https:\/\/mhf.ro\/mm\/ajutor-de-la-stat-pentru-firmele-care-nu-au-facut-concedieri\/","og_locale":"ro_RO","og_type":"article","og_title":"Ajutor de la stat pentru firmele care nu au f\u0103cut concedieri - MHF Photography","og_description":"Declara\u021bia \u00eei apar\u021bine ministrului interimar al Muncii \u0219i Protec\u021biei Sociale, Raluca Turcan, \u00een cadrul Topului Na\u0163ional al Firmelor Private, organizat","og_url":"https:\/\/mhf.ro\/mm\/ajutor-de-la-stat-pentru-firmele-care-nu-au-facut-concedieri\/","og_site_name":"MHF Photography","article_published_time":"2021-11-07T06:27:50+00:00","og_image":[{"width":1000,"height":577,"url":"https:\/\/mhf.ro\/mm\/wp-content\/uploads\/2021\/11\/raluca-turcan.jpg","type":"image\/jpeg"}],"author":"Marius Marcu","twitter_card":"summary_large_image","twitter_misc":{"Scris de":"Marius Marcu","Timp estimat pentru citire":"2 minute"},"schema":{"@context":"https:\/\/schema.org","@graph":[{"@type":"Article","@id":"https:\/\/mhf.ro\/mm\/ajutor-de-la-stat-pentru-firmele-care-nu-au-facut-concedieri\/#article","isPartOf":{"@id":"https:\/\/mhf.ro\/mm\/ajutor-de-la-stat-pentru-firmele-care-nu-au-facut-concedieri\/"},"author":{"name":"Marius Marcu","@id":"https:\/\/mhf.ro\/mm\/#\/schema\/person\/a3bebf7bdb4bf12f698aff73c7e46c21"},"headline":"Ajutor de la stat pentru firmele care nu au f\u0103cut concedieri","datePublished":"2021-11-07T06:27:50+00:00","mainEntityOfPage":{"@id":"https:\/\/mhf.ro\/mm\/ajutor-de-la-stat-pentru-firmele-care-nu-au-facut-concedieri\/"},"wordCount":413,"commentCount":0,"publisher":{"@id":"https:\/\/mhf.ro\/mm\/#\/schema\/person\/a3bebf7bdb4bf12f698aff73c7e46c21"},"image":{"@id":"https:\/\/mhf.ro\/mm\/ajutor-de-la-stat-pentru-firmele-care-nu-au-facut-concedieri\/#primaryimage"},"thumbnailUrl":"https:\/\/mhf.ro\/mm\/wp-content\/uploads\/2021\/11\/raluca-turcan.jpg","articleSection":["Diverse"],"inLanguage":"ro-RO","potentialAction":[{"@type":"CommentAction","name":"Comment","target":["https:\/\/mhf.ro\/mm\/ajutor-de-la-stat-pentru-firmele-care-nu-au-facut-concedieri\/#respond"]}]},{"@type":"WebPage","@id":"https:\/\/mhf.ro\/mm\/ajutor-de-la-stat-pentru-firmele-care-nu-au-facut-concedieri\/","url":"https:\/\/mhf.ro\/mm\/ajutor-de-la-stat-pentru-firmele-care-nu-au-facut-concedieri\/","name":"Ajutor de la stat pentru firmele care nu au f\u0103cut concedieri - MHF Photography","isPartOf":{"@id":"https:\/\/mhf.ro\/mm\/#website"},"primaryImageOfPage":{"@id":"https:\/\/mhf.ro\/mm\/ajutor-de-la-stat-pentru-firmele-care-nu-au-facut-concedieri\/#primaryimage"},"image":{"@id":"https:\/\/mhf.ro\/mm\/ajutor-de-la-stat-pentru-firmele-care-nu-au-facut-concedieri\/#primaryimage"},"thumbnailUrl":"https:\/\/mhf.ro\/mm\/wp-content\/uploads\/2021\/11\/raluca-turcan.jpg","datePublished":"2021-11-07T06:27:50+00:00","breadcrumb":{"@id":"https:\/\/mhf.ro\/mm\/ajutor-de-la-stat-pentru-firmele-care-nu-au-facut-concedieri\/#breadcrumb"},"inLanguage":"ro-RO","potentialAction":[{"@type":"ReadAction","target":["https:\/\/mhf.ro\/mm\/ajutor-de-la-stat-pentru-firmele-care-nu-au-facut-concedieri\/"]}]},{"@type":"ImageObject","inLanguage":"ro-RO","@id":"https:\/\/mhf.ro\/mm\/ajutor-de-la-stat-pentru-firmele-care-nu-au-facut-concedieri\/#primaryimage","url":"https:\/\/mhf.ro\/mm\/wp-content\/uploads\/2021\/11\/raluca-turcan.jpg","contentUrl":"https:\/\/mhf.ro\/mm\/wp-content\/uploads\/2021\/11\/raluca-turcan.jpg","width":1000,"height":577},{"@type":"BreadcrumbList","@id":"https:\/\/mhf.ro\/mm\/ajutor-de-la-stat-pentru-firmele-care-nu-au-facut-concedieri\/#breadcrumb","itemListElement":[{"@type":"ListItem","position":1,"name":"Prima pagin\u0103","item":"https:\/\/mhf.ro\/mm\/"},{"@type":"ListItem","position":2,"name":"Ajutor de la stat pentru firmele care nu au f\u0103cut concedieri"}]},{"@type":"WebSite","@id":"https:\/\/mhf.ro\/mm\/#website","url":"https:\/\/mhf.ro\/mm\/","name":"MHF Photography \u2013 Blog de fotografie, natur\u0103 \u0219i tehnic\u0103 divers\u0103","description":"Aventur\u0103 \u00een fiecare cadru.","publisher":{"@id":"https:\/\/mhf.ro\/mm\/#\/schema\/person\/a3bebf7bdb4bf12f698aff73c7e46c21"},"potentialAction":[{"@type":"SearchAction","target":{"@type":"EntryPoint","urlTemplate":"https:\/\/mhf.ro\/mm\/?s={search_term_string}"},"query-input":{"@type":"PropertyValueSpecification","valueRequired":true,"valueName":"search_term_string"}}],"inLanguage":"ro-RO"},{"@type":["Person","Organization"],"@id":"https:\/\/mhf.ro\/mm\/#\/schema\/person\/a3bebf7bdb4bf12f698aff73c7e46c21","name":"Marius Marcu","image":{"@type":"ImageObject","inLanguage":"ro-RO","@id":"https:\/\/mhf.ro\/mm\/#\/schema\/person\/image\/","url":"https:\/\/mhf.ro\/mm\/wp-content\/uploads\/2025\/12\/cropped-logo_mhf_2.png","contentUrl":"https:\/\/mhf.ro\/mm\/wp-content\/uploads\/2025\/12\/cropped-logo_mhf_2.png","width":1096,"height":457,"caption":"Marius Marcu"},"logo":{"@id":"https:\/\/mhf.ro\/mm\/#\/schema\/person\/image\/"},"sameAs":["https:\/\/mhf.ro\/mm"],"url":"https:\/\/mhf.ro\/mm\/author\/mihai\/"}]}},"_links":{"self":[{"href":"https:\/\/mhf.ro\/mm\/wp-json\/wp\/v2\/posts\/5583","targetHints":{"allow":["GET"]}}],"collection":[{"href":"https:\/\/mhf.ro\/mm\/wp-json\/wp\/v2\/posts"}],"about":[{"href":"https:\/\/mhf.ro\/mm\/wp-json\/wp\/v2\/types\/post"}],"author":[{"embeddable":true,"href":"https:\/\/mhf.ro\/mm\/wp-json\/wp\/v2\/users\/1"}],"replies":[{"embeddable":true,"href":"https:\/\/mhf.ro\/mm\/wp-json\/wp\/v2\/comments?post=5583"}],"version-history":[{"count":1,"href":"https:\/\/mhf.ro\/mm\/wp-json\/wp\/v2\/posts\/5583\/revisions"}],"predecessor-version":[{"id":5585,"href":"https:\/\/mhf.ro\/mm\/wp-json\/wp\/v2\/posts\/5583\/revisions\/5585"}],"wp:featuredmedia":[{"embeddable":true,"href":"https:\/\/mhf.ro\/mm\/wp-json\/wp\/v2\/media\/5584"}],"wp:attachment":[{"href":"https:\/\/mhf.ro\/mm\/wp-json\/wp\/v2\/media?parent=5583"}],"wp:term":[{"taxonomy":"category","embeddable":true,"href":"https:\/\/mhf.ro\/mm\/wp-json\/wp\/v2\/categories?post=5583"},{"taxonomy":"post_tag","embeddable":true,"href":"https:\/\/mhf.ro\/mm\/wp-json\/wp\/v2\/tags?post=5583"}],"curies":[{"name":"wp","href":"https:\/\/api.w.org\/{rel}","templated":true}]}}