{"id":5588,"date":"2021-11-11T09:22:18","date_gmt":"2021-11-11T07:22:18","guid":{"rendered":"https:\/\/mhf.ro\/mm\/?p=5588"},"modified":"2021-11-11T09:22:18","modified_gmt":"2021-11-11T07:22:18","slug":"citu-usr-e-de-vina-ca-am-batut-palma-cu-psd","status":"publish","type":"post","link":"https:\/\/mhf.ro\/mm\/citu-usr-e-de-vina-ca-am-batut-palma-cu-psd\/","title":{"rendered":"C\u00ee\u021bu: USR e de vin\u0103 c\u0103 am b\u0103tut palma cu PSD"},"content":{"rendered":"<p>Liderul PNL, Florin C\u00ee\u021bu, sus\u021bine c\u0103 USR este de vin\u0103 pentru c\u0103 liberalii au dat m\u00e2na cu PSD.<\/p>\n<p>\u201eAsta este \u00een acest moment solu\u021bia pentru Rom\u00e2nia\u201d, sus\u021bine pre\u0219edintele PNL, uit\u00e2nd promisiunile din campanie.<\/p>\n<p>Florin C\u00ee\u021bu a fost \u00eentrebat miercuri sear\u0103 de un jurnalist ce le transmite rom\u00e2nilor care au votat cu PNL \u0219i c\u0103rora liberalii le promiteau c\u0103 nu vor bate niciodat\u0103 palma cu PSD.<\/p>\n<p>\u201eTrebuie s\u0103 ne uit\u0103m cum am ajuns ast\u0103zi aici. Din p\u0103cate, fo\u0219tii parteneri, USR, au dat m\u00e2na cu PSD, n-au mai vrut s\u0103 dea m\u00e2na cu noi.<\/p>\n<p>Suntem ast\u0103zi aici \u0219i trebuie s\u0103 facem o guvernare pentru rom\u00e2ni. Iar ce le spunem celor care ne-au votat este c\u0103 niciunul dintre principiile pentru care ne-au votat \u0219i niciuna dintre m\u0103surile pentru care ne-au votat nu va fi diluat\u0103 sau va disp\u0103rea \u00een aceast\u0103 guvernare. Vom merge \u00een aceast\u0103 guvernare pentru a ap\u0103ra \u00een continuare proprietatea privat\u0103, antreprenorii, rom\u00e2nii care \u00ee\u0219i asum\u0103 riscuri \u0219i muncesc \u00een Rom\u00e2nia, cei care pl\u0103tesc taxe, \u0219i \u00eei vom asigura din nou c\u0103 nu le vom cre\u0219te taxele. Pentru asta suntem acolo.<\/p>\n<p>Dac\u0103 aceast\u0103 guvernare \u00eenseamn\u0103 s\u0103 fim al\u0103turi de social-democra\u021bi, asta este, asta este \u00een acest moment solu\u021bia pentru Rom\u00e2nia. Dar, repet, \u00eei asigur c\u0103 nu vom abdica de la acele principii \u0219i m\u0103suri pentru care am fost vota\u021bi\u201d, spune C\u00ee\u021bu. (conf. Jurnalist.ro)<\/p>\n","protected":false},"excerpt":{"rendered":"<p>Liderul PNL, Florin C\u00ee\u021bu, sus\u021bine c\u0103 USR este de vin\u0103 pentru c\u0103 liberalii au dat m\u00e2na cu PSD. \u201eAsta este<\/p>\n","protected":false},"author":1,"featured_media":5589,"comment_status":"open","ping_status":"open","sticky":false,"template":"","format":"standard","meta":{"colormag_page_container_layout":"default_layout","colormag_page_sidebar_layout":"default_layout","footnotes":""},"categories":[8],"tags":[],"class_list":["post-5588","post","type-post","status-publish","format-standard","has-post-thumbnail","hentry","category-div"],"yoast_head":"<!-- This site is optimized with the Yoast SEO plugin v27.0 - https:\/\/yoast.com\/product\/yoast-seo-wordpress\/ -->\n<title>C\u00ee\u021bu: USR e de vin\u0103 c\u0103 am b\u0103tut palma cu PSD - MHF Photography<\/title>\n<meta name=\"robots\" content=\"index, follow, max-snippet:-1, max-image-preview:large, max-video-preview:-1\" \/>\n<link rel=\"canonical\" href=\"https:\/\/mhf.ro\/mm\/citu-usr-e-de-vina-ca-am-batut-palma-cu-psd\/\" \/>\n<meta property=\"og:locale\" content=\"ro_RO\" \/>\n<meta property=\"og:type\" content=\"article\" \/>\n<meta property=\"og:title\" content=\"C\u00ee\u021bu: USR e de vin\u0103 c\u0103 am b\u0103tut palma cu PSD - MHF Photography\" \/>\n<meta property=\"og:description\" content=\"Liderul PNL, Florin C\u00ee\u021bu, sus\u021bine c\u0103 USR este de vin\u0103 pentru c\u0103 liberalii au dat m\u00e2na cu PSD. \u201eAsta este\" \/>\n<meta property=\"og:url\" content=\"https:\/\/mhf.ro\/mm\/citu-usr-e-de-vina-ca-am-batut-palma-cu-psd\/\" \/>\n<meta property=\"og:site_name\" content=\"MHF Photography\" \/>\n<meta property=\"article:published_time\" content=\"2021-11-11T07:22:18+00:00\" \/>\n<meta property=\"og:image\" content=\"https:\/\/mhf.ro\/mm\/wp-content\/uploads\/2021\/11\/citu-1.png\" \/>\n\t<meta property=\"og:image:width\" content=\"1200\" \/>\n\t<meta property=\"og:image:height\" content=\"633\" \/>\n\t<meta property=\"og:image:type\" content=\"image\/png\" \/>\n<meta name=\"author\" content=\"Marius Marcu\" \/>\n<meta name=\"twitter:card\" content=\"summary_large_image\" \/>\n<meta name=\"twitter:label1\" content=\"Scris de\" \/>\n\t<meta name=\"twitter:data1\" content=\"Marius Marcu\" \/>\n\t<meta name=\"twitter:label2\" content=\"Timp estimat pentru citire\" \/>\n\t<meta name=\"twitter:data2\" content=\"1 minut\" \/>\n<script type=\"application\/ld+json\" class=\"yoast-schema-graph\">{\"@context\":\"https:\/\/schema.org\",\"@graph\":[{\"@type\":\"Article\",\"@id\":\"https:\/\/mhf.ro\/mm\/citu-usr-e-de-vina-ca-am-batut-palma-cu-psd\/#article\",\"isPartOf\":{\"@id\":\"https:\/\/mhf.ro\/mm\/citu-usr-e-de-vina-ca-am-batut-palma-cu-psd\/\"},\"author\":{\"name\":\"Marius Marcu\",\"@id\":\"https:\/\/mhf.ro\/mm\/#\/schema\/person\/a3bebf7bdb4bf12f698aff73c7e46c21\"},\"headline\":\"C\u00ee\u021bu: USR e de vin\u0103 c\u0103 am b\u0103tut palma cu PSD\",\"datePublished\":\"2021-11-11T07:22:18+00:00\",\"mainEntityOfPage\":{\"@id\":\"https:\/\/mhf.ro\/mm\/citu-usr-e-de-vina-ca-am-batut-palma-cu-psd\/\"},\"wordCount\":269,\"commentCount\":0,\"publisher\":{\"@id\":\"https:\/\/mhf.ro\/mm\/#\/schema\/person\/a3bebf7bdb4bf12f698aff73c7e46c21\"},\"image\":{\"@id\":\"https:\/\/mhf.ro\/mm\/citu-usr-e-de-vina-ca-am-batut-palma-cu-psd\/#primaryimage\"},\"thumbnailUrl\":\"https:\/\/mhf.ro\/mm\/wp-content\/uploads\/2021\/11\/citu-1.png\",\"articleSection\":[\"Diverse\"],\"inLanguage\":\"ro-RO\",\"potentialAction\":[{\"@type\":\"CommentAction\",\"name\":\"Comment\",\"target\":[\"https:\/\/mhf.ro\/mm\/citu-usr-e-de-vina-ca-am-batut-palma-cu-psd\/#respond\"]}]},{\"@type\":\"WebPage\",\"@id\":\"https:\/\/mhf.ro\/mm\/citu-usr-e-de-vina-ca-am-batut-palma-cu-psd\/\",\"url\":\"https:\/\/mhf.ro\/mm\/citu-usr-e-de-vina-ca-am-batut-palma-cu-psd\/\",\"name\":\"C\u00ee\u021bu: USR e de vin\u0103 c\u0103 am b\u0103tut palma cu PSD - MHF Photography\",\"isPartOf\":{\"@id\":\"https:\/\/mhf.ro\/mm\/#website\"},\"primaryImageOfPage\":{\"@id\":\"https:\/\/mhf.ro\/mm\/citu-usr-e-de-vina-ca-am-batut-palma-cu-psd\/#primaryimage\"},\"image\":{\"@id\":\"https:\/\/mhf.ro\/mm\/citu-usr-e-de-vina-ca-am-batut-palma-cu-psd\/#primaryimage\"},\"thumbnailUrl\":\"https:\/\/mhf.ro\/mm\/wp-content\/uploads\/2021\/11\/citu-1.png\",\"datePublished\":\"2021-11-11T07:22:18+00:00\",\"breadcrumb\":{\"@id\":\"https:\/\/mhf.ro\/mm\/citu-usr-e-de-vina-ca-am-batut-palma-cu-psd\/#breadcrumb\"},\"inLanguage\":\"ro-RO\",\"potentialAction\":[{\"@type\":\"ReadAction\",\"target\":[\"https:\/\/mhf.ro\/mm\/citu-usr-e-de-vina-ca-am-batut-palma-cu-psd\/\"]}]},{\"@type\":\"ImageObject\",\"inLanguage\":\"ro-RO\",\"@id\":\"https:\/\/mhf.ro\/mm\/citu-usr-e-de-vina-ca-am-batut-palma-cu-psd\/#primaryimage\",\"url\":\"https:\/\/mhf.ro\/mm\/wp-content\/uploads\/2021\/11\/citu-1.png\",\"contentUrl\":\"https:\/\/mhf.ro\/mm\/wp-content\/uploads\/2021\/11\/citu-1.png\",\"width\":1200,\"height\":633},{\"@type\":\"BreadcrumbList\",\"@id\":\"https:\/\/mhf.ro\/mm\/citu-usr-e-de-vina-ca-am-batut-palma-cu-psd\/#breadcrumb\",\"itemListElement\":[{\"@type\":\"ListItem\",\"position\":1,\"name\":\"Prima pagin\u0103\",\"item\":\"https:\/\/mhf.ro\/mm\/\"},{\"@type\":\"ListItem\",\"position\":2,\"name\":\"C\u00ee\u021bu: USR e de vin\u0103 c\u0103 am b\u0103tut palma cu PSD\"}]},{\"@type\":\"WebSite\",\"@id\":\"https:\/\/mhf.ro\/mm\/#website\",\"url\":\"https:\/\/mhf.ro\/mm\/\",\"name\":\"MHF Photography \u2013 Blog de fotografie, natur\u0103 \u0219i tehnic\u0103 divers\u0103\",\"description\":\"Aventur\u0103 \u00een fiecare cadru.\",\"publisher\":{\"@id\":\"https:\/\/mhf.ro\/mm\/#\/schema\/person\/a3bebf7bdb4bf12f698aff73c7e46c21\"},\"potentialAction\":[{\"@type\":\"SearchAction\",\"target\":{\"@type\":\"EntryPoint\",\"urlTemplate\":\"https:\/\/mhf.ro\/mm\/?s={search_term_string}\"},\"query-input\":{\"@type\":\"PropertyValueSpecification\",\"valueRequired\":true,\"valueName\":\"search_term_string\"}}],\"inLanguage\":\"ro-RO\"},{\"@type\":[\"Person\",\"Organization\"],\"@id\":\"https:\/\/mhf.ro\/mm\/#\/schema\/person\/a3bebf7bdb4bf12f698aff73c7e46c21\",\"name\":\"Marius Marcu\",\"image\":{\"@type\":\"ImageObject\",\"inLanguage\":\"ro-RO\",\"@id\":\"https:\/\/mhf.ro\/mm\/#\/schema\/person\/image\/\",\"url\":\"https:\/\/mhf.ro\/mm\/wp-content\/uploads\/2025\/12\/cropped-logo_mhf_2.png\",\"contentUrl\":\"https:\/\/mhf.ro\/mm\/wp-content\/uploads\/2025\/12\/cropped-logo_mhf_2.png\",\"width\":1096,\"height\":457,\"caption\":\"Marius Marcu\"},\"logo\":{\"@id\":\"https:\/\/mhf.ro\/mm\/#\/schema\/person\/image\/\"},\"sameAs\":[\"https:\/\/mhf.ro\/mm\"],\"url\":\"https:\/\/mhf.ro\/mm\/author\/mihai\/\"}]}<\/script>\n<!-- \/ Yoast SEO plugin. -->","yoast_head_json":{"title":"C\u00ee\u021bu: USR e de vin\u0103 c\u0103 am b\u0103tut palma cu PSD - MHF Photography","robots":{"index":"index","follow":"follow","max-snippet":"max-snippet:-1","max-image-preview":"max-image-preview:large","max-video-preview":"max-video-preview:-1"},"canonical":"https:\/\/mhf.ro\/mm\/citu-usr-e-de-vina-ca-am-batut-palma-cu-psd\/","og_locale":"ro_RO","og_type":"article","og_title":"C\u00ee\u021bu: USR e de vin\u0103 c\u0103 am b\u0103tut palma cu PSD - MHF Photography","og_description":"Liderul PNL, Florin C\u00ee\u021bu, sus\u021bine c\u0103 USR este de vin\u0103 pentru c\u0103 liberalii au dat m\u00e2na cu PSD. \u201eAsta este","og_url":"https:\/\/mhf.ro\/mm\/citu-usr-e-de-vina-ca-am-batut-palma-cu-psd\/","og_site_name":"MHF Photography","article_published_time":"2021-11-11T07:22:18+00:00","og_image":[{"width":1200,"height":633,"url":"https:\/\/mhf.ro\/mm\/wp-content\/uploads\/2021\/11\/citu-1.png","type":"image\/png"}],"author":"Marius Marcu","twitter_card":"summary_large_image","twitter_misc":{"Scris de":"Marius Marcu","Timp estimat pentru citire":"1 minut"},"schema":{"@context":"https:\/\/schema.org","@graph":[{"@type":"Article","@id":"https:\/\/mhf.ro\/mm\/citu-usr-e-de-vina-ca-am-batut-palma-cu-psd\/#article","isPartOf":{"@id":"https:\/\/mhf.ro\/mm\/citu-usr-e-de-vina-ca-am-batut-palma-cu-psd\/"},"author":{"name":"Marius Marcu","@id":"https:\/\/mhf.ro\/mm\/#\/schema\/person\/a3bebf7bdb4bf12f698aff73c7e46c21"},"headline":"C\u00ee\u021bu: USR e de vin\u0103 c\u0103 am b\u0103tut palma cu PSD","datePublished":"2021-11-11T07:22:18+00:00","mainEntityOfPage":{"@id":"https:\/\/mhf.ro\/mm\/citu-usr-e-de-vina-ca-am-batut-palma-cu-psd\/"},"wordCount":269,"commentCount":0,"publisher":{"@id":"https:\/\/mhf.ro\/mm\/#\/schema\/person\/a3bebf7bdb4bf12f698aff73c7e46c21"},"image":{"@id":"https:\/\/mhf.ro\/mm\/citu-usr-e-de-vina-ca-am-batut-palma-cu-psd\/#primaryimage"},"thumbnailUrl":"https:\/\/mhf.ro\/mm\/wp-content\/uploads\/2021\/11\/citu-1.png","articleSection":["Diverse"],"inLanguage":"ro-RO","potentialAction":[{"@type":"CommentAction","name":"Comment","target":["https:\/\/mhf.ro\/mm\/citu-usr-e-de-vina-ca-am-batut-palma-cu-psd\/#respond"]}]},{"@type":"WebPage","@id":"https:\/\/mhf.ro\/mm\/citu-usr-e-de-vina-ca-am-batut-palma-cu-psd\/","url":"https:\/\/mhf.ro\/mm\/citu-usr-e-de-vina-ca-am-batut-palma-cu-psd\/","name":"C\u00ee\u021bu: USR e de vin\u0103 c\u0103 am b\u0103tut palma cu PSD - MHF Photography","isPartOf":{"@id":"https:\/\/mhf.ro\/mm\/#website"},"primaryImageOfPage":{"@id":"https:\/\/mhf.ro\/mm\/citu-usr-e-de-vina-ca-am-batut-palma-cu-psd\/#primaryimage"},"image":{"@id":"https:\/\/mhf.ro\/mm\/citu-usr-e-de-vina-ca-am-batut-palma-cu-psd\/#primaryimage"},"thumbnailUrl":"https:\/\/mhf.ro\/mm\/wp-content\/uploads\/2021\/11\/citu-1.png","datePublished":"2021-11-11T07:22:18+00:00","breadcrumb":{"@id":"https:\/\/mhf.ro\/mm\/citu-usr-e-de-vina-ca-am-batut-palma-cu-psd\/#breadcrumb"},"inLanguage":"ro-RO","potentialAction":[{"@type":"ReadAction","target":["https:\/\/mhf.ro\/mm\/citu-usr-e-de-vina-ca-am-batut-palma-cu-psd\/"]}]},{"@type":"ImageObject","inLanguage":"ro-RO","@id":"https:\/\/mhf.ro\/mm\/citu-usr-e-de-vina-ca-am-batut-palma-cu-psd\/#primaryimage","url":"https:\/\/mhf.ro\/mm\/wp-content\/uploads\/2021\/11\/citu-1.png","contentUrl":"https:\/\/mhf.ro\/mm\/wp-content\/uploads\/2021\/11\/citu-1.png","width":1200,"height":633},{"@type":"BreadcrumbList","@id":"https:\/\/mhf.ro\/mm\/citu-usr-e-de-vina-ca-am-batut-palma-cu-psd\/#breadcrumb","itemListElement":[{"@type":"ListItem","position":1,"name":"Prima pagin\u0103","item":"https:\/\/mhf.ro\/mm\/"},{"@type":"ListItem","position":2,"name":"C\u00ee\u021bu: USR e de vin\u0103 c\u0103 am b\u0103tut palma cu PSD"}]},{"@type":"WebSite","@id":"https:\/\/mhf.ro\/mm\/#website","url":"https:\/\/mhf.ro\/mm\/","name":"MHF Photography \u2013 Blog de fotografie, natur\u0103 \u0219i tehnic\u0103 divers\u0103","description":"Aventur\u0103 \u00een fiecare cadru.","publisher":{"@id":"https:\/\/mhf.ro\/mm\/#\/schema\/person\/a3bebf7bdb4bf12f698aff73c7e46c21"},"potentialAction":[{"@type":"SearchAction","target":{"@type":"EntryPoint","urlTemplate":"https:\/\/mhf.ro\/mm\/?s={search_term_string}"},"query-input":{"@type":"PropertyValueSpecification","valueRequired":true,"valueName":"search_term_string"}}],"inLanguage":"ro-RO"},{"@type":["Person","Organization"],"@id":"https:\/\/mhf.ro\/mm\/#\/schema\/person\/a3bebf7bdb4bf12f698aff73c7e46c21","name":"Marius Marcu","image":{"@type":"ImageObject","inLanguage":"ro-RO","@id":"https:\/\/mhf.ro\/mm\/#\/schema\/person\/image\/","url":"https:\/\/mhf.ro\/mm\/wp-content\/uploads\/2025\/12\/cropped-logo_mhf_2.png","contentUrl":"https:\/\/mhf.ro\/mm\/wp-content\/uploads\/2025\/12\/cropped-logo_mhf_2.png","width":1096,"height":457,"caption":"Marius Marcu"},"logo":{"@id":"https:\/\/mhf.ro\/mm\/#\/schema\/person\/image\/"},"sameAs":["https:\/\/mhf.ro\/mm"],"url":"https:\/\/mhf.ro\/mm\/author\/mihai\/"}]}},"_links":{"self":[{"href":"https:\/\/mhf.ro\/mm\/wp-json\/wp\/v2\/posts\/5588","targetHints":{"allow":["GET"]}}],"collection":[{"href":"https:\/\/mhf.ro\/mm\/wp-json\/wp\/v2\/posts"}],"about":[{"href":"https:\/\/mhf.ro\/mm\/wp-json\/wp\/v2\/types\/post"}],"author":[{"embeddable":true,"href":"https:\/\/mhf.ro\/mm\/wp-json\/wp\/v2\/users\/1"}],"replies":[{"embeddable":true,"href":"https:\/\/mhf.ro\/mm\/wp-json\/wp\/v2\/comments?post=5588"}],"version-history":[{"count":1,"href":"https:\/\/mhf.ro\/mm\/wp-json\/wp\/v2\/posts\/5588\/revisions"}],"predecessor-version":[{"id":5590,"href":"https:\/\/mhf.ro\/mm\/wp-json\/wp\/v2\/posts\/5588\/revisions\/5590"}],"wp:featuredmedia":[{"embeddable":true,"href":"https:\/\/mhf.ro\/mm\/wp-json\/wp\/v2\/media\/5589"}],"wp:attachment":[{"href":"https:\/\/mhf.ro\/mm\/wp-json\/wp\/v2\/media?parent=5588"}],"wp:term":[{"taxonomy":"category","embeddable":true,"href":"https:\/\/mhf.ro\/mm\/wp-json\/wp\/v2\/categories?post=5588"},{"taxonomy":"post_tag","embeddable":true,"href":"https:\/\/mhf.ro\/mm\/wp-json\/wp\/v2\/tags?post=5588"}],"curies":[{"name":"wp","href":"https:\/\/api.w.org\/{rel}","templated":true}]}}