{"id":5595,"date":"2021-11-13T09:58:08","date_gmt":"2021-11-13T07:58:08","guid":{"rendered":"https:\/\/mhf.ro\/mm\/?p=5595"},"modified":"2021-11-13T09:58:08","modified_gmt":"2021-11-13T07:58:08","slug":"drula-citu-mi-a-sugerat-sa-renuntam-la-cfr-calatori","status":"publish","type":"post","link":"https:\/\/mhf.ro\/mm\/drula-citu-mi-a-sugerat-sa-renuntam-la-cfr-calatori\/","title":{"rendered":"Drul\u0103: C\u00ee\u0163u mi-a sugerat s\u0103 renun\u0163\u0103m la CFR C\u0103l\u0103tori"},"content":{"rendered":"<p align=\"left\"><span lang=\"ro-RO\">Fostul ministru USR PLUS al Transporturilor C\u0103t\u0103lin Drul\u0103\u00a0<\/span><span lang=\"ro-RO\">spune c\u0103 premierul Florin<\/span><span lang=\"ro-RO\">C\u00ee\u0163u i-a sugerat s\u0103 renun\u0163e la transportul public de c\u0103l\u0103tori pe calea ferat\u0103,\u00a0<\/span><span lang=\"ro-RO\">\u00een contextul discu\u0163iilor despre situa\u0163ia financiar\u0103 dificil\u0103 de la CFR.<\/span><\/p>\n<p align=\"left\">\u201c<span lang=\"ro-RO\">Calea ferat\u0103 e l\u0103sat\u0103 \u00een paragin\u0103 de 20 de ani cel pu\u0163in. Aceast\u0103 decapitalizare \u015fi demoralizare a domeniului se rezolv\u0103 doar capitaliz\u00e2nd, cu bani. CFR C\u0103l\u0103tori a fost preluat cu 1,3 miliarde datorii dintre care jum\u0103tate la furnizori priva\u0163i \u015fi au f\u0103cut eforturi s\u0103 pl\u0103teasc\u0103 salariul de la o lun\u0103 la alta.\u00a0 Totul este \u00eentr-un megafaliment pe calea ferat\u0103 \u015fi statul, dac\u0103 vrea s\u0103 fac\u0103 ceva, trebuie s\u0103 pun\u0103 banii, astea au fost discu\u0163iile mele repetate cu<strong>\u00a0Florin C\u00ee\u0163u, care la un moment dat mi-a \u015fi sugerat, \u201dHai s\u0103 o \u00eenchidem!\u201d<\/strong>.\u00a0<strong>Adic\u0103 s\u0103 renun\u0163\u0103m la transportul \u0103sta public de c\u0103l\u0103tori pe calea ferat\u0103.<\/strong>\u00a0Transport\u0103 50 de milioane de c\u0103l\u0103tori CFR C\u0103l\u0103tori. Ca s\u0103-l scoatem din starea \u00een care este, se poate capitaliza\u201d, a declarat Drul\u0103 la Profit News, potrivit\u00a0g4media.ro<\/span><\/p>\n<p>El a explicat \u0219i de ce nu cump\u0103r\u0103 locomotive CFR C\u0103l\u0103tori.<\/p>\n<p>\u201e E simplu, pentru c\u0103 am preluat aceast\u0103 companie cu 600 de milioane datorii la furnizori priva\u0163i \u015fi 600 de milioane la stat \u015fi \u00een propunerile mele de a aloca suficiente sume pentru compensa\u0163ie, de a depune, \u00een sf\u00e2r\u015fit am reu\u015fit cu enorme negocieri \u00een spate \u015fi presiuni s\u0103 avem acel memorandum ca s\u0103 depunem ajutorul de stat\u201d, a explicat ministrul demisionar al Transporturilor. (conf. Jurnalist.ro)<\/p>\n","protected":false},"excerpt":{"rendered":"<p>Fostul ministru USR PLUS al Transporturilor C\u0103t\u0103lin Drul\u0103\u00a0spune c\u0103 premierul FlorinC\u00ee\u0163u i-a sugerat s\u0103 renun\u0163e la transportul public de c\u0103l\u0103tori<\/p>\n","protected":false},"author":1,"featured_media":5596,"comment_status":"open","ping_status":"open","sticky":false,"template":"","format":"standard","meta":{"colormag_page_container_layout":"default_layout","colormag_page_sidebar_layout":"default_layout","footnotes":""},"categories":[8],"tags":[],"class_list":["post-5595","post","type-post","status-publish","format-standard","has-post-thumbnail","hentry","category-div"],"yoast_head":"<!-- This site is optimized with the Yoast SEO plugin v27.0 - https:\/\/yoast.com\/product\/yoast-seo-wordpress\/ -->\n<title>Drul\u0103: C\u00ee\u0163u mi-a sugerat s\u0103 renun\u0163\u0103m la CFR C\u0103l\u0103tori - MHF Photography<\/title>\n<meta name=\"robots\" content=\"index, follow, max-snippet:-1, max-image-preview:large, max-video-preview:-1\" \/>\n<link rel=\"canonical\" href=\"https:\/\/mhf.ro\/mm\/drula-citu-mi-a-sugerat-sa-renuntam-la-cfr-calatori\/\" \/>\n<meta property=\"og:locale\" content=\"ro_RO\" \/>\n<meta property=\"og:type\" content=\"article\" \/>\n<meta property=\"og:title\" content=\"Drul\u0103: C\u00ee\u0163u mi-a sugerat s\u0103 renun\u0163\u0103m la CFR C\u0103l\u0103tori - MHF Photography\" \/>\n<meta property=\"og:description\" content=\"Fostul ministru USR PLUS al Transporturilor C\u0103t\u0103lin Drul\u0103\u00a0spune c\u0103 premierul FlorinC\u00ee\u0163u i-a sugerat s\u0103 renun\u0163e la transportul public de c\u0103l\u0103tori\" \/>\n<meta property=\"og:url\" content=\"https:\/\/mhf.ro\/mm\/drula-citu-mi-a-sugerat-sa-renuntam-la-cfr-calatori\/\" \/>\n<meta property=\"og:site_name\" content=\"MHF Photography\" \/>\n<meta property=\"article:published_time\" content=\"2021-11-13T07:58:08+00:00\" \/>\n<meta property=\"og:image\" content=\"https:\/\/mhf.ro\/mm\/wp-content\/uploads\/2021\/11\/cfr.jpg\" \/>\n\t<meta property=\"og:image:width\" content=\"1920\" \/>\n\t<meta property=\"og:image:height\" content=\"1080\" \/>\n\t<meta property=\"og:image:type\" content=\"image\/jpeg\" \/>\n<meta name=\"author\" content=\"Marius Marcu\" \/>\n<meta name=\"twitter:card\" content=\"summary_large_image\" \/>\n<meta name=\"twitter:label1\" content=\"Scris de\" \/>\n\t<meta name=\"twitter:data1\" content=\"Marius Marcu\" \/>\n\t<meta name=\"twitter:label2\" content=\"Timp estimat pentru citire\" \/>\n\t<meta name=\"twitter:data2\" content=\"1 minut\" \/>\n<script type=\"application\/ld+json\" class=\"yoast-schema-graph\">{\"@context\":\"https:\/\/schema.org\",\"@graph\":[{\"@type\":\"Article\",\"@id\":\"https:\/\/mhf.ro\/mm\/drula-citu-mi-a-sugerat-sa-renuntam-la-cfr-calatori\/#article\",\"isPartOf\":{\"@id\":\"https:\/\/mhf.ro\/mm\/drula-citu-mi-a-sugerat-sa-renuntam-la-cfr-calatori\/\"},\"author\":{\"name\":\"Marius Marcu\",\"@id\":\"https:\/\/mhf.ro\/mm\/#\/schema\/person\/a3bebf7bdb4bf12f698aff73c7e46c21\"},\"headline\":\"Drul\u0103: C\u00ee\u0163u mi-a sugerat s\u0103 renun\u0163\u0103m la CFR C\u0103l\u0103tori\",\"datePublished\":\"2021-11-13T07:58:08+00:00\",\"mainEntityOfPage\":{\"@id\":\"https:\/\/mhf.ro\/mm\/drula-citu-mi-a-sugerat-sa-renuntam-la-cfr-calatori\/\"},\"wordCount\":287,\"commentCount\":0,\"publisher\":{\"@id\":\"https:\/\/mhf.ro\/mm\/#\/schema\/person\/a3bebf7bdb4bf12f698aff73c7e46c21\"},\"image\":{\"@id\":\"https:\/\/mhf.ro\/mm\/drula-citu-mi-a-sugerat-sa-renuntam-la-cfr-calatori\/#primaryimage\"},\"thumbnailUrl\":\"https:\/\/mhf.ro\/mm\/wp-content\/uploads\/2021\/11\/cfr.jpg\",\"articleSection\":[\"Diverse\"],\"inLanguage\":\"ro-RO\",\"potentialAction\":[{\"@type\":\"CommentAction\",\"name\":\"Comment\",\"target\":[\"https:\/\/mhf.ro\/mm\/drula-citu-mi-a-sugerat-sa-renuntam-la-cfr-calatori\/#respond\"]}]},{\"@type\":\"WebPage\",\"@id\":\"https:\/\/mhf.ro\/mm\/drula-citu-mi-a-sugerat-sa-renuntam-la-cfr-calatori\/\",\"url\":\"https:\/\/mhf.ro\/mm\/drula-citu-mi-a-sugerat-sa-renuntam-la-cfr-calatori\/\",\"name\":\"Drul\u0103: C\u00ee\u0163u mi-a sugerat s\u0103 renun\u0163\u0103m la CFR C\u0103l\u0103tori - MHF Photography\",\"isPartOf\":{\"@id\":\"https:\/\/mhf.ro\/mm\/#website\"},\"primaryImageOfPage\":{\"@id\":\"https:\/\/mhf.ro\/mm\/drula-citu-mi-a-sugerat-sa-renuntam-la-cfr-calatori\/#primaryimage\"},\"image\":{\"@id\":\"https:\/\/mhf.ro\/mm\/drula-citu-mi-a-sugerat-sa-renuntam-la-cfr-calatori\/#primaryimage\"},\"thumbnailUrl\":\"https:\/\/mhf.ro\/mm\/wp-content\/uploads\/2021\/11\/cfr.jpg\",\"datePublished\":\"2021-11-13T07:58:08+00:00\",\"breadcrumb\":{\"@id\":\"https:\/\/mhf.ro\/mm\/drula-citu-mi-a-sugerat-sa-renuntam-la-cfr-calatori\/#breadcrumb\"},\"inLanguage\":\"ro-RO\",\"potentialAction\":[{\"@type\":\"ReadAction\",\"target\":[\"https:\/\/mhf.ro\/mm\/drula-citu-mi-a-sugerat-sa-renuntam-la-cfr-calatori\/\"]}]},{\"@type\":\"ImageObject\",\"inLanguage\":\"ro-RO\",\"@id\":\"https:\/\/mhf.ro\/mm\/drula-citu-mi-a-sugerat-sa-renuntam-la-cfr-calatori\/#primaryimage\",\"url\":\"https:\/\/mhf.ro\/mm\/wp-content\/uploads\/2021\/11\/cfr.jpg\",\"contentUrl\":\"https:\/\/mhf.ro\/mm\/wp-content\/uploads\/2021\/11\/cfr.jpg\",\"width\":1920,\"height\":1080},{\"@type\":\"BreadcrumbList\",\"@id\":\"https:\/\/mhf.ro\/mm\/drula-citu-mi-a-sugerat-sa-renuntam-la-cfr-calatori\/#breadcrumb\",\"itemListElement\":[{\"@type\":\"ListItem\",\"position\":1,\"name\":\"Prima pagin\u0103\",\"item\":\"https:\/\/mhf.ro\/mm\/\"},{\"@type\":\"ListItem\",\"position\":2,\"name\":\"Drul\u0103: C\u00ee\u0163u mi-a sugerat s\u0103 renun\u0163\u0103m la CFR C\u0103l\u0103tori\"}]},{\"@type\":\"WebSite\",\"@id\":\"https:\/\/mhf.ro\/mm\/#website\",\"url\":\"https:\/\/mhf.ro\/mm\/\",\"name\":\"MHF Photography \u2013 Blog de fotografie, natur\u0103 \u0219i tehnic\u0103 divers\u0103\",\"description\":\"Aventur\u0103 \u00een fiecare cadru.\",\"publisher\":{\"@id\":\"https:\/\/mhf.ro\/mm\/#\/schema\/person\/a3bebf7bdb4bf12f698aff73c7e46c21\"},\"potentialAction\":[{\"@type\":\"SearchAction\",\"target\":{\"@type\":\"EntryPoint\",\"urlTemplate\":\"https:\/\/mhf.ro\/mm\/?s={search_term_string}\"},\"query-input\":{\"@type\":\"PropertyValueSpecification\",\"valueRequired\":true,\"valueName\":\"search_term_string\"}}],\"inLanguage\":\"ro-RO\"},{\"@type\":[\"Person\",\"Organization\"],\"@id\":\"https:\/\/mhf.ro\/mm\/#\/schema\/person\/a3bebf7bdb4bf12f698aff73c7e46c21\",\"name\":\"Marius Marcu\",\"image\":{\"@type\":\"ImageObject\",\"inLanguage\":\"ro-RO\",\"@id\":\"https:\/\/mhf.ro\/mm\/#\/schema\/person\/image\/\",\"url\":\"https:\/\/mhf.ro\/mm\/wp-content\/uploads\/2025\/12\/cropped-logo_mhf_2.png\",\"contentUrl\":\"https:\/\/mhf.ro\/mm\/wp-content\/uploads\/2025\/12\/cropped-logo_mhf_2.png\",\"width\":1096,\"height\":457,\"caption\":\"Marius Marcu\"},\"logo\":{\"@id\":\"https:\/\/mhf.ro\/mm\/#\/schema\/person\/image\/\"},\"sameAs\":[\"https:\/\/mhf.ro\/mm\"],\"url\":\"https:\/\/mhf.ro\/mm\/author\/mihai\/\"}]}<\/script>\n<!-- \/ Yoast SEO plugin. -->","yoast_head_json":{"title":"Drul\u0103: C\u00ee\u0163u mi-a sugerat s\u0103 renun\u0163\u0103m la CFR C\u0103l\u0103tori - MHF Photography","robots":{"index":"index","follow":"follow","max-snippet":"max-snippet:-1","max-image-preview":"max-image-preview:large","max-video-preview":"max-video-preview:-1"},"canonical":"https:\/\/mhf.ro\/mm\/drula-citu-mi-a-sugerat-sa-renuntam-la-cfr-calatori\/","og_locale":"ro_RO","og_type":"article","og_title":"Drul\u0103: C\u00ee\u0163u mi-a sugerat s\u0103 renun\u0163\u0103m la CFR C\u0103l\u0103tori - MHF Photography","og_description":"Fostul ministru USR PLUS al Transporturilor C\u0103t\u0103lin Drul\u0103\u00a0spune c\u0103 premierul FlorinC\u00ee\u0163u i-a sugerat s\u0103 renun\u0163e la transportul public de c\u0103l\u0103tori","og_url":"https:\/\/mhf.ro\/mm\/drula-citu-mi-a-sugerat-sa-renuntam-la-cfr-calatori\/","og_site_name":"MHF Photography","article_published_time":"2021-11-13T07:58:08+00:00","og_image":[{"width":1920,"height":1080,"url":"https:\/\/mhf.ro\/mm\/wp-content\/uploads\/2021\/11\/cfr.jpg","type":"image\/jpeg"}],"author":"Marius Marcu","twitter_card":"summary_large_image","twitter_misc":{"Scris de":"Marius Marcu","Timp estimat pentru citire":"1 minut"},"schema":{"@context":"https:\/\/schema.org","@graph":[{"@type":"Article","@id":"https:\/\/mhf.ro\/mm\/drula-citu-mi-a-sugerat-sa-renuntam-la-cfr-calatori\/#article","isPartOf":{"@id":"https:\/\/mhf.ro\/mm\/drula-citu-mi-a-sugerat-sa-renuntam-la-cfr-calatori\/"},"author":{"name":"Marius Marcu","@id":"https:\/\/mhf.ro\/mm\/#\/schema\/person\/a3bebf7bdb4bf12f698aff73c7e46c21"},"headline":"Drul\u0103: C\u00ee\u0163u mi-a sugerat s\u0103 renun\u0163\u0103m la CFR C\u0103l\u0103tori","datePublished":"2021-11-13T07:58:08+00:00","mainEntityOfPage":{"@id":"https:\/\/mhf.ro\/mm\/drula-citu-mi-a-sugerat-sa-renuntam-la-cfr-calatori\/"},"wordCount":287,"commentCount":0,"publisher":{"@id":"https:\/\/mhf.ro\/mm\/#\/schema\/person\/a3bebf7bdb4bf12f698aff73c7e46c21"},"image":{"@id":"https:\/\/mhf.ro\/mm\/drula-citu-mi-a-sugerat-sa-renuntam-la-cfr-calatori\/#primaryimage"},"thumbnailUrl":"https:\/\/mhf.ro\/mm\/wp-content\/uploads\/2021\/11\/cfr.jpg","articleSection":["Diverse"],"inLanguage":"ro-RO","potentialAction":[{"@type":"CommentAction","name":"Comment","target":["https:\/\/mhf.ro\/mm\/drula-citu-mi-a-sugerat-sa-renuntam-la-cfr-calatori\/#respond"]}]},{"@type":"WebPage","@id":"https:\/\/mhf.ro\/mm\/drula-citu-mi-a-sugerat-sa-renuntam-la-cfr-calatori\/","url":"https:\/\/mhf.ro\/mm\/drula-citu-mi-a-sugerat-sa-renuntam-la-cfr-calatori\/","name":"Drul\u0103: C\u00ee\u0163u mi-a sugerat s\u0103 renun\u0163\u0103m la CFR C\u0103l\u0103tori - MHF Photography","isPartOf":{"@id":"https:\/\/mhf.ro\/mm\/#website"},"primaryImageOfPage":{"@id":"https:\/\/mhf.ro\/mm\/drula-citu-mi-a-sugerat-sa-renuntam-la-cfr-calatori\/#primaryimage"},"image":{"@id":"https:\/\/mhf.ro\/mm\/drula-citu-mi-a-sugerat-sa-renuntam-la-cfr-calatori\/#primaryimage"},"thumbnailUrl":"https:\/\/mhf.ro\/mm\/wp-content\/uploads\/2021\/11\/cfr.jpg","datePublished":"2021-11-13T07:58:08+00:00","breadcrumb":{"@id":"https:\/\/mhf.ro\/mm\/drula-citu-mi-a-sugerat-sa-renuntam-la-cfr-calatori\/#breadcrumb"},"inLanguage":"ro-RO","potentialAction":[{"@type":"ReadAction","target":["https:\/\/mhf.ro\/mm\/drula-citu-mi-a-sugerat-sa-renuntam-la-cfr-calatori\/"]}]},{"@type":"ImageObject","inLanguage":"ro-RO","@id":"https:\/\/mhf.ro\/mm\/drula-citu-mi-a-sugerat-sa-renuntam-la-cfr-calatori\/#primaryimage","url":"https:\/\/mhf.ro\/mm\/wp-content\/uploads\/2021\/11\/cfr.jpg","contentUrl":"https:\/\/mhf.ro\/mm\/wp-content\/uploads\/2021\/11\/cfr.jpg","width":1920,"height":1080},{"@type":"BreadcrumbList","@id":"https:\/\/mhf.ro\/mm\/drula-citu-mi-a-sugerat-sa-renuntam-la-cfr-calatori\/#breadcrumb","itemListElement":[{"@type":"ListItem","position":1,"name":"Prima pagin\u0103","item":"https:\/\/mhf.ro\/mm\/"},{"@type":"ListItem","position":2,"name":"Drul\u0103: C\u00ee\u0163u mi-a sugerat s\u0103 renun\u0163\u0103m la CFR C\u0103l\u0103tori"}]},{"@type":"WebSite","@id":"https:\/\/mhf.ro\/mm\/#website","url":"https:\/\/mhf.ro\/mm\/","name":"MHF Photography \u2013 Blog de fotografie, natur\u0103 \u0219i tehnic\u0103 divers\u0103","description":"Aventur\u0103 \u00een fiecare cadru.","publisher":{"@id":"https:\/\/mhf.ro\/mm\/#\/schema\/person\/a3bebf7bdb4bf12f698aff73c7e46c21"},"potentialAction":[{"@type":"SearchAction","target":{"@type":"EntryPoint","urlTemplate":"https:\/\/mhf.ro\/mm\/?s={search_term_string}"},"query-input":{"@type":"PropertyValueSpecification","valueRequired":true,"valueName":"search_term_string"}}],"inLanguage":"ro-RO"},{"@type":["Person","Organization"],"@id":"https:\/\/mhf.ro\/mm\/#\/schema\/person\/a3bebf7bdb4bf12f698aff73c7e46c21","name":"Marius Marcu","image":{"@type":"ImageObject","inLanguage":"ro-RO","@id":"https:\/\/mhf.ro\/mm\/#\/schema\/person\/image\/","url":"https:\/\/mhf.ro\/mm\/wp-content\/uploads\/2025\/12\/cropped-logo_mhf_2.png","contentUrl":"https:\/\/mhf.ro\/mm\/wp-content\/uploads\/2025\/12\/cropped-logo_mhf_2.png","width":1096,"height":457,"caption":"Marius Marcu"},"logo":{"@id":"https:\/\/mhf.ro\/mm\/#\/schema\/person\/image\/"},"sameAs":["https:\/\/mhf.ro\/mm"],"url":"https:\/\/mhf.ro\/mm\/author\/mihai\/"}]}},"_links":{"self":[{"href":"https:\/\/mhf.ro\/mm\/wp-json\/wp\/v2\/posts\/5595","targetHints":{"allow":["GET"]}}],"collection":[{"href":"https:\/\/mhf.ro\/mm\/wp-json\/wp\/v2\/posts"}],"about":[{"href":"https:\/\/mhf.ro\/mm\/wp-json\/wp\/v2\/types\/post"}],"author":[{"embeddable":true,"href":"https:\/\/mhf.ro\/mm\/wp-json\/wp\/v2\/users\/1"}],"replies":[{"embeddable":true,"href":"https:\/\/mhf.ro\/mm\/wp-json\/wp\/v2\/comments?post=5595"}],"version-history":[{"count":1,"href":"https:\/\/mhf.ro\/mm\/wp-json\/wp\/v2\/posts\/5595\/revisions"}],"predecessor-version":[{"id":5597,"href":"https:\/\/mhf.ro\/mm\/wp-json\/wp\/v2\/posts\/5595\/revisions\/5597"}],"wp:featuredmedia":[{"embeddable":true,"href":"https:\/\/mhf.ro\/mm\/wp-json\/wp\/v2\/media\/5596"}],"wp:attachment":[{"href":"https:\/\/mhf.ro\/mm\/wp-json\/wp\/v2\/media?parent=5595"}],"wp:term":[{"taxonomy":"category","embeddable":true,"href":"https:\/\/mhf.ro\/mm\/wp-json\/wp\/v2\/categories?post=5595"},{"taxonomy":"post_tag","embeddable":true,"href":"https:\/\/mhf.ro\/mm\/wp-json\/wp\/v2\/tags?post=5595"}],"curies":[{"name":"wp","href":"https:\/\/api.w.org\/{rel}","templated":true}]}}