{"id":5610,"date":"2021-11-15T09:09:01","date_gmt":"2021-11-15T07:09:01","guid":{"rendered":"https:\/\/mhf.ro\/mm\/?p=5610"},"modified":"2021-11-15T09:09:01","modified_gmt":"2021-11-15T07:09:01","slug":"alta-tulpina-covid-descoperita-in-franta","status":"publish","type":"post","link":"https:\/\/mhf.ro\/mm\/alta-tulpina-covid-descoperita-in-franta\/","title":{"rendered":"Alt\u0103 tulpin\u0103 COVID descoperit\u0103 \u00een Fran\u021ba"},"content":{"rendered":"<p>Luna trecut\u0103, \u00een Fran\u021ba, a fost descoperit\u0103 o nou\u0103 tulpin\u0103 de COVID. Oamenii de \u0219tiin\u021b\u0103 spun c\u0103 prezint\u0103 modific\u0103ri nemaiv\u0103zute p\u00e2n\u0103 acum la nivelul proteinei spike, relateaz\u0103 s\u00e2mb\u0103t\u0103 The Jerusalem Post, citat de Hotnews.ro.<\/p>\n<p>Varianta, cunoscut\u0103 fie ca B.1.640, fie ca B.1.X, a fost raportat\u0103 pentru prima dat\u0103 de ziarul francez Le Telegramme.\u00a0 Dup\u0103 ce a infectat 24 de persoane la o \u0219coal\u0103 din regiunea Bretania, \u00een octombrie,\u00a0 \u0219coala a fost nevoit\u0103 s\u0103 \u00eenchid\u0103 jum\u0103tate din clase, scria, la acel moment, Le Telegramme.<\/p>\n<p>Potrivit Agen\u021biei Regionale de S\u0103n\u0103tate din Fran\u021ba, din 26 octombrie \u00eencoace nu au mai fost raportate cazuri cu aceast\u0103 tulpin\u0103.<\/p>\n<p>Varianta r\u0103m\u00e2ne totu\u0219i sub supraveghere. C\u00e2teva cazuri de infectare cu B.1.640 au fost descoperite \u0219i \u00een Regatul Unit, Elve\u021bia, Sco\u021bia \u0219i Italia.<\/p>\n<p>Cercet\u0103torii se tem c\u0103 varianta B.1.640 a venit din Africa \u0219i eviden\u021biaz\u0103, \u00een acest context, necesitatea accesului egal la vaccinuri.<\/p>\n<p>Profesorul Cyrille Cohen de la Universitatea Bar-Ilan a explicat c\u0103 varianta B.1.640 are c\u00e2teva muta\u021bii f\u0103r\u0103 precedent.<\/p>\n<p>\u201eAceast\u0103 variant\u0103 relev\u0103 faptul c\u0103, dac\u0103 l\u0103sa\u021bi o parte din popula\u021bia lumii f\u0103r\u0103 acces la vaccinuri, atunci virusul va continua s\u0103 se \u00eenmul\u021beasc\u0103 \u0219i va duce la mai multe tulpini\u201d.<\/p>\n<p>Un raport al Q4 Global Forecast publicat s\u0103pt\u0103m\u00e2na trecut\u0103 de Economist Intelligence Unit a eviden\u021biat \u00een mod special e\u0219ecurile campaniei de vaccinare din Africa. La sf\u00e2r\u0219itul lunii octombrie doar 6% din popula\u021bie era vaccinat\u0103 \u00eempotriva COVID.<\/p>\n<p>\u201eCauza acestor rate sc\u0103zute de vaccinare este binecunoscut\u0103: \u00een ciuda \u00eembun\u0103t\u0103\u021birilor recente, produc\u021bia global\u0103 continu\u0103 s\u0103 r\u0103m\u00e2n\u0103 \u00een urma cererii, \u021b\u0103rile \u00een curs de dezvoltare confrunt\u00e2ndu-se cu \u00eent\u00e2rzieri mari \u00een accesarea vaccinurilor\u201d.<\/p>\n<p>Chiar dac\u0103 un num\u0103r mai mare de doze ar ajunge \u00een Africa, ar exista probleme \u00een administrarea dozelor, \u00een principal din motive logistice.<\/p>\n<p>\u201eA nu livra vaccinuri acestor \u021b\u0103ri poate p\u0103rea \u00een regul\u0103 pe termen scurt, dar pe termen lung s-ar putea s\u0103 avem noi variante care sunt problematice \u0219i care s-au dezvoltat \u00een \u021b\u0103rile cu popula\u021bie nevaccinat\u0103.<\/p>\n<p>Nu vreau s\u0103 sperii oamenii. Sunt doar c\u00e2teva cazuri de B.1.640 acum \u0219i s-ar putea foarte bine ca \u00eentr-o lun\u0103 s\u0103 uit\u0103m cu to\u021bii de aceast\u0103 variant\u0103. Dar este un exemplu a ceea ce s-ar putea \u00eent\u00e2mpla dac\u0103 nu exist\u0103 acces la vaccinuri pentru toat\u0103 lumea\u201d, a avertizat Cohen. (conf. Jurnalist.ro)<\/p>\n","protected":false},"excerpt":{"rendered":"<p>Luna trecut\u0103, \u00een Fran\u021ba, a fost descoperit\u0103 o nou\u0103 tulpin\u0103 de COVID. Oamenii de \u0219tiin\u021b\u0103 spun c\u0103 prezint\u0103 modific\u0103ri nemaiv\u0103zute<\/p>\n","protected":false},"author":1,"featured_media":5611,"comment_status":"open","ping_status":"open","sticky":false,"template":"","format":"standard","meta":{"colormag_page_container_layout":"default_layout","colormag_page_sidebar_layout":"default_layout","footnotes":""},"categories":[8],"tags":[],"class_list":["post-5610","post","type-post","status-publish","format-standard","has-post-thumbnail","hentry","category-div"],"yoast_head":"<!-- This site is optimized with the Yoast SEO plugin v27.0 - https:\/\/yoast.com\/product\/yoast-seo-wordpress\/ -->\n<title>Alt\u0103 tulpin\u0103 COVID descoperit\u0103 \u00een Fran\u021ba - MHF Photography<\/title>\n<meta name=\"robots\" content=\"index, follow, max-snippet:-1, max-image-preview:large, max-video-preview:-1\" \/>\n<link rel=\"canonical\" href=\"https:\/\/mhf.ro\/mm\/alta-tulpina-covid-descoperita-in-franta\/\" \/>\n<meta property=\"og:locale\" content=\"ro_RO\" \/>\n<meta property=\"og:type\" content=\"article\" \/>\n<meta property=\"og:title\" content=\"Alt\u0103 tulpin\u0103 COVID descoperit\u0103 \u00een Fran\u021ba - MHF Photography\" \/>\n<meta property=\"og:description\" content=\"Luna trecut\u0103, \u00een Fran\u021ba, a fost descoperit\u0103 o nou\u0103 tulpin\u0103 de COVID. Oamenii de \u0219tiin\u021b\u0103 spun c\u0103 prezint\u0103 modific\u0103ri nemaiv\u0103zute\" \/>\n<meta property=\"og:url\" content=\"https:\/\/mhf.ro\/mm\/alta-tulpina-covid-descoperita-in-franta\/\" \/>\n<meta property=\"og:site_name\" content=\"MHF Photography\" \/>\n<meta property=\"article:published_time\" content=\"2021-11-15T07:09:01+00:00\" \/>\n<meta property=\"og:image\" content=\"https:\/\/mhf.ro\/mm\/wp-content\/uploads\/2021\/11\/COVID-19-Romania.jpg\" \/>\n\t<meta property=\"og:image:width\" content=\"1600\" \/>\n\t<meta property=\"og:image:height\" content=\"900\" \/>\n\t<meta property=\"og:image:type\" content=\"image\/jpeg\" \/>\n<meta name=\"author\" content=\"Marius Marcu\" \/>\n<meta name=\"twitter:card\" content=\"summary_large_image\" \/>\n<meta name=\"twitter:label1\" content=\"Scris de\" \/>\n\t<meta name=\"twitter:data1\" content=\"Marius Marcu\" \/>\n\t<meta name=\"twitter:label2\" content=\"Timp estimat pentru citire\" \/>\n\t<meta name=\"twitter:data2\" content=\"2 minute\" \/>\n<script type=\"application\/ld+json\" class=\"yoast-schema-graph\">{\"@context\":\"https:\/\/schema.org\",\"@graph\":[{\"@type\":\"Article\",\"@id\":\"https:\/\/mhf.ro\/mm\/alta-tulpina-covid-descoperita-in-franta\/#article\",\"isPartOf\":{\"@id\":\"https:\/\/mhf.ro\/mm\/alta-tulpina-covid-descoperita-in-franta\/\"},\"author\":{\"name\":\"Marius Marcu\",\"@id\":\"https:\/\/mhf.ro\/mm\/#\/schema\/person\/a3bebf7bdb4bf12f698aff73c7e46c21\"},\"headline\":\"Alt\u0103 tulpin\u0103 COVID descoperit\u0103 \u00een Fran\u021ba\",\"datePublished\":\"2021-11-15T07:09:01+00:00\",\"mainEntityOfPage\":{\"@id\":\"https:\/\/mhf.ro\/mm\/alta-tulpina-covid-descoperita-in-franta\/\"},\"wordCount\":426,\"commentCount\":0,\"publisher\":{\"@id\":\"https:\/\/mhf.ro\/mm\/#\/schema\/person\/a3bebf7bdb4bf12f698aff73c7e46c21\"},\"image\":{\"@id\":\"https:\/\/mhf.ro\/mm\/alta-tulpina-covid-descoperita-in-franta\/#primaryimage\"},\"thumbnailUrl\":\"https:\/\/mhf.ro\/mm\/wp-content\/uploads\/2021\/11\/COVID-19-Romania.jpg\",\"articleSection\":[\"Diverse\"],\"inLanguage\":\"ro-RO\",\"potentialAction\":[{\"@type\":\"CommentAction\",\"name\":\"Comment\",\"target\":[\"https:\/\/mhf.ro\/mm\/alta-tulpina-covid-descoperita-in-franta\/#respond\"]}]},{\"@type\":\"WebPage\",\"@id\":\"https:\/\/mhf.ro\/mm\/alta-tulpina-covid-descoperita-in-franta\/\",\"url\":\"https:\/\/mhf.ro\/mm\/alta-tulpina-covid-descoperita-in-franta\/\",\"name\":\"Alt\u0103 tulpin\u0103 COVID descoperit\u0103 \u00een Fran\u021ba - MHF Photography\",\"isPartOf\":{\"@id\":\"https:\/\/mhf.ro\/mm\/#website\"},\"primaryImageOfPage\":{\"@id\":\"https:\/\/mhf.ro\/mm\/alta-tulpina-covid-descoperita-in-franta\/#primaryimage\"},\"image\":{\"@id\":\"https:\/\/mhf.ro\/mm\/alta-tulpina-covid-descoperita-in-franta\/#primaryimage\"},\"thumbnailUrl\":\"https:\/\/mhf.ro\/mm\/wp-content\/uploads\/2021\/11\/COVID-19-Romania.jpg\",\"datePublished\":\"2021-11-15T07:09:01+00:00\",\"breadcrumb\":{\"@id\":\"https:\/\/mhf.ro\/mm\/alta-tulpina-covid-descoperita-in-franta\/#breadcrumb\"},\"inLanguage\":\"ro-RO\",\"potentialAction\":[{\"@type\":\"ReadAction\",\"target\":[\"https:\/\/mhf.ro\/mm\/alta-tulpina-covid-descoperita-in-franta\/\"]}]},{\"@type\":\"ImageObject\",\"inLanguage\":\"ro-RO\",\"@id\":\"https:\/\/mhf.ro\/mm\/alta-tulpina-covid-descoperita-in-franta\/#primaryimage\",\"url\":\"https:\/\/mhf.ro\/mm\/wp-content\/uploads\/2021\/11\/COVID-19-Romania.jpg\",\"contentUrl\":\"https:\/\/mhf.ro\/mm\/wp-content\/uploads\/2021\/11\/COVID-19-Romania.jpg\",\"width\":1600,\"height\":900},{\"@type\":\"BreadcrumbList\",\"@id\":\"https:\/\/mhf.ro\/mm\/alta-tulpina-covid-descoperita-in-franta\/#breadcrumb\",\"itemListElement\":[{\"@type\":\"ListItem\",\"position\":1,\"name\":\"Prima pagin\u0103\",\"item\":\"https:\/\/mhf.ro\/mm\/\"},{\"@type\":\"ListItem\",\"position\":2,\"name\":\"Alt\u0103 tulpin\u0103 COVID descoperit\u0103 \u00een Fran\u021ba\"}]},{\"@type\":\"WebSite\",\"@id\":\"https:\/\/mhf.ro\/mm\/#website\",\"url\":\"https:\/\/mhf.ro\/mm\/\",\"name\":\"MHF Photography \u2013 Blog de fotografie, natur\u0103 \u0219i tehnic\u0103 divers\u0103\",\"description\":\"Aventur\u0103 \u00een fiecare cadru.\",\"publisher\":{\"@id\":\"https:\/\/mhf.ro\/mm\/#\/schema\/person\/a3bebf7bdb4bf12f698aff73c7e46c21\"},\"potentialAction\":[{\"@type\":\"SearchAction\",\"target\":{\"@type\":\"EntryPoint\",\"urlTemplate\":\"https:\/\/mhf.ro\/mm\/?s={search_term_string}\"},\"query-input\":{\"@type\":\"PropertyValueSpecification\",\"valueRequired\":true,\"valueName\":\"search_term_string\"}}],\"inLanguage\":\"ro-RO\"},{\"@type\":[\"Person\",\"Organization\"],\"@id\":\"https:\/\/mhf.ro\/mm\/#\/schema\/person\/a3bebf7bdb4bf12f698aff73c7e46c21\",\"name\":\"Marius Marcu\",\"image\":{\"@type\":\"ImageObject\",\"inLanguage\":\"ro-RO\",\"@id\":\"https:\/\/mhf.ro\/mm\/#\/schema\/person\/image\/\",\"url\":\"https:\/\/mhf.ro\/mm\/wp-content\/uploads\/2025\/12\/cropped-logo_mhf_2.png\",\"contentUrl\":\"https:\/\/mhf.ro\/mm\/wp-content\/uploads\/2025\/12\/cropped-logo_mhf_2.png\",\"width\":1096,\"height\":457,\"caption\":\"Marius Marcu\"},\"logo\":{\"@id\":\"https:\/\/mhf.ro\/mm\/#\/schema\/person\/image\/\"},\"sameAs\":[\"https:\/\/mhf.ro\/mm\"],\"url\":\"https:\/\/mhf.ro\/mm\/author\/mihai\/\"}]}<\/script>\n<!-- \/ Yoast SEO plugin. -->","yoast_head_json":{"title":"Alt\u0103 tulpin\u0103 COVID descoperit\u0103 \u00een Fran\u021ba - MHF Photography","robots":{"index":"index","follow":"follow","max-snippet":"max-snippet:-1","max-image-preview":"max-image-preview:large","max-video-preview":"max-video-preview:-1"},"canonical":"https:\/\/mhf.ro\/mm\/alta-tulpina-covid-descoperita-in-franta\/","og_locale":"ro_RO","og_type":"article","og_title":"Alt\u0103 tulpin\u0103 COVID descoperit\u0103 \u00een Fran\u021ba - MHF Photography","og_description":"Luna trecut\u0103, \u00een Fran\u021ba, a fost descoperit\u0103 o nou\u0103 tulpin\u0103 de COVID. Oamenii de \u0219tiin\u021b\u0103 spun c\u0103 prezint\u0103 modific\u0103ri nemaiv\u0103zute","og_url":"https:\/\/mhf.ro\/mm\/alta-tulpina-covid-descoperita-in-franta\/","og_site_name":"MHF Photography","article_published_time":"2021-11-15T07:09:01+00:00","og_image":[{"width":1600,"height":900,"url":"https:\/\/mhf.ro\/mm\/wp-content\/uploads\/2021\/11\/COVID-19-Romania.jpg","type":"image\/jpeg"}],"author":"Marius Marcu","twitter_card":"summary_large_image","twitter_misc":{"Scris de":"Marius Marcu","Timp estimat pentru citire":"2 minute"},"schema":{"@context":"https:\/\/schema.org","@graph":[{"@type":"Article","@id":"https:\/\/mhf.ro\/mm\/alta-tulpina-covid-descoperita-in-franta\/#article","isPartOf":{"@id":"https:\/\/mhf.ro\/mm\/alta-tulpina-covid-descoperita-in-franta\/"},"author":{"name":"Marius Marcu","@id":"https:\/\/mhf.ro\/mm\/#\/schema\/person\/a3bebf7bdb4bf12f698aff73c7e46c21"},"headline":"Alt\u0103 tulpin\u0103 COVID descoperit\u0103 \u00een Fran\u021ba","datePublished":"2021-11-15T07:09:01+00:00","mainEntityOfPage":{"@id":"https:\/\/mhf.ro\/mm\/alta-tulpina-covid-descoperita-in-franta\/"},"wordCount":426,"commentCount":0,"publisher":{"@id":"https:\/\/mhf.ro\/mm\/#\/schema\/person\/a3bebf7bdb4bf12f698aff73c7e46c21"},"image":{"@id":"https:\/\/mhf.ro\/mm\/alta-tulpina-covid-descoperita-in-franta\/#primaryimage"},"thumbnailUrl":"https:\/\/mhf.ro\/mm\/wp-content\/uploads\/2021\/11\/COVID-19-Romania.jpg","articleSection":["Diverse"],"inLanguage":"ro-RO","potentialAction":[{"@type":"CommentAction","name":"Comment","target":["https:\/\/mhf.ro\/mm\/alta-tulpina-covid-descoperita-in-franta\/#respond"]}]},{"@type":"WebPage","@id":"https:\/\/mhf.ro\/mm\/alta-tulpina-covid-descoperita-in-franta\/","url":"https:\/\/mhf.ro\/mm\/alta-tulpina-covid-descoperita-in-franta\/","name":"Alt\u0103 tulpin\u0103 COVID descoperit\u0103 \u00een Fran\u021ba - MHF Photography","isPartOf":{"@id":"https:\/\/mhf.ro\/mm\/#website"},"primaryImageOfPage":{"@id":"https:\/\/mhf.ro\/mm\/alta-tulpina-covid-descoperita-in-franta\/#primaryimage"},"image":{"@id":"https:\/\/mhf.ro\/mm\/alta-tulpina-covid-descoperita-in-franta\/#primaryimage"},"thumbnailUrl":"https:\/\/mhf.ro\/mm\/wp-content\/uploads\/2021\/11\/COVID-19-Romania.jpg","datePublished":"2021-11-15T07:09:01+00:00","breadcrumb":{"@id":"https:\/\/mhf.ro\/mm\/alta-tulpina-covid-descoperita-in-franta\/#breadcrumb"},"inLanguage":"ro-RO","potentialAction":[{"@type":"ReadAction","target":["https:\/\/mhf.ro\/mm\/alta-tulpina-covid-descoperita-in-franta\/"]}]},{"@type":"ImageObject","inLanguage":"ro-RO","@id":"https:\/\/mhf.ro\/mm\/alta-tulpina-covid-descoperita-in-franta\/#primaryimage","url":"https:\/\/mhf.ro\/mm\/wp-content\/uploads\/2021\/11\/COVID-19-Romania.jpg","contentUrl":"https:\/\/mhf.ro\/mm\/wp-content\/uploads\/2021\/11\/COVID-19-Romania.jpg","width":1600,"height":900},{"@type":"BreadcrumbList","@id":"https:\/\/mhf.ro\/mm\/alta-tulpina-covid-descoperita-in-franta\/#breadcrumb","itemListElement":[{"@type":"ListItem","position":1,"name":"Prima pagin\u0103","item":"https:\/\/mhf.ro\/mm\/"},{"@type":"ListItem","position":2,"name":"Alt\u0103 tulpin\u0103 COVID descoperit\u0103 \u00een Fran\u021ba"}]},{"@type":"WebSite","@id":"https:\/\/mhf.ro\/mm\/#website","url":"https:\/\/mhf.ro\/mm\/","name":"MHF Photography \u2013 Blog de fotografie, natur\u0103 \u0219i tehnic\u0103 divers\u0103","description":"Aventur\u0103 \u00een fiecare cadru.","publisher":{"@id":"https:\/\/mhf.ro\/mm\/#\/schema\/person\/a3bebf7bdb4bf12f698aff73c7e46c21"},"potentialAction":[{"@type":"SearchAction","target":{"@type":"EntryPoint","urlTemplate":"https:\/\/mhf.ro\/mm\/?s={search_term_string}"},"query-input":{"@type":"PropertyValueSpecification","valueRequired":true,"valueName":"search_term_string"}}],"inLanguage":"ro-RO"},{"@type":["Person","Organization"],"@id":"https:\/\/mhf.ro\/mm\/#\/schema\/person\/a3bebf7bdb4bf12f698aff73c7e46c21","name":"Marius Marcu","image":{"@type":"ImageObject","inLanguage":"ro-RO","@id":"https:\/\/mhf.ro\/mm\/#\/schema\/person\/image\/","url":"https:\/\/mhf.ro\/mm\/wp-content\/uploads\/2025\/12\/cropped-logo_mhf_2.png","contentUrl":"https:\/\/mhf.ro\/mm\/wp-content\/uploads\/2025\/12\/cropped-logo_mhf_2.png","width":1096,"height":457,"caption":"Marius Marcu"},"logo":{"@id":"https:\/\/mhf.ro\/mm\/#\/schema\/person\/image\/"},"sameAs":["https:\/\/mhf.ro\/mm"],"url":"https:\/\/mhf.ro\/mm\/author\/mihai\/"}]}},"_links":{"self":[{"href":"https:\/\/mhf.ro\/mm\/wp-json\/wp\/v2\/posts\/5610","targetHints":{"allow":["GET"]}}],"collection":[{"href":"https:\/\/mhf.ro\/mm\/wp-json\/wp\/v2\/posts"}],"about":[{"href":"https:\/\/mhf.ro\/mm\/wp-json\/wp\/v2\/types\/post"}],"author":[{"embeddable":true,"href":"https:\/\/mhf.ro\/mm\/wp-json\/wp\/v2\/users\/1"}],"replies":[{"embeddable":true,"href":"https:\/\/mhf.ro\/mm\/wp-json\/wp\/v2\/comments?post=5610"}],"version-history":[{"count":1,"href":"https:\/\/mhf.ro\/mm\/wp-json\/wp\/v2\/posts\/5610\/revisions"}],"predecessor-version":[{"id":5612,"href":"https:\/\/mhf.ro\/mm\/wp-json\/wp\/v2\/posts\/5610\/revisions\/5612"}],"wp:featuredmedia":[{"embeddable":true,"href":"https:\/\/mhf.ro\/mm\/wp-json\/wp\/v2\/media\/5611"}],"wp:attachment":[{"href":"https:\/\/mhf.ro\/mm\/wp-json\/wp\/v2\/media?parent=5610"}],"wp:term":[{"taxonomy":"category","embeddable":true,"href":"https:\/\/mhf.ro\/mm\/wp-json\/wp\/v2\/categories?post=5610"},{"taxonomy":"post_tag","embeddable":true,"href":"https:\/\/mhf.ro\/mm\/wp-json\/wp\/v2\/tags?post=5610"}],"curies":[{"name":"wp","href":"https:\/\/api.w.org\/{rel}","templated":true}]}}