{"id":5613,"date":"2021-11-15T09:10:55","date_gmt":"2021-11-15T07:10:55","guid":{"rendered":"https:\/\/mhf.ro\/mm\/?p=5613"},"modified":"2021-11-15T09:10:55","modified_gmt":"2021-11-15T07:10:55","slug":"casa-de-marcat-pentru-profesorii-care-dau-meditatii","status":"publish","type":"post","link":"https:\/\/mhf.ro\/mm\/casa-de-marcat-pentru-profesorii-care-dau-meditatii\/","title":{"rendered":"Cas\u0103 de marcat pentru profesorii care dau medita\u021bii"},"content":{"rendered":"<p>Agen\u021bia Na\u021bional\u0103 de Administrare Fiscal\u0103 (ANAF) le reaminte\u0219te profesorilor c\u0103, trebuie s\u0103 achite impozit pe venit \u0219i eventuale contribu\u021bii pentru banii pe care \u00eei primesc din medita\u021bii.<\/p>\n<p>Dac\u0103 \u00eencaseaz\u0103 banii numerar sau cu cardul, profesorii trebuie s\u0103 de\u021bin\u0103 cas\u0103 de marcat. Excep\u021biile sunt \u00een situa\u021bia \u00een care \u00eencas\u0103rile se fac prin transfer bancar.<\/p>\n<p>Solu\u021bia cea mai practic\u0103 pentru profesorii care dau medita\u021bii ar fi \u00eenfiin\u021barea unui PFA, a unui II, \u00eentruc\u00e2t obliga\u021biile declarative sunt similare, ori chiar a unui SRL, a precizat Elena Radulescu, expert contabil.<\/p>\n<p>Concret, potrivit Codului fiscal, veniturile din activit\u0103\u021bi independente cuprind \u201cveniturile din activit\u0103\u021bi de produc\u021bie, comer\u021b, prest\u0103ri de servicii, veniturile din profesii liberale \u0219i veniturile din drepturi de proprietate intelectual\u0103, realizate \u00een mod individual \u0219i\/sau \u00eentr-o form\u0103 de asociere, inclusiv din activit\u0103\u021bi adiacente.\u201d<\/p>\n<p>Conform legii, profesorii care dau medita\u021bii nu au obliga\u021bia de a avea cas\u0103 de marcat dac\u0103 \u00eencaseaz\u0103 banii\u00a0 prin transfer bancar.<\/p>\n<p>Dac\u0103 vor \u00eencasa numerar sau folosind plata cu cardul, atunci profesorii sunt obliga\u021bi s\u0103 aib\u0103 cas\u0103 de marcat \u0219i\/sau POS, dup\u0103 caz. Pentru sumele \u00eencasate cash sau cu cardul, profesorul va trebui s\u0103 emit\u0103 bon fiscal, deci s\u0103 aib\u0103 cas\u0103 de marcat pentru a fi \u00een legalitate, exist\u00e2nd, \u00een acest sens, \u0219i case de marcat portabile.<\/p>\n<p>\u00cen cazul \u00een care profesorul \u00eenfiin\u021beaza un PFA sau a un II trebuie s\u0103 se \u00eenregistreze \u0219i s\u0103 se autorizeze la Oficiul Na\u021bional pentru Registrul Comer\u021bului .<\/p>\n<p>O alt\u0103 solu\u021bie este\u00a0 \u00eencheierea unui contract de prest\u0103ri servicii av\u00e2nd ca obiect servicii de medita\u021bii. Trebuie s\u0103 se precizeze, printre altele, tariful orar, descrierea temelor ce urmeaz\u0103 a fi abordate \u0219i a planului de lucru.(conf. Jurnalist.ro)<\/p>\n","protected":false},"excerpt":{"rendered":"<p>Agen\u021bia Na\u021bional\u0103 de Administrare Fiscal\u0103 (ANAF) le reaminte\u0219te profesorilor c\u0103, trebuie s\u0103 achite impozit pe venit \u0219i eventuale contribu\u021bii pentru<\/p>\n","protected":false},"author":1,"featured_media":4243,"comment_status":"open","ping_status":"open","sticky":false,"template":"","format":"standard","meta":{"colormag_page_container_layout":"default_layout","colormag_page_sidebar_layout":"default_layout","footnotes":""},"categories":[5],"tags":[],"class_list":["post-5613","post","type-post","status-publish","format-standard","has-post-thumbnail","hentry","category-locale"],"yoast_head":"<!-- This site is optimized with the Yoast SEO plugin v27.0 - https:\/\/yoast.com\/product\/yoast-seo-wordpress\/ -->\n<title>Cas\u0103 de marcat pentru profesorii care dau medita\u021bii - MHF Photography<\/title>\n<meta name=\"robots\" content=\"index, follow, max-snippet:-1, max-image-preview:large, max-video-preview:-1\" \/>\n<link rel=\"canonical\" href=\"https:\/\/mhf.ro\/mm\/casa-de-marcat-pentru-profesorii-care-dau-meditatii\/\" \/>\n<meta property=\"og:locale\" content=\"ro_RO\" \/>\n<meta property=\"og:type\" content=\"article\" \/>\n<meta property=\"og:title\" content=\"Cas\u0103 de marcat pentru profesorii care dau medita\u021bii - MHF Photography\" \/>\n<meta property=\"og:description\" content=\"Agen\u021bia Na\u021bional\u0103 de Administrare Fiscal\u0103 (ANAF) le reaminte\u0219te profesorilor c\u0103, trebuie s\u0103 achite impozit pe venit \u0219i eventuale contribu\u021bii pentru\" \/>\n<meta property=\"og:url\" content=\"https:\/\/mhf.ro\/mm\/casa-de-marcat-pentru-profesorii-care-dau-meditatii\/\" \/>\n<meta property=\"og:site_name\" content=\"MHF Photography\" \/>\n<meta property=\"article:published_time\" content=\"2021-11-15T07:10:55+00:00\" \/>\n<meta property=\"og:image\" content=\"https:\/\/mhf.ro\/mm\/wp-content\/uploads\/2021\/02\/Bani_economie.jpg\" \/>\n\t<meta property=\"og:image:width\" content=\"1280\" \/>\n\t<meta property=\"og:image:height\" content=\"853\" \/>\n\t<meta property=\"og:image:type\" content=\"image\/jpeg\" \/>\n<meta name=\"author\" content=\"Marius Marcu\" \/>\n<meta name=\"twitter:card\" content=\"summary_large_image\" \/>\n<meta name=\"twitter:label1\" content=\"Scris de\" \/>\n\t<meta name=\"twitter:data1\" content=\"Marius Marcu\" \/>\n\t<meta name=\"twitter:label2\" content=\"Timp estimat pentru citire\" \/>\n\t<meta name=\"twitter:data2\" content=\"2 minute\" \/>\n<script type=\"application\/ld+json\" class=\"yoast-schema-graph\">{\"@context\":\"https:\/\/schema.org\",\"@graph\":[{\"@type\":\"Article\",\"@id\":\"https:\/\/mhf.ro\/mm\/casa-de-marcat-pentru-profesorii-care-dau-meditatii\/#article\",\"isPartOf\":{\"@id\":\"https:\/\/mhf.ro\/mm\/casa-de-marcat-pentru-profesorii-care-dau-meditatii\/\"},\"author\":{\"name\":\"Marius Marcu\",\"@id\":\"https:\/\/mhf.ro\/mm\/#\/schema\/person\/a3bebf7bdb4bf12f698aff73c7e46c21\"},\"headline\":\"Cas\u0103 de marcat pentru profesorii care dau medita\u021bii\",\"datePublished\":\"2021-11-15T07:10:55+00:00\",\"mainEntityOfPage\":{\"@id\":\"https:\/\/mhf.ro\/mm\/casa-de-marcat-pentru-profesorii-care-dau-meditatii\/\"},\"wordCount\":311,\"commentCount\":1,\"publisher\":{\"@id\":\"https:\/\/mhf.ro\/mm\/#\/schema\/person\/a3bebf7bdb4bf12f698aff73c7e46c21\"},\"image\":{\"@id\":\"https:\/\/mhf.ro\/mm\/casa-de-marcat-pentru-profesorii-care-dau-meditatii\/#primaryimage\"},\"thumbnailUrl\":\"https:\/\/mhf.ro\/mm\/wp-content\/uploads\/2021\/02\/Bani_economie.jpg\",\"articleSection\":[\"Locale\"],\"inLanguage\":\"ro-RO\",\"potentialAction\":[{\"@type\":\"CommentAction\",\"name\":\"Comment\",\"target\":[\"https:\/\/mhf.ro\/mm\/casa-de-marcat-pentru-profesorii-care-dau-meditatii\/#respond\"]}]},{\"@type\":\"WebPage\",\"@id\":\"https:\/\/mhf.ro\/mm\/casa-de-marcat-pentru-profesorii-care-dau-meditatii\/\",\"url\":\"https:\/\/mhf.ro\/mm\/casa-de-marcat-pentru-profesorii-care-dau-meditatii\/\",\"name\":\"Cas\u0103 de marcat pentru profesorii care dau medita\u021bii - MHF Photography\",\"isPartOf\":{\"@id\":\"https:\/\/mhf.ro\/mm\/#website\"},\"primaryImageOfPage\":{\"@id\":\"https:\/\/mhf.ro\/mm\/casa-de-marcat-pentru-profesorii-care-dau-meditatii\/#primaryimage\"},\"image\":{\"@id\":\"https:\/\/mhf.ro\/mm\/casa-de-marcat-pentru-profesorii-care-dau-meditatii\/#primaryimage\"},\"thumbnailUrl\":\"https:\/\/mhf.ro\/mm\/wp-content\/uploads\/2021\/02\/Bani_economie.jpg\",\"datePublished\":\"2021-11-15T07:10:55+00:00\",\"breadcrumb\":{\"@id\":\"https:\/\/mhf.ro\/mm\/casa-de-marcat-pentru-profesorii-care-dau-meditatii\/#breadcrumb\"},\"inLanguage\":\"ro-RO\",\"potentialAction\":[{\"@type\":\"ReadAction\",\"target\":[\"https:\/\/mhf.ro\/mm\/casa-de-marcat-pentru-profesorii-care-dau-meditatii\/\"]}]},{\"@type\":\"ImageObject\",\"inLanguage\":\"ro-RO\",\"@id\":\"https:\/\/mhf.ro\/mm\/casa-de-marcat-pentru-profesorii-care-dau-meditatii\/#primaryimage\",\"url\":\"https:\/\/mhf.ro\/mm\/wp-content\/uploads\/2021\/02\/Bani_economie.jpg\",\"contentUrl\":\"https:\/\/mhf.ro\/mm\/wp-content\/uploads\/2021\/02\/Bani_economie.jpg\",\"width\":1280,\"height\":853},{\"@type\":\"BreadcrumbList\",\"@id\":\"https:\/\/mhf.ro\/mm\/casa-de-marcat-pentru-profesorii-care-dau-meditatii\/#breadcrumb\",\"itemListElement\":[{\"@type\":\"ListItem\",\"position\":1,\"name\":\"Prima pagin\u0103\",\"item\":\"https:\/\/mhf.ro\/mm\/\"},{\"@type\":\"ListItem\",\"position\":2,\"name\":\"Cas\u0103 de marcat pentru profesorii care dau medita\u021bii\"}]},{\"@type\":\"WebSite\",\"@id\":\"https:\/\/mhf.ro\/mm\/#website\",\"url\":\"https:\/\/mhf.ro\/mm\/\",\"name\":\"MHF Photography \u2013 Blog de fotografie, natur\u0103 \u0219i tehnic\u0103 divers\u0103\",\"description\":\"Aventur\u0103 \u00een fiecare cadru.\",\"publisher\":{\"@id\":\"https:\/\/mhf.ro\/mm\/#\/schema\/person\/a3bebf7bdb4bf12f698aff73c7e46c21\"},\"potentialAction\":[{\"@type\":\"SearchAction\",\"target\":{\"@type\":\"EntryPoint\",\"urlTemplate\":\"https:\/\/mhf.ro\/mm\/?s={search_term_string}\"},\"query-input\":{\"@type\":\"PropertyValueSpecification\",\"valueRequired\":true,\"valueName\":\"search_term_string\"}}],\"inLanguage\":\"ro-RO\"},{\"@type\":[\"Person\",\"Organization\"],\"@id\":\"https:\/\/mhf.ro\/mm\/#\/schema\/person\/a3bebf7bdb4bf12f698aff73c7e46c21\",\"name\":\"Marius Marcu\",\"image\":{\"@type\":\"ImageObject\",\"inLanguage\":\"ro-RO\",\"@id\":\"https:\/\/mhf.ro\/mm\/#\/schema\/person\/image\/\",\"url\":\"https:\/\/mhf.ro\/mm\/wp-content\/uploads\/2025\/12\/cropped-logo_mhf_2.png\",\"contentUrl\":\"https:\/\/mhf.ro\/mm\/wp-content\/uploads\/2025\/12\/cropped-logo_mhf_2.png\",\"width\":1096,\"height\":457,\"caption\":\"Marius Marcu\"},\"logo\":{\"@id\":\"https:\/\/mhf.ro\/mm\/#\/schema\/person\/image\/\"},\"sameAs\":[\"https:\/\/mhf.ro\/mm\"],\"url\":\"https:\/\/mhf.ro\/mm\/author\/mihai\/\"}]}<\/script>\n<!-- \/ Yoast SEO plugin. -->","yoast_head_json":{"title":"Cas\u0103 de marcat pentru profesorii care dau medita\u021bii - MHF Photography","robots":{"index":"index","follow":"follow","max-snippet":"max-snippet:-1","max-image-preview":"max-image-preview:large","max-video-preview":"max-video-preview:-1"},"canonical":"https:\/\/mhf.ro\/mm\/casa-de-marcat-pentru-profesorii-care-dau-meditatii\/","og_locale":"ro_RO","og_type":"article","og_title":"Cas\u0103 de marcat pentru profesorii care dau medita\u021bii - MHF Photography","og_description":"Agen\u021bia Na\u021bional\u0103 de Administrare Fiscal\u0103 (ANAF) le reaminte\u0219te profesorilor c\u0103, trebuie s\u0103 achite impozit pe venit \u0219i eventuale contribu\u021bii pentru","og_url":"https:\/\/mhf.ro\/mm\/casa-de-marcat-pentru-profesorii-care-dau-meditatii\/","og_site_name":"MHF Photography","article_published_time":"2021-11-15T07:10:55+00:00","og_image":[{"width":1280,"height":853,"url":"https:\/\/mhf.ro\/mm\/wp-content\/uploads\/2021\/02\/Bani_economie.jpg","type":"image\/jpeg"}],"author":"Marius Marcu","twitter_card":"summary_large_image","twitter_misc":{"Scris de":"Marius Marcu","Timp estimat pentru citire":"2 minute"},"schema":{"@context":"https:\/\/schema.org","@graph":[{"@type":"Article","@id":"https:\/\/mhf.ro\/mm\/casa-de-marcat-pentru-profesorii-care-dau-meditatii\/#article","isPartOf":{"@id":"https:\/\/mhf.ro\/mm\/casa-de-marcat-pentru-profesorii-care-dau-meditatii\/"},"author":{"name":"Marius Marcu","@id":"https:\/\/mhf.ro\/mm\/#\/schema\/person\/a3bebf7bdb4bf12f698aff73c7e46c21"},"headline":"Cas\u0103 de marcat pentru profesorii care dau medita\u021bii","datePublished":"2021-11-15T07:10:55+00:00","mainEntityOfPage":{"@id":"https:\/\/mhf.ro\/mm\/casa-de-marcat-pentru-profesorii-care-dau-meditatii\/"},"wordCount":311,"commentCount":1,"publisher":{"@id":"https:\/\/mhf.ro\/mm\/#\/schema\/person\/a3bebf7bdb4bf12f698aff73c7e46c21"},"image":{"@id":"https:\/\/mhf.ro\/mm\/casa-de-marcat-pentru-profesorii-care-dau-meditatii\/#primaryimage"},"thumbnailUrl":"https:\/\/mhf.ro\/mm\/wp-content\/uploads\/2021\/02\/Bani_economie.jpg","articleSection":["Locale"],"inLanguage":"ro-RO","potentialAction":[{"@type":"CommentAction","name":"Comment","target":["https:\/\/mhf.ro\/mm\/casa-de-marcat-pentru-profesorii-care-dau-meditatii\/#respond"]}]},{"@type":"WebPage","@id":"https:\/\/mhf.ro\/mm\/casa-de-marcat-pentru-profesorii-care-dau-meditatii\/","url":"https:\/\/mhf.ro\/mm\/casa-de-marcat-pentru-profesorii-care-dau-meditatii\/","name":"Cas\u0103 de marcat pentru profesorii care dau medita\u021bii - MHF Photography","isPartOf":{"@id":"https:\/\/mhf.ro\/mm\/#website"},"primaryImageOfPage":{"@id":"https:\/\/mhf.ro\/mm\/casa-de-marcat-pentru-profesorii-care-dau-meditatii\/#primaryimage"},"image":{"@id":"https:\/\/mhf.ro\/mm\/casa-de-marcat-pentru-profesorii-care-dau-meditatii\/#primaryimage"},"thumbnailUrl":"https:\/\/mhf.ro\/mm\/wp-content\/uploads\/2021\/02\/Bani_economie.jpg","datePublished":"2021-11-15T07:10:55+00:00","breadcrumb":{"@id":"https:\/\/mhf.ro\/mm\/casa-de-marcat-pentru-profesorii-care-dau-meditatii\/#breadcrumb"},"inLanguage":"ro-RO","potentialAction":[{"@type":"ReadAction","target":["https:\/\/mhf.ro\/mm\/casa-de-marcat-pentru-profesorii-care-dau-meditatii\/"]}]},{"@type":"ImageObject","inLanguage":"ro-RO","@id":"https:\/\/mhf.ro\/mm\/casa-de-marcat-pentru-profesorii-care-dau-meditatii\/#primaryimage","url":"https:\/\/mhf.ro\/mm\/wp-content\/uploads\/2021\/02\/Bani_economie.jpg","contentUrl":"https:\/\/mhf.ro\/mm\/wp-content\/uploads\/2021\/02\/Bani_economie.jpg","width":1280,"height":853},{"@type":"BreadcrumbList","@id":"https:\/\/mhf.ro\/mm\/casa-de-marcat-pentru-profesorii-care-dau-meditatii\/#breadcrumb","itemListElement":[{"@type":"ListItem","position":1,"name":"Prima pagin\u0103","item":"https:\/\/mhf.ro\/mm\/"},{"@type":"ListItem","position":2,"name":"Cas\u0103 de marcat pentru profesorii care dau medita\u021bii"}]},{"@type":"WebSite","@id":"https:\/\/mhf.ro\/mm\/#website","url":"https:\/\/mhf.ro\/mm\/","name":"MHF Photography \u2013 Blog de fotografie, natur\u0103 \u0219i tehnic\u0103 divers\u0103","description":"Aventur\u0103 \u00een fiecare cadru.","publisher":{"@id":"https:\/\/mhf.ro\/mm\/#\/schema\/person\/a3bebf7bdb4bf12f698aff73c7e46c21"},"potentialAction":[{"@type":"SearchAction","target":{"@type":"EntryPoint","urlTemplate":"https:\/\/mhf.ro\/mm\/?s={search_term_string}"},"query-input":{"@type":"PropertyValueSpecification","valueRequired":true,"valueName":"search_term_string"}}],"inLanguage":"ro-RO"},{"@type":["Person","Organization"],"@id":"https:\/\/mhf.ro\/mm\/#\/schema\/person\/a3bebf7bdb4bf12f698aff73c7e46c21","name":"Marius Marcu","image":{"@type":"ImageObject","inLanguage":"ro-RO","@id":"https:\/\/mhf.ro\/mm\/#\/schema\/person\/image\/","url":"https:\/\/mhf.ro\/mm\/wp-content\/uploads\/2025\/12\/cropped-logo_mhf_2.png","contentUrl":"https:\/\/mhf.ro\/mm\/wp-content\/uploads\/2025\/12\/cropped-logo_mhf_2.png","width":1096,"height":457,"caption":"Marius Marcu"},"logo":{"@id":"https:\/\/mhf.ro\/mm\/#\/schema\/person\/image\/"},"sameAs":["https:\/\/mhf.ro\/mm"],"url":"https:\/\/mhf.ro\/mm\/author\/mihai\/"}]}},"_links":{"self":[{"href":"https:\/\/mhf.ro\/mm\/wp-json\/wp\/v2\/posts\/5613","targetHints":{"allow":["GET"]}}],"collection":[{"href":"https:\/\/mhf.ro\/mm\/wp-json\/wp\/v2\/posts"}],"about":[{"href":"https:\/\/mhf.ro\/mm\/wp-json\/wp\/v2\/types\/post"}],"author":[{"embeddable":true,"href":"https:\/\/mhf.ro\/mm\/wp-json\/wp\/v2\/users\/1"}],"replies":[{"embeddable":true,"href":"https:\/\/mhf.ro\/mm\/wp-json\/wp\/v2\/comments?post=5613"}],"version-history":[{"count":1,"href":"https:\/\/mhf.ro\/mm\/wp-json\/wp\/v2\/posts\/5613\/revisions"}],"predecessor-version":[{"id":5614,"href":"https:\/\/mhf.ro\/mm\/wp-json\/wp\/v2\/posts\/5613\/revisions\/5614"}],"wp:featuredmedia":[{"embeddable":true,"href":"https:\/\/mhf.ro\/mm\/wp-json\/wp\/v2\/media\/4243"}],"wp:attachment":[{"href":"https:\/\/mhf.ro\/mm\/wp-json\/wp\/v2\/media?parent=5613"}],"wp:term":[{"taxonomy":"category","embeddable":true,"href":"https:\/\/mhf.ro\/mm\/wp-json\/wp\/v2\/categories?post=5613"},{"taxonomy":"post_tag","embeddable":true,"href":"https:\/\/mhf.ro\/mm\/wp-json\/wp\/v2\/tags?post=5613"}],"curies":[{"name":"wp","href":"https:\/\/api.w.org\/{rel}","templated":true}]}}