{"id":5626,"date":"2021-11-18T08:28:13","date_gmt":"2021-11-18T06:28:13","guid":{"rendered":"https:\/\/mhf.ro\/mm\/?p=5626"},"modified":"2021-11-18T08:49:32","modified_gmt":"2021-11-18T06:49:32","slug":"usile-de-la-ati-mai-inguste-decat-paturile","status":"publish","type":"post","link":"https:\/\/mhf.ro\/mm\/usile-de-la-ati-mai-inguste-decat-paturile\/","title":{"rendered":"U\u0219ile de la ATI, mai \u00eenguste dec\u00e2t paturile"},"content":{"rendered":"<p>Situa\u021bie absurd\u0103 la Spitalul Jude\u021bean din Br\u0103ila. U\u0219ile de la ATI COVID sunt cu 10 centimetri mai \u00eenguste dec\u00e2t paturile, arat\u0103 Digi24.ro. Asta \u00eenseamn\u0103 c\u0103 \u00een cazul unei evacu\u0103ri de urgen\u0163\u0103, singura solu\u0163ie e ca pacientul s\u0103 fie a\u015fezat pe o targ\u0103, la un loc cu tubul de oxigen \u015fi stativul.<\/p>\n<p>Conducerea spitalului nu a g\u0103sit alt\u0103 solu\u021bie dec\u00e2t cump\u0103rarea unor t\u0103rgi \u00eenguste, care s\u0103 \u00eenacp\u0103 pe acea u\u0219\u0103.Cei de la ISU \u00eens\u0103 nu au tolerat aceast\u0103 solu\u021bie \u0219i i-au somat pe cei din conducerea spitalului s\u0103 g\u0103seasc\u0103 repede un spa\u021biu adecvat pentru sec\u021bia de ATI COVID.<\/p>\n<p>O tragedie p\u00e2nde\u0219te \u00eens\u0103 la u\u0219\u0103. Dac\u0103 p\u00e2n\u0103 la remedierea problemei ar ap\u0103rea o situa\u021bie de urgen\u021b\u0103, paturile, cu tot cu pacient, nu ar putea fi scoase de pe u\u0219\u0103, iar Rom\u00e2nia ar \u00eenregistra o nou\u0103 tragedie. (conf. Jurnalist.ro)<\/p>\n","protected":false},"excerpt":{"rendered":"<p>Situa\u021bie absurd\u0103 la Spitalul Jude\u021bean din Br\u0103ila. U\u0219ile de la ATI COVID sunt cu 10 centimetri mai \u00eenguste dec\u00e2t paturile,<\/p>\n","protected":false},"author":1,"featured_media":5627,"comment_status":"open","ping_status":"open","sticky":false,"template":"","format":"standard","meta":{"colormag_page_container_layout":"default_layout","colormag_page_sidebar_layout":"default_layout","footnotes":""},"categories":[8],"tags":[],"class_list":["post-5626","post","type-post","status-publish","format-standard","has-post-thumbnail","hentry","category-div"],"yoast_head":"<!-- This site is optimized with the Yoast SEO plugin v27.0 - https:\/\/yoast.com\/product\/yoast-seo-wordpress\/ -->\n<title>U\u0219ile de la ATI, mai \u00eenguste dec\u00e2t paturile - MHF Photography<\/title>\n<meta name=\"robots\" content=\"index, follow, max-snippet:-1, max-image-preview:large, max-video-preview:-1\" \/>\n<link rel=\"canonical\" href=\"https:\/\/mhf.ro\/mm\/usile-de-la-ati-mai-inguste-decat-paturile\/\" \/>\n<meta property=\"og:locale\" content=\"ro_RO\" \/>\n<meta property=\"og:type\" content=\"article\" \/>\n<meta property=\"og:title\" content=\"U\u0219ile de la ATI, mai \u00eenguste dec\u00e2t paturile - MHF Photography\" \/>\n<meta property=\"og:description\" content=\"Situa\u021bie absurd\u0103 la Spitalul Jude\u021bean din Br\u0103ila. U\u0219ile de la ATI COVID sunt cu 10 centimetri mai \u00eenguste dec\u00e2t paturile,\" \/>\n<meta property=\"og:url\" content=\"https:\/\/mhf.ro\/mm\/usile-de-la-ati-mai-inguste-decat-paturile\/\" \/>\n<meta property=\"og:site_name\" content=\"MHF Photography\" \/>\n<meta property=\"article:published_time\" content=\"2021-11-18T06:28:13+00:00\" \/>\n<meta property=\"article:modified_time\" content=\"2021-11-18T06:49:32+00:00\" \/>\n<meta property=\"og:image\" content=\"https:\/\/mhf.ro\/mm\/wp-content\/uploads\/2021\/11\/foto-spital.jpg\" \/>\n\t<meta property=\"og:image:width\" content=\"780\" \/>\n\t<meta property=\"og:image:height\" content=\"440\" \/>\n\t<meta property=\"og:image:type\" content=\"image\/jpeg\" \/>\n<meta name=\"author\" content=\"Marius Marcu\" \/>\n<meta name=\"twitter:card\" content=\"summary_large_image\" \/>\n<meta name=\"twitter:label1\" content=\"Scris de\" \/>\n\t<meta name=\"twitter:data1\" content=\"Marius Marcu\" \/>\n\t<meta name=\"twitter:label2\" content=\"Timp estimat pentru citire\" \/>\n\t<meta name=\"twitter:data2\" content=\"1 minut\" \/>\n<script type=\"application\/ld+json\" class=\"yoast-schema-graph\">{\"@context\":\"https:\/\/schema.org\",\"@graph\":[{\"@type\":\"Article\",\"@id\":\"https:\/\/mhf.ro\/mm\/usile-de-la-ati-mai-inguste-decat-paturile\/#article\",\"isPartOf\":{\"@id\":\"https:\/\/mhf.ro\/mm\/usile-de-la-ati-mai-inguste-decat-paturile\/\"},\"author\":{\"name\":\"Marius Marcu\",\"@id\":\"https:\/\/mhf.ro\/mm\/#\/schema\/person\/a3bebf7bdb4bf12f698aff73c7e46c21\"},\"headline\":\"U\u0219ile de la ATI, mai \u00eenguste dec\u00e2t paturile\",\"datePublished\":\"2021-11-18T06:28:13+00:00\",\"dateModified\":\"2021-11-18T06:49:32+00:00\",\"mainEntityOfPage\":{\"@id\":\"https:\/\/mhf.ro\/mm\/usile-de-la-ati-mai-inguste-decat-paturile\/\"},\"wordCount\":171,\"commentCount\":0,\"publisher\":{\"@id\":\"https:\/\/mhf.ro\/mm\/#\/schema\/person\/a3bebf7bdb4bf12f698aff73c7e46c21\"},\"image\":{\"@id\":\"https:\/\/mhf.ro\/mm\/usile-de-la-ati-mai-inguste-decat-paturile\/#primaryimage\"},\"thumbnailUrl\":\"https:\/\/mhf.ro\/mm\/wp-content\/uploads\/2021\/11\/foto-spital.jpg\",\"articleSection\":[\"Diverse\"],\"inLanguage\":\"ro-RO\",\"potentialAction\":[{\"@type\":\"CommentAction\",\"name\":\"Comment\",\"target\":[\"https:\/\/mhf.ro\/mm\/usile-de-la-ati-mai-inguste-decat-paturile\/#respond\"]}]},{\"@type\":\"WebPage\",\"@id\":\"https:\/\/mhf.ro\/mm\/usile-de-la-ati-mai-inguste-decat-paturile\/\",\"url\":\"https:\/\/mhf.ro\/mm\/usile-de-la-ati-mai-inguste-decat-paturile\/\",\"name\":\"U\u0219ile de la ATI, mai \u00eenguste dec\u00e2t paturile - MHF Photography\",\"isPartOf\":{\"@id\":\"https:\/\/mhf.ro\/mm\/#website\"},\"primaryImageOfPage\":{\"@id\":\"https:\/\/mhf.ro\/mm\/usile-de-la-ati-mai-inguste-decat-paturile\/#primaryimage\"},\"image\":{\"@id\":\"https:\/\/mhf.ro\/mm\/usile-de-la-ati-mai-inguste-decat-paturile\/#primaryimage\"},\"thumbnailUrl\":\"https:\/\/mhf.ro\/mm\/wp-content\/uploads\/2021\/11\/foto-spital.jpg\",\"datePublished\":\"2021-11-18T06:28:13+00:00\",\"dateModified\":\"2021-11-18T06:49:32+00:00\",\"breadcrumb\":{\"@id\":\"https:\/\/mhf.ro\/mm\/usile-de-la-ati-mai-inguste-decat-paturile\/#breadcrumb\"},\"inLanguage\":\"ro-RO\",\"potentialAction\":[{\"@type\":\"ReadAction\",\"target\":[\"https:\/\/mhf.ro\/mm\/usile-de-la-ati-mai-inguste-decat-paturile\/\"]}]},{\"@type\":\"ImageObject\",\"inLanguage\":\"ro-RO\",\"@id\":\"https:\/\/mhf.ro\/mm\/usile-de-la-ati-mai-inguste-decat-paturile\/#primaryimage\",\"url\":\"https:\/\/mhf.ro\/mm\/wp-content\/uploads\/2021\/11\/foto-spital.jpg\",\"contentUrl\":\"https:\/\/mhf.ro\/mm\/wp-content\/uploads\/2021\/11\/foto-spital.jpg\",\"width\":780,\"height\":440},{\"@type\":\"BreadcrumbList\",\"@id\":\"https:\/\/mhf.ro\/mm\/usile-de-la-ati-mai-inguste-decat-paturile\/#breadcrumb\",\"itemListElement\":[{\"@type\":\"ListItem\",\"position\":1,\"name\":\"Prima pagin\u0103\",\"item\":\"https:\/\/mhf.ro\/mm\/\"},{\"@type\":\"ListItem\",\"position\":2,\"name\":\"U\u0219ile de la ATI, mai \u00eenguste dec\u00e2t paturile\"}]},{\"@type\":\"WebSite\",\"@id\":\"https:\/\/mhf.ro\/mm\/#website\",\"url\":\"https:\/\/mhf.ro\/mm\/\",\"name\":\"MHF Photography \u2013 Blog de fotografie, natur\u0103 \u0219i tehnic\u0103 divers\u0103\",\"description\":\"Aventur\u0103 \u00een fiecare cadru.\",\"publisher\":{\"@id\":\"https:\/\/mhf.ro\/mm\/#\/schema\/person\/a3bebf7bdb4bf12f698aff73c7e46c21\"},\"potentialAction\":[{\"@type\":\"SearchAction\",\"target\":{\"@type\":\"EntryPoint\",\"urlTemplate\":\"https:\/\/mhf.ro\/mm\/?s={search_term_string}\"},\"query-input\":{\"@type\":\"PropertyValueSpecification\",\"valueRequired\":true,\"valueName\":\"search_term_string\"}}],\"inLanguage\":\"ro-RO\"},{\"@type\":[\"Person\",\"Organization\"],\"@id\":\"https:\/\/mhf.ro\/mm\/#\/schema\/person\/a3bebf7bdb4bf12f698aff73c7e46c21\",\"name\":\"Marius Marcu\",\"image\":{\"@type\":\"ImageObject\",\"inLanguage\":\"ro-RO\",\"@id\":\"https:\/\/mhf.ro\/mm\/#\/schema\/person\/image\/\",\"url\":\"https:\/\/mhf.ro\/mm\/wp-content\/uploads\/2025\/12\/cropped-logo_mhf_2.png\",\"contentUrl\":\"https:\/\/mhf.ro\/mm\/wp-content\/uploads\/2025\/12\/cropped-logo_mhf_2.png\",\"width\":1096,\"height\":457,\"caption\":\"Marius Marcu\"},\"logo\":{\"@id\":\"https:\/\/mhf.ro\/mm\/#\/schema\/person\/image\/\"},\"sameAs\":[\"https:\/\/mhf.ro\/mm\"],\"url\":\"https:\/\/mhf.ro\/mm\/author\/mihai\/\"}]}<\/script>\n<!-- \/ Yoast SEO plugin. -->","yoast_head_json":{"title":"U\u0219ile de la ATI, mai \u00eenguste dec\u00e2t paturile - MHF Photography","robots":{"index":"index","follow":"follow","max-snippet":"max-snippet:-1","max-image-preview":"max-image-preview:large","max-video-preview":"max-video-preview:-1"},"canonical":"https:\/\/mhf.ro\/mm\/usile-de-la-ati-mai-inguste-decat-paturile\/","og_locale":"ro_RO","og_type":"article","og_title":"U\u0219ile de la ATI, mai \u00eenguste dec\u00e2t paturile - MHF Photography","og_description":"Situa\u021bie absurd\u0103 la Spitalul Jude\u021bean din Br\u0103ila. U\u0219ile de la ATI COVID sunt cu 10 centimetri mai \u00eenguste dec\u00e2t paturile,","og_url":"https:\/\/mhf.ro\/mm\/usile-de-la-ati-mai-inguste-decat-paturile\/","og_site_name":"MHF Photography","article_published_time":"2021-11-18T06:28:13+00:00","article_modified_time":"2021-11-18T06:49:32+00:00","og_image":[{"width":780,"height":440,"url":"https:\/\/mhf.ro\/mm\/wp-content\/uploads\/2021\/11\/foto-spital.jpg","type":"image\/jpeg"}],"author":"Marius Marcu","twitter_card":"summary_large_image","twitter_misc":{"Scris de":"Marius Marcu","Timp estimat pentru citire":"1 minut"},"schema":{"@context":"https:\/\/schema.org","@graph":[{"@type":"Article","@id":"https:\/\/mhf.ro\/mm\/usile-de-la-ati-mai-inguste-decat-paturile\/#article","isPartOf":{"@id":"https:\/\/mhf.ro\/mm\/usile-de-la-ati-mai-inguste-decat-paturile\/"},"author":{"name":"Marius Marcu","@id":"https:\/\/mhf.ro\/mm\/#\/schema\/person\/a3bebf7bdb4bf12f698aff73c7e46c21"},"headline":"U\u0219ile de la ATI, mai \u00eenguste dec\u00e2t paturile","datePublished":"2021-11-18T06:28:13+00:00","dateModified":"2021-11-18T06:49:32+00:00","mainEntityOfPage":{"@id":"https:\/\/mhf.ro\/mm\/usile-de-la-ati-mai-inguste-decat-paturile\/"},"wordCount":171,"commentCount":0,"publisher":{"@id":"https:\/\/mhf.ro\/mm\/#\/schema\/person\/a3bebf7bdb4bf12f698aff73c7e46c21"},"image":{"@id":"https:\/\/mhf.ro\/mm\/usile-de-la-ati-mai-inguste-decat-paturile\/#primaryimage"},"thumbnailUrl":"https:\/\/mhf.ro\/mm\/wp-content\/uploads\/2021\/11\/foto-spital.jpg","articleSection":["Diverse"],"inLanguage":"ro-RO","potentialAction":[{"@type":"CommentAction","name":"Comment","target":["https:\/\/mhf.ro\/mm\/usile-de-la-ati-mai-inguste-decat-paturile\/#respond"]}]},{"@type":"WebPage","@id":"https:\/\/mhf.ro\/mm\/usile-de-la-ati-mai-inguste-decat-paturile\/","url":"https:\/\/mhf.ro\/mm\/usile-de-la-ati-mai-inguste-decat-paturile\/","name":"U\u0219ile de la ATI, mai \u00eenguste dec\u00e2t paturile - MHF Photography","isPartOf":{"@id":"https:\/\/mhf.ro\/mm\/#website"},"primaryImageOfPage":{"@id":"https:\/\/mhf.ro\/mm\/usile-de-la-ati-mai-inguste-decat-paturile\/#primaryimage"},"image":{"@id":"https:\/\/mhf.ro\/mm\/usile-de-la-ati-mai-inguste-decat-paturile\/#primaryimage"},"thumbnailUrl":"https:\/\/mhf.ro\/mm\/wp-content\/uploads\/2021\/11\/foto-spital.jpg","datePublished":"2021-11-18T06:28:13+00:00","dateModified":"2021-11-18T06:49:32+00:00","breadcrumb":{"@id":"https:\/\/mhf.ro\/mm\/usile-de-la-ati-mai-inguste-decat-paturile\/#breadcrumb"},"inLanguage":"ro-RO","potentialAction":[{"@type":"ReadAction","target":["https:\/\/mhf.ro\/mm\/usile-de-la-ati-mai-inguste-decat-paturile\/"]}]},{"@type":"ImageObject","inLanguage":"ro-RO","@id":"https:\/\/mhf.ro\/mm\/usile-de-la-ati-mai-inguste-decat-paturile\/#primaryimage","url":"https:\/\/mhf.ro\/mm\/wp-content\/uploads\/2021\/11\/foto-spital.jpg","contentUrl":"https:\/\/mhf.ro\/mm\/wp-content\/uploads\/2021\/11\/foto-spital.jpg","width":780,"height":440},{"@type":"BreadcrumbList","@id":"https:\/\/mhf.ro\/mm\/usile-de-la-ati-mai-inguste-decat-paturile\/#breadcrumb","itemListElement":[{"@type":"ListItem","position":1,"name":"Prima pagin\u0103","item":"https:\/\/mhf.ro\/mm\/"},{"@type":"ListItem","position":2,"name":"U\u0219ile de la ATI, mai \u00eenguste dec\u00e2t paturile"}]},{"@type":"WebSite","@id":"https:\/\/mhf.ro\/mm\/#website","url":"https:\/\/mhf.ro\/mm\/","name":"MHF Photography \u2013 Blog de fotografie, natur\u0103 \u0219i tehnic\u0103 divers\u0103","description":"Aventur\u0103 \u00een fiecare cadru.","publisher":{"@id":"https:\/\/mhf.ro\/mm\/#\/schema\/person\/a3bebf7bdb4bf12f698aff73c7e46c21"},"potentialAction":[{"@type":"SearchAction","target":{"@type":"EntryPoint","urlTemplate":"https:\/\/mhf.ro\/mm\/?s={search_term_string}"},"query-input":{"@type":"PropertyValueSpecification","valueRequired":true,"valueName":"search_term_string"}}],"inLanguage":"ro-RO"},{"@type":["Person","Organization"],"@id":"https:\/\/mhf.ro\/mm\/#\/schema\/person\/a3bebf7bdb4bf12f698aff73c7e46c21","name":"Marius Marcu","image":{"@type":"ImageObject","inLanguage":"ro-RO","@id":"https:\/\/mhf.ro\/mm\/#\/schema\/person\/image\/","url":"https:\/\/mhf.ro\/mm\/wp-content\/uploads\/2025\/12\/cropped-logo_mhf_2.png","contentUrl":"https:\/\/mhf.ro\/mm\/wp-content\/uploads\/2025\/12\/cropped-logo_mhf_2.png","width":1096,"height":457,"caption":"Marius Marcu"},"logo":{"@id":"https:\/\/mhf.ro\/mm\/#\/schema\/person\/image\/"},"sameAs":["https:\/\/mhf.ro\/mm"],"url":"https:\/\/mhf.ro\/mm\/author\/mihai\/"}]}},"_links":{"self":[{"href":"https:\/\/mhf.ro\/mm\/wp-json\/wp\/v2\/posts\/5626","targetHints":{"allow":["GET"]}}],"collection":[{"href":"https:\/\/mhf.ro\/mm\/wp-json\/wp\/v2\/posts"}],"about":[{"href":"https:\/\/mhf.ro\/mm\/wp-json\/wp\/v2\/types\/post"}],"author":[{"embeddable":true,"href":"https:\/\/mhf.ro\/mm\/wp-json\/wp\/v2\/users\/1"}],"replies":[{"embeddable":true,"href":"https:\/\/mhf.ro\/mm\/wp-json\/wp\/v2\/comments?post=5626"}],"version-history":[{"count":1,"href":"https:\/\/mhf.ro\/mm\/wp-json\/wp\/v2\/posts\/5626\/revisions"}],"predecessor-version":[{"id":5628,"href":"https:\/\/mhf.ro\/mm\/wp-json\/wp\/v2\/posts\/5626\/revisions\/5628"}],"wp:featuredmedia":[{"embeddable":true,"href":"https:\/\/mhf.ro\/mm\/wp-json\/wp\/v2\/media\/5627"}],"wp:attachment":[{"href":"https:\/\/mhf.ro\/mm\/wp-json\/wp\/v2\/media?parent=5626"}],"wp:term":[{"taxonomy":"category","embeddable":true,"href":"https:\/\/mhf.ro\/mm\/wp-json\/wp\/v2\/categories?post=5626"},{"taxonomy":"post_tag","embeddable":true,"href":"https:\/\/mhf.ro\/mm\/wp-json\/wp\/v2\/tags?post=5626"}],"curies":[{"name":"wp","href":"https:\/\/api.w.org\/{rel}","templated":true}]}}