{"id":5634,"date":"2021-11-19T08:07:29","date_gmt":"2021-11-19T06:07:29","guid":{"rendered":"https:\/\/mhf.ro\/mm\/?p=5634"},"modified":"2021-11-19T08:07:29","modified_gmt":"2021-11-19T06:07:29","slug":"piata-auto-din-ue-la-un-minim-istoric","status":"publish","type":"post","link":"https:\/\/mhf.ro\/mm\/piata-auto-din-ue-la-un-minim-istoric\/","title":{"rendered":"Pia\u0163a auto din UE, la un minim istoric"},"content":{"rendered":"<p>\u00cenmatricul\u0103rile de autoturisme \u00een Uniunea European\u0103 au sc\u0103zut cu peste 30% \u00een luna octombrie, ating\u00e2nd cel mai sc\u0103zut nivel pentru aceast\u0103 lun\u0103 de la \u00eenceputul colect\u0103rii datelor statistice. Acesta este efectul crize globale de semiconductori, arat\u0103 datele publicate, joi, de Asocia\u0163ia Constructorilor Europeni de Automobile (ACEA).<\/p>\n<p>Potrivit ACEA, 665.001 autoturisme au fost \u00eenmatriculate \u00een luna octombrie a acestui an \u00een Uniunea European\u0103, \u00een sc\u0103dere cu 30,3% comparativ cu 953.603 unit\u0103\u0163i \u00een luna octombrie 2020.<\/p>\n<p>Luna octombrie a fost a patra lun\u0103 consecutiv\u0103 de declin al pie\u0163ei auto, potrivit raportului. Cele mai mari patru pie\u021be auto au avut sc\u0103deri considerabile: Italia (-35,7%), Germania (-34,9%), Fran\u0163a (-30,7%) \u015fi Spania (-20,5%).<\/p>\n<p>\u201cCu 665.001 unit\u0103\u0163i v\u00e2ndute \u00een \u00eentreaga regiune, acesta a fost cel mai slab rezultat \u00een termeni de volum pentru o lun\u0103 octombrie de la debutul colect\u0103rii datelor statistice\u201d, subliniaz\u0103 ACEA, transmite EuropaFM.<\/p>\n<p>Pia\u0163a auto din Rom\u00e2nia a \u00eenregistrat o contrac\u0163ie de 23,3% \u00een luna octombrie, fiind \u00eenmatriculate doar 9.608 autoturisme, fa\u0163\u0103 de 12.523 unit\u0103\u0163i \u00een luna octombrie a anului trecut. (conf. Jurnalist.ro)<\/p>\n","protected":false},"excerpt":{"rendered":"<p>\u00cenmatricul\u0103rile de autoturisme \u00een Uniunea European\u0103 au sc\u0103zut cu peste 30% \u00een luna octombrie, ating\u00e2nd cel mai sc\u0103zut nivel pentru<\/p>\n","protected":false},"author":1,"featured_media":5635,"comment_status":"open","ping_status":"open","sticky":false,"template":"","format":"standard","meta":{"colormag_page_container_layout":"default_layout","colormag_page_sidebar_layout":"default_layout","footnotes":""},"categories":[8],"tags":[],"class_list":["post-5634","post","type-post","status-publish","format-standard","has-post-thumbnail","hentry","category-div"],"yoast_head":"<!-- This site is optimized with the Yoast SEO plugin v27.0 - https:\/\/yoast.com\/product\/yoast-seo-wordpress\/ -->\n<title>Pia\u0163a auto din UE, la un minim istoric - MHF Photography<\/title>\n<meta name=\"robots\" content=\"index, follow, max-snippet:-1, max-image-preview:large, max-video-preview:-1\" \/>\n<link rel=\"canonical\" href=\"https:\/\/mhf.ro\/mm\/piata-auto-din-ue-la-un-minim-istoric\/\" \/>\n<meta property=\"og:locale\" content=\"ro_RO\" \/>\n<meta property=\"og:type\" content=\"article\" \/>\n<meta property=\"og:title\" content=\"Pia\u0163a auto din UE, la un minim istoric - MHF Photography\" \/>\n<meta property=\"og:description\" content=\"\u00cenmatricul\u0103rile de autoturisme \u00een Uniunea European\u0103 au sc\u0103zut cu peste 30% \u00een luna octombrie, ating\u00e2nd cel mai sc\u0103zut nivel pentru\" \/>\n<meta property=\"og:url\" content=\"https:\/\/mhf.ro\/mm\/piata-auto-din-ue-la-un-minim-istoric\/\" \/>\n<meta property=\"og:site_name\" content=\"MHF Photography\" \/>\n<meta property=\"article:published_time\" content=\"2021-11-19T06:07:29+00:00\" \/>\n<meta property=\"og:image\" content=\"https:\/\/mhf.ro\/mm\/wp-content\/uploads\/2021\/11\/masini.jpg\" \/>\n\t<meta property=\"og:image:width\" content=\"860\" \/>\n\t<meta property=\"og:image:height\" content=\"645\" \/>\n\t<meta property=\"og:image:type\" content=\"image\/jpeg\" \/>\n<meta name=\"author\" content=\"Marius Marcu\" \/>\n<meta name=\"twitter:card\" content=\"summary_large_image\" \/>\n<meta name=\"twitter:label1\" content=\"Scris de\" \/>\n\t<meta name=\"twitter:data1\" content=\"Marius Marcu\" \/>\n\t<meta name=\"twitter:label2\" content=\"Timp estimat pentru citire\" \/>\n\t<meta name=\"twitter:data2\" content=\"1 minut\" \/>\n<script type=\"application\/ld+json\" class=\"yoast-schema-graph\">{\"@context\":\"https:\/\/schema.org\",\"@graph\":[{\"@type\":\"Article\",\"@id\":\"https:\/\/mhf.ro\/mm\/piata-auto-din-ue-la-un-minim-istoric\/#article\",\"isPartOf\":{\"@id\":\"https:\/\/mhf.ro\/mm\/piata-auto-din-ue-la-un-minim-istoric\/\"},\"author\":{\"name\":\"Marius Marcu\",\"@id\":\"https:\/\/mhf.ro\/mm\/#\/schema\/person\/a3bebf7bdb4bf12f698aff73c7e46c21\"},\"headline\":\"Pia\u0163a auto din UE, la un minim istoric\",\"datePublished\":\"2021-11-19T06:07:29+00:00\",\"mainEntityOfPage\":{\"@id\":\"https:\/\/mhf.ro\/mm\/piata-auto-din-ue-la-un-minim-istoric\/\"},\"wordCount\":190,\"commentCount\":0,\"publisher\":{\"@id\":\"https:\/\/mhf.ro\/mm\/#\/schema\/person\/a3bebf7bdb4bf12f698aff73c7e46c21\"},\"image\":{\"@id\":\"https:\/\/mhf.ro\/mm\/piata-auto-din-ue-la-un-minim-istoric\/#primaryimage\"},\"thumbnailUrl\":\"https:\/\/mhf.ro\/mm\/wp-content\/uploads\/2021\/11\/masini.jpg\",\"articleSection\":[\"Diverse\"],\"inLanguage\":\"ro-RO\",\"potentialAction\":[{\"@type\":\"CommentAction\",\"name\":\"Comment\",\"target\":[\"https:\/\/mhf.ro\/mm\/piata-auto-din-ue-la-un-minim-istoric\/#respond\"]}]},{\"@type\":\"WebPage\",\"@id\":\"https:\/\/mhf.ro\/mm\/piata-auto-din-ue-la-un-minim-istoric\/\",\"url\":\"https:\/\/mhf.ro\/mm\/piata-auto-din-ue-la-un-minim-istoric\/\",\"name\":\"Pia\u0163a auto din UE, la un minim istoric - MHF Photography\",\"isPartOf\":{\"@id\":\"https:\/\/mhf.ro\/mm\/#website\"},\"primaryImageOfPage\":{\"@id\":\"https:\/\/mhf.ro\/mm\/piata-auto-din-ue-la-un-minim-istoric\/#primaryimage\"},\"image\":{\"@id\":\"https:\/\/mhf.ro\/mm\/piata-auto-din-ue-la-un-minim-istoric\/#primaryimage\"},\"thumbnailUrl\":\"https:\/\/mhf.ro\/mm\/wp-content\/uploads\/2021\/11\/masini.jpg\",\"datePublished\":\"2021-11-19T06:07:29+00:00\",\"breadcrumb\":{\"@id\":\"https:\/\/mhf.ro\/mm\/piata-auto-din-ue-la-un-minim-istoric\/#breadcrumb\"},\"inLanguage\":\"ro-RO\",\"potentialAction\":[{\"@type\":\"ReadAction\",\"target\":[\"https:\/\/mhf.ro\/mm\/piata-auto-din-ue-la-un-minim-istoric\/\"]}]},{\"@type\":\"ImageObject\",\"inLanguage\":\"ro-RO\",\"@id\":\"https:\/\/mhf.ro\/mm\/piata-auto-din-ue-la-un-minim-istoric\/#primaryimage\",\"url\":\"https:\/\/mhf.ro\/mm\/wp-content\/uploads\/2021\/11\/masini.jpg\",\"contentUrl\":\"https:\/\/mhf.ro\/mm\/wp-content\/uploads\/2021\/11\/masini.jpg\",\"width\":860,\"height\":645},{\"@type\":\"BreadcrumbList\",\"@id\":\"https:\/\/mhf.ro\/mm\/piata-auto-din-ue-la-un-minim-istoric\/#breadcrumb\",\"itemListElement\":[{\"@type\":\"ListItem\",\"position\":1,\"name\":\"Prima pagin\u0103\",\"item\":\"https:\/\/mhf.ro\/mm\/\"},{\"@type\":\"ListItem\",\"position\":2,\"name\":\"Pia\u0163a auto din UE, la un minim istoric\"}]},{\"@type\":\"WebSite\",\"@id\":\"https:\/\/mhf.ro\/mm\/#website\",\"url\":\"https:\/\/mhf.ro\/mm\/\",\"name\":\"MHF Photography \u2013 Blog de fotografie, natur\u0103 \u0219i tehnic\u0103 divers\u0103\",\"description\":\"Aventur\u0103 \u00een fiecare cadru.\",\"publisher\":{\"@id\":\"https:\/\/mhf.ro\/mm\/#\/schema\/person\/a3bebf7bdb4bf12f698aff73c7e46c21\"},\"potentialAction\":[{\"@type\":\"SearchAction\",\"target\":{\"@type\":\"EntryPoint\",\"urlTemplate\":\"https:\/\/mhf.ro\/mm\/?s={search_term_string}\"},\"query-input\":{\"@type\":\"PropertyValueSpecification\",\"valueRequired\":true,\"valueName\":\"search_term_string\"}}],\"inLanguage\":\"ro-RO\"},{\"@type\":[\"Person\",\"Organization\"],\"@id\":\"https:\/\/mhf.ro\/mm\/#\/schema\/person\/a3bebf7bdb4bf12f698aff73c7e46c21\",\"name\":\"Marius Marcu\",\"image\":{\"@type\":\"ImageObject\",\"inLanguage\":\"ro-RO\",\"@id\":\"https:\/\/mhf.ro\/mm\/#\/schema\/person\/image\/\",\"url\":\"https:\/\/mhf.ro\/mm\/wp-content\/uploads\/2025\/12\/cropped-logo_mhf_2.png\",\"contentUrl\":\"https:\/\/mhf.ro\/mm\/wp-content\/uploads\/2025\/12\/cropped-logo_mhf_2.png\",\"width\":1096,\"height\":457,\"caption\":\"Marius Marcu\"},\"logo\":{\"@id\":\"https:\/\/mhf.ro\/mm\/#\/schema\/person\/image\/\"},\"sameAs\":[\"https:\/\/mhf.ro\/mm\"],\"url\":\"https:\/\/mhf.ro\/mm\/author\/mihai\/\"}]}<\/script>\n<!-- \/ Yoast SEO plugin. -->","yoast_head_json":{"title":"Pia\u0163a auto din UE, la un minim istoric - MHF Photography","robots":{"index":"index","follow":"follow","max-snippet":"max-snippet:-1","max-image-preview":"max-image-preview:large","max-video-preview":"max-video-preview:-1"},"canonical":"https:\/\/mhf.ro\/mm\/piata-auto-din-ue-la-un-minim-istoric\/","og_locale":"ro_RO","og_type":"article","og_title":"Pia\u0163a auto din UE, la un minim istoric - MHF Photography","og_description":"\u00cenmatricul\u0103rile de autoturisme \u00een Uniunea European\u0103 au sc\u0103zut cu peste 30% \u00een luna octombrie, ating\u00e2nd cel mai sc\u0103zut nivel pentru","og_url":"https:\/\/mhf.ro\/mm\/piata-auto-din-ue-la-un-minim-istoric\/","og_site_name":"MHF Photography","article_published_time":"2021-11-19T06:07:29+00:00","og_image":[{"width":860,"height":645,"url":"https:\/\/mhf.ro\/mm\/wp-content\/uploads\/2021\/11\/masini.jpg","type":"image\/jpeg"}],"author":"Marius Marcu","twitter_card":"summary_large_image","twitter_misc":{"Scris de":"Marius Marcu","Timp estimat pentru citire":"1 minut"},"schema":{"@context":"https:\/\/schema.org","@graph":[{"@type":"Article","@id":"https:\/\/mhf.ro\/mm\/piata-auto-din-ue-la-un-minim-istoric\/#article","isPartOf":{"@id":"https:\/\/mhf.ro\/mm\/piata-auto-din-ue-la-un-minim-istoric\/"},"author":{"name":"Marius Marcu","@id":"https:\/\/mhf.ro\/mm\/#\/schema\/person\/a3bebf7bdb4bf12f698aff73c7e46c21"},"headline":"Pia\u0163a auto din UE, la un minim istoric","datePublished":"2021-11-19T06:07:29+00:00","mainEntityOfPage":{"@id":"https:\/\/mhf.ro\/mm\/piata-auto-din-ue-la-un-minim-istoric\/"},"wordCount":190,"commentCount":0,"publisher":{"@id":"https:\/\/mhf.ro\/mm\/#\/schema\/person\/a3bebf7bdb4bf12f698aff73c7e46c21"},"image":{"@id":"https:\/\/mhf.ro\/mm\/piata-auto-din-ue-la-un-minim-istoric\/#primaryimage"},"thumbnailUrl":"https:\/\/mhf.ro\/mm\/wp-content\/uploads\/2021\/11\/masini.jpg","articleSection":["Diverse"],"inLanguage":"ro-RO","potentialAction":[{"@type":"CommentAction","name":"Comment","target":["https:\/\/mhf.ro\/mm\/piata-auto-din-ue-la-un-minim-istoric\/#respond"]}]},{"@type":"WebPage","@id":"https:\/\/mhf.ro\/mm\/piata-auto-din-ue-la-un-minim-istoric\/","url":"https:\/\/mhf.ro\/mm\/piata-auto-din-ue-la-un-minim-istoric\/","name":"Pia\u0163a auto din UE, la un minim istoric - MHF Photography","isPartOf":{"@id":"https:\/\/mhf.ro\/mm\/#website"},"primaryImageOfPage":{"@id":"https:\/\/mhf.ro\/mm\/piata-auto-din-ue-la-un-minim-istoric\/#primaryimage"},"image":{"@id":"https:\/\/mhf.ro\/mm\/piata-auto-din-ue-la-un-minim-istoric\/#primaryimage"},"thumbnailUrl":"https:\/\/mhf.ro\/mm\/wp-content\/uploads\/2021\/11\/masini.jpg","datePublished":"2021-11-19T06:07:29+00:00","breadcrumb":{"@id":"https:\/\/mhf.ro\/mm\/piata-auto-din-ue-la-un-minim-istoric\/#breadcrumb"},"inLanguage":"ro-RO","potentialAction":[{"@type":"ReadAction","target":["https:\/\/mhf.ro\/mm\/piata-auto-din-ue-la-un-minim-istoric\/"]}]},{"@type":"ImageObject","inLanguage":"ro-RO","@id":"https:\/\/mhf.ro\/mm\/piata-auto-din-ue-la-un-minim-istoric\/#primaryimage","url":"https:\/\/mhf.ro\/mm\/wp-content\/uploads\/2021\/11\/masini.jpg","contentUrl":"https:\/\/mhf.ro\/mm\/wp-content\/uploads\/2021\/11\/masini.jpg","width":860,"height":645},{"@type":"BreadcrumbList","@id":"https:\/\/mhf.ro\/mm\/piata-auto-din-ue-la-un-minim-istoric\/#breadcrumb","itemListElement":[{"@type":"ListItem","position":1,"name":"Prima pagin\u0103","item":"https:\/\/mhf.ro\/mm\/"},{"@type":"ListItem","position":2,"name":"Pia\u0163a auto din UE, la un minim istoric"}]},{"@type":"WebSite","@id":"https:\/\/mhf.ro\/mm\/#website","url":"https:\/\/mhf.ro\/mm\/","name":"MHF Photography \u2013 Blog de fotografie, natur\u0103 \u0219i tehnic\u0103 divers\u0103","description":"Aventur\u0103 \u00een fiecare cadru.","publisher":{"@id":"https:\/\/mhf.ro\/mm\/#\/schema\/person\/a3bebf7bdb4bf12f698aff73c7e46c21"},"potentialAction":[{"@type":"SearchAction","target":{"@type":"EntryPoint","urlTemplate":"https:\/\/mhf.ro\/mm\/?s={search_term_string}"},"query-input":{"@type":"PropertyValueSpecification","valueRequired":true,"valueName":"search_term_string"}}],"inLanguage":"ro-RO"},{"@type":["Person","Organization"],"@id":"https:\/\/mhf.ro\/mm\/#\/schema\/person\/a3bebf7bdb4bf12f698aff73c7e46c21","name":"Marius Marcu","image":{"@type":"ImageObject","inLanguage":"ro-RO","@id":"https:\/\/mhf.ro\/mm\/#\/schema\/person\/image\/","url":"https:\/\/mhf.ro\/mm\/wp-content\/uploads\/2025\/12\/cropped-logo_mhf_2.png","contentUrl":"https:\/\/mhf.ro\/mm\/wp-content\/uploads\/2025\/12\/cropped-logo_mhf_2.png","width":1096,"height":457,"caption":"Marius Marcu"},"logo":{"@id":"https:\/\/mhf.ro\/mm\/#\/schema\/person\/image\/"},"sameAs":["https:\/\/mhf.ro\/mm"],"url":"https:\/\/mhf.ro\/mm\/author\/mihai\/"}]}},"_links":{"self":[{"href":"https:\/\/mhf.ro\/mm\/wp-json\/wp\/v2\/posts\/5634","targetHints":{"allow":["GET"]}}],"collection":[{"href":"https:\/\/mhf.ro\/mm\/wp-json\/wp\/v2\/posts"}],"about":[{"href":"https:\/\/mhf.ro\/mm\/wp-json\/wp\/v2\/types\/post"}],"author":[{"embeddable":true,"href":"https:\/\/mhf.ro\/mm\/wp-json\/wp\/v2\/users\/1"}],"replies":[{"embeddable":true,"href":"https:\/\/mhf.ro\/mm\/wp-json\/wp\/v2\/comments?post=5634"}],"version-history":[{"count":1,"href":"https:\/\/mhf.ro\/mm\/wp-json\/wp\/v2\/posts\/5634\/revisions"}],"predecessor-version":[{"id":5636,"href":"https:\/\/mhf.ro\/mm\/wp-json\/wp\/v2\/posts\/5634\/revisions\/5636"}],"wp:featuredmedia":[{"embeddable":true,"href":"https:\/\/mhf.ro\/mm\/wp-json\/wp\/v2\/media\/5635"}],"wp:attachment":[{"href":"https:\/\/mhf.ro\/mm\/wp-json\/wp\/v2\/media?parent=5634"}],"wp:term":[{"taxonomy":"category","embeddable":true,"href":"https:\/\/mhf.ro\/mm\/wp-json\/wp\/v2\/categories?post=5634"},{"taxonomy":"post_tag","embeddable":true,"href":"https:\/\/mhf.ro\/mm\/wp-json\/wp\/v2\/tags?post=5634"}],"curies":[{"name":"wp","href":"https:\/\/api.w.org\/{rel}","templated":true}]}}