{"id":5646,"date":"2021-11-21T12:35:55","date_gmt":"2021-11-21T10:35:55","guid":{"rendered":"https:\/\/mhf.ro\/mm\/?p=5646"},"modified":"2021-11-21T12:37:35","modified_gmt":"2021-11-21T10:37:35","slug":"marile-companii-schimba-perspectiva-de-lucru","status":"publish","type":"post","link":"https:\/\/mhf.ro\/mm\/marile-companii-schimba-perspectiva-de-lucru\/","title":{"rendered":"Marile companii schimb\u0103 perspectiva de lucru"},"content":{"rendered":"<h4>Pandemia a schimbat definitiv perspectivele de lucru ale marilor companii.<\/h4>\n<p>Ericssonn este unul dintre cei mai mari angajatori din Suedia. Compania pl\u0103nuie\u015fte ca jum\u0103tate din cei 102.000 de angaja\u0163i s\u0103 lucreze permanent de acas\u0103.<\/p>\n<p>\u00cen urm\u0103toarea perioada Ericssonn va reduce spa\u0163iul de birou \u00een cele 400 de sedii ale sale, scrie Bloomberg, citat de ZF \u0219i preluat de mediafax.<\/p>\n<p>\u201eA devenit foarte clar \u00een prim\u0103vara lui 2020 c\u0103 nu ne vom \u00eentoarce niciodat\u0103 la vechiul mod de lucru. Consider\u0103m c\u0103 este mult mai eficient lucrul de acas\u0103. Pe termen lung, urm\u0103rim un model hibrid: 50% la birou, 50% la distan\u0163\u0103\u201d, a declarat Peter Laurin, \u015feful Serviciilor gestionate la Ericsson.<\/p>\n<p>Aproximativ 85% din for\u0163a de munc\u0103 de la Ericsson la nivel global lucreaz\u0103 \u00eenc\u0103 de acas\u0103, chiar dac\u0103 procesul de vaccinare merge bine.<\/p>\n<p>Compania a efectuat sondaje \u00een r\u00e2ndul angaja\u0163ilor s\u0103i \u0219i a decis c\u0103 va oferi personalului flexibilitatea de a lucra de la distan\u0163\u0103 p\u00e2n\u0103 la jum\u0103tate din orele de lucru.<\/p>\n<p>Angaja\u0163ii a c\u0103ror prezen\u0163\u0103 \u00een birou nu este \u201ecritic\u0103 pentru afaceri\u201d vor putea decide \u00eempreun\u0103 cu managerii lor dac\u0103 vor s\u0103 lucreze acas\u0103, \u00een deplasare sau, de exemplu, dintr-o cafenea. Acest lucru va fi posibil c\u00e2nd restric\u021biile vor fi complet ridicate.<\/p>\n<h4>Oficialii au avertizat despre poten\u0163ialele riscuri asupra carierelor.<\/h4>\n<p>Catherine Mann de la Banca Angliei a declarat c\u0103 modelul hibrid de munc\u0103 ar putea l\u0103rgi diferen\u0163a de gen prin deschiderea a \u201edou\u0103 c\u0103i\u201d.<\/p>\n<p>\u201eDepinde de fiecare manager s\u0103 analizeze cea mai bun\u0103 metod\u0103 de lucru cu angaja\u0163ii\u201d, a spus Laurin, potrivit sursei citate.<\/p>\n<p>Ericsson are \u00een plan s\u0103 reproiecteze toate cele 400 de birouri ale sale la nivel global \u00een urm\u0103torii cinci ani.<\/p>\n<p>De\u0219i reprezentantul Ericssonn a spus c\u0103 planul actual \u201ecu siguran\u021b\u0103 nu este de a reduce spa\u021biul alocat birourilor\u201d, el a recunoscut c\u0103 o reducere de personal ar putea fi inevitabil\u0103. (conf. Jurnalist.ro)<\/p>\n","protected":false},"excerpt":{"rendered":"<p>Pandemia a schimbat definitiv perspectivele de lucru ale marilor companii. Ericssonn este unul dintre cei mai mari angajatori din Suedia.<\/p>\n","protected":false},"author":1,"featured_media":5647,"comment_status":"open","ping_status":"open","sticky":false,"template":"","format":"standard","meta":{"colormag_page_container_layout":"default_layout","colormag_page_sidebar_layout":"default_layout","footnotes":""},"categories":[5],"tags":[],"class_list":["post-5646","post","type-post","status-publish","format-standard","has-post-thumbnail","hentry","category-locale"],"yoast_head":"<!-- This site is optimized with the Yoast SEO plugin v27.0 - https:\/\/yoast.com\/product\/yoast-seo-wordpress\/ -->\n<title>Marile companii schimb\u0103 perspectiva de lucru - MHF Photography<\/title>\n<meta name=\"robots\" content=\"index, follow, max-snippet:-1, max-image-preview:large, max-video-preview:-1\" \/>\n<link rel=\"canonical\" href=\"https:\/\/mhf.ro\/mm\/marile-companii-schimba-perspectiva-de-lucru\/\" \/>\n<meta property=\"og:locale\" content=\"ro_RO\" \/>\n<meta property=\"og:type\" content=\"article\" \/>\n<meta property=\"og:title\" content=\"Marile companii schimb\u0103 perspectiva de lucru - MHF Photography\" \/>\n<meta property=\"og:description\" content=\"Pandemia a schimbat definitiv perspectivele de lucru ale marilor companii. Ericssonn este unul dintre cei mai mari angajatori din Suedia.\" \/>\n<meta property=\"og:url\" content=\"https:\/\/mhf.ro\/mm\/marile-companii-schimba-perspectiva-de-lucru\/\" \/>\n<meta property=\"og:site_name\" content=\"MHF Photography\" \/>\n<meta property=\"article:published_time\" content=\"2021-11-21T10:35:55+00:00\" \/>\n<meta property=\"article:modified_time\" content=\"2021-11-21T10:37:35+00:00\" \/>\n<meta property=\"og:image\" content=\"https:\/\/mhf.ro\/mm\/wp-content\/uploads\/2021\/11\/43222121.jpg\" \/>\n\t<meta property=\"og:image:width\" content=\"1063\" \/>\n\t<meta property=\"og:image:height\" content=\"560\" \/>\n\t<meta property=\"og:image:type\" content=\"image\/jpeg\" \/>\n<meta name=\"author\" content=\"Marius Marcu\" \/>\n<meta name=\"twitter:card\" content=\"summary_large_image\" \/>\n<meta name=\"twitter:label1\" content=\"Scris de\" \/>\n\t<meta name=\"twitter:data1\" content=\"Marius Marcu\" \/>\n\t<meta name=\"twitter:label2\" content=\"Timp estimat pentru citire\" \/>\n\t<meta name=\"twitter:data2\" content=\"2 minute\" \/>\n<script type=\"application\/ld+json\" class=\"yoast-schema-graph\">{\"@context\":\"https:\/\/schema.org\",\"@graph\":[{\"@type\":\"Article\",\"@id\":\"https:\/\/mhf.ro\/mm\/marile-companii-schimba-perspectiva-de-lucru\/#article\",\"isPartOf\":{\"@id\":\"https:\/\/mhf.ro\/mm\/marile-companii-schimba-perspectiva-de-lucru\/\"},\"author\":{\"name\":\"Marius Marcu\",\"@id\":\"https:\/\/mhf.ro\/mm\/#\/schema\/person\/a3bebf7bdb4bf12f698aff73c7e46c21\"},\"headline\":\"Marile companii schimb\u0103 perspectiva de lucru\",\"datePublished\":\"2021-11-21T10:35:55+00:00\",\"dateModified\":\"2021-11-21T10:37:35+00:00\",\"mainEntityOfPage\":{\"@id\":\"https:\/\/mhf.ro\/mm\/marile-companii-schimba-perspectiva-de-lucru\/\"},\"wordCount\":333,\"commentCount\":0,\"publisher\":{\"@id\":\"https:\/\/mhf.ro\/mm\/#\/schema\/person\/a3bebf7bdb4bf12f698aff73c7e46c21\"},\"image\":{\"@id\":\"https:\/\/mhf.ro\/mm\/marile-companii-schimba-perspectiva-de-lucru\/#primaryimage\"},\"thumbnailUrl\":\"https:\/\/mhf.ro\/mm\/wp-content\/uploads\/2021\/11\/43222121.jpg\",\"articleSection\":[\"Locale\"],\"inLanguage\":\"ro-RO\",\"potentialAction\":[{\"@type\":\"CommentAction\",\"name\":\"Comment\",\"target\":[\"https:\/\/mhf.ro\/mm\/marile-companii-schimba-perspectiva-de-lucru\/#respond\"]}]},{\"@type\":\"WebPage\",\"@id\":\"https:\/\/mhf.ro\/mm\/marile-companii-schimba-perspectiva-de-lucru\/\",\"url\":\"https:\/\/mhf.ro\/mm\/marile-companii-schimba-perspectiva-de-lucru\/\",\"name\":\"Marile companii schimb\u0103 perspectiva de lucru - MHF Photography\",\"isPartOf\":{\"@id\":\"https:\/\/mhf.ro\/mm\/#website\"},\"primaryImageOfPage\":{\"@id\":\"https:\/\/mhf.ro\/mm\/marile-companii-schimba-perspectiva-de-lucru\/#primaryimage\"},\"image\":{\"@id\":\"https:\/\/mhf.ro\/mm\/marile-companii-schimba-perspectiva-de-lucru\/#primaryimage\"},\"thumbnailUrl\":\"https:\/\/mhf.ro\/mm\/wp-content\/uploads\/2021\/11\/43222121.jpg\",\"datePublished\":\"2021-11-21T10:35:55+00:00\",\"dateModified\":\"2021-11-21T10:37:35+00:00\",\"breadcrumb\":{\"@id\":\"https:\/\/mhf.ro\/mm\/marile-companii-schimba-perspectiva-de-lucru\/#breadcrumb\"},\"inLanguage\":\"ro-RO\",\"potentialAction\":[{\"@type\":\"ReadAction\",\"target\":[\"https:\/\/mhf.ro\/mm\/marile-companii-schimba-perspectiva-de-lucru\/\"]}]},{\"@type\":\"ImageObject\",\"inLanguage\":\"ro-RO\",\"@id\":\"https:\/\/mhf.ro\/mm\/marile-companii-schimba-perspectiva-de-lucru\/#primaryimage\",\"url\":\"https:\/\/mhf.ro\/mm\/wp-content\/uploads\/2021\/11\/43222121.jpg\",\"contentUrl\":\"https:\/\/mhf.ro\/mm\/wp-content\/uploads\/2021\/11\/43222121.jpg\",\"width\":1063,\"height\":560},{\"@type\":\"BreadcrumbList\",\"@id\":\"https:\/\/mhf.ro\/mm\/marile-companii-schimba-perspectiva-de-lucru\/#breadcrumb\",\"itemListElement\":[{\"@type\":\"ListItem\",\"position\":1,\"name\":\"Prima pagin\u0103\",\"item\":\"https:\/\/mhf.ro\/mm\/\"},{\"@type\":\"ListItem\",\"position\":2,\"name\":\"Marile companii schimb\u0103 perspectiva de lucru\"}]},{\"@type\":\"WebSite\",\"@id\":\"https:\/\/mhf.ro\/mm\/#website\",\"url\":\"https:\/\/mhf.ro\/mm\/\",\"name\":\"MHF Photography \u2013 Blog de fotografie, natur\u0103 \u0219i tehnic\u0103 divers\u0103\",\"description\":\"Aventur\u0103 \u00een fiecare cadru.\",\"publisher\":{\"@id\":\"https:\/\/mhf.ro\/mm\/#\/schema\/person\/a3bebf7bdb4bf12f698aff73c7e46c21\"},\"potentialAction\":[{\"@type\":\"SearchAction\",\"target\":{\"@type\":\"EntryPoint\",\"urlTemplate\":\"https:\/\/mhf.ro\/mm\/?s={search_term_string}\"},\"query-input\":{\"@type\":\"PropertyValueSpecification\",\"valueRequired\":true,\"valueName\":\"search_term_string\"}}],\"inLanguage\":\"ro-RO\"},{\"@type\":[\"Person\",\"Organization\"],\"@id\":\"https:\/\/mhf.ro\/mm\/#\/schema\/person\/a3bebf7bdb4bf12f698aff73c7e46c21\",\"name\":\"Marius Marcu\",\"image\":{\"@type\":\"ImageObject\",\"inLanguage\":\"ro-RO\",\"@id\":\"https:\/\/mhf.ro\/mm\/#\/schema\/person\/image\/\",\"url\":\"https:\/\/mhf.ro\/mm\/wp-content\/uploads\/2025\/12\/cropped-logo_mhf_2.png\",\"contentUrl\":\"https:\/\/mhf.ro\/mm\/wp-content\/uploads\/2025\/12\/cropped-logo_mhf_2.png\",\"width\":1096,\"height\":457,\"caption\":\"Marius Marcu\"},\"logo\":{\"@id\":\"https:\/\/mhf.ro\/mm\/#\/schema\/person\/image\/\"},\"sameAs\":[\"https:\/\/mhf.ro\/mm\"],\"url\":\"https:\/\/mhf.ro\/mm\/author\/mihai\/\"}]}<\/script>\n<!-- \/ Yoast SEO plugin. -->","yoast_head_json":{"title":"Marile companii schimb\u0103 perspectiva de lucru - MHF Photography","robots":{"index":"index","follow":"follow","max-snippet":"max-snippet:-1","max-image-preview":"max-image-preview:large","max-video-preview":"max-video-preview:-1"},"canonical":"https:\/\/mhf.ro\/mm\/marile-companii-schimba-perspectiva-de-lucru\/","og_locale":"ro_RO","og_type":"article","og_title":"Marile companii schimb\u0103 perspectiva de lucru - MHF Photography","og_description":"Pandemia a schimbat definitiv perspectivele de lucru ale marilor companii. Ericssonn este unul dintre cei mai mari angajatori din Suedia.","og_url":"https:\/\/mhf.ro\/mm\/marile-companii-schimba-perspectiva-de-lucru\/","og_site_name":"MHF Photography","article_published_time":"2021-11-21T10:35:55+00:00","article_modified_time":"2021-11-21T10:37:35+00:00","og_image":[{"width":1063,"height":560,"url":"https:\/\/mhf.ro\/mm\/wp-content\/uploads\/2021\/11\/43222121.jpg","type":"image\/jpeg"}],"author":"Marius Marcu","twitter_card":"summary_large_image","twitter_misc":{"Scris de":"Marius Marcu","Timp estimat pentru citire":"2 minute"},"schema":{"@context":"https:\/\/schema.org","@graph":[{"@type":"Article","@id":"https:\/\/mhf.ro\/mm\/marile-companii-schimba-perspectiva-de-lucru\/#article","isPartOf":{"@id":"https:\/\/mhf.ro\/mm\/marile-companii-schimba-perspectiva-de-lucru\/"},"author":{"name":"Marius Marcu","@id":"https:\/\/mhf.ro\/mm\/#\/schema\/person\/a3bebf7bdb4bf12f698aff73c7e46c21"},"headline":"Marile companii schimb\u0103 perspectiva de lucru","datePublished":"2021-11-21T10:35:55+00:00","dateModified":"2021-11-21T10:37:35+00:00","mainEntityOfPage":{"@id":"https:\/\/mhf.ro\/mm\/marile-companii-schimba-perspectiva-de-lucru\/"},"wordCount":333,"commentCount":0,"publisher":{"@id":"https:\/\/mhf.ro\/mm\/#\/schema\/person\/a3bebf7bdb4bf12f698aff73c7e46c21"},"image":{"@id":"https:\/\/mhf.ro\/mm\/marile-companii-schimba-perspectiva-de-lucru\/#primaryimage"},"thumbnailUrl":"https:\/\/mhf.ro\/mm\/wp-content\/uploads\/2021\/11\/43222121.jpg","articleSection":["Locale"],"inLanguage":"ro-RO","potentialAction":[{"@type":"CommentAction","name":"Comment","target":["https:\/\/mhf.ro\/mm\/marile-companii-schimba-perspectiva-de-lucru\/#respond"]}]},{"@type":"WebPage","@id":"https:\/\/mhf.ro\/mm\/marile-companii-schimba-perspectiva-de-lucru\/","url":"https:\/\/mhf.ro\/mm\/marile-companii-schimba-perspectiva-de-lucru\/","name":"Marile companii schimb\u0103 perspectiva de lucru - MHF Photography","isPartOf":{"@id":"https:\/\/mhf.ro\/mm\/#website"},"primaryImageOfPage":{"@id":"https:\/\/mhf.ro\/mm\/marile-companii-schimba-perspectiva-de-lucru\/#primaryimage"},"image":{"@id":"https:\/\/mhf.ro\/mm\/marile-companii-schimba-perspectiva-de-lucru\/#primaryimage"},"thumbnailUrl":"https:\/\/mhf.ro\/mm\/wp-content\/uploads\/2021\/11\/43222121.jpg","datePublished":"2021-11-21T10:35:55+00:00","dateModified":"2021-11-21T10:37:35+00:00","breadcrumb":{"@id":"https:\/\/mhf.ro\/mm\/marile-companii-schimba-perspectiva-de-lucru\/#breadcrumb"},"inLanguage":"ro-RO","potentialAction":[{"@type":"ReadAction","target":["https:\/\/mhf.ro\/mm\/marile-companii-schimba-perspectiva-de-lucru\/"]}]},{"@type":"ImageObject","inLanguage":"ro-RO","@id":"https:\/\/mhf.ro\/mm\/marile-companii-schimba-perspectiva-de-lucru\/#primaryimage","url":"https:\/\/mhf.ro\/mm\/wp-content\/uploads\/2021\/11\/43222121.jpg","contentUrl":"https:\/\/mhf.ro\/mm\/wp-content\/uploads\/2021\/11\/43222121.jpg","width":1063,"height":560},{"@type":"BreadcrumbList","@id":"https:\/\/mhf.ro\/mm\/marile-companii-schimba-perspectiva-de-lucru\/#breadcrumb","itemListElement":[{"@type":"ListItem","position":1,"name":"Prima pagin\u0103","item":"https:\/\/mhf.ro\/mm\/"},{"@type":"ListItem","position":2,"name":"Marile companii schimb\u0103 perspectiva de lucru"}]},{"@type":"WebSite","@id":"https:\/\/mhf.ro\/mm\/#website","url":"https:\/\/mhf.ro\/mm\/","name":"MHF Photography \u2013 Blog de fotografie, natur\u0103 \u0219i tehnic\u0103 divers\u0103","description":"Aventur\u0103 \u00een fiecare cadru.","publisher":{"@id":"https:\/\/mhf.ro\/mm\/#\/schema\/person\/a3bebf7bdb4bf12f698aff73c7e46c21"},"potentialAction":[{"@type":"SearchAction","target":{"@type":"EntryPoint","urlTemplate":"https:\/\/mhf.ro\/mm\/?s={search_term_string}"},"query-input":{"@type":"PropertyValueSpecification","valueRequired":true,"valueName":"search_term_string"}}],"inLanguage":"ro-RO"},{"@type":["Person","Organization"],"@id":"https:\/\/mhf.ro\/mm\/#\/schema\/person\/a3bebf7bdb4bf12f698aff73c7e46c21","name":"Marius Marcu","image":{"@type":"ImageObject","inLanguage":"ro-RO","@id":"https:\/\/mhf.ro\/mm\/#\/schema\/person\/image\/","url":"https:\/\/mhf.ro\/mm\/wp-content\/uploads\/2025\/12\/cropped-logo_mhf_2.png","contentUrl":"https:\/\/mhf.ro\/mm\/wp-content\/uploads\/2025\/12\/cropped-logo_mhf_2.png","width":1096,"height":457,"caption":"Marius Marcu"},"logo":{"@id":"https:\/\/mhf.ro\/mm\/#\/schema\/person\/image\/"},"sameAs":["https:\/\/mhf.ro\/mm"],"url":"https:\/\/mhf.ro\/mm\/author\/mihai\/"}]}},"_links":{"self":[{"href":"https:\/\/mhf.ro\/mm\/wp-json\/wp\/v2\/posts\/5646","targetHints":{"allow":["GET"]}}],"collection":[{"href":"https:\/\/mhf.ro\/mm\/wp-json\/wp\/v2\/posts"}],"about":[{"href":"https:\/\/mhf.ro\/mm\/wp-json\/wp\/v2\/types\/post"}],"author":[{"embeddable":true,"href":"https:\/\/mhf.ro\/mm\/wp-json\/wp\/v2\/users\/1"}],"replies":[{"embeddable":true,"href":"https:\/\/mhf.ro\/mm\/wp-json\/wp\/v2\/comments?post=5646"}],"version-history":[{"count":3,"href":"https:\/\/mhf.ro\/mm\/wp-json\/wp\/v2\/posts\/5646\/revisions"}],"predecessor-version":[{"id":5650,"href":"https:\/\/mhf.ro\/mm\/wp-json\/wp\/v2\/posts\/5646\/revisions\/5650"}],"wp:featuredmedia":[{"embeddable":true,"href":"https:\/\/mhf.ro\/mm\/wp-json\/wp\/v2\/media\/5647"}],"wp:attachment":[{"href":"https:\/\/mhf.ro\/mm\/wp-json\/wp\/v2\/media?parent=5646"}],"wp:term":[{"taxonomy":"category","embeddable":true,"href":"https:\/\/mhf.ro\/mm\/wp-json\/wp\/v2\/categories?post=5646"},{"taxonomy":"post_tag","embeddable":true,"href":"https:\/\/mhf.ro\/mm\/wp-json\/wp\/v2\/tags?post=5646"}],"curies":[{"name":"wp","href":"https:\/\/api.w.org\/{rel}","templated":true}]}}