{"id":5669,"date":"2021-11-24T08:04:55","date_gmt":"2021-11-24T06:04:55","guid":{"rendered":"https:\/\/mhf.ro\/mm\/?p=5669"},"modified":"2021-11-24T08:21:37","modified_gmt":"2021-11-24T06:21:37","slug":"un-nou-spital-modular-de-milioane-de-euro","status":"publish","type":"post","link":"https:\/\/mhf.ro\/mm\/un-nou-spital-modular-de-milioane-de-euro\/","title":{"rendered":"Un nou spital modular de milioane de euro"},"content":{"rendered":"<p>La Constan\u0163a se va construi un spital modular cu 100 de paturi pentru bolnavii de Covid. Pre\u021bul va fi unul semnificativ, aproape 50 de milioane de lei.<\/p>\n<p>Autorit\u0103\u021bile locale spun unitatea va avea func\u0163iunea de spa\u0163iu de primiri urgen\u0163e \u015fi de izolare a pacien\u0163ilor cu suspiciunea sau confirma\u0163i COVID.<\/p>\n<p>De asemenea, reprezentan\u021bii locali precizeaz\u0103 c\u0103 banii nu vor fi irosi\u021bi, ci c\u0103 spitalul, odat\u0103 ce pandemia se va fi terminat, va func\u021biona ca unitate de rezerv\u0103 timp de 10 ani.<\/p>\n<p>Amintim c\u0103 la Spitalul modular Le\u021bcani,\u00a0pacien\u021bii au fost muta\u021bi din cauza frigului\u00a0din contaienere.<\/p>\n<p>De asemenea, trebuie precizat c\u0103 municipiul Constan\u021ba a fost de cur\u00e2nd zguduit de o tragedie. \u015eapte pacien\u0163i au murit \u00eentr-un\u00a0incendiu izbucnit \u00een Sec\u0163ia ATI\u00a0a Spitalului de Boli Infec\u0163ioase, pe 1 octombrie.<\/p>\n<p>Ulterior, \u00een urma unor verific\u0103ri, sute de nereguli au fost descoperite la unit\u0103\u0163ile medicale din jude\u0163ul Constan\u0163a. (conf. Jurnalist.ro)<\/p>\n","protected":false},"excerpt":{"rendered":"<p>La Constan\u0163a se va construi un spital modular cu 100 de paturi pentru bolnavii de Covid. Pre\u021bul va fi unul<\/p>\n","protected":false},"author":1,"featured_media":5670,"comment_status":"open","ping_status":"open","sticky":false,"template":"","format":"standard","meta":{"colormag_page_container_layout":"default_layout","colormag_page_sidebar_layout":"default_layout","footnotes":""},"categories":[8],"tags":[],"class_list":["post-5669","post","type-post","status-publish","format-standard","has-post-thumbnail","hentry","category-div"],"yoast_head":"<!-- This site is optimized with the Yoast SEO plugin v27.0 - https:\/\/yoast.com\/product\/yoast-seo-wordpress\/ -->\n<title>Un nou spital modular de milioane de euro - MHF Photography<\/title>\n<meta name=\"robots\" content=\"index, follow, max-snippet:-1, max-image-preview:large, max-video-preview:-1\" \/>\n<link rel=\"canonical\" href=\"https:\/\/mhf.ro\/mm\/un-nou-spital-modular-de-milioane-de-euro\/\" \/>\n<meta property=\"og:locale\" content=\"ro_RO\" \/>\n<meta property=\"og:type\" content=\"article\" \/>\n<meta property=\"og:title\" content=\"Un nou spital modular de milioane de euro - MHF Photography\" \/>\n<meta property=\"og:description\" content=\"La Constan\u0163a se va construi un spital modular cu 100 de paturi pentru bolnavii de Covid. Pre\u021bul va fi unul\" \/>\n<meta property=\"og:url\" content=\"https:\/\/mhf.ro\/mm\/un-nou-spital-modular-de-milioane-de-euro\/\" \/>\n<meta property=\"og:site_name\" content=\"MHF Photography\" \/>\n<meta property=\"article:published_time\" content=\"2021-11-24T06:04:55+00:00\" \/>\n<meta property=\"article:modified_time\" content=\"2021-11-24T06:21:37+00:00\" \/>\n<meta property=\"og:image\" content=\"https:\/\/mhf.ro\/mm\/wp-content\/uploads\/2021\/11\/spital-modular.png\" \/>\n\t<meta property=\"og:image:width\" content=\"1200\" \/>\n\t<meta property=\"og:image:height\" content=\"531\" \/>\n\t<meta property=\"og:image:type\" content=\"image\/png\" \/>\n<meta name=\"author\" content=\"Marius Marcu\" \/>\n<meta name=\"twitter:card\" content=\"summary_large_image\" \/>\n<meta name=\"twitter:label1\" content=\"Scris de\" \/>\n\t<meta name=\"twitter:data1\" content=\"Marius Marcu\" \/>\n\t<meta name=\"twitter:label2\" content=\"Timp estimat pentru citire\" \/>\n\t<meta name=\"twitter:data2\" content=\"1 minut\" \/>\n<script type=\"application\/ld+json\" class=\"yoast-schema-graph\">{\"@context\":\"https:\/\/schema.org\",\"@graph\":[{\"@type\":\"Article\",\"@id\":\"https:\/\/mhf.ro\/mm\/un-nou-spital-modular-de-milioane-de-euro\/#article\",\"isPartOf\":{\"@id\":\"https:\/\/mhf.ro\/mm\/un-nou-spital-modular-de-milioane-de-euro\/\"},\"author\":{\"name\":\"Marius Marcu\",\"@id\":\"https:\/\/mhf.ro\/mm\/#\/schema\/person\/a3bebf7bdb4bf12f698aff73c7e46c21\"},\"headline\":\"Un nou spital modular de milioane de euro\",\"datePublished\":\"2021-11-24T06:04:55+00:00\",\"dateModified\":\"2021-11-24T06:21:37+00:00\",\"mainEntityOfPage\":{\"@id\":\"https:\/\/mhf.ro\/mm\/un-nou-spital-modular-de-milioane-de-euro\/\"},\"wordCount\":175,\"commentCount\":0,\"publisher\":{\"@id\":\"https:\/\/mhf.ro\/mm\/#\/schema\/person\/a3bebf7bdb4bf12f698aff73c7e46c21\"},\"image\":{\"@id\":\"https:\/\/mhf.ro\/mm\/un-nou-spital-modular-de-milioane-de-euro\/#primaryimage\"},\"thumbnailUrl\":\"https:\/\/mhf.ro\/mm\/wp-content\/uploads\/2021\/11\/spital-modular.png\",\"articleSection\":[\"Diverse\"],\"inLanguage\":\"ro-RO\",\"potentialAction\":[{\"@type\":\"CommentAction\",\"name\":\"Comment\",\"target\":[\"https:\/\/mhf.ro\/mm\/un-nou-spital-modular-de-milioane-de-euro\/#respond\"]}]},{\"@type\":\"WebPage\",\"@id\":\"https:\/\/mhf.ro\/mm\/un-nou-spital-modular-de-milioane-de-euro\/\",\"url\":\"https:\/\/mhf.ro\/mm\/un-nou-spital-modular-de-milioane-de-euro\/\",\"name\":\"Un nou spital modular de milioane de euro - MHF Photography\",\"isPartOf\":{\"@id\":\"https:\/\/mhf.ro\/mm\/#website\"},\"primaryImageOfPage\":{\"@id\":\"https:\/\/mhf.ro\/mm\/un-nou-spital-modular-de-milioane-de-euro\/#primaryimage\"},\"image\":{\"@id\":\"https:\/\/mhf.ro\/mm\/un-nou-spital-modular-de-milioane-de-euro\/#primaryimage\"},\"thumbnailUrl\":\"https:\/\/mhf.ro\/mm\/wp-content\/uploads\/2021\/11\/spital-modular.png\",\"datePublished\":\"2021-11-24T06:04:55+00:00\",\"dateModified\":\"2021-11-24T06:21:37+00:00\",\"breadcrumb\":{\"@id\":\"https:\/\/mhf.ro\/mm\/un-nou-spital-modular-de-milioane-de-euro\/#breadcrumb\"},\"inLanguage\":\"ro-RO\",\"potentialAction\":[{\"@type\":\"ReadAction\",\"target\":[\"https:\/\/mhf.ro\/mm\/un-nou-spital-modular-de-milioane-de-euro\/\"]}]},{\"@type\":\"ImageObject\",\"inLanguage\":\"ro-RO\",\"@id\":\"https:\/\/mhf.ro\/mm\/un-nou-spital-modular-de-milioane-de-euro\/#primaryimage\",\"url\":\"https:\/\/mhf.ro\/mm\/wp-content\/uploads\/2021\/11\/spital-modular.png\",\"contentUrl\":\"https:\/\/mhf.ro\/mm\/wp-content\/uploads\/2021\/11\/spital-modular.png\",\"width\":1200,\"height\":531},{\"@type\":\"BreadcrumbList\",\"@id\":\"https:\/\/mhf.ro\/mm\/un-nou-spital-modular-de-milioane-de-euro\/#breadcrumb\",\"itemListElement\":[{\"@type\":\"ListItem\",\"position\":1,\"name\":\"Prima pagin\u0103\",\"item\":\"https:\/\/mhf.ro\/mm\/\"},{\"@type\":\"ListItem\",\"position\":2,\"name\":\"Un nou spital modular de milioane de euro\"}]},{\"@type\":\"WebSite\",\"@id\":\"https:\/\/mhf.ro\/mm\/#website\",\"url\":\"https:\/\/mhf.ro\/mm\/\",\"name\":\"MHF Photography \u2013 Blog de fotografie, natur\u0103 \u0219i tehnic\u0103 divers\u0103\",\"description\":\"Aventur\u0103 \u00een fiecare cadru.\",\"publisher\":{\"@id\":\"https:\/\/mhf.ro\/mm\/#\/schema\/person\/a3bebf7bdb4bf12f698aff73c7e46c21\"},\"potentialAction\":[{\"@type\":\"SearchAction\",\"target\":{\"@type\":\"EntryPoint\",\"urlTemplate\":\"https:\/\/mhf.ro\/mm\/?s={search_term_string}\"},\"query-input\":{\"@type\":\"PropertyValueSpecification\",\"valueRequired\":true,\"valueName\":\"search_term_string\"}}],\"inLanguage\":\"ro-RO\"},{\"@type\":[\"Person\",\"Organization\"],\"@id\":\"https:\/\/mhf.ro\/mm\/#\/schema\/person\/a3bebf7bdb4bf12f698aff73c7e46c21\",\"name\":\"Marius Marcu\",\"image\":{\"@type\":\"ImageObject\",\"inLanguage\":\"ro-RO\",\"@id\":\"https:\/\/mhf.ro\/mm\/#\/schema\/person\/image\/\",\"url\":\"https:\/\/mhf.ro\/mm\/wp-content\/uploads\/2025\/12\/cropped-logo_mhf_2.png\",\"contentUrl\":\"https:\/\/mhf.ro\/mm\/wp-content\/uploads\/2025\/12\/cropped-logo_mhf_2.png\",\"width\":1096,\"height\":457,\"caption\":\"Marius Marcu\"},\"logo\":{\"@id\":\"https:\/\/mhf.ro\/mm\/#\/schema\/person\/image\/\"},\"sameAs\":[\"https:\/\/mhf.ro\/mm\"],\"url\":\"https:\/\/mhf.ro\/mm\/author\/mihai\/\"}]}<\/script>\n<!-- \/ Yoast SEO plugin. -->","yoast_head_json":{"title":"Un nou spital modular de milioane de euro - MHF Photography","robots":{"index":"index","follow":"follow","max-snippet":"max-snippet:-1","max-image-preview":"max-image-preview:large","max-video-preview":"max-video-preview:-1"},"canonical":"https:\/\/mhf.ro\/mm\/un-nou-spital-modular-de-milioane-de-euro\/","og_locale":"ro_RO","og_type":"article","og_title":"Un nou spital modular de milioane de euro - MHF Photography","og_description":"La Constan\u0163a se va construi un spital modular cu 100 de paturi pentru bolnavii de Covid. Pre\u021bul va fi unul","og_url":"https:\/\/mhf.ro\/mm\/un-nou-spital-modular-de-milioane-de-euro\/","og_site_name":"MHF Photography","article_published_time":"2021-11-24T06:04:55+00:00","article_modified_time":"2021-11-24T06:21:37+00:00","og_image":[{"width":1200,"height":531,"url":"https:\/\/mhf.ro\/mm\/wp-content\/uploads\/2021\/11\/spital-modular.png","type":"image\/png"}],"author":"Marius Marcu","twitter_card":"summary_large_image","twitter_misc":{"Scris de":"Marius Marcu","Timp estimat pentru citire":"1 minut"},"schema":{"@context":"https:\/\/schema.org","@graph":[{"@type":"Article","@id":"https:\/\/mhf.ro\/mm\/un-nou-spital-modular-de-milioane-de-euro\/#article","isPartOf":{"@id":"https:\/\/mhf.ro\/mm\/un-nou-spital-modular-de-milioane-de-euro\/"},"author":{"name":"Marius Marcu","@id":"https:\/\/mhf.ro\/mm\/#\/schema\/person\/a3bebf7bdb4bf12f698aff73c7e46c21"},"headline":"Un nou spital modular de milioane de euro","datePublished":"2021-11-24T06:04:55+00:00","dateModified":"2021-11-24T06:21:37+00:00","mainEntityOfPage":{"@id":"https:\/\/mhf.ro\/mm\/un-nou-spital-modular-de-milioane-de-euro\/"},"wordCount":175,"commentCount":0,"publisher":{"@id":"https:\/\/mhf.ro\/mm\/#\/schema\/person\/a3bebf7bdb4bf12f698aff73c7e46c21"},"image":{"@id":"https:\/\/mhf.ro\/mm\/un-nou-spital-modular-de-milioane-de-euro\/#primaryimage"},"thumbnailUrl":"https:\/\/mhf.ro\/mm\/wp-content\/uploads\/2021\/11\/spital-modular.png","articleSection":["Diverse"],"inLanguage":"ro-RO","potentialAction":[{"@type":"CommentAction","name":"Comment","target":["https:\/\/mhf.ro\/mm\/un-nou-spital-modular-de-milioane-de-euro\/#respond"]}]},{"@type":"WebPage","@id":"https:\/\/mhf.ro\/mm\/un-nou-spital-modular-de-milioane-de-euro\/","url":"https:\/\/mhf.ro\/mm\/un-nou-spital-modular-de-milioane-de-euro\/","name":"Un nou spital modular de milioane de euro - MHF Photography","isPartOf":{"@id":"https:\/\/mhf.ro\/mm\/#website"},"primaryImageOfPage":{"@id":"https:\/\/mhf.ro\/mm\/un-nou-spital-modular-de-milioane-de-euro\/#primaryimage"},"image":{"@id":"https:\/\/mhf.ro\/mm\/un-nou-spital-modular-de-milioane-de-euro\/#primaryimage"},"thumbnailUrl":"https:\/\/mhf.ro\/mm\/wp-content\/uploads\/2021\/11\/spital-modular.png","datePublished":"2021-11-24T06:04:55+00:00","dateModified":"2021-11-24T06:21:37+00:00","breadcrumb":{"@id":"https:\/\/mhf.ro\/mm\/un-nou-spital-modular-de-milioane-de-euro\/#breadcrumb"},"inLanguage":"ro-RO","potentialAction":[{"@type":"ReadAction","target":["https:\/\/mhf.ro\/mm\/un-nou-spital-modular-de-milioane-de-euro\/"]}]},{"@type":"ImageObject","inLanguage":"ro-RO","@id":"https:\/\/mhf.ro\/mm\/un-nou-spital-modular-de-milioane-de-euro\/#primaryimage","url":"https:\/\/mhf.ro\/mm\/wp-content\/uploads\/2021\/11\/spital-modular.png","contentUrl":"https:\/\/mhf.ro\/mm\/wp-content\/uploads\/2021\/11\/spital-modular.png","width":1200,"height":531},{"@type":"BreadcrumbList","@id":"https:\/\/mhf.ro\/mm\/un-nou-spital-modular-de-milioane-de-euro\/#breadcrumb","itemListElement":[{"@type":"ListItem","position":1,"name":"Prima pagin\u0103","item":"https:\/\/mhf.ro\/mm\/"},{"@type":"ListItem","position":2,"name":"Un nou spital modular de milioane de euro"}]},{"@type":"WebSite","@id":"https:\/\/mhf.ro\/mm\/#website","url":"https:\/\/mhf.ro\/mm\/","name":"MHF Photography \u2013 Blog de fotografie, natur\u0103 \u0219i tehnic\u0103 divers\u0103","description":"Aventur\u0103 \u00een fiecare cadru.","publisher":{"@id":"https:\/\/mhf.ro\/mm\/#\/schema\/person\/a3bebf7bdb4bf12f698aff73c7e46c21"},"potentialAction":[{"@type":"SearchAction","target":{"@type":"EntryPoint","urlTemplate":"https:\/\/mhf.ro\/mm\/?s={search_term_string}"},"query-input":{"@type":"PropertyValueSpecification","valueRequired":true,"valueName":"search_term_string"}}],"inLanguage":"ro-RO"},{"@type":["Person","Organization"],"@id":"https:\/\/mhf.ro\/mm\/#\/schema\/person\/a3bebf7bdb4bf12f698aff73c7e46c21","name":"Marius Marcu","image":{"@type":"ImageObject","inLanguage":"ro-RO","@id":"https:\/\/mhf.ro\/mm\/#\/schema\/person\/image\/","url":"https:\/\/mhf.ro\/mm\/wp-content\/uploads\/2025\/12\/cropped-logo_mhf_2.png","contentUrl":"https:\/\/mhf.ro\/mm\/wp-content\/uploads\/2025\/12\/cropped-logo_mhf_2.png","width":1096,"height":457,"caption":"Marius Marcu"},"logo":{"@id":"https:\/\/mhf.ro\/mm\/#\/schema\/person\/image\/"},"sameAs":["https:\/\/mhf.ro\/mm"],"url":"https:\/\/mhf.ro\/mm\/author\/mihai\/"}]}},"_links":{"self":[{"href":"https:\/\/mhf.ro\/mm\/wp-json\/wp\/v2\/posts\/5669","targetHints":{"allow":["GET"]}}],"collection":[{"href":"https:\/\/mhf.ro\/mm\/wp-json\/wp\/v2\/posts"}],"about":[{"href":"https:\/\/mhf.ro\/mm\/wp-json\/wp\/v2\/types\/post"}],"author":[{"embeddable":true,"href":"https:\/\/mhf.ro\/mm\/wp-json\/wp\/v2\/users\/1"}],"replies":[{"embeddable":true,"href":"https:\/\/mhf.ro\/mm\/wp-json\/wp\/v2\/comments?post=5669"}],"version-history":[{"count":1,"href":"https:\/\/mhf.ro\/mm\/wp-json\/wp\/v2\/posts\/5669\/revisions"}],"predecessor-version":[{"id":5671,"href":"https:\/\/mhf.ro\/mm\/wp-json\/wp\/v2\/posts\/5669\/revisions\/5671"}],"wp:featuredmedia":[{"embeddable":true,"href":"https:\/\/mhf.ro\/mm\/wp-json\/wp\/v2\/media\/5670"}],"wp:attachment":[{"href":"https:\/\/mhf.ro\/mm\/wp-json\/wp\/v2\/media?parent=5669"}],"wp:term":[{"taxonomy":"category","embeddable":true,"href":"https:\/\/mhf.ro\/mm\/wp-json\/wp\/v2\/categories?post=5669"},{"taxonomy":"post_tag","embeddable":true,"href":"https:\/\/mhf.ro\/mm\/wp-json\/wp\/v2\/tags?post=5669"}],"curies":[{"name":"wp","href":"https:\/\/api.w.org\/{rel}","templated":true}]}}