{"id":5674,"date":"2021-11-25T08:03:12","date_gmt":"2021-11-25T06:03:12","guid":{"rendered":"https:\/\/mhf.ro\/mm\/?p=5674"},"modified":"2021-11-25T08:03:12","modified_gmt":"2021-11-25T06:03:12","slug":"sediul-taxe-impozite-sector-4-devine-cresa","status":"publish","type":"post","link":"https:\/\/mhf.ro\/mm\/sediul-taxe-impozite-sector-4-devine-cresa\/","title":{"rendered":"Sediul Taxe\/Impozite Sector 4 devine cre\u0219\u0103"},"content":{"rendered":"<p>Sediul Direc\u021biei Generale de Impozite \u0219i Taxe Locale Sector 4, de la Ni\u021bu Vasile, se transform\u0103 \u00een cre\u0219\u0103. Taxele \u0219i impozitele locale se vor achita exclusiv online \u0219i la aparatele SelfPay.<\/p>\n<div class=\"o9v6fnle cxmmr5t8 oygrvhab hcukyx3x c1et5uql ii04i59q\">\n<div dir=\"auto\">&#8222;Acest spa\u021biu va deveni locul favorit al copiilor care vor fi \u00eengriji\u021bi de oameni specializa\u021bi \u0219i care vor fi preg\u0103ti\u021bi pentru urm\u0103torul lor pas \u00een via\u021b\u0103, \u0219i anume gr\u0103dini\u021ba\u201d, scrie primarul Daniel B\u0103lu\u021b\u0103 pe Facebook.<\/div>\n<\/div>\n<div dir=\"auto\"><\/div>\n<div dir=\"auto\">Primarul sectorului 4 spune c\u0103 activitatea Direc\u021biei \u00een aceast\u0103 cl\u0103dire va \u00eenceta din 1 ianuarie.<\/div>\n<div class=\"o9v6fnle cxmmr5t8 oygrvhab hcukyx3x c1et5uql ii04i59q\">\n<div dir=\"auto\"><\/div>\n<\/div>\n<div class=\"o9v6fnle cxmmr5t8 oygrvhab hcukyx3x c1et5uql ii04i59q\">\n<div dir=\"auto\">\u201eAm mai anun\u021bat \u00een urm\u0103 cu ceva timp despre acest lucru, \u00eens\u0103 am dorit s\u0103 revin pentru a v\u0103 informa c\u0103 \u00eencep\u00e2nd de la 1 Ianuarie 2022, \u00een aceast\u0103 loca\u021bie nu se mai pl\u0103tesc d\u0103rile c\u0103tre stat\u201d, precizeaz\u0103 edilul. (conf. Jurnalist.ro)<\/div>\n<\/div>\n<div class=\"o9v6fnle cxmmr5t8 oygrvhab hcukyx3x c1et5uql ii04i59q\">\n<div dir=\"auto\"><\/div>\n<\/div>\n","protected":false},"excerpt":{"rendered":"<p>Sediul Direc\u021biei Generale de Impozite \u0219i Taxe Locale Sector 4, de la Ni\u021bu Vasile, se transform\u0103 \u00een cre\u0219\u0103. Taxele \u0219i<\/p>\n","protected":false},"author":1,"featured_media":5675,"comment_status":"open","ping_status":"open","sticky":false,"template":"","format":"standard","meta":{"colormag_page_container_layout":"default_layout","colormag_page_sidebar_layout":"default_layout","footnotes":""},"categories":[8],"tags":[],"class_list":["post-5674","post","type-post","status-publish","format-standard","has-post-thumbnail","hentry","category-div"],"yoast_head":"<!-- This site is optimized with the Yoast SEO plugin v27.0 - https:\/\/yoast.com\/product\/yoast-seo-wordpress\/ -->\n<title>Sediul Taxe\/Impozite Sector 4 devine cre\u0219\u0103 - MHF Photography<\/title>\n<meta name=\"robots\" content=\"index, follow, max-snippet:-1, max-image-preview:large, max-video-preview:-1\" \/>\n<link rel=\"canonical\" href=\"https:\/\/mhf.ro\/mm\/sediul-taxe-impozite-sector-4-devine-cresa\/\" \/>\n<meta property=\"og:locale\" content=\"ro_RO\" \/>\n<meta property=\"og:type\" content=\"article\" \/>\n<meta property=\"og:title\" content=\"Sediul Taxe\/Impozite Sector 4 devine cre\u0219\u0103 - MHF Photography\" \/>\n<meta property=\"og:description\" content=\"Sediul Direc\u021biei Generale de Impozite \u0219i Taxe Locale Sector 4, de la Ni\u021bu Vasile, se transform\u0103 \u00een cre\u0219\u0103. Taxele \u0219i\" \/>\n<meta property=\"og:url\" content=\"https:\/\/mhf.ro\/mm\/sediul-taxe-impozite-sector-4-devine-cresa\/\" \/>\n<meta property=\"og:site_name\" content=\"MHF Photography\" \/>\n<meta property=\"article:published_time\" content=\"2021-11-25T06:03:12+00:00\" \/>\n<meta property=\"og:image\" content=\"https:\/\/mhf.ro\/mm\/wp-content\/uploads\/2021\/11\/cresa-sector-4-696x318-1.png\" \/>\n\t<meta property=\"og:image:width\" content=\"696\" \/>\n\t<meta property=\"og:image:height\" content=\"318\" \/>\n\t<meta property=\"og:image:type\" content=\"image\/png\" \/>\n<meta name=\"author\" content=\"Marius Marcu\" \/>\n<meta name=\"twitter:card\" content=\"summary_large_image\" \/>\n<meta name=\"twitter:label1\" content=\"Scris de\" \/>\n\t<meta name=\"twitter:data1\" content=\"Marius Marcu\" \/>\n\t<meta name=\"twitter:label2\" content=\"Timp estimat pentru citire\" \/>\n\t<meta name=\"twitter:data2\" content=\"1 minut\" \/>\n<script type=\"application\/ld+json\" class=\"yoast-schema-graph\">{\"@context\":\"https:\/\/schema.org\",\"@graph\":[{\"@type\":\"Article\",\"@id\":\"https:\/\/mhf.ro\/mm\/sediul-taxe-impozite-sector-4-devine-cresa\/#article\",\"isPartOf\":{\"@id\":\"https:\/\/mhf.ro\/mm\/sediul-taxe-impozite-sector-4-devine-cresa\/\"},\"author\":{\"name\":\"Marius Marcu\",\"@id\":\"https:\/\/mhf.ro\/mm\/#\/schema\/person\/a3bebf7bdb4bf12f698aff73c7e46c21\"},\"headline\":\"Sediul Taxe\/Impozite Sector 4 devine cre\u0219\u0103\",\"datePublished\":\"2021-11-25T06:03:12+00:00\",\"mainEntityOfPage\":{\"@id\":\"https:\/\/mhf.ro\/mm\/sediul-taxe-impozite-sector-4-devine-cresa\/\"},\"wordCount\":143,\"commentCount\":0,\"publisher\":{\"@id\":\"https:\/\/mhf.ro\/mm\/#\/schema\/person\/a3bebf7bdb4bf12f698aff73c7e46c21\"},\"image\":{\"@id\":\"https:\/\/mhf.ro\/mm\/sediul-taxe-impozite-sector-4-devine-cresa\/#primaryimage\"},\"thumbnailUrl\":\"https:\/\/mhf.ro\/mm\/wp-content\/uploads\/2021\/11\/cresa-sector-4-696x318-1.png\",\"articleSection\":[\"Diverse\"],\"inLanguage\":\"ro-RO\",\"potentialAction\":[{\"@type\":\"CommentAction\",\"name\":\"Comment\",\"target\":[\"https:\/\/mhf.ro\/mm\/sediul-taxe-impozite-sector-4-devine-cresa\/#respond\"]}]},{\"@type\":\"WebPage\",\"@id\":\"https:\/\/mhf.ro\/mm\/sediul-taxe-impozite-sector-4-devine-cresa\/\",\"url\":\"https:\/\/mhf.ro\/mm\/sediul-taxe-impozite-sector-4-devine-cresa\/\",\"name\":\"Sediul Taxe\/Impozite Sector 4 devine cre\u0219\u0103 - MHF Photography\",\"isPartOf\":{\"@id\":\"https:\/\/mhf.ro\/mm\/#website\"},\"primaryImageOfPage\":{\"@id\":\"https:\/\/mhf.ro\/mm\/sediul-taxe-impozite-sector-4-devine-cresa\/#primaryimage\"},\"image\":{\"@id\":\"https:\/\/mhf.ro\/mm\/sediul-taxe-impozite-sector-4-devine-cresa\/#primaryimage\"},\"thumbnailUrl\":\"https:\/\/mhf.ro\/mm\/wp-content\/uploads\/2021\/11\/cresa-sector-4-696x318-1.png\",\"datePublished\":\"2021-11-25T06:03:12+00:00\",\"breadcrumb\":{\"@id\":\"https:\/\/mhf.ro\/mm\/sediul-taxe-impozite-sector-4-devine-cresa\/#breadcrumb\"},\"inLanguage\":\"ro-RO\",\"potentialAction\":[{\"@type\":\"ReadAction\",\"target\":[\"https:\/\/mhf.ro\/mm\/sediul-taxe-impozite-sector-4-devine-cresa\/\"]}]},{\"@type\":\"ImageObject\",\"inLanguage\":\"ro-RO\",\"@id\":\"https:\/\/mhf.ro\/mm\/sediul-taxe-impozite-sector-4-devine-cresa\/#primaryimage\",\"url\":\"https:\/\/mhf.ro\/mm\/wp-content\/uploads\/2021\/11\/cresa-sector-4-696x318-1.png\",\"contentUrl\":\"https:\/\/mhf.ro\/mm\/wp-content\/uploads\/2021\/11\/cresa-sector-4-696x318-1.png\",\"width\":696,\"height\":318},{\"@type\":\"BreadcrumbList\",\"@id\":\"https:\/\/mhf.ro\/mm\/sediul-taxe-impozite-sector-4-devine-cresa\/#breadcrumb\",\"itemListElement\":[{\"@type\":\"ListItem\",\"position\":1,\"name\":\"Prima pagin\u0103\",\"item\":\"https:\/\/mhf.ro\/mm\/\"},{\"@type\":\"ListItem\",\"position\":2,\"name\":\"Sediul Taxe\/Impozite Sector 4 devine cre\u0219\u0103\"}]},{\"@type\":\"WebSite\",\"@id\":\"https:\/\/mhf.ro\/mm\/#website\",\"url\":\"https:\/\/mhf.ro\/mm\/\",\"name\":\"MHF Photography \u2013 Blog de fotografie, natur\u0103 \u0219i tehnic\u0103 divers\u0103\",\"description\":\"Aventur\u0103 \u00een fiecare cadru.\",\"publisher\":{\"@id\":\"https:\/\/mhf.ro\/mm\/#\/schema\/person\/a3bebf7bdb4bf12f698aff73c7e46c21\"},\"potentialAction\":[{\"@type\":\"SearchAction\",\"target\":{\"@type\":\"EntryPoint\",\"urlTemplate\":\"https:\/\/mhf.ro\/mm\/?s={search_term_string}\"},\"query-input\":{\"@type\":\"PropertyValueSpecification\",\"valueRequired\":true,\"valueName\":\"search_term_string\"}}],\"inLanguage\":\"ro-RO\"},{\"@type\":[\"Person\",\"Organization\"],\"@id\":\"https:\/\/mhf.ro\/mm\/#\/schema\/person\/a3bebf7bdb4bf12f698aff73c7e46c21\",\"name\":\"Marius Marcu\",\"image\":{\"@type\":\"ImageObject\",\"inLanguage\":\"ro-RO\",\"@id\":\"https:\/\/mhf.ro\/mm\/#\/schema\/person\/image\/\",\"url\":\"https:\/\/mhf.ro\/mm\/wp-content\/uploads\/2025\/12\/cropped-logo_mhf_2.png\",\"contentUrl\":\"https:\/\/mhf.ro\/mm\/wp-content\/uploads\/2025\/12\/cropped-logo_mhf_2.png\",\"width\":1096,\"height\":457,\"caption\":\"Marius Marcu\"},\"logo\":{\"@id\":\"https:\/\/mhf.ro\/mm\/#\/schema\/person\/image\/\"},\"sameAs\":[\"https:\/\/mhf.ro\/mm\"],\"url\":\"https:\/\/mhf.ro\/mm\/author\/mihai\/\"}]}<\/script>\n<!-- \/ Yoast SEO plugin. -->","yoast_head_json":{"title":"Sediul Taxe\/Impozite Sector 4 devine cre\u0219\u0103 - MHF Photography","robots":{"index":"index","follow":"follow","max-snippet":"max-snippet:-1","max-image-preview":"max-image-preview:large","max-video-preview":"max-video-preview:-1"},"canonical":"https:\/\/mhf.ro\/mm\/sediul-taxe-impozite-sector-4-devine-cresa\/","og_locale":"ro_RO","og_type":"article","og_title":"Sediul Taxe\/Impozite Sector 4 devine cre\u0219\u0103 - MHF Photography","og_description":"Sediul Direc\u021biei Generale de Impozite \u0219i Taxe Locale Sector 4, de la Ni\u021bu Vasile, se transform\u0103 \u00een cre\u0219\u0103. Taxele \u0219i","og_url":"https:\/\/mhf.ro\/mm\/sediul-taxe-impozite-sector-4-devine-cresa\/","og_site_name":"MHF Photography","article_published_time":"2021-11-25T06:03:12+00:00","og_image":[{"width":696,"height":318,"url":"https:\/\/mhf.ro\/mm\/wp-content\/uploads\/2021\/11\/cresa-sector-4-696x318-1.png","type":"image\/png"}],"author":"Marius Marcu","twitter_card":"summary_large_image","twitter_misc":{"Scris de":"Marius Marcu","Timp estimat pentru citire":"1 minut"},"schema":{"@context":"https:\/\/schema.org","@graph":[{"@type":"Article","@id":"https:\/\/mhf.ro\/mm\/sediul-taxe-impozite-sector-4-devine-cresa\/#article","isPartOf":{"@id":"https:\/\/mhf.ro\/mm\/sediul-taxe-impozite-sector-4-devine-cresa\/"},"author":{"name":"Marius Marcu","@id":"https:\/\/mhf.ro\/mm\/#\/schema\/person\/a3bebf7bdb4bf12f698aff73c7e46c21"},"headline":"Sediul Taxe\/Impozite Sector 4 devine cre\u0219\u0103","datePublished":"2021-11-25T06:03:12+00:00","mainEntityOfPage":{"@id":"https:\/\/mhf.ro\/mm\/sediul-taxe-impozite-sector-4-devine-cresa\/"},"wordCount":143,"commentCount":0,"publisher":{"@id":"https:\/\/mhf.ro\/mm\/#\/schema\/person\/a3bebf7bdb4bf12f698aff73c7e46c21"},"image":{"@id":"https:\/\/mhf.ro\/mm\/sediul-taxe-impozite-sector-4-devine-cresa\/#primaryimage"},"thumbnailUrl":"https:\/\/mhf.ro\/mm\/wp-content\/uploads\/2021\/11\/cresa-sector-4-696x318-1.png","articleSection":["Diverse"],"inLanguage":"ro-RO","potentialAction":[{"@type":"CommentAction","name":"Comment","target":["https:\/\/mhf.ro\/mm\/sediul-taxe-impozite-sector-4-devine-cresa\/#respond"]}]},{"@type":"WebPage","@id":"https:\/\/mhf.ro\/mm\/sediul-taxe-impozite-sector-4-devine-cresa\/","url":"https:\/\/mhf.ro\/mm\/sediul-taxe-impozite-sector-4-devine-cresa\/","name":"Sediul Taxe\/Impozite Sector 4 devine cre\u0219\u0103 - MHF Photography","isPartOf":{"@id":"https:\/\/mhf.ro\/mm\/#website"},"primaryImageOfPage":{"@id":"https:\/\/mhf.ro\/mm\/sediul-taxe-impozite-sector-4-devine-cresa\/#primaryimage"},"image":{"@id":"https:\/\/mhf.ro\/mm\/sediul-taxe-impozite-sector-4-devine-cresa\/#primaryimage"},"thumbnailUrl":"https:\/\/mhf.ro\/mm\/wp-content\/uploads\/2021\/11\/cresa-sector-4-696x318-1.png","datePublished":"2021-11-25T06:03:12+00:00","breadcrumb":{"@id":"https:\/\/mhf.ro\/mm\/sediul-taxe-impozite-sector-4-devine-cresa\/#breadcrumb"},"inLanguage":"ro-RO","potentialAction":[{"@type":"ReadAction","target":["https:\/\/mhf.ro\/mm\/sediul-taxe-impozite-sector-4-devine-cresa\/"]}]},{"@type":"ImageObject","inLanguage":"ro-RO","@id":"https:\/\/mhf.ro\/mm\/sediul-taxe-impozite-sector-4-devine-cresa\/#primaryimage","url":"https:\/\/mhf.ro\/mm\/wp-content\/uploads\/2021\/11\/cresa-sector-4-696x318-1.png","contentUrl":"https:\/\/mhf.ro\/mm\/wp-content\/uploads\/2021\/11\/cresa-sector-4-696x318-1.png","width":696,"height":318},{"@type":"BreadcrumbList","@id":"https:\/\/mhf.ro\/mm\/sediul-taxe-impozite-sector-4-devine-cresa\/#breadcrumb","itemListElement":[{"@type":"ListItem","position":1,"name":"Prima pagin\u0103","item":"https:\/\/mhf.ro\/mm\/"},{"@type":"ListItem","position":2,"name":"Sediul Taxe\/Impozite Sector 4 devine cre\u0219\u0103"}]},{"@type":"WebSite","@id":"https:\/\/mhf.ro\/mm\/#website","url":"https:\/\/mhf.ro\/mm\/","name":"MHF Photography \u2013 Blog de fotografie, natur\u0103 \u0219i tehnic\u0103 divers\u0103","description":"Aventur\u0103 \u00een fiecare cadru.","publisher":{"@id":"https:\/\/mhf.ro\/mm\/#\/schema\/person\/a3bebf7bdb4bf12f698aff73c7e46c21"},"potentialAction":[{"@type":"SearchAction","target":{"@type":"EntryPoint","urlTemplate":"https:\/\/mhf.ro\/mm\/?s={search_term_string}"},"query-input":{"@type":"PropertyValueSpecification","valueRequired":true,"valueName":"search_term_string"}}],"inLanguage":"ro-RO"},{"@type":["Person","Organization"],"@id":"https:\/\/mhf.ro\/mm\/#\/schema\/person\/a3bebf7bdb4bf12f698aff73c7e46c21","name":"Marius Marcu","image":{"@type":"ImageObject","inLanguage":"ro-RO","@id":"https:\/\/mhf.ro\/mm\/#\/schema\/person\/image\/","url":"https:\/\/mhf.ro\/mm\/wp-content\/uploads\/2025\/12\/cropped-logo_mhf_2.png","contentUrl":"https:\/\/mhf.ro\/mm\/wp-content\/uploads\/2025\/12\/cropped-logo_mhf_2.png","width":1096,"height":457,"caption":"Marius Marcu"},"logo":{"@id":"https:\/\/mhf.ro\/mm\/#\/schema\/person\/image\/"},"sameAs":["https:\/\/mhf.ro\/mm"],"url":"https:\/\/mhf.ro\/mm\/author\/mihai\/"}]}},"_links":{"self":[{"href":"https:\/\/mhf.ro\/mm\/wp-json\/wp\/v2\/posts\/5674","targetHints":{"allow":["GET"]}}],"collection":[{"href":"https:\/\/mhf.ro\/mm\/wp-json\/wp\/v2\/posts"}],"about":[{"href":"https:\/\/mhf.ro\/mm\/wp-json\/wp\/v2\/types\/post"}],"author":[{"embeddable":true,"href":"https:\/\/mhf.ro\/mm\/wp-json\/wp\/v2\/users\/1"}],"replies":[{"embeddable":true,"href":"https:\/\/mhf.ro\/mm\/wp-json\/wp\/v2\/comments?post=5674"}],"version-history":[{"count":1,"href":"https:\/\/mhf.ro\/mm\/wp-json\/wp\/v2\/posts\/5674\/revisions"}],"predecessor-version":[{"id":5676,"href":"https:\/\/mhf.ro\/mm\/wp-json\/wp\/v2\/posts\/5674\/revisions\/5676"}],"wp:featuredmedia":[{"embeddable":true,"href":"https:\/\/mhf.ro\/mm\/wp-json\/wp\/v2\/media\/5675"}],"wp:attachment":[{"href":"https:\/\/mhf.ro\/mm\/wp-json\/wp\/v2\/media?parent=5674"}],"wp:term":[{"taxonomy":"category","embeddable":true,"href":"https:\/\/mhf.ro\/mm\/wp-json\/wp\/v2\/categories?post=5674"},{"taxonomy":"post_tag","embeddable":true,"href":"https:\/\/mhf.ro\/mm\/wp-json\/wp\/v2\/tags?post=5674"}],"curies":[{"name":"wp","href":"https:\/\/api.w.org\/{rel}","templated":true}]}}