{"id":5680,"date":"2021-11-26T08:07:23","date_gmt":"2021-11-26T06:07:23","guid":{"rendered":"https:\/\/mhf.ro\/mm\/?p=5680"},"modified":"2021-11-26T08:28:53","modified_gmt":"2021-11-26T06:28:53","slug":"furt-la-inaltime-in-statiunea-straja","status":"publish","type":"post","link":"https:\/\/mhf.ro\/mm\/furt-la-inaltime-in-statiunea-straja\/","title":{"rendered":"Furt la \u00een\u0103l\u021bime, \u00een statiunea Straja"},"content":{"rendered":"<p>Ho\u021bii au urcat p\u00e2n\u0103 la 1.800 de metri \u0219i au furat cabluri \u0219i piese importante de la cel mai \u00eenalt telescaun din sta\u021biunea Straja. Pagubele sunt de ordinul zecilor de mii de euro, transmite Digi24.<\/p>\n<p>\u201eAu dezmembrat un pupitru de comand\u0103 pentru mici piese pe care le valorific\u0103 la pre\u021bul de fiare vechi. Trist!\u201d \/ \u201e\u00cenc\u0103 mai tr\u0103im \u00een era \u00een care toat\u0103 lumea umbl\u0103 dup\u0103 fiare s\u0103 le caute s\u0103 fure ce g\u0103se\u0219te.\u201d, spun localnicii.<\/p>\n<p>\u00cen zon\u0103 exist\u0103 paz\u0103, dar nu 24 de ore din 24, afirm\u0103 Lucian Resmeri\u021b\u0103, primarul localit\u0103\u021bii Lupeni.<\/p>\n<p>Abia acum, dup\u0103 ce a depus pl\u00e2ngerea la poli\u021bie, administratorul instala\u021biei \u0219i-a dat seama c\u0103 nu a fost prima dat\u0103 c\u00e2nd ho\u021bii au furat componente importante.<\/p>\n<p>\u201eColegii mei din Lupeni efectueaz\u0103 cercet\u0103ri cu privire la dou\u0103 infrac\u021biuni, respectiv distrugere \u0219i furt calificat. Preciz\u0103m c\u0103 a doua fapt\u0103 a fost comis\u0103 \u00een cursul lunii noiembrie \u0219i doar aceasta fost adus\u0103 la cuno\u0219tin\u021b\u0103 poli\u021bi\u0219tilor de c\u0103tre administratorul instala\u021biei. Din cercet\u0103ri rezult\u00e2nd c\u0103 anterior, \u00een cursul lunii august a fost comis\u0103 o fapt\u0103 de furt cu un mod de operare asem\u0103n\u0103tor\u201d, a precizat\u00a0Bogdan Ni\u021bu, purt\u0103tor de cuv\u00e2nt al IPJ Hunedoara.<\/p>\n<p>Instala\u021bia a fost construit\u0103 \u00een urm\u0103 cu 10 ani, de o firm\u0103 din Austria. (conf. Jurnalist.ro)<\/p>\n","protected":false},"excerpt":{"rendered":"<p>Ho\u021bii au urcat p\u00e2n\u0103 la 1.800 de metri \u0219i au furat cabluri \u0219i piese importante de la cel mai \u00eenalt<\/p>\n","protected":false},"author":1,"featured_media":5681,"comment_status":"open","ping_status":"open","sticky":false,"template":"","format":"standard","meta":{"colormag_page_container_layout":"default_layout","colormag_page_sidebar_layout":"default_layout","footnotes":""},"categories":[8],"tags":[],"class_list":["post-5680","post","type-post","status-publish","format-standard","has-post-thumbnail","hentry","category-div"],"yoast_head":"<!-- This site is optimized with the Yoast SEO plugin v27.0 - https:\/\/yoast.com\/product\/yoast-seo-wordpress\/ -->\n<title>Furt la \u00een\u0103l\u021bime, \u00een statiunea Straja - MHF Photography<\/title>\n<meta name=\"robots\" content=\"index, follow, max-snippet:-1, max-image-preview:large, max-video-preview:-1\" \/>\n<link rel=\"canonical\" href=\"https:\/\/mhf.ro\/mm\/furt-la-inaltime-in-statiunea-straja\/\" \/>\n<meta property=\"og:locale\" content=\"ro_RO\" \/>\n<meta property=\"og:type\" content=\"article\" \/>\n<meta property=\"og:title\" content=\"Furt la \u00een\u0103l\u021bime, \u00een statiunea Straja - MHF Photography\" \/>\n<meta property=\"og:description\" content=\"Ho\u021bii au urcat p\u00e2n\u0103 la 1.800 de metri \u0219i au furat cabluri \u0219i piese importante de la cel mai \u00eenalt\" \/>\n<meta property=\"og:url\" content=\"https:\/\/mhf.ro\/mm\/furt-la-inaltime-in-statiunea-straja\/\" \/>\n<meta property=\"og:site_name\" content=\"MHF Photography\" \/>\n<meta property=\"article:published_time\" content=\"2021-11-26T06:07:23+00:00\" \/>\n<meta property=\"article:modified_time\" content=\"2021-11-26T06:28:53+00:00\" \/>\n<meta property=\"og:image\" content=\"https:\/\/mhf.ro\/mm\/wp-content\/uploads\/2021\/11\/straja.jpg\" \/>\n\t<meta property=\"og:image:width\" content=\"1200\" \/>\n\t<meta property=\"og:image:height\" content=\"649\" \/>\n\t<meta property=\"og:image:type\" content=\"image\/jpeg\" \/>\n<meta name=\"author\" content=\"Marius Marcu\" \/>\n<meta name=\"twitter:card\" content=\"summary_large_image\" \/>\n<meta name=\"twitter:label1\" content=\"Scris de\" \/>\n\t<meta name=\"twitter:data1\" content=\"Marius Marcu\" \/>\n\t<meta name=\"twitter:label2\" content=\"Timp estimat pentru citire\" \/>\n\t<meta name=\"twitter:data2\" content=\"1 minut\" \/>\n<script type=\"application\/ld+json\" class=\"yoast-schema-graph\">{\"@context\":\"https:\/\/schema.org\",\"@graph\":[{\"@type\":\"Article\",\"@id\":\"https:\/\/mhf.ro\/mm\/furt-la-inaltime-in-statiunea-straja\/#article\",\"isPartOf\":{\"@id\":\"https:\/\/mhf.ro\/mm\/furt-la-inaltime-in-statiunea-straja\/\"},\"author\":{\"name\":\"Marius Marcu\",\"@id\":\"https:\/\/mhf.ro\/mm\/#\/schema\/person\/a3bebf7bdb4bf12f698aff73c7e46c21\"},\"headline\":\"Furt la \u00een\u0103l\u021bime, \u00een statiunea Straja\",\"datePublished\":\"2021-11-26T06:07:23+00:00\",\"dateModified\":\"2021-11-26T06:28:53+00:00\",\"mainEntityOfPage\":{\"@id\":\"https:\/\/mhf.ro\/mm\/furt-la-inaltime-in-statiunea-straja\/\"},\"wordCount\":240,\"commentCount\":0,\"publisher\":{\"@id\":\"https:\/\/mhf.ro\/mm\/#\/schema\/person\/a3bebf7bdb4bf12f698aff73c7e46c21\"},\"image\":{\"@id\":\"https:\/\/mhf.ro\/mm\/furt-la-inaltime-in-statiunea-straja\/#primaryimage\"},\"thumbnailUrl\":\"https:\/\/mhf.ro\/mm\/wp-content\/uploads\/2021\/11\/straja.jpg\",\"articleSection\":[\"Diverse\"],\"inLanguage\":\"ro-RO\",\"potentialAction\":[{\"@type\":\"CommentAction\",\"name\":\"Comment\",\"target\":[\"https:\/\/mhf.ro\/mm\/furt-la-inaltime-in-statiunea-straja\/#respond\"]}]},{\"@type\":\"WebPage\",\"@id\":\"https:\/\/mhf.ro\/mm\/furt-la-inaltime-in-statiunea-straja\/\",\"url\":\"https:\/\/mhf.ro\/mm\/furt-la-inaltime-in-statiunea-straja\/\",\"name\":\"Furt la \u00een\u0103l\u021bime, \u00een statiunea Straja - MHF Photography\",\"isPartOf\":{\"@id\":\"https:\/\/mhf.ro\/mm\/#website\"},\"primaryImageOfPage\":{\"@id\":\"https:\/\/mhf.ro\/mm\/furt-la-inaltime-in-statiunea-straja\/#primaryimage\"},\"image\":{\"@id\":\"https:\/\/mhf.ro\/mm\/furt-la-inaltime-in-statiunea-straja\/#primaryimage\"},\"thumbnailUrl\":\"https:\/\/mhf.ro\/mm\/wp-content\/uploads\/2021\/11\/straja.jpg\",\"datePublished\":\"2021-11-26T06:07:23+00:00\",\"dateModified\":\"2021-11-26T06:28:53+00:00\",\"breadcrumb\":{\"@id\":\"https:\/\/mhf.ro\/mm\/furt-la-inaltime-in-statiunea-straja\/#breadcrumb\"},\"inLanguage\":\"ro-RO\",\"potentialAction\":[{\"@type\":\"ReadAction\",\"target\":[\"https:\/\/mhf.ro\/mm\/furt-la-inaltime-in-statiunea-straja\/\"]}]},{\"@type\":\"ImageObject\",\"inLanguage\":\"ro-RO\",\"@id\":\"https:\/\/mhf.ro\/mm\/furt-la-inaltime-in-statiunea-straja\/#primaryimage\",\"url\":\"https:\/\/mhf.ro\/mm\/wp-content\/uploads\/2021\/11\/straja.jpg\",\"contentUrl\":\"https:\/\/mhf.ro\/mm\/wp-content\/uploads\/2021\/11\/straja.jpg\",\"width\":1200,\"height\":649},{\"@type\":\"BreadcrumbList\",\"@id\":\"https:\/\/mhf.ro\/mm\/furt-la-inaltime-in-statiunea-straja\/#breadcrumb\",\"itemListElement\":[{\"@type\":\"ListItem\",\"position\":1,\"name\":\"Prima pagin\u0103\",\"item\":\"https:\/\/mhf.ro\/mm\/\"},{\"@type\":\"ListItem\",\"position\":2,\"name\":\"Furt la \u00een\u0103l\u021bime, \u00een statiunea Straja\"}]},{\"@type\":\"WebSite\",\"@id\":\"https:\/\/mhf.ro\/mm\/#website\",\"url\":\"https:\/\/mhf.ro\/mm\/\",\"name\":\"MHF Photography \u2013 Blog de fotografie, natur\u0103 \u0219i tehnic\u0103 divers\u0103\",\"description\":\"Aventur\u0103 \u00een fiecare cadru.\",\"publisher\":{\"@id\":\"https:\/\/mhf.ro\/mm\/#\/schema\/person\/a3bebf7bdb4bf12f698aff73c7e46c21\"},\"potentialAction\":[{\"@type\":\"SearchAction\",\"target\":{\"@type\":\"EntryPoint\",\"urlTemplate\":\"https:\/\/mhf.ro\/mm\/?s={search_term_string}\"},\"query-input\":{\"@type\":\"PropertyValueSpecification\",\"valueRequired\":true,\"valueName\":\"search_term_string\"}}],\"inLanguage\":\"ro-RO\"},{\"@type\":[\"Person\",\"Organization\"],\"@id\":\"https:\/\/mhf.ro\/mm\/#\/schema\/person\/a3bebf7bdb4bf12f698aff73c7e46c21\",\"name\":\"Marius Marcu\",\"image\":{\"@type\":\"ImageObject\",\"inLanguage\":\"ro-RO\",\"@id\":\"https:\/\/mhf.ro\/mm\/#\/schema\/person\/image\/\",\"url\":\"https:\/\/mhf.ro\/mm\/wp-content\/uploads\/2025\/12\/cropped-logo_mhf_2.png\",\"contentUrl\":\"https:\/\/mhf.ro\/mm\/wp-content\/uploads\/2025\/12\/cropped-logo_mhf_2.png\",\"width\":1096,\"height\":457,\"caption\":\"Marius Marcu\"},\"logo\":{\"@id\":\"https:\/\/mhf.ro\/mm\/#\/schema\/person\/image\/\"},\"sameAs\":[\"https:\/\/mhf.ro\/mm\"],\"url\":\"https:\/\/mhf.ro\/mm\/author\/mihai\/\"}]}<\/script>\n<!-- \/ Yoast SEO plugin. -->","yoast_head_json":{"title":"Furt la \u00een\u0103l\u021bime, \u00een statiunea Straja - MHF Photography","robots":{"index":"index","follow":"follow","max-snippet":"max-snippet:-1","max-image-preview":"max-image-preview:large","max-video-preview":"max-video-preview:-1"},"canonical":"https:\/\/mhf.ro\/mm\/furt-la-inaltime-in-statiunea-straja\/","og_locale":"ro_RO","og_type":"article","og_title":"Furt la \u00een\u0103l\u021bime, \u00een statiunea Straja - MHF Photography","og_description":"Ho\u021bii au urcat p\u00e2n\u0103 la 1.800 de metri \u0219i au furat cabluri \u0219i piese importante de la cel mai \u00eenalt","og_url":"https:\/\/mhf.ro\/mm\/furt-la-inaltime-in-statiunea-straja\/","og_site_name":"MHF Photography","article_published_time":"2021-11-26T06:07:23+00:00","article_modified_time":"2021-11-26T06:28:53+00:00","og_image":[{"width":1200,"height":649,"url":"https:\/\/mhf.ro\/mm\/wp-content\/uploads\/2021\/11\/straja.jpg","type":"image\/jpeg"}],"author":"Marius Marcu","twitter_card":"summary_large_image","twitter_misc":{"Scris de":"Marius Marcu","Timp estimat pentru citire":"1 minut"},"schema":{"@context":"https:\/\/schema.org","@graph":[{"@type":"Article","@id":"https:\/\/mhf.ro\/mm\/furt-la-inaltime-in-statiunea-straja\/#article","isPartOf":{"@id":"https:\/\/mhf.ro\/mm\/furt-la-inaltime-in-statiunea-straja\/"},"author":{"name":"Marius Marcu","@id":"https:\/\/mhf.ro\/mm\/#\/schema\/person\/a3bebf7bdb4bf12f698aff73c7e46c21"},"headline":"Furt la \u00een\u0103l\u021bime, \u00een statiunea Straja","datePublished":"2021-11-26T06:07:23+00:00","dateModified":"2021-11-26T06:28:53+00:00","mainEntityOfPage":{"@id":"https:\/\/mhf.ro\/mm\/furt-la-inaltime-in-statiunea-straja\/"},"wordCount":240,"commentCount":0,"publisher":{"@id":"https:\/\/mhf.ro\/mm\/#\/schema\/person\/a3bebf7bdb4bf12f698aff73c7e46c21"},"image":{"@id":"https:\/\/mhf.ro\/mm\/furt-la-inaltime-in-statiunea-straja\/#primaryimage"},"thumbnailUrl":"https:\/\/mhf.ro\/mm\/wp-content\/uploads\/2021\/11\/straja.jpg","articleSection":["Diverse"],"inLanguage":"ro-RO","potentialAction":[{"@type":"CommentAction","name":"Comment","target":["https:\/\/mhf.ro\/mm\/furt-la-inaltime-in-statiunea-straja\/#respond"]}]},{"@type":"WebPage","@id":"https:\/\/mhf.ro\/mm\/furt-la-inaltime-in-statiunea-straja\/","url":"https:\/\/mhf.ro\/mm\/furt-la-inaltime-in-statiunea-straja\/","name":"Furt la \u00een\u0103l\u021bime, \u00een statiunea Straja - MHF Photography","isPartOf":{"@id":"https:\/\/mhf.ro\/mm\/#website"},"primaryImageOfPage":{"@id":"https:\/\/mhf.ro\/mm\/furt-la-inaltime-in-statiunea-straja\/#primaryimage"},"image":{"@id":"https:\/\/mhf.ro\/mm\/furt-la-inaltime-in-statiunea-straja\/#primaryimage"},"thumbnailUrl":"https:\/\/mhf.ro\/mm\/wp-content\/uploads\/2021\/11\/straja.jpg","datePublished":"2021-11-26T06:07:23+00:00","dateModified":"2021-11-26T06:28:53+00:00","breadcrumb":{"@id":"https:\/\/mhf.ro\/mm\/furt-la-inaltime-in-statiunea-straja\/#breadcrumb"},"inLanguage":"ro-RO","potentialAction":[{"@type":"ReadAction","target":["https:\/\/mhf.ro\/mm\/furt-la-inaltime-in-statiunea-straja\/"]}]},{"@type":"ImageObject","inLanguage":"ro-RO","@id":"https:\/\/mhf.ro\/mm\/furt-la-inaltime-in-statiunea-straja\/#primaryimage","url":"https:\/\/mhf.ro\/mm\/wp-content\/uploads\/2021\/11\/straja.jpg","contentUrl":"https:\/\/mhf.ro\/mm\/wp-content\/uploads\/2021\/11\/straja.jpg","width":1200,"height":649},{"@type":"BreadcrumbList","@id":"https:\/\/mhf.ro\/mm\/furt-la-inaltime-in-statiunea-straja\/#breadcrumb","itemListElement":[{"@type":"ListItem","position":1,"name":"Prima pagin\u0103","item":"https:\/\/mhf.ro\/mm\/"},{"@type":"ListItem","position":2,"name":"Furt la \u00een\u0103l\u021bime, \u00een statiunea Straja"}]},{"@type":"WebSite","@id":"https:\/\/mhf.ro\/mm\/#website","url":"https:\/\/mhf.ro\/mm\/","name":"MHF Photography \u2013 Blog de fotografie, natur\u0103 \u0219i tehnic\u0103 divers\u0103","description":"Aventur\u0103 \u00een fiecare cadru.","publisher":{"@id":"https:\/\/mhf.ro\/mm\/#\/schema\/person\/a3bebf7bdb4bf12f698aff73c7e46c21"},"potentialAction":[{"@type":"SearchAction","target":{"@type":"EntryPoint","urlTemplate":"https:\/\/mhf.ro\/mm\/?s={search_term_string}"},"query-input":{"@type":"PropertyValueSpecification","valueRequired":true,"valueName":"search_term_string"}}],"inLanguage":"ro-RO"},{"@type":["Person","Organization"],"@id":"https:\/\/mhf.ro\/mm\/#\/schema\/person\/a3bebf7bdb4bf12f698aff73c7e46c21","name":"Marius Marcu","image":{"@type":"ImageObject","inLanguage":"ro-RO","@id":"https:\/\/mhf.ro\/mm\/#\/schema\/person\/image\/","url":"https:\/\/mhf.ro\/mm\/wp-content\/uploads\/2025\/12\/cropped-logo_mhf_2.png","contentUrl":"https:\/\/mhf.ro\/mm\/wp-content\/uploads\/2025\/12\/cropped-logo_mhf_2.png","width":1096,"height":457,"caption":"Marius Marcu"},"logo":{"@id":"https:\/\/mhf.ro\/mm\/#\/schema\/person\/image\/"},"sameAs":["https:\/\/mhf.ro\/mm"],"url":"https:\/\/mhf.ro\/mm\/author\/mihai\/"}]}},"_links":{"self":[{"href":"https:\/\/mhf.ro\/mm\/wp-json\/wp\/v2\/posts\/5680","targetHints":{"allow":["GET"]}}],"collection":[{"href":"https:\/\/mhf.ro\/mm\/wp-json\/wp\/v2\/posts"}],"about":[{"href":"https:\/\/mhf.ro\/mm\/wp-json\/wp\/v2\/types\/post"}],"author":[{"embeddable":true,"href":"https:\/\/mhf.ro\/mm\/wp-json\/wp\/v2\/users\/1"}],"replies":[{"embeddable":true,"href":"https:\/\/mhf.ro\/mm\/wp-json\/wp\/v2\/comments?post=5680"}],"version-history":[{"count":1,"href":"https:\/\/mhf.ro\/mm\/wp-json\/wp\/v2\/posts\/5680\/revisions"}],"predecessor-version":[{"id":5682,"href":"https:\/\/mhf.ro\/mm\/wp-json\/wp\/v2\/posts\/5680\/revisions\/5682"}],"wp:featuredmedia":[{"embeddable":true,"href":"https:\/\/mhf.ro\/mm\/wp-json\/wp\/v2\/media\/5681"}],"wp:attachment":[{"href":"https:\/\/mhf.ro\/mm\/wp-json\/wp\/v2\/media?parent=5680"}],"wp:term":[{"taxonomy":"category","embeddable":true,"href":"https:\/\/mhf.ro\/mm\/wp-json\/wp\/v2\/categories?post=5680"},{"taxonomy":"post_tag","embeddable":true,"href":"https:\/\/mhf.ro\/mm\/wp-json\/wp\/v2\/tags?post=5680"}],"curies":[{"name":"wp","href":"https:\/\/api.w.org\/{rel}","templated":true}]}}