{"id":5683,"date":"2021-11-26T08:09:17","date_gmt":"2021-11-26T06:09:17","guid":{"rendered":"https:\/\/mhf.ro\/mm\/?p=5683"},"modified":"2021-11-26T08:30:56","modified_gmt":"2021-11-26T06:30:56","slug":"doza-booster-anti-covid-obligatorie-pentru-a-calatori","status":"publish","type":"post","link":"https:\/\/mhf.ro\/mm\/doza-booster-anti-covid-obligatorie-pentru-a-calatori\/","title":{"rendered":"Doza \u201ebooster\u201d anti-Covid, obligatorie pentru a c\u0103l\u0103tori"},"content":{"rendered":"<p>Reziden\u021bii Uniunii Europene vor fi nevoi\u021bi s\u0103 se vaccineze cu a treia doz\u0103 \u201ebooster\u201d a unui vaccin anti-Covid pentru a putea c\u0103l\u0103tori \u00eentr-o alt\u0103 \u021bar\u0103 din blocul comunitar f\u0103r\u0103 teste pentru coronavirus sau obligativitatea de a intra \u00een carantin\u0103, potrivit unei propuneri f\u0103cute joi de Comisia European\u0103.<\/p>\n<p>Executivul UE propune de asemenea acceptarea \u00een scopuri de c\u0103l\u0103torie a tuturor vaccinurilor aprobate de Organiza\u021bia Mondial\u0103 a S\u0103n\u0103t\u0103\u021bii, scrie presa str\u0103in\u0103, potrivit Hotnews.<\/p>\n<p>Amintim totodat\u0103 c\u0103 UE va limita joi la\u00a09 luni valabilitatea vaccin\u0103rii contra Covid pentru c\u0103l\u0103toriile \u00een interiorul Uniunii. (conf. Jurnalist.ro)<\/p>\n","protected":false},"excerpt":{"rendered":"<p>Reziden\u021bii Uniunii Europene vor fi nevoi\u021bi s\u0103 se vaccineze cu a treia doz\u0103 \u201ebooster\u201d a unui vaccin anti-Covid pentru a<\/p>\n","protected":false},"author":1,"featured_media":5684,"comment_status":"open","ping_status":"open","sticky":false,"template":"","format":"standard","meta":{"colormag_page_container_layout":"default_layout","colormag_page_sidebar_layout":"default_layout","footnotes":""},"categories":[5],"tags":[],"class_list":["post-5683","post","type-post","status-publish","format-standard","has-post-thumbnail","hentry","category-locale"],"yoast_head":"<!-- This site is optimized with the Yoast SEO plugin v27.0 - https:\/\/yoast.com\/product\/yoast-seo-wordpress\/ -->\n<title>Doza \u201ebooster\u201d anti-Covid, obligatorie pentru a c\u0103l\u0103tori - MHF Photography<\/title>\n<meta name=\"robots\" content=\"index, follow, max-snippet:-1, max-image-preview:large, max-video-preview:-1\" \/>\n<link rel=\"canonical\" href=\"https:\/\/mhf.ro\/mm\/doza-booster-anti-covid-obligatorie-pentru-a-calatori\/\" \/>\n<meta property=\"og:locale\" content=\"ro_RO\" \/>\n<meta property=\"og:type\" content=\"article\" \/>\n<meta property=\"og:title\" content=\"Doza \u201ebooster\u201d anti-Covid, obligatorie pentru a c\u0103l\u0103tori - MHF Photography\" \/>\n<meta property=\"og:description\" content=\"Reziden\u021bii Uniunii Europene vor fi nevoi\u021bi s\u0103 se vaccineze cu a treia doz\u0103 \u201ebooster\u201d a unui vaccin anti-Covid pentru a\" \/>\n<meta property=\"og:url\" content=\"https:\/\/mhf.ro\/mm\/doza-booster-anti-covid-obligatorie-pentru-a-calatori\/\" \/>\n<meta property=\"og:site_name\" content=\"MHF Photography\" \/>\n<meta property=\"article:published_time\" content=\"2021-11-26T06:09:17+00:00\" \/>\n<meta property=\"article:modified_time\" content=\"2021-11-26T06:30:56+00:00\" \/>\n<meta property=\"og:image\" content=\"https:\/\/mhf.ro\/mm\/wp-content\/uploads\/2021\/11\/comisia-europeana.jpg\" \/>\n\t<meta property=\"og:image:width\" content=\"605\" \/>\n\t<meta property=\"og:image:height\" content=\"403\" \/>\n\t<meta property=\"og:image:type\" content=\"image\/jpeg\" \/>\n<meta name=\"author\" content=\"Marius Marcu\" \/>\n<meta name=\"twitter:card\" content=\"summary_large_image\" \/>\n<meta name=\"twitter:label1\" content=\"Scris de\" \/>\n\t<meta name=\"twitter:data1\" content=\"Marius Marcu\" \/>\n\t<meta name=\"twitter:label2\" content=\"Timp estimat pentru citire\" \/>\n\t<meta name=\"twitter:data2\" content=\"1 minut\" \/>\n<script type=\"application\/ld+json\" class=\"yoast-schema-graph\">{\"@context\":\"https:\/\/schema.org\",\"@graph\":[{\"@type\":\"Article\",\"@id\":\"https:\/\/mhf.ro\/mm\/doza-booster-anti-covid-obligatorie-pentru-a-calatori\/#article\",\"isPartOf\":{\"@id\":\"https:\/\/mhf.ro\/mm\/doza-booster-anti-covid-obligatorie-pentru-a-calatori\/\"},\"author\":{\"name\":\"Marius Marcu\",\"@id\":\"https:\/\/mhf.ro\/mm\/#\/schema\/person\/a3bebf7bdb4bf12f698aff73c7e46c21\"},\"headline\":\"Doza \u201ebooster\u201d anti-Covid, obligatorie pentru a c\u0103l\u0103tori\",\"datePublished\":\"2021-11-26T06:09:17+00:00\",\"dateModified\":\"2021-11-26T06:30:56+00:00\",\"mainEntityOfPage\":{\"@id\":\"https:\/\/mhf.ro\/mm\/doza-booster-anti-covid-obligatorie-pentru-a-calatori\/\"},\"wordCount\":117,\"commentCount\":0,\"publisher\":{\"@id\":\"https:\/\/mhf.ro\/mm\/#\/schema\/person\/a3bebf7bdb4bf12f698aff73c7e46c21\"},\"image\":{\"@id\":\"https:\/\/mhf.ro\/mm\/doza-booster-anti-covid-obligatorie-pentru-a-calatori\/#primaryimage\"},\"thumbnailUrl\":\"https:\/\/mhf.ro\/mm\/wp-content\/uploads\/2021\/11\/comisia-europeana.jpg\",\"articleSection\":[\"Locale\"],\"inLanguage\":\"ro-RO\",\"potentialAction\":[{\"@type\":\"CommentAction\",\"name\":\"Comment\",\"target\":[\"https:\/\/mhf.ro\/mm\/doza-booster-anti-covid-obligatorie-pentru-a-calatori\/#respond\"]}]},{\"@type\":\"WebPage\",\"@id\":\"https:\/\/mhf.ro\/mm\/doza-booster-anti-covid-obligatorie-pentru-a-calatori\/\",\"url\":\"https:\/\/mhf.ro\/mm\/doza-booster-anti-covid-obligatorie-pentru-a-calatori\/\",\"name\":\"Doza \u201ebooster\u201d anti-Covid, obligatorie pentru a c\u0103l\u0103tori - MHF Photography\",\"isPartOf\":{\"@id\":\"https:\/\/mhf.ro\/mm\/#website\"},\"primaryImageOfPage\":{\"@id\":\"https:\/\/mhf.ro\/mm\/doza-booster-anti-covid-obligatorie-pentru-a-calatori\/#primaryimage\"},\"image\":{\"@id\":\"https:\/\/mhf.ro\/mm\/doza-booster-anti-covid-obligatorie-pentru-a-calatori\/#primaryimage\"},\"thumbnailUrl\":\"https:\/\/mhf.ro\/mm\/wp-content\/uploads\/2021\/11\/comisia-europeana.jpg\",\"datePublished\":\"2021-11-26T06:09:17+00:00\",\"dateModified\":\"2021-11-26T06:30:56+00:00\",\"breadcrumb\":{\"@id\":\"https:\/\/mhf.ro\/mm\/doza-booster-anti-covid-obligatorie-pentru-a-calatori\/#breadcrumb\"},\"inLanguage\":\"ro-RO\",\"potentialAction\":[{\"@type\":\"ReadAction\",\"target\":[\"https:\/\/mhf.ro\/mm\/doza-booster-anti-covid-obligatorie-pentru-a-calatori\/\"]}]},{\"@type\":\"ImageObject\",\"inLanguage\":\"ro-RO\",\"@id\":\"https:\/\/mhf.ro\/mm\/doza-booster-anti-covid-obligatorie-pentru-a-calatori\/#primaryimage\",\"url\":\"https:\/\/mhf.ro\/mm\/wp-content\/uploads\/2021\/11\/comisia-europeana.jpg\",\"contentUrl\":\"https:\/\/mhf.ro\/mm\/wp-content\/uploads\/2021\/11\/comisia-europeana.jpg\",\"width\":605,\"height\":403},{\"@type\":\"BreadcrumbList\",\"@id\":\"https:\/\/mhf.ro\/mm\/doza-booster-anti-covid-obligatorie-pentru-a-calatori\/#breadcrumb\",\"itemListElement\":[{\"@type\":\"ListItem\",\"position\":1,\"name\":\"Prima pagin\u0103\",\"item\":\"https:\/\/mhf.ro\/mm\/\"},{\"@type\":\"ListItem\",\"position\":2,\"name\":\"Doza \u201ebooster\u201d anti-Covid, obligatorie pentru a c\u0103l\u0103tori\"}]},{\"@type\":\"WebSite\",\"@id\":\"https:\/\/mhf.ro\/mm\/#website\",\"url\":\"https:\/\/mhf.ro\/mm\/\",\"name\":\"MHF Photography \u2013 Blog de fotografie, natur\u0103 \u0219i tehnic\u0103 divers\u0103\",\"description\":\"Aventur\u0103 \u00een fiecare cadru.\",\"publisher\":{\"@id\":\"https:\/\/mhf.ro\/mm\/#\/schema\/person\/a3bebf7bdb4bf12f698aff73c7e46c21\"},\"potentialAction\":[{\"@type\":\"SearchAction\",\"target\":{\"@type\":\"EntryPoint\",\"urlTemplate\":\"https:\/\/mhf.ro\/mm\/?s={search_term_string}\"},\"query-input\":{\"@type\":\"PropertyValueSpecification\",\"valueRequired\":true,\"valueName\":\"search_term_string\"}}],\"inLanguage\":\"ro-RO\"},{\"@type\":[\"Person\",\"Organization\"],\"@id\":\"https:\/\/mhf.ro\/mm\/#\/schema\/person\/a3bebf7bdb4bf12f698aff73c7e46c21\",\"name\":\"Marius Marcu\",\"image\":{\"@type\":\"ImageObject\",\"inLanguage\":\"ro-RO\",\"@id\":\"https:\/\/mhf.ro\/mm\/#\/schema\/person\/image\/\",\"url\":\"https:\/\/mhf.ro\/mm\/wp-content\/uploads\/2025\/12\/cropped-logo_mhf_2.png\",\"contentUrl\":\"https:\/\/mhf.ro\/mm\/wp-content\/uploads\/2025\/12\/cropped-logo_mhf_2.png\",\"width\":1096,\"height\":457,\"caption\":\"Marius Marcu\"},\"logo\":{\"@id\":\"https:\/\/mhf.ro\/mm\/#\/schema\/person\/image\/\"},\"sameAs\":[\"https:\/\/mhf.ro\/mm\"],\"url\":\"https:\/\/mhf.ro\/mm\/author\/mihai\/\"}]}<\/script>\n<!-- \/ Yoast SEO plugin. -->","yoast_head_json":{"title":"Doza \u201ebooster\u201d anti-Covid, obligatorie pentru a c\u0103l\u0103tori - MHF Photography","robots":{"index":"index","follow":"follow","max-snippet":"max-snippet:-1","max-image-preview":"max-image-preview:large","max-video-preview":"max-video-preview:-1"},"canonical":"https:\/\/mhf.ro\/mm\/doza-booster-anti-covid-obligatorie-pentru-a-calatori\/","og_locale":"ro_RO","og_type":"article","og_title":"Doza \u201ebooster\u201d anti-Covid, obligatorie pentru a c\u0103l\u0103tori - MHF Photography","og_description":"Reziden\u021bii Uniunii Europene vor fi nevoi\u021bi s\u0103 se vaccineze cu a treia doz\u0103 \u201ebooster\u201d a unui vaccin anti-Covid pentru a","og_url":"https:\/\/mhf.ro\/mm\/doza-booster-anti-covid-obligatorie-pentru-a-calatori\/","og_site_name":"MHF Photography","article_published_time":"2021-11-26T06:09:17+00:00","article_modified_time":"2021-11-26T06:30:56+00:00","og_image":[{"width":605,"height":403,"url":"https:\/\/mhf.ro\/mm\/wp-content\/uploads\/2021\/11\/comisia-europeana.jpg","type":"image\/jpeg"}],"author":"Marius Marcu","twitter_card":"summary_large_image","twitter_misc":{"Scris de":"Marius Marcu","Timp estimat pentru citire":"1 minut"},"schema":{"@context":"https:\/\/schema.org","@graph":[{"@type":"Article","@id":"https:\/\/mhf.ro\/mm\/doza-booster-anti-covid-obligatorie-pentru-a-calatori\/#article","isPartOf":{"@id":"https:\/\/mhf.ro\/mm\/doza-booster-anti-covid-obligatorie-pentru-a-calatori\/"},"author":{"name":"Marius Marcu","@id":"https:\/\/mhf.ro\/mm\/#\/schema\/person\/a3bebf7bdb4bf12f698aff73c7e46c21"},"headline":"Doza \u201ebooster\u201d anti-Covid, obligatorie pentru a c\u0103l\u0103tori","datePublished":"2021-11-26T06:09:17+00:00","dateModified":"2021-11-26T06:30:56+00:00","mainEntityOfPage":{"@id":"https:\/\/mhf.ro\/mm\/doza-booster-anti-covid-obligatorie-pentru-a-calatori\/"},"wordCount":117,"commentCount":0,"publisher":{"@id":"https:\/\/mhf.ro\/mm\/#\/schema\/person\/a3bebf7bdb4bf12f698aff73c7e46c21"},"image":{"@id":"https:\/\/mhf.ro\/mm\/doza-booster-anti-covid-obligatorie-pentru-a-calatori\/#primaryimage"},"thumbnailUrl":"https:\/\/mhf.ro\/mm\/wp-content\/uploads\/2021\/11\/comisia-europeana.jpg","articleSection":["Locale"],"inLanguage":"ro-RO","potentialAction":[{"@type":"CommentAction","name":"Comment","target":["https:\/\/mhf.ro\/mm\/doza-booster-anti-covid-obligatorie-pentru-a-calatori\/#respond"]}]},{"@type":"WebPage","@id":"https:\/\/mhf.ro\/mm\/doza-booster-anti-covid-obligatorie-pentru-a-calatori\/","url":"https:\/\/mhf.ro\/mm\/doza-booster-anti-covid-obligatorie-pentru-a-calatori\/","name":"Doza \u201ebooster\u201d anti-Covid, obligatorie pentru a c\u0103l\u0103tori - MHF Photography","isPartOf":{"@id":"https:\/\/mhf.ro\/mm\/#website"},"primaryImageOfPage":{"@id":"https:\/\/mhf.ro\/mm\/doza-booster-anti-covid-obligatorie-pentru-a-calatori\/#primaryimage"},"image":{"@id":"https:\/\/mhf.ro\/mm\/doza-booster-anti-covid-obligatorie-pentru-a-calatori\/#primaryimage"},"thumbnailUrl":"https:\/\/mhf.ro\/mm\/wp-content\/uploads\/2021\/11\/comisia-europeana.jpg","datePublished":"2021-11-26T06:09:17+00:00","dateModified":"2021-11-26T06:30:56+00:00","breadcrumb":{"@id":"https:\/\/mhf.ro\/mm\/doza-booster-anti-covid-obligatorie-pentru-a-calatori\/#breadcrumb"},"inLanguage":"ro-RO","potentialAction":[{"@type":"ReadAction","target":["https:\/\/mhf.ro\/mm\/doza-booster-anti-covid-obligatorie-pentru-a-calatori\/"]}]},{"@type":"ImageObject","inLanguage":"ro-RO","@id":"https:\/\/mhf.ro\/mm\/doza-booster-anti-covid-obligatorie-pentru-a-calatori\/#primaryimage","url":"https:\/\/mhf.ro\/mm\/wp-content\/uploads\/2021\/11\/comisia-europeana.jpg","contentUrl":"https:\/\/mhf.ro\/mm\/wp-content\/uploads\/2021\/11\/comisia-europeana.jpg","width":605,"height":403},{"@type":"BreadcrumbList","@id":"https:\/\/mhf.ro\/mm\/doza-booster-anti-covid-obligatorie-pentru-a-calatori\/#breadcrumb","itemListElement":[{"@type":"ListItem","position":1,"name":"Prima pagin\u0103","item":"https:\/\/mhf.ro\/mm\/"},{"@type":"ListItem","position":2,"name":"Doza \u201ebooster\u201d anti-Covid, obligatorie pentru a c\u0103l\u0103tori"}]},{"@type":"WebSite","@id":"https:\/\/mhf.ro\/mm\/#website","url":"https:\/\/mhf.ro\/mm\/","name":"MHF Photography \u2013 Blog de fotografie, natur\u0103 \u0219i tehnic\u0103 divers\u0103","description":"Aventur\u0103 \u00een fiecare cadru.","publisher":{"@id":"https:\/\/mhf.ro\/mm\/#\/schema\/person\/a3bebf7bdb4bf12f698aff73c7e46c21"},"potentialAction":[{"@type":"SearchAction","target":{"@type":"EntryPoint","urlTemplate":"https:\/\/mhf.ro\/mm\/?s={search_term_string}"},"query-input":{"@type":"PropertyValueSpecification","valueRequired":true,"valueName":"search_term_string"}}],"inLanguage":"ro-RO"},{"@type":["Person","Organization"],"@id":"https:\/\/mhf.ro\/mm\/#\/schema\/person\/a3bebf7bdb4bf12f698aff73c7e46c21","name":"Marius Marcu","image":{"@type":"ImageObject","inLanguage":"ro-RO","@id":"https:\/\/mhf.ro\/mm\/#\/schema\/person\/image\/","url":"https:\/\/mhf.ro\/mm\/wp-content\/uploads\/2025\/12\/cropped-logo_mhf_2.png","contentUrl":"https:\/\/mhf.ro\/mm\/wp-content\/uploads\/2025\/12\/cropped-logo_mhf_2.png","width":1096,"height":457,"caption":"Marius Marcu"},"logo":{"@id":"https:\/\/mhf.ro\/mm\/#\/schema\/person\/image\/"},"sameAs":["https:\/\/mhf.ro\/mm"],"url":"https:\/\/mhf.ro\/mm\/author\/mihai\/"}]}},"_links":{"self":[{"href":"https:\/\/mhf.ro\/mm\/wp-json\/wp\/v2\/posts\/5683","targetHints":{"allow":["GET"]}}],"collection":[{"href":"https:\/\/mhf.ro\/mm\/wp-json\/wp\/v2\/posts"}],"about":[{"href":"https:\/\/mhf.ro\/mm\/wp-json\/wp\/v2\/types\/post"}],"author":[{"embeddable":true,"href":"https:\/\/mhf.ro\/mm\/wp-json\/wp\/v2\/users\/1"}],"replies":[{"embeddable":true,"href":"https:\/\/mhf.ro\/mm\/wp-json\/wp\/v2\/comments?post=5683"}],"version-history":[{"count":1,"href":"https:\/\/mhf.ro\/mm\/wp-json\/wp\/v2\/posts\/5683\/revisions"}],"predecessor-version":[{"id":5685,"href":"https:\/\/mhf.ro\/mm\/wp-json\/wp\/v2\/posts\/5683\/revisions\/5685"}],"wp:featuredmedia":[{"embeddable":true,"href":"https:\/\/mhf.ro\/mm\/wp-json\/wp\/v2\/media\/5684"}],"wp:attachment":[{"href":"https:\/\/mhf.ro\/mm\/wp-json\/wp\/v2\/media?parent=5683"}],"wp:term":[{"taxonomy":"category","embeddable":true,"href":"https:\/\/mhf.ro\/mm\/wp-json\/wp\/v2\/categories?post=5683"},{"taxonomy":"post_tag","embeddable":true,"href":"https:\/\/mhf.ro\/mm\/wp-json\/wp\/v2\/tags?post=5683"}],"curies":[{"name":"wp","href":"https:\/\/api.w.org\/{rel}","templated":true}]}}