{"id":5693,"date":"2021-11-27T08:41:13","date_gmt":"2021-11-27T06:41:13","guid":{"rendered":"https:\/\/mhf.ro\/mm\/?p=5693"},"modified":"2021-11-27T09:13:25","modified_gmt":"2021-11-27T07:13:25","slug":"omicron-o-varianta-ingrijoratoare-a-coronavirusului","status":"publish","type":"post","link":"https:\/\/mhf.ro\/mm\/omicron-o-varianta-ingrijoratoare-a-coronavirusului\/","title":{"rendered":"Omicron, o \u201evariant\u0103 \u00eengrijor\u0103toare\u201d a coronavirusului"},"content":{"rendered":"<p>Noua variant\u0103 a Covid-19 a primit un nume: Omicron. Vineri, exper\u021bii OMS au decis c\u0103 noua variant\u0103 de coronavirus secven\u021biat\u0103 de cercet\u0103torii din Africa de Sud este o \u201evariant\u0103 \u00eengrijor\u0103toare\u201d, care are un poten\u021bial de reinfectare mai mare dec\u00e2t al celorlalte variante.<\/p>\n<p>\u00centre timp a fost deja confirmat primul caz de infectare cu varianta Omicron. Cazul a fost descoperit \u00een Belgia.<\/p>\n<p><em>\u201eAvem un caz care este acum confirmat cu aceast\u0103 variant\u0103. Este vorba despre cineva venit din str\u0103in\u0103tate. Cineva care a fost testat pozitiv la 22 noiembrie. Cineva care nu era vaccinat<\/em>\u201d, a declarat ministrul s\u0103n\u0103t\u0103\u0163ii Frank Vandenbroucke, \u00eentr-o conferin\u0163\u0103 de pres\u0103, cer\u00e2nd popula\u0163iei \u2018s\u0103 nu intre \u00een panic\u0103\u2019, transmite Digi24.<\/p>\n<p>Noua tulpin\u0103, care a fost identificat\u0103 mar\u021bi, prezint\u0103 \u201eun num\u0103r extrem de mare\u201d de muta\u021bii, iar proteina spike arat\u0103 diferit de versiunea luat\u0103 \u00een considerare atunci c\u00e2nd au fost concepute vaccinurile.<\/p>\n<p>Tulpina a fost depistat\u0103 p\u00e2n\u0103 acum \u00een Africa de Sud, Botswana, Belgia, Hong Kong \u0219i Israel. (conf. Jurnalist.ro)<\/p>\n","protected":false},"excerpt":{"rendered":"<p>Noua variant\u0103 a Covid-19 a primit un nume: Omicron. Vineri, exper\u021bii OMS au decis c\u0103 noua variant\u0103 de coronavirus secven\u021biat\u0103<\/p>\n","protected":false},"author":1,"featured_media":5694,"comment_status":"open","ping_status":"open","sticky":false,"template":"","format":"standard","meta":{"colormag_page_container_layout":"default_layout","colormag_page_sidebar_layout":"default_layout","footnotes":""},"categories":[5],"tags":[],"class_list":["post-5693","post","type-post","status-publish","format-standard","has-post-thumbnail","hentry","category-locale"],"yoast_head":"<!-- This site is optimized with the Yoast SEO plugin v27.0 - https:\/\/yoast.com\/product\/yoast-seo-wordpress\/ -->\n<title>Omicron, o \u201evariant\u0103 \u00eengrijor\u0103toare\u201d a coronavirusului - MHF Photography<\/title>\n<meta name=\"robots\" content=\"index, follow, max-snippet:-1, max-image-preview:large, max-video-preview:-1\" \/>\n<link rel=\"canonical\" href=\"https:\/\/mhf.ro\/mm\/omicron-o-varianta-ingrijoratoare-a-coronavirusului\/\" \/>\n<meta property=\"og:locale\" content=\"ro_RO\" \/>\n<meta property=\"og:type\" content=\"article\" \/>\n<meta property=\"og:title\" content=\"Omicron, o \u201evariant\u0103 \u00eengrijor\u0103toare\u201d a coronavirusului - MHF Photography\" \/>\n<meta property=\"og:description\" content=\"Noua variant\u0103 a Covid-19 a primit un nume: Omicron. Vineri, exper\u021bii OMS au decis c\u0103 noua variant\u0103 de coronavirus secven\u021biat\u0103\" \/>\n<meta property=\"og:url\" content=\"https:\/\/mhf.ro\/mm\/omicron-o-varianta-ingrijoratoare-a-coronavirusului\/\" \/>\n<meta property=\"og:site_name\" content=\"MHF Photography\" \/>\n<meta property=\"article:published_time\" content=\"2021-11-27T06:41:13+00:00\" \/>\n<meta property=\"article:modified_time\" content=\"2021-11-27T07:13:25+00:00\" \/>\n<meta property=\"og:image\" content=\"https:\/\/mhf.ro\/mm\/wp-content\/uploads\/2021\/11\/COVID-19-Romania-1.jpg\" \/>\n\t<meta property=\"og:image:width\" content=\"1600\" \/>\n\t<meta property=\"og:image:height\" content=\"900\" \/>\n\t<meta property=\"og:image:type\" content=\"image\/jpeg\" \/>\n<meta name=\"author\" content=\"Marius Marcu\" \/>\n<meta name=\"twitter:card\" content=\"summary_large_image\" \/>\n<meta name=\"twitter:label1\" content=\"Scris de\" \/>\n\t<meta name=\"twitter:data1\" content=\"Marius Marcu\" \/>\n\t<meta name=\"twitter:label2\" content=\"Timp estimat pentru citire\" \/>\n\t<meta name=\"twitter:data2\" content=\"1 minut\" \/>\n<script type=\"application\/ld+json\" class=\"yoast-schema-graph\">{\"@context\":\"https:\/\/schema.org\",\"@graph\":[{\"@type\":\"Article\",\"@id\":\"https:\/\/mhf.ro\/mm\/omicron-o-varianta-ingrijoratoare-a-coronavirusului\/#article\",\"isPartOf\":{\"@id\":\"https:\/\/mhf.ro\/mm\/omicron-o-varianta-ingrijoratoare-a-coronavirusului\/\"},\"author\":{\"name\":\"Marius Marcu\",\"@id\":\"https:\/\/mhf.ro\/mm\/#\/schema\/person\/a3bebf7bdb4bf12f698aff73c7e46c21\"},\"headline\":\"Omicron, o \u201evariant\u0103 \u00eengrijor\u0103toare\u201d a coronavirusului\",\"datePublished\":\"2021-11-27T06:41:13+00:00\",\"dateModified\":\"2021-11-27T07:13:25+00:00\",\"mainEntityOfPage\":{\"@id\":\"https:\/\/mhf.ro\/mm\/omicron-o-varianta-ingrijoratoare-a-coronavirusului\/\"},\"wordCount\":185,\"commentCount\":0,\"publisher\":{\"@id\":\"https:\/\/mhf.ro\/mm\/#\/schema\/person\/a3bebf7bdb4bf12f698aff73c7e46c21\"},\"image\":{\"@id\":\"https:\/\/mhf.ro\/mm\/omicron-o-varianta-ingrijoratoare-a-coronavirusului\/#primaryimage\"},\"thumbnailUrl\":\"https:\/\/mhf.ro\/mm\/wp-content\/uploads\/2021\/11\/COVID-19-Romania-1.jpg\",\"articleSection\":[\"Locale\"],\"inLanguage\":\"ro-RO\",\"potentialAction\":[{\"@type\":\"CommentAction\",\"name\":\"Comment\",\"target\":[\"https:\/\/mhf.ro\/mm\/omicron-o-varianta-ingrijoratoare-a-coronavirusului\/#respond\"]}]},{\"@type\":\"WebPage\",\"@id\":\"https:\/\/mhf.ro\/mm\/omicron-o-varianta-ingrijoratoare-a-coronavirusului\/\",\"url\":\"https:\/\/mhf.ro\/mm\/omicron-o-varianta-ingrijoratoare-a-coronavirusului\/\",\"name\":\"Omicron, o \u201evariant\u0103 \u00eengrijor\u0103toare\u201d a coronavirusului - MHF Photography\",\"isPartOf\":{\"@id\":\"https:\/\/mhf.ro\/mm\/#website\"},\"primaryImageOfPage\":{\"@id\":\"https:\/\/mhf.ro\/mm\/omicron-o-varianta-ingrijoratoare-a-coronavirusului\/#primaryimage\"},\"image\":{\"@id\":\"https:\/\/mhf.ro\/mm\/omicron-o-varianta-ingrijoratoare-a-coronavirusului\/#primaryimage\"},\"thumbnailUrl\":\"https:\/\/mhf.ro\/mm\/wp-content\/uploads\/2021\/11\/COVID-19-Romania-1.jpg\",\"datePublished\":\"2021-11-27T06:41:13+00:00\",\"dateModified\":\"2021-11-27T07:13:25+00:00\",\"breadcrumb\":{\"@id\":\"https:\/\/mhf.ro\/mm\/omicron-o-varianta-ingrijoratoare-a-coronavirusului\/#breadcrumb\"},\"inLanguage\":\"ro-RO\",\"potentialAction\":[{\"@type\":\"ReadAction\",\"target\":[\"https:\/\/mhf.ro\/mm\/omicron-o-varianta-ingrijoratoare-a-coronavirusului\/\"]}]},{\"@type\":\"ImageObject\",\"inLanguage\":\"ro-RO\",\"@id\":\"https:\/\/mhf.ro\/mm\/omicron-o-varianta-ingrijoratoare-a-coronavirusului\/#primaryimage\",\"url\":\"https:\/\/mhf.ro\/mm\/wp-content\/uploads\/2021\/11\/COVID-19-Romania-1.jpg\",\"contentUrl\":\"https:\/\/mhf.ro\/mm\/wp-content\/uploads\/2021\/11\/COVID-19-Romania-1.jpg\",\"width\":1600,\"height\":900},{\"@type\":\"BreadcrumbList\",\"@id\":\"https:\/\/mhf.ro\/mm\/omicron-o-varianta-ingrijoratoare-a-coronavirusului\/#breadcrumb\",\"itemListElement\":[{\"@type\":\"ListItem\",\"position\":1,\"name\":\"Prima pagin\u0103\",\"item\":\"https:\/\/mhf.ro\/mm\/\"},{\"@type\":\"ListItem\",\"position\":2,\"name\":\"Omicron, o \u201evariant\u0103 \u00eengrijor\u0103toare\u201d a coronavirusului\"}]},{\"@type\":\"WebSite\",\"@id\":\"https:\/\/mhf.ro\/mm\/#website\",\"url\":\"https:\/\/mhf.ro\/mm\/\",\"name\":\"MHF Photography \u2013 Blog de fotografie, natur\u0103 \u0219i tehnic\u0103 divers\u0103\",\"description\":\"Aventur\u0103 \u00een fiecare cadru.\",\"publisher\":{\"@id\":\"https:\/\/mhf.ro\/mm\/#\/schema\/person\/a3bebf7bdb4bf12f698aff73c7e46c21\"},\"potentialAction\":[{\"@type\":\"SearchAction\",\"target\":{\"@type\":\"EntryPoint\",\"urlTemplate\":\"https:\/\/mhf.ro\/mm\/?s={search_term_string}\"},\"query-input\":{\"@type\":\"PropertyValueSpecification\",\"valueRequired\":true,\"valueName\":\"search_term_string\"}}],\"inLanguage\":\"ro-RO\"},{\"@type\":[\"Person\",\"Organization\"],\"@id\":\"https:\/\/mhf.ro\/mm\/#\/schema\/person\/a3bebf7bdb4bf12f698aff73c7e46c21\",\"name\":\"Marius Marcu\",\"image\":{\"@type\":\"ImageObject\",\"inLanguage\":\"ro-RO\",\"@id\":\"https:\/\/mhf.ro\/mm\/#\/schema\/person\/image\/\",\"url\":\"https:\/\/mhf.ro\/mm\/wp-content\/uploads\/2025\/12\/cropped-logo_mhf_2.png\",\"contentUrl\":\"https:\/\/mhf.ro\/mm\/wp-content\/uploads\/2025\/12\/cropped-logo_mhf_2.png\",\"width\":1096,\"height\":457,\"caption\":\"Marius Marcu\"},\"logo\":{\"@id\":\"https:\/\/mhf.ro\/mm\/#\/schema\/person\/image\/\"},\"sameAs\":[\"https:\/\/mhf.ro\/mm\"],\"url\":\"https:\/\/mhf.ro\/mm\/author\/mihai\/\"}]}<\/script>\n<!-- \/ Yoast SEO plugin. -->","yoast_head_json":{"title":"Omicron, o \u201evariant\u0103 \u00eengrijor\u0103toare\u201d a coronavirusului - MHF Photography","robots":{"index":"index","follow":"follow","max-snippet":"max-snippet:-1","max-image-preview":"max-image-preview:large","max-video-preview":"max-video-preview:-1"},"canonical":"https:\/\/mhf.ro\/mm\/omicron-o-varianta-ingrijoratoare-a-coronavirusului\/","og_locale":"ro_RO","og_type":"article","og_title":"Omicron, o \u201evariant\u0103 \u00eengrijor\u0103toare\u201d a coronavirusului - MHF Photography","og_description":"Noua variant\u0103 a Covid-19 a primit un nume: Omicron. Vineri, exper\u021bii OMS au decis c\u0103 noua variant\u0103 de coronavirus secven\u021biat\u0103","og_url":"https:\/\/mhf.ro\/mm\/omicron-o-varianta-ingrijoratoare-a-coronavirusului\/","og_site_name":"MHF Photography","article_published_time":"2021-11-27T06:41:13+00:00","article_modified_time":"2021-11-27T07:13:25+00:00","og_image":[{"width":1600,"height":900,"url":"https:\/\/mhf.ro\/mm\/wp-content\/uploads\/2021\/11\/COVID-19-Romania-1.jpg","type":"image\/jpeg"}],"author":"Marius Marcu","twitter_card":"summary_large_image","twitter_misc":{"Scris de":"Marius Marcu","Timp estimat pentru citire":"1 minut"},"schema":{"@context":"https:\/\/schema.org","@graph":[{"@type":"Article","@id":"https:\/\/mhf.ro\/mm\/omicron-o-varianta-ingrijoratoare-a-coronavirusului\/#article","isPartOf":{"@id":"https:\/\/mhf.ro\/mm\/omicron-o-varianta-ingrijoratoare-a-coronavirusului\/"},"author":{"name":"Marius Marcu","@id":"https:\/\/mhf.ro\/mm\/#\/schema\/person\/a3bebf7bdb4bf12f698aff73c7e46c21"},"headline":"Omicron, o \u201evariant\u0103 \u00eengrijor\u0103toare\u201d a coronavirusului","datePublished":"2021-11-27T06:41:13+00:00","dateModified":"2021-11-27T07:13:25+00:00","mainEntityOfPage":{"@id":"https:\/\/mhf.ro\/mm\/omicron-o-varianta-ingrijoratoare-a-coronavirusului\/"},"wordCount":185,"commentCount":0,"publisher":{"@id":"https:\/\/mhf.ro\/mm\/#\/schema\/person\/a3bebf7bdb4bf12f698aff73c7e46c21"},"image":{"@id":"https:\/\/mhf.ro\/mm\/omicron-o-varianta-ingrijoratoare-a-coronavirusului\/#primaryimage"},"thumbnailUrl":"https:\/\/mhf.ro\/mm\/wp-content\/uploads\/2021\/11\/COVID-19-Romania-1.jpg","articleSection":["Locale"],"inLanguage":"ro-RO","potentialAction":[{"@type":"CommentAction","name":"Comment","target":["https:\/\/mhf.ro\/mm\/omicron-o-varianta-ingrijoratoare-a-coronavirusului\/#respond"]}]},{"@type":"WebPage","@id":"https:\/\/mhf.ro\/mm\/omicron-o-varianta-ingrijoratoare-a-coronavirusului\/","url":"https:\/\/mhf.ro\/mm\/omicron-o-varianta-ingrijoratoare-a-coronavirusului\/","name":"Omicron, o \u201evariant\u0103 \u00eengrijor\u0103toare\u201d a coronavirusului - MHF Photography","isPartOf":{"@id":"https:\/\/mhf.ro\/mm\/#website"},"primaryImageOfPage":{"@id":"https:\/\/mhf.ro\/mm\/omicron-o-varianta-ingrijoratoare-a-coronavirusului\/#primaryimage"},"image":{"@id":"https:\/\/mhf.ro\/mm\/omicron-o-varianta-ingrijoratoare-a-coronavirusului\/#primaryimage"},"thumbnailUrl":"https:\/\/mhf.ro\/mm\/wp-content\/uploads\/2021\/11\/COVID-19-Romania-1.jpg","datePublished":"2021-11-27T06:41:13+00:00","dateModified":"2021-11-27T07:13:25+00:00","breadcrumb":{"@id":"https:\/\/mhf.ro\/mm\/omicron-o-varianta-ingrijoratoare-a-coronavirusului\/#breadcrumb"},"inLanguage":"ro-RO","potentialAction":[{"@type":"ReadAction","target":["https:\/\/mhf.ro\/mm\/omicron-o-varianta-ingrijoratoare-a-coronavirusului\/"]}]},{"@type":"ImageObject","inLanguage":"ro-RO","@id":"https:\/\/mhf.ro\/mm\/omicron-o-varianta-ingrijoratoare-a-coronavirusului\/#primaryimage","url":"https:\/\/mhf.ro\/mm\/wp-content\/uploads\/2021\/11\/COVID-19-Romania-1.jpg","contentUrl":"https:\/\/mhf.ro\/mm\/wp-content\/uploads\/2021\/11\/COVID-19-Romania-1.jpg","width":1600,"height":900},{"@type":"BreadcrumbList","@id":"https:\/\/mhf.ro\/mm\/omicron-o-varianta-ingrijoratoare-a-coronavirusului\/#breadcrumb","itemListElement":[{"@type":"ListItem","position":1,"name":"Prima pagin\u0103","item":"https:\/\/mhf.ro\/mm\/"},{"@type":"ListItem","position":2,"name":"Omicron, o \u201evariant\u0103 \u00eengrijor\u0103toare\u201d a coronavirusului"}]},{"@type":"WebSite","@id":"https:\/\/mhf.ro\/mm\/#website","url":"https:\/\/mhf.ro\/mm\/","name":"MHF Photography \u2013 Blog de fotografie, natur\u0103 \u0219i tehnic\u0103 divers\u0103","description":"Aventur\u0103 \u00een fiecare cadru.","publisher":{"@id":"https:\/\/mhf.ro\/mm\/#\/schema\/person\/a3bebf7bdb4bf12f698aff73c7e46c21"},"potentialAction":[{"@type":"SearchAction","target":{"@type":"EntryPoint","urlTemplate":"https:\/\/mhf.ro\/mm\/?s={search_term_string}"},"query-input":{"@type":"PropertyValueSpecification","valueRequired":true,"valueName":"search_term_string"}}],"inLanguage":"ro-RO"},{"@type":["Person","Organization"],"@id":"https:\/\/mhf.ro\/mm\/#\/schema\/person\/a3bebf7bdb4bf12f698aff73c7e46c21","name":"Marius Marcu","image":{"@type":"ImageObject","inLanguage":"ro-RO","@id":"https:\/\/mhf.ro\/mm\/#\/schema\/person\/image\/","url":"https:\/\/mhf.ro\/mm\/wp-content\/uploads\/2025\/12\/cropped-logo_mhf_2.png","contentUrl":"https:\/\/mhf.ro\/mm\/wp-content\/uploads\/2025\/12\/cropped-logo_mhf_2.png","width":1096,"height":457,"caption":"Marius Marcu"},"logo":{"@id":"https:\/\/mhf.ro\/mm\/#\/schema\/person\/image\/"},"sameAs":["https:\/\/mhf.ro\/mm"],"url":"https:\/\/mhf.ro\/mm\/author\/mihai\/"}]}},"_links":{"self":[{"href":"https:\/\/mhf.ro\/mm\/wp-json\/wp\/v2\/posts\/5693","targetHints":{"allow":["GET"]}}],"collection":[{"href":"https:\/\/mhf.ro\/mm\/wp-json\/wp\/v2\/posts"}],"about":[{"href":"https:\/\/mhf.ro\/mm\/wp-json\/wp\/v2\/types\/post"}],"author":[{"embeddable":true,"href":"https:\/\/mhf.ro\/mm\/wp-json\/wp\/v2\/users\/1"}],"replies":[{"embeddable":true,"href":"https:\/\/mhf.ro\/mm\/wp-json\/wp\/v2\/comments?post=5693"}],"version-history":[{"count":1,"href":"https:\/\/mhf.ro\/mm\/wp-json\/wp\/v2\/posts\/5693\/revisions"}],"predecessor-version":[{"id":5695,"href":"https:\/\/mhf.ro\/mm\/wp-json\/wp\/v2\/posts\/5693\/revisions\/5695"}],"wp:featuredmedia":[{"embeddable":true,"href":"https:\/\/mhf.ro\/mm\/wp-json\/wp\/v2\/media\/5694"}],"wp:attachment":[{"href":"https:\/\/mhf.ro\/mm\/wp-json\/wp\/v2\/media?parent=5693"}],"wp:term":[{"taxonomy":"category","embeddable":true,"href":"https:\/\/mhf.ro\/mm\/wp-json\/wp\/v2\/categories?post=5693"},{"taxonomy":"post_tag","embeddable":true,"href":"https:\/\/mhf.ro\/mm\/wp-json\/wp\/v2\/tags?post=5693"}],"curies":[{"name":"wp","href":"https:\/\/api.w.org\/{rel}","templated":true}]}}