{"id":5700,"date":"2021-11-28T09:59:02","date_gmt":"2021-11-28T07:59:02","guid":{"rendered":"https:\/\/mhf.ro\/mm\/?p=5700"},"modified":"2021-11-28T09:59:02","modified_gmt":"2021-11-28T07:59:02","slug":"icre-negre-made-in-romania","status":"publish","type":"post","link":"https:\/\/mhf.ro\/mm\/icre-negre-made-in-romania\/","title":{"rendered":"Icre negre \u201emade in Romania\u201d"},"content":{"rendered":"<div class=\"lead-articol\">\n<p>E timpul ca sturionii din fermele rom\u00e2ne\u015fti s\u0103 \u00ee\u015fi arate adev\u0103rata valoare, dup\u0103 mul\u021bi ani de a\u0219teptare. Pre\u0163ul unui kilogram ajunge pe pia\u0163\u0103 la 1000 de euro.<\/p>\n<p>C\u00e2teva dintre cresc\u0103toriile din Rom\u00e2nia recolteaz\u0103 icre negre \u00een 35 de ferme. Cu c\u00e2t pe\u015ftele este mai rar \u015fi se dezvolt\u0103 mai lent, cu at\u00e2t icrele sale sunt mai pre\u0163ioase.<\/p>\n<\/div>\n<p>\u0218apte ani dureaz\u0103 p\u00e2n\u0103 c\u00e2nd un pe\u015ftele ajunge la maturitate \u015fi poate s\u0103 produc\u0103 caviar.<\/p>\n<p>La unele specii, cum este morunul perioada se \u00eentinde p\u00e2n\u0103 la 18 ani. Cel mai scump caviar din lume se nume\u0219te alma\u015f. Acesta este produs de un sturion care are cel pu\u0163in o sut\u0103 de ani. \u00cen acest caz, icrele negre sunt aurii.<\/p>\n<p><strong>Marilena Maereanu, proprietar ferm\u0103 Tulcea:<\/strong>\u00a0\u201cDe la ni\u015fte pe\u015fti care au tr\u0103it la ad\u00e2ncimi foarte mari \u015fi \u015fi-au pierdut pigmentul am reu\u015fit s\u0103 ob\u0163inem acest diamant s\u0103 \u00eel numesc pentru c\u0103 este \u00eentr-adev\u0103r foarte rar \u015fi foarte valoros\u201d.<\/p>\n<p>Ferma recolteaz\u0103 \u00eentr-un an 500 de kilograme \u0219i vinde \u00een \u0163ara 10 la sut\u0103 din produc\u0163ie. Restul clien\u021bilos sunt din Europa, Statele Unite \u015fi \u0162\u0103rile Arabe.<\/p>\n<p>\u201cA\u015f spune c\u0103 cel mai bun caviar ca \u015fi gust este nisetrul imperial are un bob destul de mare peste 3,5 mm \u015fi un gust deosebit cu u\u015for arom\u0103 de nuc\u0103, duce spre aroma de nuc\u0103\u201d, spune Marilena Maereanu.<\/p>\n<p>Sturionii necesit\u0103 condi\u0163ii speciale de cre\u015ftere. Este foarte important\u0103 calitatea apei, hrana cantitatea de oxigen \u015fi temperatura.<\/p>\n<p>Femela este mutat\u0103 \u00eentr-un bazin permanent monitorizat \u015fi nu prime\u0219te hran\u0103, pentru c\u0103 gustul \u015fi mirosul icrelor s\u0103 fie nealterat. Pentru extragerea caviarului, pe\u015ftele este sacrificat.<\/p>\n<p>Pre\u0163ul de v\u00e2nzare porne\u015fte de la 360 de euro pe kilogram \u00eens\u0103 intermediarii ad\u0103ug\u0103 \u015fi ei.<\/p>\n<p><strong>Lucia Lupea, tehnolog ferm\u0103 de sturioni:<\/strong>\u00a0\u201cLa cump\u0103r\u0103torul final ajunge s\u0103 dep\u0103\u015feasc\u0103 2000, 3000, 4000, 5000 \u2013 exist\u0103 \u015fi caviar de 8000 de euro\u201d.<\/p>\n<p><strong>Marius Muntean, chef:<\/strong>\u00a0\u201d\u00cen general se folosesc la mese fastuoase unde sunt invita\u0163i speciali, dau o not\u0103 elegan\u021b\u0103, la fel ca foi\u0163a de aur pe un produs premium\u201d.<\/p>\n<p>Cre\u015fterea sturionilor s-a dezvoltat la noi dup\u0103 anul 2006. Rom\u00e2nia a interzis pescuitul acestor pe\u015fti, pentru c\u0103 erau pe cale de dispari\u0163ie. Am fost prima \u0163ar\u0103 care a luat o asemenea m\u0103sur\u0103.<\/p>\n<p>Fermele de la noi v\u00e2nd pe comand\u0103.<\/p>\n<p>Exporturile sunt modeste. Oficial s-au raportat doar 43 de kilograme.<\/p>\n<p>Un kilogram de caviar cost\u0103 \u00een restaurantele din New York sau Paris aproximativ 1500 de euro. (conf. Jurnaist.ro)<\/p>\n","protected":false},"excerpt":{"rendered":"<p>E timpul ca sturionii din fermele rom\u00e2ne\u015fti s\u0103 \u00ee\u015fi arate adev\u0103rata valoare, dup\u0103 mul\u021bi ani de a\u0219teptare. Pre\u0163ul unui kilogram<\/p>\n","protected":false},"author":1,"featured_media":5701,"comment_status":"open","ping_status":"open","sticky":false,"template":"","format":"standard","meta":{"colormag_page_container_layout":"default_layout","colormag_page_sidebar_layout":"default_layout","footnotes":""},"categories":[8],"tags":[],"class_list":["post-5700","post","type-post","status-publish","format-standard","has-post-thumbnail","hentry","category-div"],"yoast_head":"<!-- This site is optimized with the Yoast SEO plugin v27.0 - https:\/\/yoast.com\/product\/yoast-seo-wordpress\/ -->\n<title>Icre negre \u201emade in Romania\u201d - MHF Photography<\/title>\n<meta name=\"robots\" content=\"index, follow, max-snippet:-1, max-image-preview:large, max-video-preview:-1\" \/>\n<link rel=\"canonical\" href=\"https:\/\/mhf.ro\/mm\/icre-negre-made-in-romania\/\" \/>\n<meta property=\"og:locale\" content=\"ro_RO\" \/>\n<meta property=\"og:type\" content=\"article\" \/>\n<meta property=\"og:title\" content=\"Icre negre \u201emade in Romania\u201d - MHF Photography\" \/>\n<meta property=\"og:description\" content=\"E timpul ca sturionii din fermele rom\u00e2ne\u015fti s\u0103 \u00ee\u015fi arate adev\u0103rata valoare, dup\u0103 mul\u021bi ani de a\u0219teptare. Pre\u0163ul unui kilogram\" \/>\n<meta property=\"og:url\" content=\"https:\/\/mhf.ro\/mm\/icre-negre-made-in-romania\/\" \/>\n<meta property=\"og:site_name\" content=\"MHF Photography\" \/>\n<meta property=\"article:published_time\" content=\"2021-11-28T07:59:02+00:00\" \/>\n<meta property=\"og:image\" content=\"https:\/\/mhf.ro\/mm\/wp-content\/uploads\/2021\/11\/Caviar_and_spoon.jpg\" \/>\n\t<meta property=\"og:image:width\" content=\"678\" \/>\n\t<meta property=\"og:image:height\" content=\"678\" \/>\n\t<meta property=\"og:image:type\" content=\"image\/jpeg\" \/>\n<meta name=\"author\" content=\"Marius Marcu\" \/>\n<meta name=\"twitter:card\" content=\"summary_large_image\" \/>\n<meta name=\"twitter:label1\" content=\"Scris de\" \/>\n\t<meta name=\"twitter:data1\" content=\"Marius Marcu\" \/>\n\t<meta name=\"twitter:label2\" content=\"Timp estimat pentru citire\" \/>\n\t<meta name=\"twitter:data2\" content=\"2 minute\" \/>\n<script type=\"application\/ld+json\" class=\"yoast-schema-graph\">{\"@context\":\"https:\/\/schema.org\",\"@graph\":[{\"@type\":\"Article\",\"@id\":\"https:\/\/mhf.ro\/mm\/icre-negre-made-in-romania\/#article\",\"isPartOf\":{\"@id\":\"https:\/\/mhf.ro\/mm\/icre-negre-made-in-romania\/\"},\"author\":{\"name\":\"Marius Marcu\",\"@id\":\"https:\/\/mhf.ro\/mm\/#\/schema\/person\/a3bebf7bdb4bf12f698aff73c7e46c21\"},\"headline\":\"Icre negre \u201emade in Romania\u201d\",\"datePublished\":\"2021-11-28T07:59:02+00:00\",\"mainEntityOfPage\":{\"@id\":\"https:\/\/mhf.ro\/mm\/icre-negre-made-in-romania\/\"},\"wordCount\":434,\"commentCount\":0,\"publisher\":{\"@id\":\"https:\/\/mhf.ro\/mm\/#\/schema\/person\/a3bebf7bdb4bf12f698aff73c7e46c21\"},\"image\":{\"@id\":\"https:\/\/mhf.ro\/mm\/icre-negre-made-in-romania\/#primaryimage\"},\"thumbnailUrl\":\"https:\/\/mhf.ro\/mm\/wp-content\/uploads\/2021\/11\/Caviar_and_spoon.jpg\",\"articleSection\":[\"Diverse\"],\"inLanguage\":\"ro-RO\",\"potentialAction\":[{\"@type\":\"CommentAction\",\"name\":\"Comment\",\"target\":[\"https:\/\/mhf.ro\/mm\/icre-negre-made-in-romania\/#respond\"]}]},{\"@type\":\"WebPage\",\"@id\":\"https:\/\/mhf.ro\/mm\/icre-negre-made-in-romania\/\",\"url\":\"https:\/\/mhf.ro\/mm\/icre-negre-made-in-romania\/\",\"name\":\"Icre negre \u201emade in Romania\u201d - MHF Photography\",\"isPartOf\":{\"@id\":\"https:\/\/mhf.ro\/mm\/#website\"},\"primaryImageOfPage\":{\"@id\":\"https:\/\/mhf.ro\/mm\/icre-negre-made-in-romania\/#primaryimage\"},\"image\":{\"@id\":\"https:\/\/mhf.ro\/mm\/icre-negre-made-in-romania\/#primaryimage\"},\"thumbnailUrl\":\"https:\/\/mhf.ro\/mm\/wp-content\/uploads\/2021\/11\/Caviar_and_spoon.jpg\",\"datePublished\":\"2021-11-28T07:59:02+00:00\",\"breadcrumb\":{\"@id\":\"https:\/\/mhf.ro\/mm\/icre-negre-made-in-romania\/#breadcrumb\"},\"inLanguage\":\"ro-RO\",\"potentialAction\":[{\"@type\":\"ReadAction\",\"target\":[\"https:\/\/mhf.ro\/mm\/icre-negre-made-in-romania\/\"]}]},{\"@type\":\"ImageObject\",\"inLanguage\":\"ro-RO\",\"@id\":\"https:\/\/mhf.ro\/mm\/icre-negre-made-in-romania\/#primaryimage\",\"url\":\"https:\/\/mhf.ro\/mm\/wp-content\/uploads\/2021\/11\/Caviar_and_spoon.jpg\",\"contentUrl\":\"https:\/\/mhf.ro\/mm\/wp-content\/uploads\/2021\/11\/Caviar_and_spoon.jpg\",\"width\":678,\"height\":678},{\"@type\":\"BreadcrumbList\",\"@id\":\"https:\/\/mhf.ro\/mm\/icre-negre-made-in-romania\/#breadcrumb\",\"itemListElement\":[{\"@type\":\"ListItem\",\"position\":1,\"name\":\"Prima pagin\u0103\",\"item\":\"https:\/\/mhf.ro\/mm\/\"},{\"@type\":\"ListItem\",\"position\":2,\"name\":\"Icre negre \u201emade in Romania\u201d\"}]},{\"@type\":\"WebSite\",\"@id\":\"https:\/\/mhf.ro\/mm\/#website\",\"url\":\"https:\/\/mhf.ro\/mm\/\",\"name\":\"MHF Photography \u2013 Blog de fotografie, natur\u0103 \u0219i tehnic\u0103 divers\u0103\",\"description\":\"Aventur\u0103 \u00een fiecare cadru.\",\"publisher\":{\"@id\":\"https:\/\/mhf.ro\/mm\/#\/schema\/person\/a3bebf7bdb4bf12f698aff73c7e46c21\"},\"potentialAction\":[{\"@type\":\"SearchAction\",\"target\":{\"@type\":\"EntryPoint\",\"urlTemplate\":\"https:\/\/mhf.ro\/mm\/?s={search_term_string}\"},\"query-input\":{\"@type\":\"PropertyValueSpecification\",\"valueRequired\":true,\"valueName\":\"search_term_string\"}}],\"inLanguage\":\"ro-RO\"},{\"@type\":[\"Person\",\"Organization\"],\"@id\":\"https:\/\/mhf.ro\/mm\/#\/schema\/person\/a3bebf7bdb4bf12f698aff73c7e46c21\",\"name\":\"Marius Marcu\",\"image\":{\"@type\":\"ImageObject\",\"inLanguage\":\"ro-RO\",\"@id\":\"https:\/\/mhf.ro\/mm\/#\/schema\/person\/image\/\",\"url\":\"https:\/\/mhf.ro\/mm\/wp-content\/uploads\/2025\/12\/cropped-logo_mhf_2.png\",\"contentUrl\":\"https:\/\/mhf.ro\/mm\/wp-content\/uploads\/2025\/12\/cropped-logo_mhf_2.png\",\"width\":1096,\"height\":457,\"caption\":\"Marius Marcu\"},\"logo\":{\"@id\":\"https:\/\/mhf.ro\/mm\/#\/schema\/person\/image\/\"},\"sameAs\":[\"https:\/\/mhf.ro\/mm\"],\"url\":\"https:\/\/mhf.ro\/mm\/author\/mihai\/\"}]}<\/script>\n<!-- \/ Yoast SEO plugin. -->","yoast_head_json":{"title":"Icre negre \u201emade in Romania\u201d - MHF Photography","robots":{"index":"index","follow":"follow","max-snippet":"max-snippet:-1","max-image-preview":"max-image-preview:large","max-video-preview":"max-video-preview:-1"},"canonical":"https:\/\/mhf.ro\/mm\/icre-negre-made-in-romania\/","og_locale":"ro_RO","og_type":"article","og_title":"Icre negre \u201emade in Romania\u201d - MHF Photography","og_description":"E timpul ca sturionii din fermele rom\u00e2ne\u015fti s\u0103 \u00ee\u015fi arate adev\u0103rata valoare, dup\u0103 mul\u021bi ani de a\u0219teptare. Pre\u0163ul unui kilogram","og_url":"https:\/\/mhf.ro\/mm\/icre-negre-made-in-romania\/","og_site_name":"MHF Photography","article_published_time":"2021-11-28T07:59:02+00:00","og_image":[{"width":678,"height":678,"url":"https:\/\/mhf.ro\/mm\/wp-content\/uploads\/2021\/11\/Caviar_and_spoon.jpg","type":"image\/jpeg"}],"author":"Marius Marcu","twitter_card":"summary_large_image","twitter_misc":{"Scris de":"Marius Marcu","Timp estimat pentru citire":"2 minute"},"schema":{"@context":"https:\/\/schema.org","@graph":[{"@type":"Article","@id":"https:\/\/mhf.ro\/mm\/icre-negre-made-in-romania\/#article","isPartOf":{"@id":"https:\/\/mhf.ro\/mm\/icre-negre-made-in-romania\/"},"author":{"name":"Marius Marcu","@id":"https:\/\/mhf.ro\/mm\/#\/schema\/person\/a3bebf7bdb4bf12f698aff73c7e46c21"},"headline":"Icre negre \u201emade in Romania\u201d","datePublished":"2021-11-28T07:59:02+00:00","mainEntityOfPage":{"@id":"https:\/\/mhf.ro\/mm\/icre-negre-made-in-romania\/"},"wordCount":434,"commentCount":0,"publisher":{"@id":"https:\/\/mhf.ro\/mm\/#\/schema\/person\/a3bebf7bdb4bf12f698aff73c7e46c21"},"image":{"@id":"https:\/\/mhf.ro\/mm\/icre-negre-made-in-romania\/#primaryimage"},"thumbnailUrl":"https:\/\/mhf.ro\/mm\/wp-content\/uploads\/2021\/11\/Caviar_and_spoon.jpg","articleSection":["Diverse"],"inLanguage":"ro-RO","potentialAction":[{"@type":"CommentAction","name":"Comment","target":["https:\/\/mhf.ro\/mm\/icre-negre-made-in-romania\/#respond"]}]},{"@type":"WebPage","@id":"https:\/\/mhf.ro\/mm\/icre-negre-made-in-romania\/","url":"https:\/\/mhf.ro\/mm\/icre-negre-made-in-romania\/","name":"Icre negre \u201emade in Romania\u201d - MHF Photography","isPartOf":{"@id":"https:\/\/mhf.ro\/mm\/#website"},"primaryImageOfPage":{"@id":"https:\/\/mhf.ro\/mm\/icre-negre-made-in-romania\/#primaryimage"},"image":{"@id":"https:\/\/mhf.ro\/mm\/icre-negre-made-in-romania\/#primaryimage"},"thumbnailUrl":"https:\/\/mhf.ro\/mm\/wp-content\/uploads\/2021\/11\/Caviar_and_spoon.jpg","datePublished":"2021-11-28T07:59:02+00:00","breadcrumb":{"@id":"https:\/\/mhf.ro\/mm\/icre-negre-made-in-romania\/#breadcrumb"},"inLanguage":"ro-RO","potentialAction":[{"@type":"ReadAction","target":["https:\/\/mhf.ro\/mm\/icre-negre-made-in-romania\/"]}]},{"@type":"ImageObject","inLanguage":"ro-RO","@id":"https:\/\/mhf.ro\/mm\/icre-negre-made-in-romania\/#primaryimage","url":"https:\/\/mhf.ro\/mm\/wp-content\/uploads\/2021\/11\/Caviar_and_spoon.jpg","contentUrl":"https:\/\/mhf.ro\/mm\/wp-content\/uploads\/2021\/11\/Caviar_and_spoon.jpg","width":678,"height":678},{"@type":"BreadcrumbList","@id":"https:\/\/mhf.ro\/mm\/icre-negre-made-in-romania\/#breadcrumb","itemListElement":[{"@type":"ListItem","position":1,"name":"Prima pagin\u0103","item":"https:\/\/mhf.ro\/mm\/"},{"@type":"ListItem","position":2,"name":"Icre negre \u201emade in Romania\u201d"}]},{"@type":"WebSite","@id":"https:\/\/mhf.ro\/mm\/#website","url":"https:\/\/mhf.ro\/mm\/","name":"MHF Photography \u2013 Blog de fotografie, natur\u0103 \u0219i tehnic\u0103 divers\u0103","description":"Aventur\u0103 \u00een fiecare cadru.","publisher":{"@id":"https:\/\/mhf.ro\/mm\/#\/schema\/person\/a3bebf7bdb4bf12f698aff73c7e46c21"},"potentialAction":[{"@type":"SearchAction","target":{"@type":"EntryPoint","urlTemplate":"https:\/\/mhf.ro\/mm\/?s={search_term_string}"},"query-input":{"@type":"PropertyValueSpecification","valueRequired":true,"valueName":"search_term_string"}}],"inLanguage":"ro-RO"},{"@type":["Person","Organization"],"@id":"https:\/\/mhf.ro\/mm\/#\/schema\/person\/a3bebf7bdb4bf12f698aff73c7e46c21","name":"Marius Marcu","image":{"@type":"ImageObject","inLanguage":"ro-RO","@id":"https:\/\/mhf.ro\/mm\/#\/schema\/person\/image\/","url":"https:\/\/mhf.ro\/mm\/wp-content\/uploads\/2025\/12\/cropped-logo_mhf_2.png","contentUrl":"https:\/\/mhf.ro\/mm\/wp-content\/uploads\/2025\/12\/cropped-logo_mhf_2.png","width":1096,"height":457,"caption":"Marius Marcu"},"logo":{"@id":"https:\/\/mhf.ro\/mm\/#\/schema\/person\/image\/"},"sameAs":["https:\/\/mhf.ro\/mm"],"url":"https:\/\/mhf.ro\/mm\/author\/mihai\/"}]}},"_links":{"self":[{"href":"https:\/\/mhf.ro\/mm\/wp-json\/wp\/v2\/posts\/5700","targetHints":{"allow":["GET"]}}],"collection":[{"href":"https:\/\/mhf.ro\/mm\/wp-json\/wp\/v2\/posts"}],"about":[{"href":"https:\/\/mhf.ro\/mm\/wp-json\/wp\/v2\/types\/post"}],"author":[{"embeddable":true,"href":"https:\/\/mhf.ro\/mm\/wp-json\/wp\/v2\/users\/1"}],"replies":[{"embeddable":true,"href":"https:\/\/mhf.ro\/mm\/wp-json\/wp\/v2\/comments?post=5700"}],"version-history":[{"count":1,"href":"https:\/\/mhf.ro\/mm\/wp-json\/wp\/v2\/posts\/5700\/revisions"}],"predecessor-version":[{"id":5702,"href":"https:\/\/mhf.ro\/mm\/wp-json\/wp\/v2\/posts\/5700\/revisions\/5702"}],"wp:featuredmedia":[{"embeddable":true,"href":"https:\/\/mhf.ro\/mm\/wp-json\/wp\/v2\/media\/5701"}],"wp:attachment":[{"href":"https:\/\/mhf.ro\/mm\/wp-json\/wp\/v2\/media?parent=5700"}],"wp:term":[{"taxonomy":"category","embeddable":true,"href":"https:\/\/mhf.ro\/mm\/wp-json\/wp\/v2\/categories?post=5700"},{"taxonomy":"post_tag","embeddable":true,"href":"https:\/\/mhf.ro\/mm\/wp-json\/wp\/v2\/tags?post=5700"}],"curies":[{"name":"wp","href":"https:\/\/api.w.org\/{rel}","templated":true}]}}