{"id":5709,"date":"2021-12-01T10:04:18","date_gmt":"2021-12-01T08:04:18","guid":{"rendered":"https:\/\/mhf.ro\/mm\/?p=5709"},"modified":"2021-12-01T11:56:01","modified_gmt":"2021-12-01T09:56:01","slug":"covid-rata-de-infectare-scade-la-nivel-national","status":"publish","type":"post","link":"https:\/\/mhf.ro\/mm\/covid-rata-de-infectare-scade-la-nivel-national\/","title":{"rendered":"COVID. Rata de infectare scade la nivel na\u021bional"},"content":{"rendered":"<p class=\"news__title\" title=\"Coronavirus Rom\u00e2nia. Un singur jude\u021b a r\u0103mas \u00een scenariul ro\u0219u. Cre\u0219tere u\u0219oar\u0103 a num\u0103rului de interna\u021bi la ATI\">Rata de infectare cu SARS-CoV-2 scade la nivel na\u021bional. Un singur jude\u021b a r\u0103mas \u00een scenariul ro\u0219u, anun\u021b\u0103, luni, autorit\u0103\u021bile.<\/p>\n<div>31 de jude\u021be \u0219i Bucure\u0219ti au o rat\u0103 de infectare sub 2, fiind \u00een zona verde de COVID-19. O inciden\u021b\u0103 a cazurilor la mia de locuitori mai mare de 3 este doar \u00eentr-un jude\u021b, Arad. Nou\u0103 jude\u021be sunt \u00een zona galben\u0103.<\/div>\n<div><\/div>\n<div>La nivel na\u021bional, inciden\u021ba cazurilor de COVID-19 a sc\u0103zut la 1,87.<\/div>\n<div><\/div>\n<div><img fetchpriority=\"high\" decoding=\"async\" class=\"alignnone size-full wp-image-20622 jetpack-lazy-image jetpack-lazy-image--handled td-animation-stack-type0-2\" src=\"https:\/\/jurnalist.ro\/wp-content\/uploads\/2021\/11\/image-2021-11-29-25212192-0-rata-infectare-covid-19-29-noiembrie.jpg\" sizes=\"(max-width: 953px) 100vw, 953px\" srcset=\"https:\/\/jurnalist.ro\/wp-content\/uploads\/2021\/11\/image-2021-11-29-25212192-0-rata-infectare-covid-19-29-noiembrie.jpg 953w, https:\/\/jurnalist.ro\/wp-content\/uploads\/2021\/11\/image-2021-11-29-25212192-0-rata-infectare-covid-19-29-noiembrie-300x185.jpg 300w, https:\/\/jurnalist.ro\/wp-content\/uploads\/2021\/11\/image-2021-11-29-25212192-0-rata-infectare-covid-19-29-noiembrie-768x473.jpg 768w, https:\/\/jurnalist.ro\/wp-content\/uploads\/2021\/11\/image-2021-11-29-25212192-0-rata-infectare-covid-19-29-noiembrie-150x92.jpg 150w, https:\/\/jurnalist.ro\/wp-content\/uploads\/2021\/11\/image-2021-11-29-25212192-0-rata-infectare-covid-19-29-noiembrie-600x370.jpg 600w, https:\/\/jurnalist.ro\/wp-content\/uploads\/2021\/11\/image-2021-11-29-25212192-0-rata-infectare-covid-19-29-noiembrie-696x429.jpg 696w, https:\/\/jurnalist.ro\/wp-content\/uploads\/2021\/11\/image-2021-11-29-25212192-0-rata-infectare-covid-19-29-noiembrie-682x420.jpg 682w, https:\/\/jurnalist.ro\/wp-content\/uploads\/2021\/11\/image-2021-11-29-25212192-0-rata-infectare-covid-19-29-noiembrie-356x220.jpg 356w, https:\/\/jurnalist.ro\/wp-content\/uploads\/2021\/11\/image-2021-11-29-25212192-0-rata-infectare-covid-19-29-noiembrie-712x440.jpg 712w\" alt=\"\" width=\"953\" height=\"587\" data-lazy-loaded=\"1\" \/><\/div>\n<div><\/div>\n<div>\n<p>Conform datelor existente \u00een intervalul de 24 de ore, au fost \u00eenregistrate 1.096 de cazuri noi de persoane infectate cu SARS \u2013 CoV \u2013 2 (COVID \u2013 19), dintre care 15 sunt ale unor pacien\u021bi reinfecta\u021bi, testa\u021bi pozitiv la o perioad\u0103 mai mare de 180 de zile dup\u0103 prima infectare.<\/p>\n<p>\u00cen intervalul 28.11.2021 (10:00) \u2013 29.11.2021 (10:00) au fost raportate de c\u0103tre INSP 107 decese (47 b\u0103rba\u021bi \u0219i 60 femei), din care 15 anterioare intervalului de referin\u021b\u0103, ale unor pacien\u021bi infecta\u021bi cu noul coronavirus.<\/p>\n<p>Din totalul de 107 pacien\u021bi deceda\u021bi, 92 erau nevaccina\u021bi \u0219i 15 vaccina\u021bi.<\/p>\n<p>\u00cen unit\u0103\u021bile sanitare de profil, num\u0103rul total de persoane internate cu COVID-19 este de 7.569. Dintre acestea, 1.203 sunt internate la ATI. Dintre cei 1.203 pacien\u021bi interna\u021bi la ATI, 117 au certificat care atest\u0103 vaccinarea. (conf. Jurnalist.ro)<\/p>\n<\/div>\n","protected":false},"excerpt":{"rendered":"<p>Rata de infectare cu SARS-CoV-2 scade la nivel na\u021bional. Un singur jude\u021b a r\u0103mas \u00een scenariul ro\u0219u, anun\u021b\u0103, luni, autorit\u0103\u021bile.<\/p>\n","protected":false},"author":1,"featured_media":5710,"comment_status":"open","ping_status":"open","sticky":false,"template":"","format":"standard","meta":{"colormag_page_container_layout":"default_layout","colormag_page_sidebar_layout":"default_layout","footnotes":""},"categories":[5],"tags":[],"class_list":["post-5709","post","type-post","status-publish","format-standard","has-post-thumbnail","hentry","category-locale"],"yoast_head":"<!-- This site is optimized with the Yoast SEO plugin v27.0 - https:\/\/yoast.com\/product\/yoast-seo-wordpress\/ -->\n<title>COVID. Rata de infectare scade la nivel na\u021bional - MHF Photography<\/title>\n<meta name=\"robots\" content=\"index, follow, max-snippet:-1, max-image-preview:large, max-video-preview:-1\" \/>\n<link rel=\"canonical\" href=\"https:\/\/mhf.ro\/mm\/covid-rata-de-infectare-scade-la-nivel-national\/\" \/>\n<meta property=\"og:locale\" content=\"ro_RO\" \/>\n<meta property=\"og:type\" content=\"article\" \/>\n<meta property=\"og:title\" content=\"COVID. Rata de infectare scade la nivel na\u021bional - MHF Photography\" \/>\n<meta property=\"og:description\" content=\"Rata de infectare cu SARS-CoV-2 scade la nivel na\u021bional. Un singur jude\u021b a r\u0103mas \u00een scenariul ro\u0219u, anun\u021b\u0103, luni, autorit\u0103\u021bile.\" \/>\n<meta property=\"og:url\" content=\"https:\/\/mhf.ro\/mm\/covid-rata-de-infectare-scade-la-nivel-national\/\" \/>\n<meta property=\"og:site_name\" content=\"MHF Photography\" \/>\n<meta property=\"article:published_time\" content=\"2021-12-01T08:04:18+00:00\" \/>\n<meta property=\"article:modified_time\" content=\"2021-12-01T09:56:01+00:00\" \/>\n<meta property=\"og:image\" content=\"https:\/\/mhf.ro\/mm\/wp-content\/uploads\/2021\/12\/covid-2.jpg\" \/>\n\t<meta property=\"og:image:width\" content=\"921\" \/>\n\t<meta property=\"og:image:height\" content=\"609\" \/>\n\t<meta property=\"og:image:type\" content=\"image\/jpeg\" \/>\n<meta name=\"author\" content=\"Marius Marcu\" \/>\n<meta name=\"twitter:card\" content=\"summary_large_image\" \/>\n<meta name=\"twitter:label1\" content=\"Scris de\" \/>\n\t<meta name=\"twitter:data1\" content=\"Marius Marcu\" \/>\n\t<meta name=\"twitter:label2\" content=\"Timp estimat pentru citire\" \/>\n\t<meta name=\"twitter:data2\" content=\"1 minut\" \/>\n<script type=\"application\/ld+json\" class=\"yoast-schema-graph\">{\"@context\":\"https:\/\/schema.org\",\"@graph\":[{\"@type\":\"Article\",\"@id\":\"https:\/\/mhf.ro\/mm\/covid-rata-de-infectare-scade-la-nivel-national\/#article\",\"isPartOf\":{\"@id\":\"https:\/\/mhf.ro\/mm\/covid-rata-de-infectare-scade-la-nivel-national\/\"},\"author\":{\"name\":\"Marius Marcu\",\"@id\":\"https:\/\/mhf.ro\/mm\/#\/schema\/person\/a3bebf7bdb4bf12f698aff73c7e46c21\"},\"headline\":\"COVID. Rata de infectare scade la nivel na\u021bional\",\"datePublished\":\"2021-12-01T08:04:18+00:00\",\"dateModified\":\"2021-12-01T09:56:01+00:00\",\"mainEntityOfPage\":{\"@id\":\"https:\/\/mhf.ro\/mm\/covid-rata-de-infectare-scade-la-nivel-national\/\"},\"wordCount\":212,\"commentCount\":0,\"publisher\":{\"@id\":\"https:\/\/mhf.ro\/mm\/#\/schema\/person\/a3bebf7bdb4bf12f698aff73c7e46c21\"},\"image\":{\"@id\":\"https:\/\/mhf.ro\/mm\/covid-rata-de-infectare-scade-la-nivel-national\/#primaryimage\"},\"thumbnailUrl\":\"https:\/\/mhf.ro\/mm\/wp-content\/uploads\/2021\/12\/covid-2.jpg\",\"articleSection\":[\"Locale\"],\"inLanguage\":\"ro-RO\",\"potentialAction\":[{\"@type\":\"CommentAction\",\"name\":\"Comment\",\"target\":[\"https:\/\/mhf.ro\/mm\/covid-rata-de-infectare-scade-la-nivel-national\/#respond\"]}]},{\"@type\":\"WebPage\",\"@id\":\"https:\/\/mhf.ro\/mm\/covid-rata-de-infectare-scade-la-nivel-national\/\",\"url\":\"https:\/\/mhf.ro\/mm\/covid-rata-de-infectare-scade-la-nivel-national\/\",\"name\":\"COVID. Rata de infectare scade la nivel na\u021bional - MHF Photography\",\"isPartOf\":{\"@id\":\"https:\/\/mhf.ro\/mm\/#website\"},\"primaryImageOfPage\":{\"@id\":\"https:\/\/mhf.ro\/mm\/covid-rata-de-infectare-scade-la-nivel-national\/#primaryimage\"},\"image\":{\"@id\":\"https:\/\/mhf.ro\/mm\/covid-rata-de-infectare-scade-la-nivel-national\/#primaryimage\"},\"thumbnailUrl\":\"https:\/\/mhf.ro\/mm\/wp-content\/uploads\/2021\/12\/covid-2.jpg\",\"datePublished\":\"2021-12-01T08:04:18+00:00\",\"dateModified\":\"2021-12-01T09:56:01+00:00\",\"breadcrumb\":{\"@id\":\"https:\/\/mhf.ro\/mm\/covid-rata-de-infectare-scade-la-nivel-national\/#breadcrumb\"},\"inLanguage\":\"ro-RO\",\"potentialAction\":[{\"@type\":\"ReadAction\",\"target\":[\"https:\/\/mhf.ro\/mm\/covid-rata-de-infectare-scade-la-nivel-national\/\"]}]},{\"@type\":\"ImageObject\",\"inLanguage\":\"ro-RO\",\"@id\":\"https:\/\/mhf.ro\/mm\/covid-rata-de-infectare-scade-la-nivel-national\/#primaryimage\",\"url\":\"https:\/\/mhf.ro\/mm\/wp-content\/uploads\/2021\/12\/covid-2.jpg\",\"contentUrl\":\"https:\/\/mhf.ro\/mm\/wp-content\/uploads\/2021\/12\/covid-2.jpg\",\"width\":921,\"height\":609},{\"@type\":\"BreadcrumbList\",\"@id\":\"https:\/\/mhf.ro\/mm\/covid-rata-de-infectare-scade-la-nivel-national\/#breadcrumb\",\"itemListElement\":[{\"@type\":\"ListItem\",\"position\":1,\"name\":\"Prima pagin\u0103\",\"item\":\"https:\/\/mhf.ro\/mm\/\"},{\"@type\":\"ListItem\",\"position\":2,\"name\":\"COVID. Rata de infectare scade la nivel na\u021bional\"}]},{\"@type\":\"WebSite\",\"@id\":\"https:\/\/mhf.ro\/mm\/#website\",\"url\":\"https:\/\/mhf.ro\/mm\/\",\"name\":\"MHF Photography \u2013 Blog de fotografie, natur\u0103 \u0219i tehnic\u0103 divers\u0103\",\"description\":\"Aventur\u0103 \u00een fiecare cadru.\",\"publisher\":{\"@id\":\"https:\/\/mhf.ro\/mm\/#\/schema\/person\/a3bebf7bdb4bf12f698aff73c7e46c21\"},\"potentialAction\":[{\"@type\":\"SearchAction\",\"target\":{\"@type\":\"EntryPoint\",\"urlTemplate\":\"https:\/\/mhf.ro\/mm\/?s={search_term_string}\"},\"query-input\":{\"@type\":\"PropertyValueSpecification\",\"valueRequired\":true,\"valueName\":\"search_term_string\"}}],\"inLanguage\":\"ro-RO\"},{\"@type\":[\"Person\",\"Organization\"],\"@id\":\"https:\/\/mhf.ro\/mm\/#\/schema\/person\/a3bebf7bdb4bf12f698aff73c7e46c21\",\"name\":\"Marius Marcu\",\"image\":{\"@type\":\"ImageObject\",\"inLanguage\":\"ro-RO\",\"@id\":\"https:\/\/mhf.ro\/mm\/#\/schema\/person\/image\/\",\"url\":\"https:\/\/mhf.ro\/mm\/wp-content\/uploads\/2025\/12\/cropped-logo_mhf_2.png\",\"contentUrl\":\"https:\/\/mhf.ro\/mm\/wp-content\/uploads\/2025\/12\/cropped-logo_mhf_2.png\",\"width\":1096,\"height\":457,\"caption\":\"Marius Marcu\"},\"logo\":{\"@id\":\"https:\/\/mhf.ro\/mm\/#\/schema\/person\/image\/\"},\"sameAs\":[\"https:\/\/mhf.ro\/mm\"],\"url\":\"https:\/\/mhf.ro\/mm\/author\/mihai\/\"}]}<\/script>\n<!-- \/ Yoast SEO plugin. -->","yoast_head_json":{"title":"COVID. Rata de infectare scade la nivel na\u021bional - MHF Photography","robots":{"index":"index","follow":"follow","max-snippet":"max-snippet:-1","max-image-preview":"max-image-preview:large","max-video-preview":"max-video-preview:-1"},"canonical":"https:\/\/mhf.ro\/mm\/covid-rata-de-infectare-scade-la-nivel-national\/","og_locale":"ro_RO","og_type":"article","og_title":"COVID. Rata de infectare scade la nivel na\u021bional - MHF Photography","og_description":"Rata de infectare cu SARS-CoV-2 scade la nivel na\u021bional. Un singur jude\u021b a r\u0103mas \u00een scenariul ro\u0219u, anun\u021b\u0103, luni, autorit\u0103\u021bile.","og_url":"https:\/\/mhf.ro\/mm\/covid-rata-de-infectare-scade-la-nivel-national\/","og_site_name":"MHF Photography","article_published_time":"2021-12-01T08:04:18+00:00","article_modified_time":"2021-12-01T09:56:01+00:00","og_image":[{"width":921,"height":609,"url":"https:\/\/mhf.ro\/mm\/wp-content\/uploads\/2021\/12\/covid-2.jpg","type":"image\/jpeg"}],"author":"Marius Marcu","twitter_card":"summary_large_image","twitter_misc":{"Scris de":"Marius Marcu","Timp estimat pentru citire":"1 minut"},"schema":{"@context":"https:\/\/schema.org","@graph":[{"@type":"Article","@id":"https:\/\/mhf.ro\/mm\/covid-rata-de-infectare-scade-la-nivel-national\/#article","isPartOf":{"@id":"https:\/\/mhf.ro\/mm\/covid-rata-de-infectare-scade-la-nivel-national\/"},"author":{"name":"Marius Marcu","@id":"https:\/\/mhf.ro\/mm\/#\/schema\/person\/a3bebf7bdb4bf12f698aff73c7e46c21"},"headline":"COVID. Rata de infectare scade la nivel na\u021bional","datePublished":"2021-12-01T08:04:18+00:00","dateModified":"2021-12-01T09:56:01+00:00","mainEntityOfPage":{"@id":"https:\/\/mhf.ro\/mm\/covid-rata-de-infectare-scade-la-nivel-national\/"},"wordCount":212,"commentCount":0,"publisher":{"@id":"https:\/\/mhf.ro\/mm\/#\/schema\/person\/a3bebf7bdb4bf12f698aff73c7e46c21"},"image":{"@id":"https:\/\/mhf.ro\/mm\/covid-rata-de-infectare-scade-la-nivel-national\/#primaryimage"},"thumbnailUrl":"https:\/\/mhf.ro\/mm\/wp-content\/uploads\/2021\/12\/covid-2.jpg","articleSection":["Locale"],"inLanguage":"ro-RO","potentialAction":[{"@type":"CommentAction","name":"Comment","target":["https:\/\/mhf.ro\/mm\/covid-rata-de-infectare-scade-la-nivel-national\/#respond"]}]},{"@type":"WebPage","@id":"https:\/\/mhf.ro\/mm\/covid-rata-de-infectare-scade-la-nivel-national\/","url":"https:\/\/mhf.ro\/mm\/covid-rata-de-infectare-scade-la-nivel-national\/","name":"COVID. Rata de infectare scade la nivel na\u021bional - MHF Photography","isPartOf":{"@id":"https:\/\/mhf.ro\/mm\/#website"},"primaryImageOfPage":{"@id":"https:\/\/mhf.ro\/mm\/covid-rata-de-infectare-scade-la-nivel-national\/#primaryimage"},"image":{"@id":"https:\/\/mhf.ro\/mm\/covid-rata-de-infectare-scade-la-nivel-national\/#primaryimage"},"thumbnailUrl":"https:\/\/mhf.ro\/mm\/wp-content\/uploads\/2021\/12\/covid-2.jpg","datePublished":"2021-12-01T08:04:18+00:00","dateModified":"2021-12-01T09:56:01+00:00","breadcrumb":{"@id":"https:\/\/mhf.ro\/mm\/covid-rata-de-infectare-scade-la-nivel-national\/#breadcrumb"},"inLanguage":"ro-RO","potentialAction":[{"@type":"ReadAction","target":["https:\/\/mhf.ro\/mm\/covid-rata-de-infectare-scade-la-nivel-national\/"]}]},{"@type":"ImageObject","inLanguage":"ro-RO","@id":"https:\/\/mhf.ro\/mm\/covid-rata-de-infectare-scade-la-nivel-national\/#primaryimage","url":"https:\/\/mhf.ro\/mm\/wp-content\/uploads\/2021\/12\/covid-2.jpg","contentUrl":"https:\/\/mhf.ro\/mm\/wp-content\/uploads\/2021\/12\/covid-2.jpg","width":921,"height":609},{"@type":"BreadcrumbList","@id":"https:\/\/mhf.ro\/mm\/covid-rata-de-infectare-scade-la-nivel-national\/#breadcrumb","itemListElement":[{"@type":"ListItem","position":1,"name":"Prima pagin\u0103","item":"https:\/\/mhf.ro\/mm\/"},{"@type":"ListItem","position":2,"name":"COVID. Rata de infectare scade la nivel na\u021bional"}]},{"@type":"WebSite","@id":"https:\/\/mhf.ro\/mm\/#website","url":"https:\/\/mhf.ro\/mm\/","name":"MHF Photography \u2013 Blog de fotografie, natur\u0103 \u0219i tehnic\u0103 divers\u0103","description":"Aventur\u0103 \u00een fiecare cadru.","publisher":{"@id":"https:\/\/mhf.ro\/mm\/#\/schema\/person\/a3bebf7bdb4bf12f698aff73c7e46c21"},"potentialAction":[{"@type":"SearchAction","target":{"@type":"EntryPoint","urlTemplate":"https:\/\/mhf.ro\/mm\/?s={search_term_string}"},"query-input":{"@type":"PropertyValueSpecification","valueRequired":true,"valueName":"search_term_string"}}],"inLanguage":"ro-RO"},{"@type":["Person","Organization"],"@id":"https:\/\/mhf.ro\/mm\/#\/schema\/person\/a3bebf7bdb4bf12f698aff73c7e46c21","name":"Marius Marcu","image":{"@type":"ImageObject","inLanguage":"ro-RO","@id":"https:\/\/mhf.ro\/mm\/#\/schema\/person\/image\/","url":"https:\/\/mhf.ro\/mm\/wp-content\/uploads\/2025\/12\/cropped-logo_mhf_2.png","contentUrl":"https:\/\/mhf.ro\/mm\/wp-content\/uploads\/2025\/12\/cropped-logo_mhf_2.png","width":1096,"height":457,"caption":"Marius Marcu"},"logo":{"@id":"https:\/\/mhf.ro\/mm\/#\/schema\/person\/image\/"},"sameAs":["https:\/\/mhf.ro\/mm"],"url":"https:\/\/mhf.ro\/mm\/author\/mihai\/"}]}},"_links":{"self":[{"href":"https:\/\/mhf.ro\/mm\/wp-json\/wp\/v2\/posts\/5709","targetHints":{"allow":["GET"]}}],"collection":[{"href":"https:\/\/mhf.ro\/mm\/wp-json\/wp\/v2\/posts"}],"about":[{"href":"https:\/\/mhf.ro\/mm\/wp-json\/wp\/v2\/types\/post"}],"author":[{"embeddable":true,"href":"https:\/\/mhf.ro\/mm\/wp-json\/wp\/v2\/users\/1"}],"replies":[{"embeddable":true,"href":"https:\/\/mhf.ro\/mm\/wp-json\/wp\/v2\/comments?post=5709"}],"version-history":[{"count":1,"href":"https:\/\/mhf.ro\/mm\/wp-json\/wp\/v2\/posts\/5709\/revisions"}],"predecessor-version":[{"id":5711,"href":"https:\/\/mhf.ro\/mm\/wp-json\/wp\/v2\/posts\/5709\/revisions\/5711"}],"wp:featuredmedia":[{"embeddable":true,"href":"https:\/\/mhf.ro\/mm\/wp-json\/wp\/v2\/media\/5710"}],"wp:attachment":[{"href":"https:\/\/mhf.ro\/mm\/wp-json\/wp\/v2\/media?parent=5709"}],"wp:term":[{"taxonomy":"category","embeddable":true,"href":"https:\/\/mhf.ro\/mm\/wp-json\/wp\/v2\/categories?post=5709"},{"taxonomy":"post_tag","embeddable":true,"href":"https:\/\/mhf.ro\/mm\/wp-json\/wp\/v2\/tags?post=5709"}],"curies":[{"name":"wp","href":"https:\/\/api.w.org\/{rel}","templated":true}]}}