{"id":5737,"date":"2021-12-04T10:50:36","date_gmt":"2021-12-04T08:50:36","guid":{"rendered":"https:\/\/mhf.ro\/mm\/?p=5737"},"modified":"2021-12-04T10:50:36","modified_gmt":"2021-12-04T08:50:36","slug":"bugetarii-vor-primi-din-nou-vouchere-de-vacanta","status":"publish","type":"post","link":"https:\/\/mhf.ro\/mm\/bugetarii-vor-primi-din-nou-vouchere-de-vacanta\/","title":{"rendered":"Bugetarii vor primi din nou vouchere de vacan\u021b\u0103"},"content":{"rendered":"<p>Bugetarii vor primi din nou vouchere de vacan\u021b\u0103 din 2022. Proiectul de Ordonan\u021b\u0103 de Urgen\u021b\u0103 a fost deja pus \u00een dezbatere public\u0103. Acestea se vor acorda p\u00e2n\u0103 \u00een 2026, iar valoarea lor va r\u0103m\u00e2ne aceea\u0219i, 1.450 lei pentru fiecare salariat.<\/p>\n<p align=\"left\">De asemenea, transmite Digi24, tichetelor nefolosite emise anul trecut li se va prelungi termenul p\u00e2n\u0103 \u00een decembrie 2022.<\/p>\n<p align=\"left\">\u201dSistemul rom\u00e2nesc de acordare a voucherelor de vacan\u0163\u0103 este un exemplu de bun\u0103 practic\u0103 \u015fi a\u015f men\u0163iona o parte din beneficiile pe care acest program le are, cum ar fi stimularea circula\u0163iei turistice interne, sprijinirea comunit\u0103\u0163ii locale, refacerea for\u0163ei de munc\u0103, reducerea practicilor ilegale sau pe cele aflate la limita legii, dar \u015fi crearea unor noi oportunit\u0103\u0163i de angajare. Din aceste motive, chiar ast\u0103zi am publicat \u00een transparen\u0163\u0103 decizional\u0103 proiectul de act normativ care prevede reluarea acord\u0103rii acestora \u00een 2022\u2033, a declarat \u00a0Constantin Cadariu, ministrul Antreprenoriatului \u015fi Turismului. (conf. Jurnalist.ro)<\/p>\n","protected":false},"excerpt":{"rendered":"<p>Bugetarii vor primi din nou vouchere de vacan\u021b\u0103 din 2022. Proiectul de Ordonan\u021b\u0103 de Urgen\u021b\u0103 a fost deja pus \u00een<\/p>\n","protected":false},"author":1,"featured_media":5738,"comment_status":"open","ping_status":"open","sticky":false,"template":"","format":"standard","meta":{"colormag_page_container_layout":"default_layout","colormag_page_sidebar_layout":"default_layout","footnotes":""},"categories":[8],"tags":[],"class_list":["post-5737","post","type-post","status-publish","format-standard","has-post-thumbnail","hentry","category-div"],"yoast_head":"<!-- This site is optimized with the Yoast SEO plugin v27.0 - https:\/\/yoast.com\/product\/yoast-seo-wordpress\/ -->\n<title>Bugetarii vor primi din nou vouchere de vacan\u021b\u0103 - MHF Photography<\/title>\n<meta name=\"robots\" content=\"index, follow, max-snippet:-1, max-image-preview:large, max-video-preview:-1\" \/>\n<link rel=\"canonical\" href=\"https:\/\/mhf.ro\/mm\/bugetarii-vor-primi-din-nou-vouchere-de-vacanta\/\" \/>\n<meta property=\"og:locale\" content=\"ro_RO\" \/>\n<meta property=\"og:type\" content=\"article\" \/>\n<meta property=\"og:title\" content=\"Bugetarii vor primi din nou vouchere de vacan\u021b\u0103 - MHF Photography\" \/>\n<meta property=\"og:description\" content=\"Bugetarii vor primi din nou vouchere de vacan\u021b\u0103 din 2022. Proiectul de Ordonan\u021b\u0103 de Urgen\u021b\u0103 a fost deja pus \u00een\" \/>\n<meta property=\"og:url\" content=\"https:\/\/mhf.ro\/mm\/bugetarii-vor-primi-din-nou-vouchere-de-vacanta\/\" \/>\n<meta property=\"og:site_name\" content=\"MHF Photography\" \/>\n<meta property=\"article:published_time\" content=\"2021-12-04T08:50:36+00:00\" \/>\n<meta property=\"og:image\" content=\"https:\/\/mhf.ro\/mm\/wp-content\/uploads\/2021\/12\/vacanta.jpg\" \/>\n\t<meta property=\"og:image:width\" content=\"1186\" \/>\n\t<meta property=\"og:image:height\" content=\"692\" \/>\n\t<meta property=\"og:image:type\" content=\"image\/jpeg\" \/>\n<meta name=\"author\" content=\"Marius Marcu\" \/>\n<meta name=\"twitter:card\" content=\"summary_large_image\" \/>\n<meta name=\"twitter:label1\" content=\"Scris de\" \/>\n\t<meta name=\"twitter:data1\" content=\"Marius Marcu\" \/>\n\t<meta name=\"twitter:label2\" content=\"Timp estimat pentru citire\" \/>\n\t<meta name=\"twitter:data2\" content=\"1 minut\" \/>\n<script type=\"application\/ld+json\" class=\"yoast-schema-graph\">{\"@context\":\"https:\/\/schema.org\",\"@graph\":[{\"@type\":\"Article\",\"@id\":\"https:\/\/mhf.ro\/mm\/bugetarii-vor-primi-din-nou-vouchere-de-vacanta\/#article\",\"isPartOf\":{\"@id\":\"https:\/\/mhf.ro\/mm\/bugetarii-vor-primi-din-nou-vouchere-de-vacanta\/\"},\"author\":{\"name\":\"Marius Marcu\",\"@id\":\"https:\/\/mhf.ro\/mm\/#\/schema\/person\/a3bebf7bdb4bf12f698aff73c7e46c21\"},\"headline\":\"Bugetarii vor primi din nou vouchere de vacan\u021b\u0103\",\"datePublished\":\"2021-12-04T08:50:36+00:00\",\"mainEntityOfPage\":{\"@id\":\"https:\/\/mhf.ro\/mm\/bugetarii-vor-primi-din-nou-vouchere-de-vacanta\/\"},\"wordCount\":165,\"commentCount\":0,\"publisher\":{\"@id\":\"https:\/\/mhf.ro\/mm\/#\/schema\/person\/a3bebf7bdb4bf12f698aff73c7e46c21\"},\"image\":{\"@id\":\"https:\/\/mhf.ro\/mm\/bugetarii-vor-primi-din-nou-vouchere-de-vacanta\/#primaryimage\"},\"thumbnailUrl\":\"https:\/\/mhf.ro\/mm\/wp-content\/uploads\/2021\/12\/vacanta.jpg\",\"articleSection\":[\"Diverse\"],\"inLanguage\":\"ro-RO\",\"potentialAction\":[{\"@type\":\"CommentAction\",\"name\":\"Comment\",\"target\":[\"https:\/\/mhf.ro\/mm\/bugetarii-vor-primi-din-nou-vouchere-de-vacanta\/#respond\"]}]},{\"@type\":\"WebPage\",\"@id\":\"https:\/\/mhf.ro\/mm\/bugetarii-vor-primi-din-nou-vouchere-de-vacanta\/\",\"url\":\"https:\/\/mhf.ro\/mm\/bugetarii-vor-primi-din-nou-vouchere-de-vacanta\/\",\"name\":\"Bugetarii vor primi din nou vouchere de vacan\u021b\u0103 - MHF Photography\",\"isPartOf\":{\"@id\":\"https:\/\/mhf.ro\/mm\/#website\"},\"primaryImageOfPage\":{\"@id\":\"https:\/\/mhf.ro\/mm\/bugetarii-vor-primi-din-nou-vouchere-de-vacanta\/#primaryimage\"},\"image\":{\"@id\":\"https:\/\/mhf.ro\/mm\/bugetarii-vor-primi-din-nou-vouchere-de-vacanta\/#primaryimage\"},\"thumbnailUrl\":\"https:\/\/mhf.ro\/mm\/wp-content\/uploads\/2021\/12\/vacanta.jpg\",\"datePublished\":\"2021-12-04T08:50:36+00:00\",\"breadcrumb\":{\"@id\":\"https:\/\/mhf.ro\/mm\/bugetarii-vor-primi-din-nou-vouchere-de-vacanta\/#breadcrumb\"},\"inLanguage\":\"ro-RO\",\"potentialAction\":[{\"@type\":\"ReadAction\",\"target\":[\"https:\/\/mhf.ro\/mm\/bugetarii-vor-primi-din-nou-vouchere-de-vacanta\/\"]}]},{\"@type\":\"ImageObject\",\"inLanguage\":\"ro-RO\",\"@id\":\"https:\/\/mhf.ro\/mm\/bugetarii-vor-primi-din-nou-vouchere-de-vacanta\/#primaryimage\",\"url\":\"https:\/\/mhf.ro\/mm\/wp-content\/uploads\/2021\/12\/vacanta.jpg\",\"contentUrl\":\"https:\/\/mhf.ro\/mm\/wp-content\/uploads\/2021\/12\/vacanta.jpg\",\"width\":1186,\"height\":692},{\"@type\":\"BreadcrumbList\",\"@id\":\"https:\/\/mhf.ro\/mm\/bugetarii-vor-primi-din-nou-vouchere-de-vacanta\/#breadcrumb\",\"itemListElement\":[{\"@type\":\"ListItem\",\"position\":1,\"name\":\"Prima pagin\u0103\",\"item\":\"https:\/\/mhf.ro\/mm\/\"},{\"@type\":\"ListItem\",\"position\":2,\"name\":\"Bugetarii vor primi din nou vouchere de vacan\u021b\u0103\"}]},{\"@type\":\"WebSite\",\"@id\":\"https:\/\/mhf.ro\/mm\/#website\",\"url\":\"https:\/\/mhf.ro\/mm\/\",\"name\":\"MHF Photography \u2013 Blog de fotografie, natur\u0103 \u0219i tehnic\u0103 divers\u0103\",\"description\":\"Aventur\u0103 \u00een fiecare cadru.\",\"publisher\":{\"@id\":\"https:\/\/mhf.ro\/mm\/#\/schema\/person\/a3bebf7bdb4bf12f698aff73c7e46c21\"},\"potentialAction\":[{\"@type\":\"SearchAction\",\"target\":{\"@type\":\"EntryPoint\",\"urlTemplate\":\"https:\/\/mhf.ro\/mm\/?s={search_term_string}\"},\"query-input\":{\"@type\":\"PropertyValueSpecification\",\"valueRequired\":true,\"valueName\":\"search_term_string\"}}],\"inLanguage\":\"ro-RO\"},{\"@type\":[\"Person\",\"Organization\"],\"@id\":\"https:\/\/mhf.ro\/mm\/#\/schema\/person\/a3bebf7bdb4bf12f698aff73c7e46c21\",\"name\":\"Marius Marcu\",\"image\":{\"@type\":\"ImageObject\",\"inLanguage\":\"ro-RO\",\"@id\":\"https:\/\/mhf.ro\/mm\/#\/schema\/person\/image\/\",\"url\":\"https:\/\/mhf.ro\/mm\/wp-content\/uploads\/2025\/12\/cropped-logo_mhf_2.png\",\"contentUrl\":\"https:\/\/mhf.ro\/mm\/wp-content\/uploads\/2025\/12\/cropped-logo_mhf_2.png\",\"width\":1096,\"height\":457,\"caption\":\"Marius Marcu\"},\"logo\":{\"@id\":\"https:\/\/mhf.ro\/mm\/#\/schema\/person\/image\/\"},\"sameAs\":[\"https:\/\/mhf.ro\/mm\"],\"url\":\"https:\/\/mhf.ro\/mm\/author\/mihai\/\"}]}<\/script>\n<!-- \/ Yoast SEO plugin. -->","yoast_head_json":{"title":"Bugetarii vor primi din nou vouchere de vacan\u021b\u0103 - MHF Photography","robots":{"index":"index","follow":"follow","max-snippet":"max-snippet:-1","max-image-preview":"max-image-preview:large","max-video-preview":"max-video-preview:-1"},"canonical":"https:\/\/mhf.ro\/mm\/bugetarii-vor-primi-din-nou-vouchere-de-vacanta\/","og_locale":"ro_RO","og_type":"article","og_title":"Bugetarii vor primi din nou vouchere de vacan\u021b\u0103 - MHF Photography","og_description":"Bugetarii vor primi din nou vouchere de vacan\u021b\u0103 din 2022. Proiectul de Ordonan\u021b\u0103 de Urgen\u021b\u0103 a fost deja pus \u00een","og_url":"https:\/\/mhf.ro\/mm\/bugetarii-vor-primi-din-nou-vouchere-de-vacanta\/","og_site_name":"MHF Photography","article_published_time":"2021-12-04T08:50:36+00:00","og_image":[{"width":1186,"height":692,"url":"https:\/\/mhf.ro\/mm\/wp-content\/uploads\/2021\/12\/vacanta.jpg","type":"image\/jpeg"}],"author":"Marius Marcu","twitter_card":"summary_large_image","twitter_misc":{"Scris de":"Marius Marcu","Timp estimat pentru citire":"1 minut"},"schema":{"@context":"https:\/\/schema.org","@graph":[{"@type":"Article","@id":"https:\/\/mhf.ro\/mm\/bugetarii-vor-primi-din-nou-vouchere-de-vacanta\/#article","isPartOf":{"@id":"https:\/\/mhf.ro\/mm\/bugetarii-vor-primi-din-nou-vouchere-de-vacanta\/"},"author":{"name":"Marius Marcu","@id":"https:\/\/mhf.ro\/mm\/#\/schema\/person\/a3bebf7bdb4bf12f698aff73c7e46c21"},"headline":"Bugetarii vor primi din nou vouchere de vacan\u021b\u0103","datePublished":"2021-12-04T08:50:36+00:00","mainEntityOfPage":{"@id":"https:\/\/mhf.ro\/mm\/bugetarii-vor-primi-din-nou-vouchere-de-vacanta\/"},"wordCount":165,"commentCount":0,"publisher":{"@id":"https:\/\/mhf.ro\/mm\/#\/schema\/person\/a3bebf7bdb4bf12f698aff73c7e46c21"},"image":{"@id":"https:\/\/mhf.ro\/mm\/bugetarii-vor-primi-din-nou-vouchere-de-vacanta\/#primaryimage"},"thumbnailUrl":"https:\/\/mhf.ro\/mm\/wp-content\/uploads\/2021\/12\/vacanta.jpg","articleSection":["Diverse"],"inLanguage":"ro-RO","potentialAction":[{"@type":"CommentAction","name":"Comment","target":["https:\/\/mhf.ro\/mm\/bugetarii-vor-primi-din-nou-vouchere-de-vacanta\/#respond"]}]},{"@type":"WebPage","@id":"https:\/\/mhf.ro\/mm\/bugetarii-vor-primi-din-nou-vouchere-de-vacanta\/","url":"https:\/\/mhf.ro\/mm\/bugetarii-vor-primi-din-nou-vouchere-de-vacanta\/","name":"Bugetarii vor primi din nou vouchere de vacan\u021b\u0103 - MHF Photography","isPartOf":{"@id":"https:\/\/mhf.ro\/mm\/#website"},"primaryImageOfPage":{"@id":"https:\/\/mhf.ro\/mm\/bugetarii-vor-primi-din-nou-vouchere-de-vacanta\/#primaryimage"},"image":{"@id":"https:\/\/mhf.ro\/mm\/bugetarii-vor-primi-din-nou-vouchere-de-vacanta\/#primaryimage"},"thumbnailUrl":"https:\/\/mhf.ro\/mm\/wp-content\/uploads\/2021\/12\/vacanta.jpg","datePublished":"2021-12-04T08:50:36+00:00","breadcrumb":{"@id":"https:\/\/mhf.ro\/mm\/bugetarii-vor-primi-din-nou-vouchere-de-vacanta\/#breadcrumb"},"inLanguage":"ro-RO","potentialAction":[{"@type":"ReadAction","target":["https:\/\/mhf.ro\/mm\/bugetarii-vor-primi-din-nou-vouchere-de-vacanta\/"]}]},{"@type":"ImageObject","inLanguage":"ro-RO","@id":"https:\/\/mhf.ro\/mm\/bugetarii-vor-primi-din-nou-vouchere-de-vacanta\/#primaryimage","url":"https:\/\/mhf.ro\/mm\/wp-content\/uploads\/2021\/12\/vacanta.jpg","contentUrl":"https:\/\/mhf.ro\/mm\/wp-content\/uploads\/2021\/12\/vacanta.jpg","width":1186,"height":692},{"@type":"BreadcrumbList","@id":"https:\/\/mhf.ro\/mm\/bugetarii-vor-primi-din-nou-vouchere-de-vacanta\/#breadcrumb","itemListElement":[{"@type":"ListItem","position":1,"name":"Prima pagin\u0103","item":"https:\/\/mhf.ro\/mm\/"},{"@type":"ListItem","position":2,"name":"Bugetarii vor primi din nou vouchere de vacan\u021b\u0103"}]},{"@type":"WebSite","@id":"https:\/\/mhf.ro\/mm\/#website","url":"https:\/\/mhf.ro\/mm\/","name":"MHF Photography \u2013 Blog de fotografie, natur\u0103 \u0219i tehnic\u0103 divers\u0103","description":"Aventur\u0103 \u00een fiecare cadru.","publisher":{"@id":"https:\/\/mhf.ro\/mm\/#\/schema\/person\/a3bebf7bdb4bf12f698aff73c7e46c21"},"potentialAction":[{"@type":"SearchAction","target":{"@type":"EntryPoint","urlTemplate":"https:\/\/mhf.ro\/mm\/?s={search_term_string}"},"query-input":{"@type":"PropertyValueSpecification","valueRequired":true,"valueName":"search_term_string"}}],"inLanguage":"ro-RO"},{"@type":["Person","Organization"],"@id":"https:\/\/mhf.ro\/mm\/#\/schema\/person\/a3bebf7bdb4bf12f698aff73c7e46c21","name":"Marius Marcu","image":{"@type":"ImageObject","inLanguage":"ro-RO","@id":"https:\/\/mhf.ro\/mm\/#\/schema\/person\/image\/","url":"https:\/\/mhf.ro\/mm\/wp-content\/uploads\/2025\/12\/cropped-logo_mhf_2.png","contentUrl":"https:\/\/mhf.ro\/mm\/wp-content\/uploads\/2025\/12\/cropped-logo_mhf_2.png","width":1096,"height":457,"caption":"Marius Marcu"},"logo":{"@id":"https:\/\/mhf.ro\/mm\/#\/schema\/person\/image\/"},"sameAs":["https:\/\/mhf.ro\/mm"],"url":"https:\/\/mhf.ro\/mm\/author\/mihai\/"}]}},"_links":{"self":[{"href":"https:\/\/mhf.ro\/mm\/wp-json\/wp\/v2\/posts\/5737","targetHints":{"allow":["GET"]}}],"collection":[{"href":"https:\/\/mhf.ro\/mm\/wp-json\/wp\/v2\/posts"}],"about":[{"href":"https:\/\/mhf.ro\/mm\/wp-json\/wp\/v2\/types\/post"}],"author":[{"embeddable":true,"href":"https:\/\/mhf.ro\/mm\/wp-json\/wp\/v2\/users\/1"}],"replies":[{"embeddable":true,"href":"https:\/\/mhf.ro\/mm\/wp-json\/wp\/v2\/comments?post=5737"}],"version-history":[{"count":1,"href":"https:\/\/mhf.ro\/mm\/wp-json\/wp\/v2\/posts\/5737\/revisions"}],"predecessor-version":[{"id":5739,"href":"https:\/\/mhf.ro\/mm\/wp-json\/wp\/v2\/posts\/5737\/revisions\/5739"}],"wp:featuredmedia":[{"embeddable":true,"href":"https:\/\/mhf.ro\/mm\/wp-json\/wp\/v2\/media\/5738"}],"wp:attachment":[{"href":"https:\/\/mhf.ro\/mm\/wp-json\/wp\/v2\/media?parent=5737"}],"wp:term":[{"taxonomy":"category","embeddable":true,"href":"https:\/\/mhf.ro\/mm\/wp-json\/wp\/v2\/categories?post=5737"},{"taxonomy":"post_tag","embeddable":true,"href":"https:\/\/mhf.ro\/mm\/wp-json\/wp\/v2\/tags?post=5737"}],"curies":[{"name":"wp","href":"https:\/\/api.w.org\/{rel}","templated":true}]}}