{"id":5748,"date":"2021-12-05T10:41:22","date_gmt":"2021-12-05T08:41:22","guid":{"rendered":"https:\/\/mhf.ro\/mm\/?p=5748"},"modified":"2021-12-05T10:41:22","modified_gmt":"2021-12-05T08:41:22","slug":"constantean-cu-3-neveste-acuzat-de-bigamie","status":"publish","type":"post","link":"https:\/\/mhf.ro\/mm\/constantean-cu-3-neveste-acuzat-de-bigamie\/","title":{"rendered":"Const\u0103n\u021bean cu 3 neveste acuzat de bigamie"},"content":{"rendered":"<div class=\"lead-articol\">\n<p>Cazul s-a petrecut \u00een N\u0103vodari. Un b\u0103rbat a fost condamnat la \u00eenchisoare pentru bigamie. Acesta era c\u0103s\u0103torit cu trei femei, iar instan\u021ba a decis anularea a dou\u0103 certificate de c\u0103s\u0103torie, din cele trei.<\/p>\n<\/div>\n<p>\u00cen 2019 b\u0103rbatul din N\u0103vodari a fost condamnat la 6 luni de \u00eenchisoare cu suspendare pentru bigamie. Instan\u021ba a decis ca acesta s\u0103 frecventeze un program de reintegrare social\u0103, iar \u00een iulie 2021 Judec\u0103toria Constan\u021ba a decis \u0219i anularea a dou\u0103 certificate de c\u0103s\u0103torie, scrie\u00a0Replica de Constan\u021ba.<\/p>\n<p>B\u0103rbatul a fost descoperit din \u00eent\u00e2mplare de prima so\u021bie. Femeia s-a dus s\u0103-\u0219i schimbe buletinul.<\/p>\n<p>\u00cen rechizitoriu se arat\u0103 c\u0103 b\u0103rbatul s-a c\u0103s\u0103torit legal cu prima so\u0163ie \u00een anul 1985. S-a desp\u0103r\u021bit de aceasta \u00een anul 2001, iar \u00een 2009, f\u0103r\u0103 ca prima c\u0103s\u0103torie s\u0103 fie desf\u0103cut\u0103, a \u00eencheiat o nou\u0103 c\u0103s\u0103torie cu cea de-a doua nevast\u0103. \u00cen anul 2014 b\u0103rbatul a decis s\u0103 se c\u0103s\u0103toreasc\u0103 \u0219i cu a treia so\u021bie.<\/p>\n<p>\u00cen final, Judec\u0103toria Constan\u021ba a anulat primele dou\u0103 c\u0103s\u0103torii. \u00cen acest moment b\u0103rbatul este c\u0103s\u0103torit \u00een mod legal cu cea de-a treia so\u021bie. (conf. Jurnalist.ro)<\/p>\n","protected":false},"excerpt":{"rendered":"<p>Cazul s-a petrecut \u00een N\u0103vodari. Un b\u0103rbat a fost condamnat la \u00eenchisoare pentru bigamie. Acesta era c\u0103s\u0103torit cu trei femei,<\/p>\n","protected":false},"author":1,"featured_media":5749,"comment_status":"open","ping_status":"open","sticky":false,"template":"","format":"standard","meta":{"colormag_page_container_layout":"default_layout","colormag_page_sidebar_layout":"default_layout","footnotes":""},"categories":[8],"tags":[],"class_list":["post-5748","post","type-post","status-publish","format-standard","has-post-thumbnail","hentry","category-div"],"yoast_head":"<!-- This site is optimized with the Yoast SEO plugin v27.0 - https:\/\/yoast.com\/product\/yoast-seo-wordpress\/ -->\n<title>Const\u0103n\u021bean cu 3 neveste acuzat de bigamie - MHF Photography<\/title>\n<meta name=\"robots\" content=\"index, follow, max-snippet:-1, max-image-preview:large, max-video-preview:-1\" \/>\n<link rel=\"canonical\" href=\"https:\/\/mhf.ro\/mm\/constantean-cu-3-neveste-acuzat-de-bigamie\/\" \/>\n<meta property=\"og:locale\" content=\"ro_RO\" \/>\n<meta property=\"og:type\" content=\"article\" \/>\n<meta property=\"og:title\" content=\"Const\u0103n\u021bean cu 3 neveste acuzat de bigamie - MHF Photography\" \/>\n<meta property=\"og:description\" content=\"Cazul s-a petrecut \u00een N\u0103vodari. Un b\u0103rbat a fost condamnat la \u00eenchisoare pentru bigamie. Acesta era c\u0103s\u0103torit cu trei femei,\" \/>\n<meta property=\"og:url\" content=\"https:\/\/mhf.ro\/mm\/constantean-cu-3-neveste-acuzat-de-bigamie\/\" \/>\n<meta property=\"og:site_name\" content=\"MHF Photography\" \/>\n<meta property=\"article:published_time\" content=\"2021-12-05T08:41:22+00:00\" \/>\n<meta property=\"og:image\" content=\"https:\/\/mhf.ro\/mm\/wp-content\/uploads\/2021\/12\/bigamy.jpg\" \/>\n\t<meta property=\"og:image:width\" content=\"420\" \/>\n\t<meta property=\"og:image:height\" content=\"361\" \/>\n\t<meta property=\"og:image:type\" content=\"image\/jpeg\" \/>\n<meta name=\"author\" content=\"Marius Marcu\" \/>\n<meta name=\"twitter:card\" content=\"summary_large_image\" \/>\n<meta name=\"twitter:label1\" content=\"Scris de\" \/>\n\t<meta name=\"twitter:data1\" content=\"Marius Marcu\" \/>\n\t<meta name=\"twitter:label2\" content=\"Timp estimat pentru citire\" \/>\n\t<meta name=\"twitter:data2\" content=\"1 minut\" \/>\n<script type=\"application\/ld+json\" class=\"yoast-schema-graph\">{\"@context\":\"https:\/\/schema.org\",\"@graph\":[{\"@type\":\"Article\",\"@id\":\"https:\/\/mhf.ro\/mm\/constantean-cu-3-neveste-acuzat-de-bigamie\/#article\",\"isPartOf\":{\"@id\":\"https:\/\/mhf.ro\/mm\/constantean-cu-3-neveste-acuzat-de-bigamie\/\"},\"author\":{\"name\":\"Marius Marcu\",\"@id\":\"https:\/\/mhf.ro\/mm\/#\/schema\/person\/a3bebf7bdb4bf12f698aff73c7e46c21\"},\"headline\":\"Const\u0103n\u021bean cu 3 neveste acuzat de bigamie\",\"datePublished\":\"2021-12-05T08:41:22+00:00\",\"mainEntityOfPage\":{\"@id\":\"https:\/\/mhf.ro\/mm\/constantean-cu-3-neveste-acuzat-de-bigamie\/\"},\"wordCount\":223,\"commentCount\":0,\"publisher\":{\"@id\":\"https:\/\/mhf.ro\/mm\/#\/schema\/person\/a3bebf7bdb4bf12f698aff73c7e46c21\"},\"image\":{\"@id\":\"https:\/\/mhf.ro\/mm\/constantean-cu-3-neveste-acuzat-de-bigamie\/#primaryimage\"},\"thumbnailUrl\":\"https:\/\/mhf.ro\/mm\/wp-content\/uploads\/2021\/12\/bigamy.jpg\",\"articleSection\":[\"Diverse\"],\"inLanguage\":\"ro-RO\",\"potentialAction\":[{\"@type\":\"CommentAction\",\"name\":\"Comment\",\"target\":[\"https:\/\/mhf.ro\/mm\/constantean-cu-3-neveste-acuzat-de-bigamie\/#respond\"]}]},{\"@type\":\"WebPage\",\"@id\":\"https:\/\/mhf.ro\/mm\/constantean-cu-3-neveste-acuzat-de-bigamie\/\",\"url\":\"https:\/\/mhf.ro\/mm\/constantean-cu-3-neveste-acuzat-de-bigamie\/\",\"name\":\"Const\u0103n\u021bean cu 3 neveste acuzat de bigamie - MHF Photography\",\"isPartOf\":{\"@id\":\"https:\/\/mhf.ro\/mm\/#website\"},\"primaryImageOfPage\":{\"@id\":\"https:\/\/mhf.ro\/mm\/constantean-cu-3-neveste-acuzat-de-bigamie\/#primaryimage\"},\"image\":{\"@id\":\"https:\/\/mhf.ro\/mm\/constantean-cu-3-neveste-acuzat-de-bigamie\/#primaryimage\"},\"thumbnailUrl\":\"https:\/\/mhf.ro\/mm\/wp-content\/uploads\/2021\/12\/bigamy.jpg\",\"datePublished\":\"2021-12-05T08:41:22+00:00\",\"breadcrumb\":{\"@id\":\"https:\/\/mhf.ro\/mm\/constantean-cu-3-neveste-acuzat-de-bigamie\/#breadcrumb\"},\"inLanguage\":\"ro-RO\",\"potentialAction\":[{\"@type\":\"ReadAction\",\"target\":[\"https:\/\/mhf.ro\/mm\/constantean-cu-3-neveste-acuzat-de-bigamie\/\"]}]},{\"@type\":\"ImageObject\",\"inLanguage\":\"ro-RO\",\"@id\":\"https:\/\/mhf.ro\/mm\/constantean-cu-3-neveste-acuzat-de-bigamie\/#primaryimage\",\"url\":\"https:\/\/mhf.ro\/mm\/wp-content\/uploads\/2021\/12\/bigamy.jpg\",\"contentUrl\":\"https:\/\/mhf.ro\/mm\/wp-content\/uploads\/2021\/12\/bigamy.jpg\",\"width\":420,\"height\":361},{\"@type\":\"BreadcrumbList\",\"@id\":\"https:\/\/mhf.ro\/mm\/constantean-cu-3-neveste-acuzat-de-bigamie\/#breadcrumb\",\"itemListElement\":[{\"@type\":\"ListItem\",\"position\":1,\"name\":\"Prima pagin\u0103\",\"item\":\"https:\/\/mhf.ro\/mm\/\"},{\"@type\":\"ListItem\",\"position\":2,\"name\":\"Const\u0103n\u021bean cu 3 neveste acuzat de bigamie\"}]},{\"@type\":\"WebSite\",\"@id\":\"https:\/\/mhf.ro\/mm\/#website\",\"url\":\"https:\/\/mhf.ro\/mm\/\",\"name\":\"MHF Photography \u2013 Blog de fotografie, natur\u0103 \u0219i tehnic\u0103 divers\u0103\",\"description\":\"Aventur\u0103 \u00een fiecare cadru.\",\"publisher\":{\"@id\":\"https:\/\/mhf.ro\/mm\/#\/schema\/person\/a3bebf7bdb4bf12f698aff73c7e46c21\"},\"potentialAction\":[{\"@type\":\"SearchAction\",\"target\":{\"@type\":\"EntryPoint\",\"urlTemplate\":\"https:\/\/mhf.ro\/mm\/?s={search_term_string}\"},\"query-input\":{\"@type\":\"PropertyValueSpecification\",\"valueRequired\":true,\"valueName\":\"search_term_string\"}}],\"inLanguage\":\"ro-RO\"},{\"@type\":[\"Person\",\"Organization\"],\"@id\":\"https:\/\/mhf.ro\/mm\/#\/schema\/person\/a3bebf7bdb4bf12f698aff73c7e46c21\",\"name\":\"Marius Marcu\",\"image\":{\"@type\":\"ImageObject\",\"inLanguage\":\"ro-RO\",\"@id\":\"https:\/\/mhf.ro\/mm\/#\/schema\/person\/image\/\",\"url\":\"https:\/\/mhf.ro\/mm\/wp-content\/uploads\/2025\/12\/cropped-logo_mhf_2.png\",\"contentUrl\":\"https:\/\/mhf.ro\/mm\/wp-content\/uploads\/2025\/12\/cropped-logo_mhf_2.png\",\"width\":1096,\"height\":457,\"caption\":\"Marius Marcu\"},\"logo\":{\"@id\":\"https:\/\/mhf.ro\/mm\/#\/schema\/person\/image\/\"},\"sameAs\":[\"https:\/\/mhf.ro\/mm\"],\"url\":\"https:\/\/mhf.ro\/mm\/author\/mihai\/\"}]}<\/script>\n<!-- \/ Yoast SEO plugin. -->","yoast_head_json":{"title":"Const\u0103n\u021bean cu 3 neveste acuzat de bigamie - MHF Photography","robots":{"index":"index","follow":"follow","max-snippet":"max-snippet:-1","max-image-preview":"max-image-preview:large","max-video-preview":"max-video-preview:-1"},"canonical":"https:\/\/mhf.ro\/mm\/constantean-cu-3-neveste-acuzat-de-bigamie\/","og_locale":"ro_RO","og_type":"article","og_title":"Const\u0103n\u021bean cu 3 neveste acuzat de bigamie - MHF Photography","og_description":"Cazul s-a petrecut \u00een N\u0103vodari. Un b\u0103rbat a fost condamnat la \u00eenchisoare pentru bigamie. Acesta era c\u0103s\u0103torit cu trei femei,","og_url":"https:\/\/mhf.ro\/mm\/constantean-cu-3-neveste-acuzat-de-bigamie\/","og_site_name":"MHF Photography","article_published_time":"2021-12-05T08:41:22+00:00","og_image":[{"width":420,"height":361,"url":"https:\/\/mhf.ro\/mm\/wp-content\/uploads\/2021\/12\/bigamy.jpg","type":"image\/jpeg"}],"author":"Marius Marcu","twitter_card":"summary_large_image","twitter_misc":{"Scris de":"Marius Marcu","Timp estimat pentru citire":"1 minut"},"schema":{"@context":"https:\/\/schema.org","@graph":[{"@type":"Article","@id":"https:\/\/mhf.ro\/mm\/constantean-cu-3-neveste-acuzat-de-bigamie\/#article","isPartOf":{"@id":"https:\/\/mhf.ro\/mm\/constantean-cu-3-neveste-acuzat-de-bigamie\/"},"author":{"name":"Marius Marcu","@id":"https:\/\/mhf.ro\/mm\/#\/schema\/person\/a3bebf7bdb4bf12f698aff73c7e46c21"},"headline":"Const\u0103n\u021bean cu 3 neveste acuzat de bigamie","datePublished":"2021-12-05T08:41:22+00:00","mainEntityOfPage":{"@id":"https:\/\/mhf.ro\/mm\/constantean-cu-3-neveste-acuzat-de-bigamie\/"},"wordCount":223,"commentCount":0,"publisher":{"@id":"https:\/\/mhf.ro\/mm\/#\/schema\/person\/a3bebf7bdb4bf12f698aff73c7e46c21"},"image":{"@id":"https:\/\/mhf.ro\/mm\/constantean-cu-3-neveste-acuzat-de-bigamie\/#primaryimage"},"thumbnailUrl":"https:\/\/mhf.ro\/mm\/wp-content\/uploads\/2021\/12\/bigamy.jpg","articleSection":["Diverse"],"inLanguage":"ro-RO","potentialAction":[{"@type":"CommentAction","name":"Comment","target":["https:\/\/mhf.ro\/mm\/constantean-cu-3-neveste-acuzat-de-bigamie\/#respond"]}]},{"@type":"WebPage","@id":"https:\/\/mhf.ro\/mm\/constantean-cu-3-neveste-acuzat-de-bigamie\/","url":"https:\/\/mhf.ro\/mm\/constantean-cu-3-neveste-acuzat-de-bigamie\/","name":"Const\u0103n\u021bean cu 3 neveste acuzat de bigamie - MHF Photography","isPartOf":{"@id":"https:\/\/mhf.ro\/mm\/#website"},"primaryImageOfPage":{"@id":"https:\/\/mhf.ro\/mm\/constantean-cu-3-neveste-acuzat-de-bigamie\/#primaryimage"},"image":{"@id":"https:\/\/mhf.ro\/mm\/constantean-cu-3-neveste-acuzat-de-bigamie\/#primaryimage"},"thumbnailUrl":"https:\/\/mhf.ro\/mm\/wp-content\/uploads\/2021\/12\/bigamy.jpg","datePublished":"2021-12-05T08:41:22+00:00","breadcrumb":{"@id":"https:\/\/mhf.ro\/mm\/constantean-cu-3-neveste-acuzat-de-bigamie\/#breadcrumb"},"inLanguage":"ro-RO","potentialAction":[{"@type":"ReadAction","target":["https:\/\/mhf.ro\/mm\/constantean-cu-3-neveste-acuzat-de-bigamie\/"]}]},{"@type":"ImageObject","inLanguage":"ro-RO","@id":"https:\/\/mhf.ro\/mm\/constantean-cu-3-neveste-acuzat-de-bigamie\/#primaryimage","url":"https:\/\/mhf.ro\/mm\/wp-content\/uploads\/2021\/12\/bigamy.jpg","contentUrl":"https:\/\/mhf.ro\/mm\/wp-content\/uploads\/2021\/12\/bigamy.jpg","width":420,"height":361},{"@type":"BreadcrumbList","@id":"https:\/\/mhf.ro\/mm\/constantean-cu-3-neveste-acuzat-de-bigamie\/#breadcrumb","itemListElement":[{"@type":"ListItem","position":1,"name":"Prima pagin\u0103","item":"https:\/\/mhf.ro\/mm\/"},{"@type":"ListItem","position":2,"name":"Const\u0103n\u021bean cu 3 neveste acuzat de bigamie"}]},{"@type":"WebSite","@id":"https:\/\/mhf.ro\/mm\/#website","url":"https:\/\/mhf.ro\/mm\/","name":"MHF Photography \u2013 Blog de fotografie, natur\u0103 \u0219i tehnic\u0103 divers\u0103","description":"Aventur\u0103 \u00een fiecare cadru.","publisher":{"@id":"https:\/\/mhf.ro\/mm\/#\/schema\/person\/a3bebf7bdb4bf12f698aff73c7e46c21"},"potentialAction":[{"@type":"SearchAction","target":{"@type":"EntryPoint","urlTemplate":"https:\/\/mhf.ro\/mm\/?s={search_term_string}"},"query-input":{"@type":"PropertyValueSpecification","valueRequired":true,"valueName":"search_term_string"}}],"inLanguage":"ro-RO"},{"@type":["Person","Organization"],"@id":"https:\/\/mhf.ro\/mm\/#\/schema\/person\/a3bebf7bdb4bf12f698aff73c7e46c21","name":"Marius Marcu","image":{"@type":"ImageObject","inLanguage":"ro-RO","@id":"https:\/\/mhf.ro\/mm\/#\/schema\/person\/image\/","url":"https:\/\/mhf.ro\/mm\/wp-content\/uploads\/2025\/12\/cropped-logo_mhf_2.png","contentUrl":"https:\/\/mhf.ro\/mm\/wp-content\/uploads\/2025\/12\/cropped-logo_mhf_2.png","width":1096,"height":457,"caption":"Marius Marcu"},"logo":{"@id":"https:\/\/mhf.ro\/mm\/#\/schema\/person\/image\/"},"sameAs":["https:\/\/mhf.ro\/mm"],"url":"https:\/\/mhf.ro\/mm\/author\/mihai\/"}]}},"_links":{"self":[{"href":"https:\/\/mhf.ro\/mm\/wp-json\/wp\/v2\/posts\/5748","targetHints":{"allow":["GET"]}}],"collection":[{"href":"https:\/\/mhf.ro\/mm\/wp-json\/wp\/v2\/posts"}],"about":[{"href":"https:\/\/mhf.ro\/mm\/wp-json\/wp\/v2\/types\/post"}],"author":[{"embeddable":true,"href":"https:\/\/mhf.ro\/mm\/wp-json\/wp\/v2\/users\/1"}],"replies":[{"embeddable":true,"href":"https:\/\/mhf.ro\/mm\/wp-json\/wp\/v2\/comments?post=5748"}],"version-history":[{"count":1,"href":"https:\/\/mhf.ro\/mm\/wp-json\/wp\/v2\/posts\/5748\/revisions"}],"predecessor-version":[{"id":5750,"href":"https:\/\/mhf.ro\/mm\/wp-json\/wp\/v2\/posts\/5748\/revisions\/5750"}],"wp:featuredmedia":[{"embeddable":true,"href":"https:\/\/mhf.ro\/mm\/wp-json\/wp\/v2\/media\/5749"}],"wp:attachment":[{"href":"https:\/\/mhf.ro\/mm\/wp-json\/wp\/v2\/media?parent=5748"}],"wp:term":[{"taxonomy":"category","embeddable":true,"href":"https:\/\/mhf.ro\/mm\/wp-json\/wp\/v2\/categories?post=5748"},{"taxonomy":"post_tag","embeddable":true,"href":"https:\/\/mhf.ro\/mm\/wp-json\/wp\/v2\/tags?post=5748"}],"curies":[{"name":"wp","href":"https:\/\/api.w.org\/{rel}","templated":true}]}}