{"id":5755,"date":"2021-12-07T08:17:48","date_gmt":"2021-12-07T06:17:48","guid":{"rendered":"https:\/\/mhf.ro\/mm\/?p=5755"},"modified":"2021-12-07T08:17:48","modified_gmt":"2021-12-07T06:17:48","slug":"autostrada-unirii-abandonata-de-noua-coalitie","status":"publish","type":"post","link":"https:\/\/mhf.ro\/mm\/autostrada-unirii-abandonata-de-noua-coalitie\/","title":{"rendered":"Autostrada Unirii, abandonat\u0103 de noua coali\u021bie"},"content":{"rendered":"<p align=\"left\">Autostrada Unirii va r\u0103m\u00e2ne mult timp pe h\u00e2rtie. Actuala coali\u021bie PSD-PNL-UDMR a abandonat proiectul. Tronsonul A8 montan a fost retrogradat \u00een spatele altor proiecte, dup\u0103 o serie de priorit\u0103\u021bi \u201epe criterii neclare \u0219i netransparente ce fac parte dintr-un plan al investi\u021biilor \u00een infrastructur\u0103 \u0219i transport\u00a0p\u00e2n\u0103 \u00een 2030\u201d, arat\u0103 o analiz\u0103\u00a0Ziarul de Ia\u0219i.<\/p>\n<p align=\"left\">Potrivit sursei citate, autostrada A8 a primit zece ani \u00een plus p\u00e2n\u0103 la data finaliz\u0103rii, motivul principal fiind c\u0103 a fost omis\u0103 de la priorit\u0103\u021bile de finan\u021bare.<\/p>\n<p align=\"left\">Jurnali\u0219tii ie\u0219eni mai scriu c\u0103 autostr\u0103zile A1 \u015fi A2 (Timi\u015foara-Sibiu-Bucure\u015fti-Constan\u0163a), A7 \u015fi A8 (Tg. Mure\u015f \u2013 Ia\u015fi) fac parte din re\u0163eaua principal\u0103 (\u201ecore\u201d) \u015fi toate celelalte autostr\u0103zi \u015fi \u015fosele rapide sunt cuprinse \u00een re\u0163eaua extins\u0103 (\u201ecomprehensive\u201d), structur\u0103 reconfirmat\u0103 \u00een martie la Bruxelles. Mai mult, traseul montan al A8 este, cel mai scump dintre toate (34 milioane euro\/km), urmat de un segment de 9 km de pe A1 \u00eentre Lugoj \u015fi Deva (33 milioane euro\/km) \u2013 a fost trimis la coada listei, de\u015fi studiul de fezabilitate urmeaz\u0103 s\u0103 fie predat m\u00e2ine Companiei Na\u0163ionale de Administrare a Infrastructurii Rutiere de c\u0103tre firma spaniol\u0103 care a semnat contractul chiar la Ia\u015fi, \u00een mai 2019. Conform documentului de la minister, A8 se afl\u0103 undeva la mijlocul listei de priorit\u0103\u021bi. (conf. Jurnalist.ro)<\/p>\n","protected":false},"excerpt":{"rendered":"<p>Autostrada Unirii va r\u0103m\u00e2ne mult timp pe h\u00e2rtie. Actuala coali\u021bie PSD-PNL-UDMR a abandonat proiectul. Tronsonul A8 montan a fost retrogradat<\/p>\n","protected":false},"author":1,"featured_media":5756,"comment_status":"open","ping_status":"open","sticky":false,"template":"","format":"standard","meta":{"colormag_page_container_layout":"default_layout","colormag_page_sidebar_layout":"default_layout","footnotes":""},"categories":[8],"tags":[],"class_list":["post-5755","post","type-post","status-publish","format-standard","has-post-thumbnail","hentry","category-div"],"yoast_head":"<!-- This site is optimized with the Yoast SEO plugin v27.0 - https:\/\/yoast.com\/product\/yoast-seo-wordpress\/ -->\n<title>Autostrada Unirii, abandonat\u0103 de noua coali\u021bie - MHF Photography<\/title>\n<meta name=\"robots\" content=\"index, follow, max-snippet:-1, max-image-preview:large, max-video-preview:-1\" \/>\n<link rel=\"canonical\" href=\"https:\/\/mhf.ro\/mm\/autostrada-unirii-abandonata-de-noua-coalitie\/\" \/>\n<meta property=\"og:locale\" content=\"ro_RO\" \/>\n<meta property=\"og:type\" content=\"article\" \/>\n<meta property=\"og:title\" content=\"Autostrada Unirii, abandonat\u0103 de noua coali\u021bie - MHF Photography\" \/>\n<meta property=\"og:description\" content=\"Autostrada Unirii va r\u0103m\u00e2ne mult timp pe h\u00e2rtie. Actuala coali\u021bie PSD-PNL-UDMR a abandonat proiectul. Tronsonul A8 montan a fost retrogradat\" \/>\n<meta property=\"og:url\" content=\"https:\/\/mhf.ro\/mm\/autostrada-unirii-abandonata-de-noua-coalitie\/\" \/>\n<meta property=\"og:site_name\" content=\"MHF Photography\" \/>\n<meta property=\"article:published_time\" content=\"2021-12-07T06:17:48+00:00\" \/>\n<meta property=\"og:image\" content=\"https:\/\/mhf.ro\/mm\/wp-content\/uploads\/2021\/12\/autostrada.jpg\" \/>\n\t<meta property=\"og:image:width\" content=\"1280\" \/>\n\t<meta property=\"og:image:height\" content=\"720\" \/>\n\t<meta property=\"og:image:type\" content=\"image\/jpeg\" \/>\n<meta name=\"author\" content=\"Marius Marcu\" \/>\n<meta name=\"twitter:card\" content=\"summary_large_image\" \/>\n<meta name=\"twitter:label1\" content=\"Scris de\" \/>\n\t<meta name=\"twitter:data1\" content=\"Marius Marcu\" \/>\n\t<meta name=\"twitter:label2\" content=\"Timp estimat pentru citire\" \/>\n\t<meta name=\"twitter:data2\" content=\"1 minut\" \/>\n<script type=\"application\/ld+json\" class=\"yoast-schema-graph\">{\"@context\":\"https:\/\/schema.org\",\"@graph\":[{\"@type\":\"Article\",\"@id\":\"https:\/\/mhf.ro\/mm\/autostrada-unirii-abandonata-de-noua-coalitie\/#article\",\"isPartOf\":{\"@id\":\"https:\/\/mhf.ro\/mm\/autostrada-unirii-abandonata-de-noua-coalitie\/\"},\"author\":{\"name\":\"Marius Marcu\",\"@id\":\"https:\/\/mhf.ro\/mm\/#\/schema\/person\/a3bebf7bdb4bf12f698aff73c7e46c21\"},\"headline\":\"Autostrada Unirii, abandonat\u0103 de noua coali\u021bie\",\"datePublished\":\"2021-12-07T06:17:48+00:00\",\"mainEntityOfPage\":{\"@id\":\"https:\/\/mhf.ro\/mm\/autostrada-unirii-abandonata-de-noua-coalitie\/\"},\"wordCount\":239,\"commentCount\":0,\"publisher\":{\"@id\":\"https:\/\/mhf.ro\/mm\/#\/schema\/person\/a3bebf7bdb4bf12f698aff73c7e46c21\"},\"image\":{\"@id\":\"https:\/\/mhf.ro\/mm\/autostrada-unirii-abandonata-de-noua-coalitie\/#primaryimage\"},\"thumbnailUrl\":\"https:\/\/mhf.ro\/mm\/wp-content\/uploads\/2021\/12\/autostrada.jpg\",\"articleSection\":[\"Diverse\"],\"inLanguage\":\"ro-RO\",\"potentialAction\":[{\"@type\":\"CommentAction\",\"name\":\"Comment\",\"target\":[\"https:\/\/mhf.ro\/mm\/autostrada-unirii-abandonata-de-noua-coalitie\/#respond\"]}]},{\"@type\":\"WebPage\",\"@id\":\"https:\/\/mhf.ro\/mm\/autostrada-unirii-abandonata-de-noua-coalitie\/\",\"url\":\"https:\/\/mhf.ro\/mm\/autostrada-unirii-abandonata-de-noua-coalitie\/\",\"name\":\"Autostrada Unirii, abandonat\u0103 de noua coali\u021bie - MHF Photography\",\"isPartOf\":{\"@id\":\"https:\/\/mhf.ro\/mm\/#website\"},\"primaryImageOfPage\":{\"@id\":\"https:\/\/mhf.ro\/mm\/autostrada-unirii-abandonata-de-noua-coalitie\/#primaryimage\"},\"image\":{\"@id\":\"https:\/\/mhf.ro\/mm\/autostrada-unirii-abandonata-de-noua-coalitie\/#primaryimage\"},\"thumbnailUrl\":\"https:\/\/mhf.ro\/mm\/wp-content\/uploads\/2021\/12\/autostrada.jpg\",\"datePublished\":\"2021-12-07T06:17:48+00:00\",\"breadcrumb\":{\"@id\":\"https:\/\/mhf.ro\/mm\/autostrada-unirii-abandonata-de-noua-coalitie\/#breadcrumb\"},\"inLanguage\":\"ro-RO\",\"potentialAction\":[{\"@type\":\"ReadAction\",\"target\":[\"https:\/\/mhf.ro\/mm\/autostrada-unirii-abandonata-de-noua-coalitie\/\"]}]},{\"@type\":\"ImageObject\",\"inLanguage\":\"ro-RO\",\"@id\":\"https:\/\/mhf.ro\/mm\/autostrada-unirii-abandonata-de-noua-coalitie\/#primaryimage\",\"url\":\"https:\/\/mhf.ro\/mm\/wp-content\/uploads\/2021\/12\/autostrada.jpg\",\"contentUrl\":\"https:\/\/mhf.ro\/mm\/wp-content\/uploads\/2021\/12\/autostrada.jpg\",\"width\":1280,\"height\":720},{\"@type\":\"BreadcrumbList\",\"@id\":\"https:\/\/mhf.ro\/mm\/autostrada-unirii-abandonata-de-noua-coalitie\/#breadcrumb\",\"itemListElement\":[{\"@type\":\"ListItem\",\"position\":1,\"name\":\"Prima pagin\u0103\",\"item\":\"https:\/\/mhf.ro\/mm\/\"},{\"@type\":\"ListItem\",\"position\":2,\"name\":\"Autostrada Unirii, abandonat\u0103 de noua coali\u021bie\"}]},{\"@type\":\"WebSite\",\"@id\":\"https:\/\/mhf.ro\/mm\/#website\",\"url\":\"https:\/\/mhf.ro\/mm\/\",\"name\":\"MHF Photography \u2013 Blog de fotografie, natur\u0103 \u0219i tehnic\u0103 divers\u0103\",\"description\":\"Aventur\u0103 \u00een fiecare cadru.\",\"publisher\":{\"@id\":\"https:\/\/mhf.ro\/mm\/#\/schema\/person\/a3bebf7bdb4bf12f698aff73c7e46c21\"},\"potentialAction\":[{\"@type\":\"SearchAction\",\"target\":{\"@type\":\"EntryPoint\",\"urlTemplate\":\"https:\/\/mhf.ro\/mm\/?s={search_term_string}\"},\"query-input\":{\"@type\":\"PropertyValueSpecification\",\"valueRequired\":true,\"valueName\":\"search_term_string\"}}],\"inLanguage\":\"ro-RO\"},{\"@type\":[\"Person\",\"Organization\"],\"@id\":\"https:\/\/mhf.ro\/mm\/#\/schema\/person\/a3bebf7bdb4bf12f698aff73c7e46c21\",\"name\":\"Marius Marcu\",\"image\":{\"@type\":\"ImageObject\",\"inLanguage\":\"ro-RO\",\"@id\":\"https:\/\/mhf.ro\/mm\/#\/schema\/person\/image\/\",\"url\":\"https:\/\/mhf.ro\/mm\/wp-content\/uploads\/2025\/12\/cropped-logo_mhf_2.png\",\"contentUrl\":\"https:\/\/mhf.ro\/mm\/wp-content\/uploads\/2025\/12\/cropped-logo_mhf_2.png\",\"width\":1096,\"height\":457,\"caption\":\"Marius Marcu\"},\"logo\":{\"@id\":\"https:\/\/mhf.ro\/mm\/#\/schema\/person\/image\/\"},\"sameAs\":[\"https:\/\/mhf.ro\/mm\"],\"url\":\"https:\/\/mhf.ro\/mm\/author\/mihai\/\"}]}<\/script>\n<!-- \/ Yoast SEO plugin. -->","yoast_head_json":{"title":"Autostrada Unirii, abandonat\u0103 de noua coali\u021bie - MHF Photography","robots":{"index":"index","follow":"follow","max-snippet":"max-snippet:-1","max-image-preview":"max-image-preview:large","max-video-preview":"max-video-preview:-1"},"canonical":"https:\/\/mhf.ro\/mm\/autostrada-unirii-abandonata-de-noua-coalitie\/","og_locale":"ro_RO","og_type":"article","og_title":"Autostrada Unirii, abandonat\u0103 de noua coali\u021bie - MHF Photography","og_description":"Autostrada Unirii va r\u0103m\u00e2ne mult timp pe h\u00e2rtie. Actuala coali\u021bie PSD-PNL-UDMR a abandonat proiectul. Tronsonul A8 montan a fost retrogradat","og_url":"https:\/\/mhf.ro\/mm\/autostrada-unirii-abandonata-de-noua-coalitie\/","og_site_name":"MHF Photography","article_published_time":"2021-12-07T06:17:48+00:00","og_image":[{"width":1280,"height":720,"url":"https:\/\/mhf.ro\/mm\/wp-content\/uploads\/2021\/12\/autostrada.jpg","type":"image\/jpeg"}],"author":"Marius Marcu","twitter_card":"summary_large_image","twitter_misc":{"Scris de":"Marius Marcu","Timp estimat pentru citire":"1 minut"},"schema":{"@context":"https:\/\/schema.org","@graph":[{"@type":"Article","@id":"https:\/\/mhf.ro\/mm\/autostrada-unirii-abandonata-de-noua-coalitie\/#article","isPartOf":{"@id":"https:\/\/mhf.ro\/mm\/autostrada-unirii-abandonata-de-noua-coalitie\/"},"author":{"name":"Marius Marcu","@id":"https:\/\/mhf.ro\/mm\/#\/schema\/person\/a3bebf7bdb4bf12f698aff73c7e46c21"},"headline":"Autostrada Unirii, abandonat\u0103 de noua coali\u021bie","datePublished":"2021-12-07T06:17:48+00:00","mainEntityOfPage":{"@id":"https:\/\/mhf.ro\/mm\/autostrada-unirii-abandonata-de-noua-coalitie\/"},"wordCount":239,"commentCount":0,"publisher":{"@id":"https:\/\/mhf.ro\/mm\/#\/schema\/person\/a3bebf7bdb4bf12f698aff73c7e46c21"},"image":{"@id":"https:\/\/mhf.ro\/mm\/autostrada-unirii-abandonata-de-noua-coalitie\/#primaryimage"},"thumbnailUrl":"https:\/\/mhf.ro\/mm\/wp-content\/uploads\/2021\/12\/autostrada.jpg","articleSection":["Diverse"],"inLanguage":"ro-RO","potentialAction":[{"@type":"CommentAction","name":"Comment","target":["https:\/\/mhf.ro\/mm\/autostrada-unirii-abandonata-de-noua-coalitie\/#respond"]}]},{"@type":"WebPage","@id":"https:\/\/mhf.ro\/mm\/autostrada-unirii-abandonata-de-noua-coalitie\/","url":"https:\/\/mhf.ro\/mm\/autostrada-unirii-abandonata-de-noua-coalitie\/","name":"Autostrada Unirii, abandonat\u0103 de noua coali\u021bie - MHF Photography","isPartOf":{"@id":"https:\/\/mhf.ro\/mm\/#website"},"primaryImageOfPage":{"@id":"https:\/\/mhf.ro\/mm\/autostrada-unirii-abandonata-de-noua-coalitie\/#primaryimage"},"image":{"@id":"https:\/\/mhf.ro\/mm\/autostrada-unirii-abandonata-de-noua-coalitie\/#primaryimage"},"thumbnailUrl":"https:\/\/mhf.ro\/mm\/wp-content\/uploads\/2021\/12\/autostrada.jpg","datePublished":"2021-12-07T06:17:48+00:00","breadcrumb":{"@id":"https:\/\/mhf.ro\/mm\/autostrada-unirii-abandonata-de-noua-coalitie\/#breadcrumb"},"inLanguage":"ro-RO","potentialAction":[{"@type":"ReadAction","target":["https:\/\/mhf.ro\/mm\/autostrada-unirii-abandonata-de-noua-coalitie\/"]}]},{"@type":"ImageObject","inLanguage":"ro-RO","@id":"https:\/\/mhf.ro\/mm\/autostrada-unirii-abandonata-de-noua-coalitie\/#primaryimage","url":"https:\/\/mhf.ro\/mm\/wp-content\/uploads\/2021\/12\/autostrada.jpg","contentUrl":"https:\/\/mhf.ro\/mm\/wp-content\/uploads\/2021\/12\/autostrada.jpg","width":1280,"height":720},{"@type":"BreadcrumbList","@id":"https:\/\/mhf.ro\/mm\/autostrada-unirii-abandonata-de-noua-coalitie\/#breadcrumb","itemListElement":[{"@type":"ListItem","position":1,"name":"Prima pagin\u0103","item":"https:\/\/mhf.ro\/mm\/"},{"@type":"ListItem","position":2,"name":"Autostrada Unirii, abandonat\u0103 de noua coali\u021bie"}]},{"@type":"WebSite","@id":"https:\/\/mhf.ro\/mm\/#website","url":"https:\/\/mhf.ro\/mm\/","name":"MHF Photography \u2013 Blog de fotografie, natur\u0103 \u0219i tehnic\u0103 divers\u0103","description":"Aventur\u0103 \u00een fiecare cadru.","publisher":{"@id":"https:\/\/mhf.ro\/mm\/#\/schema\/person\/a3bebf7bdb4bf12f698aff73c7e46c21"},"potentialAction":[{"@type":"SearchAction","target":{"@type":"EntryPoint","urlTemplate":"https:\/\/mhf.ro\/mm\/?s={search_term_string}"},"query-input":{"@type":"PropertyValueSpecification","valueRequired":true,"valueName":"search_term_string"}}],"inLanguage":"ro-RO"},{"@type":["Person","Organization"],"@id":"https:\/\/mhf.ro\/mm\/#\/schema\/person\/a3bebf7bdb4bf12f698aff73c7e46c21","name":"Marius Marcu","image":{"@type":"ImageObject","inLanguage":"ro-RO","@id":"https:\/\/mhf.ro\/mm\/#\/schema\/person\/image\/","url":"https:\/\/mhf.ro\/mm\/wp-content\/uploads\/2025\/12\/cropped-logo_mhf_2.png","contentUrl":"https:\/\/mhf.ro\/mm\/wp-content\/uploads\/2025\/12\/cropped-logo_mhf_2.png","width":1096,"height":457,"caption":"Marius Marcu"},"logo":{"@id":"https:\/\/mhf.ro\/mm\/#\/schema\/person\/image\/"},"sameAs":["https:\/\/mhf.ro\/mm"],"url":"https:\/\/mhf.ro\/mm\/author\/mihai\/"}]}},"_links":{"self":[{"href":"https:\/\/mhf.ro\/mm\/wp-json\/wp\/v2\/posts\/5755","targetHints":{"allow":["GET"]}}],"collection":[{"href":"https:\/\/mhf.ro\/mm\/wp-json\/wp\/v2\/posts"}],"about":[{"href":"https:\/\/mhf.ro\/mm\/wp-json\/wp\/v2\/types\/post"}],"author":[{"embeddable":true,"href":"https:\/\/mhf.ro\/mm\/wp-json\/wp\/v2\/users\/1"}],"replies":[{"embeddable":true,"href":"https:\/\/mhf.ro\/mm\/wp-json\/wp\/v2\/comments?post=5755"}],"version-history":[{"count":1,"href":"https:\/\/mhf.ro\/mm\/wp-json\/wp\/v2\/posts\/5755\/revisions"}],"predecessor-version":[{"id":5757,"href":"https:\/\/mhf.ro\/mm\/wp-json\/wp\/v2\/posts\/5755\/revisions\/5757"}],"wp:featuredmedia":[{"embeddable":true,"href":"https:\/\/mhf.ro\/mm\/wp-json\/wp\/v2\/media\/5756"}],"wp:attachment":[{"href":"https:\/\/mhf.ro\/mm\/wp-json\/wp\/v2\/media?parent=5755"}],"wp:term":[{"taxonomy":"category","embeddable":true,"href":"https:\/\/mhf.ro\/mm\/wp-json\/wp\/v2\/categories?post=5755"},{"taxonomy":"post_tag","embeddable":true,"href":"https:\/\/mhf.ro\/mm\/wp-json\/wp\/v2\/tags?post=5755"}],"curies":[{"name":"wp","href":"https:\/\/api.w.org\/{rel}","templated":true}]}}