{"id":5777,"date":"2021-12-12T12:02:17","date_gmt":"2021-12-12T10:02:17","guid":{"rendered":"https:\/\/mhf.ro\/mm\/?p=5777"},"modified":"2021-12-12T12:02:17","modified_gmt":"2021-12-12T10:02:17","slug":"accident-de-munca-neobisnuit-in-germania","status":"publish","type":"post","link":"https:\/\/mhf.ro\/mm\/accident-de-munca-neobisnuit-in-germania\/","title":{"rendered":"Accident de munc\u0103 neobi\u0219nuit \u00een Germania"},"content":{"rendered":"<p>Un b\u0103rbat a alunecat \u00a0\u00een timp ce mergea c\u00e2\u021biva metri de la pat p\u00e2n\u0103 la biroul s\u0103u de acas\u0103 pentru a munci.\u00a0 Un tribunal german a decis c\u0103 acesta poate cere s\u0103 fie desp\u0103gubit, deoarece din punct de vedere tehnic, f\u0103cea naveta, noteaz\u0103 The Guardian.<\/p>\n<p>Ini\u021bial, dou\u0103 instan\u021be nu i-au dat c\u00e2\u0219tig de cauz\u0103 b\u0103rbatului, dar instan\u021ba social\u0103 federal\u0103 superioar\u0103 a declarat c\u0103 \u201ereclamantul a suferit un accident de munc\u0103 c\u00e2nd a c\u0103zut \u00een drum spre biroul s\u0103u de acas\u0103, diminea\u021ba\u201d, potrivit The Guardian.<\/p>\n<p>Instan\u021ba social\u0103 federal\u0103 superioar\u0103 a declarat c\u0103 a constatat c\u0103 \u201eprima c\u0103l\u0103torie de diminea\u021b\u0103 de la pat la biroul de acas\u0103 a fost o rut\u0103 de munc\u0103 asigurat\u0103\u201d \u0219i a decis c\u0103<br \/>\n\u201ereclamantul a suferit un accident la locul de munc\u0103 c\u00e2nd a c\u0103zut \u00een drum spre biroul s\u0103u de acas\u0103 diminea\u021ba\u201d.<\/p>\n<p>Firmele au datoria de a avea grij\u0103 fa\u021b\u0103 de angaja\u021bii lor, indiferent de locul \u00een care lucreaz\u0103.<\/p>\n<p>\u201eDac\u0103 activitatea asigurat\u0103 este desf\u0103\u0219urat\u0103 \u00een gospod\u0103ria persoanei asigurate sau \u00een alt\u0103 loca\u021bie, asigurarea este asigurat\u0103 \u00een aceea\u0219i m\u0103sur\u0103 ca atunci c\u00e2nd activitatea se desf\u0103\u0219oar\u0103 la sediul companiei\u201d.<\/p>\n<p>Hot\u0103r\u00e2rea spunea c\u0103 legea se aplic\u0103 \u201eposturilor de telemunc\u0103\u201d, care sunt \u201esta\u021bii de lucru pe computer care sunt amenajate permanent de c\u0103tre angajator \u00een zona privat\u0103 a angaja\u021bilor\u201d. (conf. Jurnalist.ro)<\/p>\n","protected":false},"excerpt":{"rendered":"<p>Un b\u0103rbat a alunecat \u00a0\u00een timp ce mergea c\u00e2\u021biva metri de la pat p\u00e2n\u0103 la biroul s\u0103u de acas\u0103 pentru<\/p>\n","protected":false},"author":1,"featured_media":5778,"comment_status":"open","ping_status":"open","sticky":false,"template":"","format":"standard","meta":{"colormag_page_container_layout":"default_layout","colormag_page_sidebar_layout":"default_layout","footnotes":""},"categories":[8],"tags":[],"class_list":["post-5777","post","type-post","status-publish","format-standard","has-post-thumbnail","hentry","category-div"],"yoast_head":"<!-- This site is optimized with the Yoast SEO plugin v27.0 - https:\/\/yoast.com\/product\/yoast-seo-wordpress\/ -->\n<title>Accident de munc\u0103 neobi\u0219nuit \u00een Germania - MHF Photography<\/title>\n<meta name=\"robots\" content=\"index, follow, max-snippet:-1, max-image-preview:large, max-video-preview:-1\" \/>\n<link rel=\"canonical\" href=\"https:\/\/mhf.ro\/mm\/accident-de-munca-neobisnuit-in-germania\/\" \/>\n<meta property=\"og:locale\" content=\"ro_RO\" \/>\n<meta property=\"og:type\" content=\"article\" \/>\n<meta property=\"og:title\" content=\"Accident de munc\u0103 neobi\u0219nuit \u00een Germania - MHF Photography\" \/>\n<meta property=\"og:description\" content=\"Un b\u0103rbat a alunecat \u00a0\u00een timp ce mergea c\u00e2\u021biva metri de la pat p\u00e2n\u0103 la biroul s\u0103u de acas\u0103 pentru\" \/>\n<meta property=\"og:url\" content=\"https:\/\/mhf.ro\/mm\/accident-de-munca-neobisnuit-in-germania\/\" \/>\n<meta property=\"og:site_name\" content=\"MHF Photography\" \/>\n<meta property=\"article:published_time\" content=\"2021-12-12T10:02:17+00:00\" \/>\n<meta property=\"og:image\" content=\"https:\/\/mhf.ro\/mm\/wp-content\/uploads\/2021\/12\/telemunca.jpg\" \/>\n\t<meta property=\"og:image:width\" content=\"1110\" \/>\n\t<meta property=\"og:image:height\" content=\"630\" \/>\n\t<meta property=\"og:image:type\" content=\"image\/jpeg\" \/>\n<meta name=\"author\" content=\"Marius Marcu\" \/>\n<meta name=\"twitter:card\" content=\"summary_large_image\" \/>\n<meta name=\"twitter:label1\" content=\"Scris de\" \/>\n\t<meta name=\"twitter:data1\" content=\"Marius Marcu\" \/>\n\t<meta name=\"twitter:label2\" content=\"Timp estimat pentru citire\" \/>\n\t<meta name=\"twitter:data2\" content=\"1 minut\" \/>\n<script type=\"application\/ld+json\" class=\"yoast-schema-graph\">{\"@context\":\"https:\/\/schema.org\",\"@graph\":[{\"@type\":\"Article\",\"@id\":\"https:\/\/mhf.ro\/mm\/accident-de-munca-neobisnuit-in-germania\/#article\",\"isPartOf\":{\"@id\":\"https:\/\/mhf.ro\/mm\/accident-de-munca-neobisnuit-in-germania\/\"},\"author\":{\"name\":\"Marius Marcu\",\"@id\":\"https:\/\/mhf.ro\/mm\/#\/schema\/person\/a3bebf7bdb4bf12f698aff73c7e46c21\"},\"headline\":\"Accident de munc\u0103 neobi\u0219nuit \u00een Germania\",\"datePublished\":\"2021-12-12T10:02:17+00:00\",\"mainEntityOfPage\":{\"@id\":\"https:\/\/mhf.ro\/mm\/accident-de-munca-neobisnuit-in-germania\/\"},\"wordCount\":254,\"commentCount\":0,\"publisher\":{\"@id\":\"https:\/\/mhf.ro\/mm\/#\/schema\/person\/a3bebf7bdb4bf12f698aff73c7e46c21\"},\"image\":{\"@id\":\"https:\/\/mhf.ro\/mm\/accident-de-munca-neobisnuit-in-germania\/#primaryimage\"},\"thumbnailUrl\":\"https:\/\/mhf.ro\/mm\/wp-content\/uploads\/2021\/12\/telemunca.jpg\",\"articleSection\":[\"Diverse\"],\"inLanguage\":\"ro-RO\",\"potentialAction\":[{\"@type\":\"CommentAction\",\"name\":\"Comment\",\"target\":[\"https:\/\/mhf.ro\/mm\/accident-de-munca-neobisnuit-in-germania\/#respond\"]}]},{\"@type\":\"WebPage\",\"@id\":\"https:\/\/mhf.ro\/mm\/accident-de-munca-neobisnuit-in-germania\/\",\"url\":\"https:\/\/mhf.ro\/mm\/accident-de-munca-neobisnuit-in-germania\/\",\"name\":\"Accident de munc\u0103 neobi\u0219nuit \u00een Germania - MHF Photography\",\"isPartOf\":{\"@id\":\"https:\/\/mhf.ro\/mm\/#website\"},\"primaryImageOfPage\":{\"@id\":\"https:\/\/mhf.ro\/mm\/accident-de-munca-neobisnuit-in-germania\/#primaryimage\"},\"image\":{\"@id\":\"https:\/\/mhf.ro\/mm\/accident-de-munca-neobisnuit-in-germania\/#primaryimage\"},\"thumbnailUrl\":\"https:\/\/mhf.ro\/mm\/wp-content\/uploads\/2021\/12\/telemunca.jpg\",\"datePublished\":\"2021-12-12T10:02:17+00:00\",\"breadcrumb\":{\"@id\":\"https:\/\/mhf.ro\/mm\/accident-de-munca-neobisnuit-in-germania\/#breadcrumb\"},\"inLanguage\":\"ro-RO\",\"potentialAction\":[{\"@type\":\"ReadAction\",\"target\":[\"https:\/\/mhf.ro\/mm\/accident-de-munca-neobisnuit-in-germania\/\"]}]},{\"@type\":\"ImageObject\",\"inLanguage\":\"ro-RO\",\"@id\":\"https:\/\/mhf.ro\/mm\/accident-de-munca-neobisnuit-in-germania\/#primaryimage\",\"url\":\"https:\/\/mhf.ro\/mm\/wp-content\/uploads\/2021\/12\/telemunca.jpg\",\"contentUrl\":\"https:\/\/mhf.ro\/mm\/wp-content\/uploads\/2021\/12\/telemunca.jpg\",\"width\":1110,\"height\":630},{\"@type\":\"BreadcrumbList\",\"@id\":\"https:\/\/mhf.ro\/mm\/accident-de-munca-neobisnuit-in-germania\/#breadcrumb\",\"itemListElement\":[{\"@type\":\"ListItem\",\"position\":1,\"name\":\"Prima pagin\u0103\",\"item\":\"https:\/\/mhf.ro\/mm\/\"},{\"@type\":\"ListItem\",\"position\":2,\"name\":\"Accident de munc\u0103 neobi\u0219nuit \u00een Germania\"}]},{\"@type\":\"WebSite\",\"@id\":\"https:\/\/mhf.ro\/mm\/#website\",\"url\":\"https:\/\/mhf.ro\/mm\/\",\"name\":\"MHF Photography \u2013 Blog de fotografie, natur\u0103 \u0219i tehnic\u0103 divers\u0103\",\"description\":\"Aventur\u0103 \u00een fiecare cadru.\",\"publisher\":{\"@id\":\"https:\/\/mhf.ro\/mm\/#\/schema\/person\/a3bebf7bdb4bf12f698aff73c7e46c21\"},\"potentialAction\":[{\"@type\":\"SearchAction\",\"target\":{\"@type\":\"EntryPoint\",\"urlTemplate\":\"https:\/\/mhf.ro\/mm\/?s={search_term_string}\"},\"query-input\":{\"@type\":\"PropertyValueSpecification\",\"valueRequired\":true,\"valueName\":\"search_term_string\"}}],\"inLanguage\":\"ro-RO\"},{\"@type\":[\"Person\",\"Organization\"],\"@id\":\"https:\/\/mhf.ro\/mm\/#\/schema\/person\/a3bebf7bdb4bf12f698aff73c7e46c21\",\"name\":\"Marius Marcu\",\"image\":{\"@type\":\"ImageObject\",\"inLanguage\":\"ro-RO\",\"@id\":\"https:\/\/mhf.ro\/mm\/#\/schema\/person\/image\/\",\"url\":\"https:\/\/mhf.ro\/mm\/wp-content\/uploads\/2025\/12\/cropped-logo_mhf_2.png\",\"contentUrl\":\"https:\/\/mhf.ro\/mm\/wp-content\/uploads\/2025\/12\/cropped-logo_mhf_2.png\",\"width\":1096,\"height\":457,\"caption\":\"Marius Marcu\"},\"logo\":{\"@id\":\"https:\/\/mhf.ro\/mm\/#\/schema\/person\/image\/\"},\"sameAs\":[\"https:\/\/mhf.ro\/mm\"],\"url\":\"https:\/\/mhf.ro\/mm\/author\/mihai\/\"}]}<\/script>\n<!-- \/ Yoast SEO plugin. -->","yoast_head_json":{"title":"Accident de munc\u0103 neobi\u0219nuit \u00een Germania - MHF Photography","robots":{"index":"index","follow":"follow","max-snippet":"max-snippet:-1","max-image-preview":"max-image-preview:large","max-video-preview":"max-video-preview:-1"},"canonical":"https:\/\/mhf.ro\/mm\/accident-de-munca-neobisnuit-in-germania\/","og_locale":"ro_RO","og_type":"article","og_title":"Accident de munc\u0103 neobi\u0219nuit \u00een Germania - MHF Photography","og_description":"Un b\u0103rbat a alunecat \u00a0\u00een timp ce mergea c\u00e2\u021biva metri de la pat p\u00e2n\u0103 la biroul s\u0103u de acas\u0103 pentru","og_url":"https:\/\/mhf.ro\/mm\/accident-de-munca-neobisnuit-in-germania\/","og_site_name":"MHF Photography","article_published_time":"2021-12-12T10:02:17+00:00","og_image":[{"width":1110,"height":630,"url":"https:\/\/mhf.ro\/mm\/wp-content\/uploads\/2021\/12\/telemunca.jpg","type":"image\/jpeg"}],"author":"Marius Marcu","twitter_card":"summary_large_image","twitter_misc":{"Scris de":"Marius Marcu","Timp estimat pentru citire":"1 minut"},"schema":{"@context":"https:\/\/schema.org","@graph":[{"@type":"Article","@id":"https:\/\/mhf.ro\/mm\/accident-de-munca-neobisnuit-in-germania\/#article","isPartOf":{"@id":"https:\/\/mhf.ro\/mm\/accident-de-munca-neobisnuit-in-germania\/"},"author":{"name":"Marius Marcu","@id":"https:\/\/mhf.ro\/mm\/#\/schema\/person\/a3bebf7bdb4bf12f698aff73c7e46c21"},"headline":"Accident de munc\u0103 neobi\u0219nuit \u00een Germania","datePublished":"2021-12-12T10:02:17+00:00","mainEntityOfPage":{"@id":"https:\/\/mhf.ro\/mm\/accident-de-munca-neobisnuit-in-germania\/"},"wordCount":254,"commentCount":0,"publisher":{"@id":"https:\/\/mhf.ro\/mm\/#\/schema\/person\/a3bebf7bdb4bf12f698aff73c7e46c21"},"image":{"@id":"https:\/\/mhf.ro\/mm\/accident-de-munca-neobisnuit-in-germania\/#primaryimage"},"thumbnailUrl":"https:\/\/mhf.ro\/mm\/wp-content\/uploads\/2021\/12\/telemunca.jpg","articleSection":["Diverse"],"inLanguage":"ro-RO","potentialAction":[{"@type":"CommentAction","name":"Comment","target":["https:\/\/mhf.ro\/mm\/accident-de-munca-neobisnuit-in-germania\/#respond"]}]},{"@type":"WebPage","@id":"https:\/\/mhf.ro\/mm\/accident-de-munca-neobisnuit-in-germania\/","url":"https:\/\/mhf.ro\/mm\/accident-de-munca-neobisnuit-in-germania\/","name":"Accident de munc\u0103 neobi\u0219nuit \u00een Germania - MHF Photography","isPartOf":{"@id":"https:\/\/mhf.ro\/mm\/#website"},"primaryImageOfPage":{"@id":"https:\/\/mhf.ro\/mm\/accident-de-munca-neobisnuit-in-germania\/#primaryimage"},"image":{"@id":"https:\/\/mhf.ro\/mm\/accident-de-munca-neobisnuit-in-germania\/#primaryimage"},"thumbnailUrl":"https:\/\/mhf.ro\/mm\/wp-content\/uploads\/2021\/12\/telemunca.jpg","datePublished":"2021-12-12T10:02:17+00:00","breadcrumb":{"@id":"https:\/\/mhf.ro\/mm\/accident-de-munca-neobisnuit-in-germania\/#breadcrumb"},"inLanguage":"ro-RO","potentialAction":[{"@type":"ReadAction","target":["https:\/\/mhf.ro\/mm\/accident-de-munca-neobisnuit-in-germania\/"]}]},{"@type":"ImageObject","inLanguage":"ro-RO","@id":"https:\/\/mhf.ro\/mm\/accident-de-munca-neobisnuit-in-germania\/#primaryimage","url":"https:\/\/mhf.ro\/mm\/wp-content\/uploads\/2021\/12\/telemunca.jpg","contentUrl":"https:\/\/mhf.ro\/mm\/wp-content\/uploads\/2021\/12\/telemunca.jpg","width":1110,"height":630},{"@type":"BreadcrumbList","@id":"https:\/\/mhf.ro\/mm\/accident-de-munca-neobisnuit-in-germania\/#breadcrumb","itemListElement":[{"@type":"ListItem","position":1,"name":"Prima pagin\u0103","item":"https:\/\/mhf.ro\/mm\/"},{"@type":"ListItem","position":2,"name":"Accident de munc\u0103 neobi\u0219nuit \u00een Germania"}]},{"@type":"WebSite","@id":"https:\/\/mhf.ro\/mm\/#website","url":"https:\/\/mhf.ro\/mm\/","name":"MHF Photography \u2013 Blog de fotografie, natur\u0103 \u0219i tehnic\u0103 divers\u0103","description":"Aventur\u0103 \u00een fiecare cadru.","publisher":{"@id":"https:\/\/mhf.ro\/mm\/#\/schema\/person\/a3bebf7bdb4bf12f698aff73c7e46c21"},"potentialAction":[{"@type":"SearchAction","target":{"@type":"EntryPoint","urlTemplate":"https:\/\/mhf.ro\/mm\/?s={search_term_string}"},"query-input":{"@type":"PropertyValueSpecification","valueRequired":true,"valueName":"search_term_string"}}],"inLanguage":"ro-RO"},{"@type":["Person","Organization"],"@id":"https:\/\/mhf.ro\/mm\/#\/schema\/person\/a3bebf7bdb4bf12f698aff73c7e46c21","name":"Marius Marcu","image":{"@type":"ImageObject","inLanguage":"ro-RO","@id":"https:\/\/mhf.ro\/mm\/#\/schema\/person\/image\/","url":"https:\/\/mhf.ro\/mm\/wp-content\/uploads\/2025\/12\/cropped-logo_mhf_2.png","contentUrl":"https:\/\/mhf.ro\/mm\/wp-content\/uploads\/2025\/12\/cropped-logo_mhf_2.png","width":1096,"height":457,"caption":"Marius Marcu"},"logo":{"@id":"https:\/\/mhf.ro\/mm\/#\/schema\/person\/image\/"},"sameAs":["https:\/\/mhf.ro\/mm"],"url":"https:\/\/mhf.ro\/mm\/author\/mihai\/"}]}},"_links":{"self":[{"href":"https:\/\/mhf.ro\/mm\/wp-json\/wp\/v2\/posts\/5777","targetHints":{"allow":["GET"]}}],"collection":[{"href":"https:\/\/mhf.ro\/mm\/wp-json\/wp\/v2\/posts"}],"about":[{"href":"https:\/\/mhf.ro\/mm\/wp-json\/wp\/v2\/types\/post"}],"author":[{"embeddable":true,"href":"https:\/\/mhf.ro\/mm\/wp-json\/wp\/v2\/users\/1"}],"replies":[{"embeddable":true,"href":"https:\/\/mhf.ro\/mm\/wp-json\/wp\/v2\/comments?post=5777"}],"version-history":[{"count":1,"href":"https:\/\/mhf.ro\/mm\/wp-json\/wp\/v2\/posts\/5777\/revisions"}],"predecessor-version":[{"id":5779,"href":"https:\/\/mhf.ro\/mm\/wp-json\/wp\/v2\/posts\/5777\/revisions\/5779"}],"wp:featuredmedia":[{"embeddable":true,"href":"https:\/\/mhf.ro\/mm\/wp-json\/wp\/v2\/media\/5778"}],"wp:attachment":[{"href":"https:\/\/mhf.ro\/mm\/wp-json\/wp\/v2\/media?parent=5777"}],"wp:term":[{"taxonomy":"category","embeddable":true,"href":"https:\/\/mhf.ro\/mm\/wp-json\/wp\/v2\/categories?post=5777"},{"taxonomy":"post_tag","embeddable":true,"href":"https:\/\/mhf.ro\/mm\/wp-json\/wp\/v2\/tags?post=5777"}],"curies":[{"name":"wp","href":"https:\/\/api.w.org\/{rel}","templated":true}]}}