{"id":5780,"date":"2021-12-12T11:04:00","date_gmt":"2021-12-12T09:04:00","guid":{"rendered":"https:\/\/mhf.ro\/mm\/?p=5780"},"modified":"2021-12-12T12:04:21","modified_gmt":"2021-12-12T10:04:21","slug":"fara-spectacol-de-revelion-in-bucuresti","status":"publish","type":"post","link":"https:\/\/mhf.ro\/mm\/fara-spectacol-de-revelion-in-bucuresti\/","title":{"rendered":"F\u0103r\u0103 spectacol de Revelion \u00een Bucure\u015fti"},"content":{"rendered":"<div class=\"lead-articol\">\n<p>De\u0219i autorit\u0103\u0163ile permit petrecerile de Revelion, Prim\u0103ria Capitalei nu va organiza una, \u00een centrul Bucure\u015ftiului.<\/p>\n<\/div>\n<p>\u201eNoile condi\u0163ii au fost anun\u0163ate prea din scurt\u201d, explic\u0103 Nicu\u0219or Dan.<\/p>\n<p>Singurul spectacol de strad\u0103 din noaptea dintre ani este programat \u00een parcul IOR din sectorul 3. Evenimente similare vor avea loc doar \u00een Constan\u021ba \u015fi Timi\u015foara.<\/p>\n<p>Este al doilea an la r\u00e2nd \u00een care Prim\u0103ria Capitalei nu va organiza o petrecere de Revelion \u00een Pia\u0163a Constitu\u0163iei.<\/p>\n<p>\u201ePrim\u0103ria nu va organiza ea \u00eens\u0103\u015fi un Revelion \u00een Bucure\u015fti, dar dac\u0103 exist\u0103 operatori priva\u0163i care s\u0103 pl\u0103teasc\u0103 taxa pe respectivele spa\u0163ii \u015fi dac\u0103 vor s\u0103 organizeze Revelioane, sunt liberi s\u0103 o fac\u0103. Este destul de pu\u0163in probabil s\u0103 o fac\u0103 pentru c\u0103 nu s-au manifestat \u00een acest moment\u201d, spune Nicu\u0219or Dan, primarul Capitalei.<\/p>\n<p>Primarul crede c\u0103 autorit\u0103\u0163ile locale ar trebui s\u0103 se implice mai pu\u0163in financiar \u00een organizarea de concerte pentru a nu le face concuren\u0163\u0103 neloial\u0103 companiilor private din industria divertismentului.<\/p>\n<p>Singurul concert de Revelion din Bucure\u015fti va avea loc \u00een parcul Alexandru Ioan Cuza, fostul IOR, din sectorul 3 \u0219i orice doritor va avea acces anun\u0163\u0103 prim\u0103ria Sectorului 3.<\/p>\n<p>Singura recomandare este ca oamenii s\u0103 poarte m\u0103\u015fti pentru c\u0103 ar putea fi aglomerat.<\/p>\n<p>Organizatorii nu \u015ftiu cum va ar\u0103ta programul. Au avut pu\u0163in timp la dispozi\u0163ie dar \u015fi un buget sc\u0103zut, de aproximativ 100 de mii de lei.<\/p>\n<p>Aproximativ aceea\u0219i sum\u0103 o va cheltui \u0219i prim\u0103ria Constan\u021ba. Bugetul a fost condi\u0163ionat de faptul c\u0103 nu mai au mai avut timp s\u0103 fac\u0103 o licita\u0163ie.<\/p>\n<p>Evenimentul din zona Tomis, aproape de plaja Modern, nu va avea arti\u015fti. Muzica v\u0103 fi pus\u0103 de 5 DJ. Vor exista \u00een schimb focuri de artificii din 6 zone diferite.<\/p>\n<p>\u201eCred c\u0103 e bine s\u0103 facem. E bine s\u0103 se reconecteze oamenii cu natura. Ne g\u00e2ndim c\u0103 participan\u0163ii s\u0103 aib\u0103 certificate verzi\u201d, spune Vergil Chi\u021bac, primarul Constan\u021bei.<\/p>\n<p>Este \u00eens\u0103 pu\u0163in probabil c\u0103 poli\u0163i\u015ftii s\u0103 poat\u0103 s\u0103 verifice c\u00e2teva mii de persoane.<\/p>\n<p>\u015ei Timi\u015foara va organiza un concert de Revelion. De\u0219i ini\u021bial era pl\u0103nuit p\u00e2n\u0103 la ora 22, dup\u0103 ridicarea restric\u0163iilor este posibil ca lucrurile s\u0103 se schimbe.<\/p>\n<p>\u00cen Bra\u015fov, Cluj \u015fi Craiova se analizeaz\u0103 \u00eenc\u0103 noile condi\u0163ii \u015fi \u00eenc\u0103 nu au anun\u0163at dac\u0103 fac ceva pentru public de Anul Nou. (conf. Jurnalist.ro)<\/p>\n","protected":false},"excerpt":{"rendered":"<p>De\u0219i autorit\u0103\u0163ile permit petrecerile de Revelion, Prim\u0103ria Capitalei nu va organiza una, \u00een centrul Bucure\u015ftiului. \u201eNoile condi\u0163ii au fost anun\u0163ate<\/p>\n","protected":false},"author":1,"featured_media":5781,"comment_status":"open","ping_status":"open","sticky":false,"template":"","format":"standard","meta":{"colormag_page_container_layout":"default_layout","colormag_page_sidebar_layout":"default_layout","footnotes":""},"categories":[8],"tags":[],"class_list":["post-5780","post","type-post","status-publish","format-standard","has-post-thumbnail","hentry","category-div"],"yoast_head":"<!-- This site is optimized with the Yoast SEO plugin v27.0 - https:\/\/yoast.com\/product\/yoast-seo-wordpress\/ -->\n<title>F\u0103r\u0103 spectacol de Revelion \u00een Bucure\u015fti - MHF Photography<\/title>\n<meta name=\"robots\" content=\"index, follow, max-snippet:-1, max-image-preview:large, max-video-preview:-1\" \/>\n<link rel=\"canonical\" href=\"https:\/\/mhf.ro\/mm\/fara-spectacol-de-revelion-in-bucuresti\/\" \/>\n<meta property=\"og:locale\" content=\"ro_RO\" \/>\n<meta property=\"og:type\" content=\"article\" \/>\n<meta property=\"og:title\" content=\"F\u0103r\u0103 spectacol de Revelion \u00een Bucure\u015fti - MHF Photography\" \/>\n<meta property=\"og:description\" content=\"De\u0219i autorit\u0103\u0163ile permit petrecerile de Revelion, Prim\u0103ria Capitalei nu va organiza una, \u00een centrul Bucure\u015ftiului. \u201eNoile condi\u0163ii au fost anun\u0163ate\" \/>\n<meta property=\"og:url\" content=\"https:\/\/mhf.ro\/mm\/fara-spectacol-de-revelion-in-bucuresti\/\" \/>\n<meta property=\"og:site_name\" content=\"MHF Photography\" \/>\n<meta property=\"article:published_time\" content=\"2021-12-12T09:04:00+00:00\" \/>\n<meta property=\"article:modified_time\" content=\"2021-12-12T10:04:21+00:00\" \/>\n<meta property=\"og:image\" content=\"https:\/\/mhf.ro\/mm\/wp-content\/uploads\/2021\/12\/an_nou_2020.jpg\" \/>\n\t<meta property=\"og:image:width\" content=\"626\" \/>\n\t<meta property=\"og:image:height\" content=\"313\" \/>\n\t<meta property=\"og:image:type\" content=\"image\/jpeg\" \/>\n<meta name=\"author\" content=\"Marius Marcu\" \/>\n<meta name=\"twitter:card\" content=\"summary_large_image\" \/>\n<meta name=\"twitter:label1\" content=\"Scris de\" \/>\n\t<meta name=\"twitter:data1\" content=\"Marius Marcu\" \/>\n\t<meta name=\"twitter:label2\" content=\"Timp estimat pentru citire\" \/>\n\t<meta name=\"twitter:data2\" content=\"2 minute\" \/>\n<script type=\"application\/ld+json\" class=\"yoast-schema-graph\">{\"@context\":\"https:\/\/schema.org\",\"@graph\":[{\"@type\":\"Article\",\"@id\":\"https:\/\/mhf.ro\/mm\/fara-spectacol-de-revelion-in-bucuresti\/#article\",\"isPartOf\":{\"@id\":\"https:\/\/mhf.ro\/mm\/fara-spectacol-de-revelion-in-bucuresti\/\"},\"author\":{\"name\":\"Marius Marcu\",\"@id\":\"https:\/\/mhf.ro\/mm\/#\/schema\/person\/a3bebf7bdb4bf12f698aff73c7e46c21\"},\"headline\":\"F\u0103r\u0103 spectacol de Revelion \u00een Bucure\u015fti\",\"datePublished\":\"2021-12-12T09:04:00+00:00\",\"dateModified\":\"2021-12-12T10:04:21+00:00\",\"mainEntityOfPage\":{\"@id\":\"https:\/\/mhf.ro\/mm\/fara-spectacol-de-revelion-in-bucuresti\/\"},\"wordCount\":426,\"commentCount\":0,\"publisher\":{\"@id\":\"https:\/\/mhf.ro\/mm\/#\/schema\/person\/a3bebf7bdb4bf12f698aff73c7e46c21\"},\"image\":{\"@id\":\"https:\/\/mhf.ro\/mm\/fara-spectacol-de-revelion-in-bucuresti\/#primaryimage\"},\"thumbnailUrl\":\"https:\/\/mhf.ro\/mm\/wp-content\/uploads\/2021\/12\/an_nou_2020.jpg\",\"articleSection\":[\"Diverse\"],\"inLanguage\":\"ro-RO\",\"potentialAction\":[{\"@type\":\"CommentAction\",\"name\":\"Comment\",\"target\":[\"https:\/\/mhf.ro\/mm\/fara-spectacol-de-revelion-in-bucuresti\/#respond\"]}]},{\"@type\":\"WebPage\",\"@id\":\"https:\/\/mhf.ro\/mm\/fara-spectacol-de-revelion-in-bucuresti\/\",\"url\":\"https:\/\/mhf.ro\/mm\/fara-spectacol-de-revelion-in-bucuresti\/\",\"name\":\"F\u0103r\u0103 spectacol de Revelion \u00een Bucure\u015fti - MHF Photography\",\"isPartOf\":{\"@id\":\"https:\/\/mhf.ro\/mm\/#website\"},\"primaryImageOfPage\":{\"@id\":\"https:\/\/mhf.ro\/mm\/fara-spectacol-de-revelion-in-bucuresti\/#primaryimage\"},\"image\":{\"@id\":\"https:\/\/mhf.ro\/mm\/fara-spectacol-de-revelion-in-bucuresti\/#primaryimage\"},\"thumbnailUrl\":\"https:\/\/mhf.ro\/mm\/wp-content\/uploads\/2021\/12\/an_nou_2020.jpg\",\"datePublished\":\"2021-12-12T09:04:00+00:00\",\"dateModified\":\"2021-12-12T10:04:21+00:00\",\"breadcrumb\":{\"@id\":\"https:\/\/mhf.ro\/mm\/fara-spectacol-de-revelion-in-bucuresti\/#breadcrumb\"},\"inLanguage\":\"ro-RO\",\"potentialAction\":[{\"@type\":\"ReadAction\",\"target\":[\"https:\/\/mhf.ro\/mm\/fara-spectacol-de-revelion-in-bucuresti\/\"]}]},{\"@type\":\"ImageObject\",\"inLanguage\":\"ro-RO\",\"@id\":\"https:\/\/mhf.ro\/mm\/fara-spectacol-de-revelion-in-bucuresti\/#primaryimage\",\"url\":\"https:\/\/mhf.ro\/mm\/wp-content\/uploads\/2021\/12\/an_nou_2020.jpg\",\"contentUrl\":\"https:\/\/mhf.ro\/mm\/wp-content\/uploads\/2021\/12\/an_nou_2020.jpg\",\"width\":626,\"height\":313},{\"@type\":\"BreadcrumbList\",\"@id\":\"https:\/\/mhf.ro\/mm\/fara-spectacol-de-revelion-in-bucuresti\/#breadcrumb\",\"itemListElement\":[{\"@type\":\"ListItem\",\"position\":1,\"name\":\"Prima pagin\u0103\",\"item\":\"https:\/\/mhf.ro\/mm\/\"},{\"@type\":\"ListItem\",\"position\":2,\"name\":\"F\u0103r\u0103 spectacol de Revelion \u00een Bucure\u015fti\"}]},{\"@type\":\"WebSite\",\"@id\":\"https:\/\/mhf.ro\/mm\/#website\",\"url\":\"https:\/\/mhf.ro\/mm\/\",\"name\":\"MHF Photography \u2013 Blog de fotografie, natur\u0103 \u0219i tehnic\u0103 divers\u0103\",\"description\":\"Aventur\u0103 \u00een fiecare cadru.\",\"publisher\":{\"@id\":\"https:\/\/mhf.ro\/mm\/#\/schema\/person\/a3bebf7bdb4bf12f698aff73c7e46c21\"},\"potentialAction\":[{\"@type\":\"SearchAction\",\"target\":{\"@type\":\"EntryPoint\",\"urlTemplate\":\"https:\/\/mhf.ro\/mm\/?s={search_term_string}\"},\"query-input\":{\"@type\":\"PropertyValueSpecification\",\"valueRequired\":true,\"valueName\":\"search_term_string\"}}],\"inLanguage\":\"ro-RO\"},{\"@type\":[\"Person\",\"Organization\"],\"@id\":\"https:\/\/mhf.ro\/mm\/#\/schema\/person\/a3bebf7bdb4bf12f698aff73c7e46c21\",\"name\":\"Marius Marcu\",\"image\":{\"@type\":\"ImageObject\",\"inLanguage\":\"ro-RO\",\"@id\":\"https:\/\/mhf.ro\/mm\/#\/schema\/person\/image\/\",\"url\":\"https:\/\/mhf.ro\/mm\/wp-content\/uploads\/2025\/12\/cropped-logo_mhf_2.png\",\"contentUrl\":\"https:\/\/mhf.ro\/mm\/wp-content\/uploads\/2025\/12\/cropped-logo_mhf_2.png\",\"width\":1096,\"height\":457,\"caption\":\"Marius Marcu\"},\"logo\":{\"@id\":\"https:\/\/mhf.ro\/mm\/#\/schema\/person\/image\/\"},\"sameAs\":[\"https:\/\/mhf.ro\/mm\"],\"url\":\"https:\/\/mhf.ro\/mm\/author\/mihai\/\"}]}<\/script>\n<!-- \/ Yoast SEO plugin. -->","yoast_head_json":{"title":"F\u0103r\u0103 spectacol de Revelion \u00een Bucure\u015fti - MHF Photography","robots":{"index":"index","follow":"follow","max-snippet":"max-snippet:-1","max-image-preview":"max-image-preview:large","max-video-preview":"max-video-preview:-1"},"canonical":"https:\/\/mhf.ro\/mm\/fara-spectacol-de-revelion-in-bucuresti\/","og_locale":"ro_RO","og_type":"article","og_title":"F\u0103r\u0103 spectacol de Revelion \u00een Bucure\u015fti - MHF Photography","og_description":"De\u0219i autorit\u0103\u0163ile permit petrecerile de Revelion, Prim\u0103ria Capitalei nu va organiza una, \u00een centrul Bucure\u015ftiului. \u201eNoile condi\u0163ii au fost anun\u0163ate","og_url":"https:\/\/mhf.ro\/mm\/fara-spectacol-de-revelion-in-bucuresti\/","og_site_name":"MHF Photography","article_published_time":"2021-12-12T09:04:00+00:00","article_modified_time":"2021-12-12T10:04:21+00:00","og_image":[{"width":626,"height":313,"url":"https:\/\/mhf.ro\/mm\/wp-content\/uploads\/2021\/12\/an_nou_2020.jpg","type":"image\/jpeg"}],"author":"Marius Marcu","twitter_card":"summary_large_image","twitter_misc":{"Scris de":"Marius Marcu","Timp estimat pentru citire":"2 minute"},"schema":{"@context":"https:\/\/schema.org","@graph":[{"@type":"Article","@id":"https:\/\/mhf.ro\/mm\/fara-spectacol-de-revelion-in-bucuresti\/#article","isPartOf":{"@id":"https:\/\/mhf.ro\/mm\/fara-spectacol-de-revelion-in-bucuresti\/"},"author":{"name":"Marius Marcu","@id":"https:\/\/mhf.ro\/mm\/#\/schema\/person\/a3bebf7bdb4bf12f698aff73c7e46c21"},"headline":"F\u0103r\u0103 spectacol de Revelion \u00een Bucure\u015fti","datePublished":"2021-12-12T09:04:00+00:00","dateModified":"2021-12-12T10:04:21+00:00","mainEntityOfPage":{"@id":"https:\/\/mhf.ro\/mm\/fara-spectacol-de-revelion-in-bucuresti\/"},"wordCount":426,"commentCount":0,"publisher":{"@id":"https:\/\/mhf.ro\/mm\/#\/schema\/person\/a3bebf7bdb4bf12f698aff73c7e46c21"},"image":{"@id":"https:\/\/mhf.ro\/mm\/fara-spectacol-de-revelion-in-bucuresti\/#primaryimage"},"thumbnailUrl":"https:\/\/mhf.ro\/mm\/wp-content\/uploads\/2021\/12\/an_nou_2020.jpg","articleSection":["Diverse"],"inLanguage":"ro-RO","potentialAction":[{"@type":"CommentAction","name":"Comment","target":["https:\/\/mhf.ro\/mm\/fara-spectacol-de-revelion-in-bucuresti\/#respond"]}]},{"@type":"WebPage","@id":"https:\/\/mhf.ro\/mm\/fara-spectacol-de-revelion-in-bucuresti\/","url":"https:\/\/mhf.ro\/mm\/fara-spectacol-de-revelion-in-bucuresti\/","name":"F\u0103r\u0103 spectacol de Revelion \u00een Bucure\u015fti - MHF Photography","isPartOf":{"@id":"https:\/\/mhf.ro\/mm\/#website"},"primaryImageOfPage":{"@id":"https:\/\/mhf.ro\/mm\/fara-spectacol-de-revelion-in-bucuresti\/#primaryimage"},"image":{"@id":"https:\/\/mhf.ro\/mm\/fara-spectacol-de-revelion-in-bucuresti\/#primaryimage"},"thumbnailUrl":"https:\/\/mhf.ro\/mm\/wp-content\/uploads\/2021\/12\/an_nou_2020.jpg","datePublished":"2021-12-12T09:04:00+00:00","dateModified":"2021-12-12T10:04:21+00:00","breadcrumb":{"@id":"https:\/\/mhf.ro\/mm\/fara-spectacol-de-revelion-in-bucuresti\/#breadcrumb"},"inLanguage":"ro-RO","potentialAction":[{"@type":"ReadAction","target":["https:\/\/mhf.ro\/mm\/fara-spectacol-de-revelion-in-bucuresti\/"]}]},{"@type":"ImageObject","inLanguage":"ro-RO","@id":"https:\/\/mhf.ro\/mm\/fara-spectacol-de-revelion-in-bucuresti\/#primaryimage","url":"https:\/\/mhf.ro\/mm\/wp-content\/uploads\/2021\/12\/an_nou_2020.jpg","contentUrl":"https:\/\/mhf.ro\/mm\/wp-content\/uploads\/2021\/12\/an_nou_2020.jpg","width":626,"height":313},{"@type":"BreadcrumbList","@id":"https:\/\/mhf.ro\/mm\/fara-spectacol-de-revelion-in-bucuresti\/#breadcrumb","itemListElement":[{"@type":"ListItem","position":1,"name":"Prima pagin\u0103","item":"https:\/\/mhf.ro\/mm\/"},{"@type":"ListItem","position":2,"name":"F\u0103r\u0103 spectacol de Revelion \u00een Bucure\u015fti"}]},{"@type":"WebSite","@id":"https:\/\/mhf.ro\/mm\/#website","url":"https:\/\/mhf.ro\/mm\/","name":"MHF Photography \u2013 Blog de fotografie, natur\u0103 \u0219i tehnic\u0103 divers\u0103","description":"Aventur\u0103 \u00een fiecare cadru.","publisher":{"@id":"https:\/\/mhf.ro\/mm\/#\/schema\/person\/a3bebf7bdb4bf12f698aff73c7e46c21"},"potentialAction":[{"@type":"SearchAction","target":{"@type":"EntryPoint","urlTemplate":"https:\/\/mhf.ro\/mm\/?s={search_term_string}"},"query-input":{"@type":"PropertyValueSpecification","valueRequired":true,"valueName":"search_term_string"}}],"inLanguage":"ro-RO"},{"@type":["Person","Organization"],"@id":"https:\/\/mhf.ro\/mm\/#\/schema\/person\/a3bebf7bdb4bf12f698aff73c7e46c21","name":"Marius Marcu","image":{"@type":"ImageObject","inLanguage":"ro-RO","@id":"https:\/\/mhf.ro\/mm\/#\/schema\/person\/image\/","url":"https:\/\/mhf.ro\/mm\/wp-content\/uploads\/2025\/12\/cropped-logo_mhf_2.png","contentUrl":"https:\/\/mhf.ro\/mm\/wp-content\/uploads\/2025\/12\/cropped-logo_mhf_2.png","width":1096,"height":457,"caption":"Marius Marcu"},"logo":{"@id":"https:\/\/mhf.ro\/mm\/#\/schema\/person\/image\/"},"sameAs":["https:\/\/mhf.ro\/mm"],"url":"https:\/\/mhf.ro\/mm\/author\/mihai\/"}]}},"_links":{"self":[{"href":"https:\/\/mhf.ro\/mm\/wp-json\/wp\/v2\/posts\/5780","targetHints":{"allow":["GET"]}}],"collection":[{"href":"https:\/\/mhf.ro\/mm\/wp-json\/wp\/v2\/posts"}],"about":[{"href":"https:\/\/mhf.ro\/mm\/wp-json\/wp\/v2\/types\/post"}],"author":[{"embeddable":true,"href":"https:\/\/mhf.ro\/mm\/wp-json\/wp\/v2\/users\/1"}],"replies":[{"embeddable":true,"href":"https:\/\/mhf.ro\/mm\/wp-json\/wp\/v2\/comments?post=5780"}],"version-history":[{"count":1,"href":"https:\/\/mhf.ro\/mm\/wp-json\/wp\/v2\/posts\/5780\/revisions"}],"predecessor-version":[{"id":5782,"href":"https:\/\/mhf.ro\/mm\/wp-json\/wp\/v2\/posts\/5780\/revisions\/5782"}],"wp:featuredmedia":[{"embeddable":true,"href":"https:\/\/mhf.ro\/mm\/wp-json\/wp\/v2\/media\/5781"}],"wp:attachment":[{"href":"https:\/\/mhf.ro\/mm\/wp-json\/wp\/v2\/media?parent=5780"}],"wp:term":[{"taxonomy":"category","embeddable":true,"href":"https:\/\/mhf.ro\/mm\/wp-json\/wp\/v2\/categories?post=5780"},{"taxonomy":"post_tag","embeddable":true,"href":"https:\/\/mhf.ro\/mm\/wp-json\/wp\/v2\/tags?post=5780"}],"curies":[{"name":"wp","href":"https:\/\/api.w.org\/{rel}","templated":true}]}}