{"id":5785,"date":"2021-12-13T12:35:31","date_gmt":"2021-12-13T10:35:31","guid":{"rendered":"https:\/\/mhf.ro\/mm\/?p=5785"},"modified":"2021-12-13T12:35:31","modified_gmt":"2021-12-13T10:35:31","slug":"reparatia-conductelor-in-capitala-va-dura-89-de-ani","status":"publish","type":"post","link":"https:\/\/mhf.ro\/mm\/reparatia-conductelor-in-capitala-va-dura-89-de-ani\/","title":{"rendered":"Repara\u0163ia conductelor \u00een Capital\u0103 va dura 89 de ani"},"content":{"rendered":"<p align=\"left\">Repara\u0163ia \u0163evilor prin care circul\u0103 apa cald\u0103 \u00een Bucure\u015fti se va termina \u00een 89 de ani, 8 luni \u015fi 16 zile, spune\u00a0fostul ministru Claudiu N\u0103sui. Potrivit acestuia, cel mai bien ar fi ca oamenii s\u0103 fie l\u0103sa\u021bi s\u0103 aleag\u0103 cum doresc s\u0103 se \u00eenc\u0103lzeasc\u0103.<\/p>\n<p align=\"left\">\u201eNu este o exagerare. At\u00e2t ar dura repara\u0163iile sistemului de \u00eenc\u0103lzire centralizat\u0103 de stat din Bucure\u015fti la ritmul actual. S-ar termina \u00een anul 2110, iar asta cu indulgen\u0163\u0103 \u015fi presupun\u00e2nd c\u0103 nu se mai stric\u0103 niciodat\u0103 nimic\u201d, scrie N\u0103sui pe Facebook.<\/p>\n<p align=\"left\">Sistemul are o re\u0163ea de 4.000 km de conduct\u0103, 1.000 km primar\u0103 \u015fi 3.000 km secundar\u0103. 81% din re\u0163eaua primar\u0103 are nevoie de reabilitare, 771 km din 954 km de re\u0163ea. Pe l\u00e2ng\u0103 asta mai e \u015fi \u201ere\u0163eaua secundar\u0103\u201d de circa 3.000 de km din care circa 2.000 de km sunt de reparat.<\/p>\n<p align=\"left\">\u00cen ultimii 9 ani ritmul mediu al lucr\u0103rilor a fost de 8,59 km pe an, iar asta calculat optimist, spune deputatul USR.<\/p>\n<p align=\"left\">\u201eDeci am termina de reabilitat doar re\u0163eaua principal\u0103 din sistemul de \u00eenc\u0103lzire centralizat de stat abia \u00een 89 de ani, 8 luni \u015fi 16 de zile. (\u2026) \u00a0Dac\u0103 vrem s\u0103 avem c\u0103ldur\u0103 \u00een case, trebuie s\u0103 recunoa\u015ftem adev\u0103rul despre sistemul de \u00eenc\u0103lzire centralizat de stat. Politicienii care sus\u0163in actualul sistem ne-au min\u0163it c\u0103 el va func\u0163iona la un moment dat. Domnul Oprescu a promis c\u0103 \u00eel va repara, doamna Firea a promis la fel, domnul Dan la fel.\u201d, crede N\u0103sui.<\/p>\n<p align=\"left\">\u201eS\u0103 l\u0103s\u0103m primarii de sector sau antreprenori doritori s\u0103 construiasc\u0103 centrale cvartal.<\/p>\n<p align=\"left\">S\u0103 l\u0103s\u0103m oamenii s\u0103-\u015fi pun\u0103 centrale individuale pe gaz sau pe electricitate\u201d, spune el. (conf. Jurnalist.ro)<\/p>\n<div class=\"fb-post fb_iframe_widget\" data-href=\"https:\/\/www.facebook.com\/ClaudiuNasuiUSR\/posts\/454345149392143\" data-width=\"552\"><\/div>\n","protected":false},"excerpt":{"rendered":"<p>Repara\u0163ia \u0163evilor prin care circul\u0103 apa cald\u0103 \u00een Bucure\u015fti se va termina \u00een 89 de ani, 8 luni \u015fi 16<\/p>\n","protected":false},"author":1,"featured_media":5786,"comment_status":"open","ping_status":"open","sticky":false,"template":"","format":"standard","meta":{"colormag_page_container_layout":"default_layout","colormag_page_sidebar_layout":"default_layout","footnotes":""},"categories":[8],"tags":[],"class_list":["post-5785","post","type-post","status-publish","format-standard","has-post-thumbnail","hentry","category-div"],"yoast_head":"<!-- This site is optimized with the Yoast SEO plugin v27.0 - https:\/\/yoast.com\/product\/yoast-seo-wordpress\/ -->\n<title>Repara\u0163ia conductelor \u00een Capital\u0103 va dura 89 de ani - MHF Photography<\/title>\n<meta name=\"robots\" content=\"index, follow, max-snippet:-1, max-image-preview:large, max-video-preview:-1\" \/>\n<link rel=\"canonical\" href=\"https:\/\/mhf.ro\/mm\/reparatia-conductelor-in-capitala-va-dura-89-de-ani\/\" \/>\n<meta property=\"og:locale\" content=\"ro_RO\" \/>\n<meta property=\"og:type\" content=\"article\" \/>\n<meta property=\"og:title\" content=\"Repara\u0163ia conductelor \u00een Capital\u0103 va dura 89 de ani - MHF Photography\" \/>\n<meta property=\"og:description\" content=\"Repara\u0163ia \u0163evilor prin care circul\u0103 apa cald\u0103 \u00een Bucure\u015fti se va termina \u00een 89 de ani, 8 luni \u015fi 16\" \/>\n<meta property=\"og:url\" content=\"https:\/\/mhf.ro\/mm\/reparatia-conductelor-in-capitala-va-dura-89-de-ani\/\" \/>\n<meta property=\"og:site_name\" content=\"MHF Photography\" \/>\n<meta property=\"article:published_time\" content=\"2021-12-13T10:35:31+00:00\" \/>\n<meta property=\"og:image\" content=\"https:\/\/mhf.ro\/mm\/wp-content\/uploads\/2021\/12\/nasui.png\" \/>\n\t<meta property=\"og:image:width\" content=\"800\" \/>\n\t<meta property=\"og:image:height\" content=\"440\" \/>\n\t<meta property=\"og:image:type\" content=\"image\/png\" \/>\n<meta name=\"author\" content=\"Marius Marcu\" \/>\n<meta name=\"twitter:card\" content=\"summary_large_image\" \/>\n<meta name=\"twitter:label1\" content=\"Scris de\" \/>\n\t<meta name=\"twitter:data1\" content=\"Marius Marcu\" \/>\n\t<meta name=\"twitter:label2\" content=\"Timp estimat pentru citire\" \/>\n\t<meta name=\"twitter:data2\" content=\"1 minut\" \/>\n<script type=\"application\/ld+json\" class=\"yoast-schema-graph\">{\"@context\":\"https:\/\/schema.org\",\"@graph\":[{\"@type\":\"Article\",\"@id\":\"https:\/\/mhf.ro\/mm\/reparatia-conductelor-in-capitala-va-dura-89-de-ani\/#article\",\"isPartOf\":{\"@id\":\"https:\/\/mhf.ro\/mm\/reparatia-conductelor-in-capitala-va-dura-89-de-ani\/\"},\"author\":{\"name\":\"Marius Marcu\",\"@id\":\"https:\/\/mhf.ro\/mm\/#\/schema\/person\/a3bebf7bdb4bf12f698aff73c7e46c21\"},\"headline\":\"Repara\u0163ia conductelor \u00een Capital\u0103 va dura 89 de ani\",\"datePublished\":\"2021-12-13T10:35:31+00:00\",\"mainEntityOfPage\":{\"@id\":\"https:\/\/mhf.ro\/mm\/reparatia-conductelor-in-capitala-va-dura-89-de-ani\/\"},\"wordCount\":295,\"commentCount\":0,\"publisher\":{\"@id\":\"https:\/\/mhf.ro\/mm\/#\/schema\/person\/a3bebf7bdb4bf12f698aff73c7e46c21\"},\"image\":{\"@id\":\"https:\/\/mhf.ro\/mm\/reparatia-conductelor-in-capitala-va-dura-89-de-ani\/#primaryimage\"},\"thumbnailUrl\":\"https:\/\/mhf.ro\/mm\/wp-content\/uploads\/2021\/12\/nasui.png\",\"articleSection\":[\"Diverse\"],\"inLanguage\":\"ro-RO\",\"potentialAction\":[{\"@type\":\"CommentAction\",\"name\":\"Comment\",\"target\":[\"https:\/\/mhf.ro\/mm\/reparatia-conductelor-in-capitala-va-dura-89-de-ani\/#respond\"]}]},{\"@type\":\"WebPage\",\"@id\":\"https:\/\/mhf.ro\/mm\/reparatia-conductelor-in-capitala-va-dura-89-de-ani\/\",\"url\":\"https:\/\/mhf.ro\/mm\/reparatia-conductelor-in-capitala-va-dura-89-de-ani\/\",\"name\":\"Repara\u0163ia conductelor \u00een Capital\u0103 va dura 89 de ani - MHF Photography\",\"isPartOf\":{\"@id\":\"https:\/\/mhf.ro\/mm\/#website\"},\"primaryImageOfPage\":{\"@id\":\"https:\/\/mhf.ro\/mm\/reparatia-conductelor-in-capitala-va-dura-89-de-ani\/#primaryimage\"},\"image\":{\"@id\":\"https:\/\/mhf.ro\/mm\/reparatia-conductelor-in-capitala-va-dura-89-de-ani\/#primaryimage\"},\"thumbnailUrl\":\"https:\/\/mhf.ro\/mm\/wp-content\/uploads\/2021\/12\/nasui.png\",\"datePublished\":\"2021-12-13T10:35:31+00:00\",\"breadcrumb\":{\"@id\":\"https:\/\/mhf.ro\/mm\/reparatia-conductelor-in-capitala-va-dura-89-de-ani\/#breadcrumb\"},\"inLanguage\":\"ro-RO\",\"potentialAction\":[{\"@type\":\"ReadAction\",\"target\":[\"https:\/\/mhf.ro\/mm\/reparatia-conductelor-in-capitala-va-dura-89-de-ani\/\"]}]},{\"@type\":\"ImageObject\",\"inLanguage\":\"ro-RO\",\"@id\":\"https:\/\/mhf.ro\/mm\/reparatia-conductelor-in-capitala-va-dura-89-de-ani\/#primaryimage\",\"url\":\"https:\/\/mhf.ro\/mm\/wp-content\/uploads\/2021\/12\/nasui.png\",\"contentUrl\":\"https:\/\/mhf.ro\/mm\/wp-content\/uploads\/2021\/12\/nasui.png\",\"width\":800,\"height\":440},{\"@type\":\"BreadcrumbList\",\"@id\":\"https:\/\/mhf.ro\/mm\/reparatia-conductelor-in-capitala-va-dura-89-de-ani\/#breadcrumb\",\"itemListElement\":[{\"@type\":\"ListItem\",\"position\":1,\"name\":\"Prima pagin\u0103\",\"item\":\"https:\/\/mhf.ro\/mm\/\"},{\"@type\":\"ListItem\",\"position\":2,\"name\":\"Repara\u0163ia conductelor \u00een Capital\u0103 va dura 89 de ani\"}]},{\"@type\":\"WebSite\",\"@id\":\"https:\/\/mhf.ro\/mm\/#website\",\"url\":\"https:\/\/mhf.ro\/mm\/\",\"name\":\"MHF Photography \u2013 Blog de fotografie, natur\u0103 \u0219i tehnic\u0103 divers\u0103\",\"description\":\"Aventur\u0103 \u00een fiecare cadru.\",\"publisher\":{\"@id\":\"https:\/\/mhf.ro\/mm\/#\/schema\/person\/a3bebf7bdb4bf12f698aff73c7e46c21\"},\"potentialAction\":[{\"@type\":\"SearchAction\",\"target\":{\"@type\":\"EntryPoint\",\"urlTemplate\":\"https:\/\/mhf.ro\/mm\/?s={search_term_string}\"},\"query-input\":{\"@type\":\"PropertyValueSpecification\",\"valueRequired\":true,\"valueName\":\"search_term_string\"}}],\"inLanguage\":\"ro-RO\"},{\"@type\":[\"Person\",\"Organization\"],\"@id\":\"https:\/\/mhf.ro\/mm\/#\/schema\/person\/a3bebf7bdb4bf12f698aff73c7e46c21\",\"name\":\"Marius Marcu\",\"image\":{\"@type\":\"ImageObject\",\"inLanguage\":\"ro-RO\",\"@id\":\"https:\/\/mhf.ro\/mm\/#\/schema\/person\/image\/\",\"url\":\"https:\/\/mhf.ro\/mm\/wp-content\/uploads\/2025\/12\/cropped-logo_mhf_2.png\",\"contentUrl\":\"https:\/\/mhf.ro\/mm\/wp-content\/uploads\/2025\/12\/cropped-logo_mhf_2.png\",\"width\":1096,\"height\":457,\"caption\":\"Marius Marcu\"},\"logo\":{\"@id\":\"https:\/\/mhf.ro\/mm\/#\/schema\/person\/image\/\"},\"sameAs\":[\"https:\/\/mhf.ro\/mm\"],\"url\":\"https:\/\/mhf.ro\/mm\/author\/mihai\/\"}]}<\/script>\n<!-- \/ Yoast SEO plugin. -->","yoast_head_json":{"title":"Repara\u0163ia conductelor \u00een Capital\u0103 va dura 89 de ani - MHF Photography","robots":{"index":"index","follow":"follow","max-snippet":"max-snippet:-1","max-image-preview":"max-image-preview:large","max-video-preview":"max-video-preview:-1"},"canonical":"https:\/\/mhf.ro\/mm\/reparatia-conductelor-in-capitala-va-dura-89-de-ani\/","og_locale":"ro_RO","og_type":"article","og_title":"Repara\u0163ia conductelor \u00een Capital\u0103 va dura 89 de ani - MHF Photography","og_description":"Repara\u0163ia \u0163evilor prin care circul\u0103 apa cald\u0103 \u00een Bucure\u015fti se va termina \u00een 89 de ani, 8 luni \u015fi 16","og_url":"https:\/\/mhf.ro\/mm\/reparatia-conductelor-in-capitala-va-dura-89-de-ani\/","og_site_name":"MHF Photography","article_published_time":"2021-12-13T10:35:31+00:00","og_image":[{"width":800,"height":440,"url":"https:\/\/mhf.ro\/mm\/wp-content\/uploads\/2021\/12\/nasui.png","type":"image\/png"}],"author":"Marius Marcu","twitter_card":"summary_large_image","twitter_misc":{"Scris de":"Marius Marcu","Timp estimat pentru citire":"1 minut"},"schema":{"@context":"https:\/\/schema.org","@graph":[{"@type":"Article","@id":"https:\/\/mhf.ro\/mm\/reparatia-conductelor-in-capitala-va-dura-89-de-ani\/#article","isPartOf":{"@id":"https:\/\/mhf.ro\/mm\/reparatia-conductelor-in-capitala-va-dura-89-de-ani\/"},"author":{"name":"Marius Marcu","@id":"https:\/\/mhf.ro\/mm\/#\/schema\/person\/a3bebf7bdb4bf12f698aff73c7e46c21"},"headline":"Repara\u0163ia conductelor \u00een Capital\u0103 va dura 89 de ani","datePublished":"2021-12-13T10:35:31+00:00","mainEntityOfPage":{"@id":"https:\/\/mhf.ro\/mm\/reparatia-conductelor-in-capitala-va-dura-89-de-ani\/"},"wordCount":295,"commentCount":0,"publisher":{"@id":"https:\/\/mhf.ro\/mm\/#\/schema\/person\/a3bebf7bdb4bf12f698aff73c7e46c21"},"image":{"@id":"https:\/\/mhf.ro\/mm\/reparatia-conductelor-in-capitala-va-dura-89-de-ani\/#primaryimage"},"thumbnailUrl":"https:\/\/mhf.ro\/mm\/wp-content\/uploads\/2021\/12\/nasui.png","articleSection":["Diverse"],"inLanguage":"ro-RO","potentialAction":[{"@type":"CommentAction","name":"Comment","target":["https:\/\/mhf.ro\/mm\/reparatia-conductelor-in-capitala-va-dura-89-de-ani\/#respond"]}]},{"@type":"WebPage","@id":"https:\/\/mhf.ro\/mm\/reparatia-conductelor-in-capitala-va-dura-89-de-ani\/","url":"https:\/\/mhf.ro\/mm\/reparatia-conductelor-in-capitala-va-dura-89-de-ani\/","name":"Repara\u0163ia conductelor \u00een Capital\u0103 va dura 89 de ani - MHF Photography","isPartOf":{"@id":"https:\/\/mhf.ro\/mm\/#website"},"primaryImageOfPage":{"@id":"https:\/\/mhf.ro\/mm\/reparatia-conductelor-in-capitala-va-dura-89-de-ani\/#primaryimage"},"image":{"@id":"https:\/\/mhf.ro\/mm\/reparatia-conductelor-in-capitala-va-dura-89-de-ani\/#primaryimage"},"thumbnailUrl":"https:\/\/mhf.ro\/mm\/wp-content\/uploads\/2021\/12\/nasui.png","datePublished":"2021-12-13T10:35:31+00:00","breadcrumb":{"@id":"https:\/\/mhf.ro\/mm\/reparatia-conductelor-in-capitala-va-dura-89-de-ani\/#breadcrumb"},"inLanguage":"ro-RO","potentialAction":[{"@type":"ReadAction","target":["https:\/\/mhf.ro\/mm\/reparatia-conductelor-in-capitala-va-dura-89-de-ani\/"]}]},{"@type":"ImageObject","inLanguage":"ro-RO","@id":"https:\/\/mhf.ro\/mm\/reparatia-conductelor-in-capitala-va-dura-89-de-ani\/#primaryimage","url":"https:\/\/mhf.ro\/mm\/wp-content\/uploads\/2021\/12\/nasui.png","contentUrl":"https:\/\/mhf.ro\/mm\/wp-content\/uploads\/2021\/12\/nasui.png","width":800,"height":440},{"@type":"BreadcrumbList","@id":"https:\/\/mhf.ro\/mm\/reparatia-conductelor-in-capitala-va-dura-89-de-ani\/#breadcrumb","itemListElement":[{"@type":"ListItem","position":1,"name":"Prima pagin\u0103","item":"https:\/\/mhf.ro\/mm\/"},{"@type":"ListItem","position":2,"name":"Repara\u0163ia conductelor \u00een Capital\u0103 va dura 89 de ani"}]},{"@type":"WebSite","@id":"https:\/\/mhf.ro\/mm\/#website","url":"https:\/\/mhf.ro\/mm\/","name":"MHF Photography \u2013 Blog de fotografie, natur\u0103 \u0219i tehnic\u0103 divers\u0103","description":"Aventur\u0103 \u00een fiecare cadru.","publisher":{"@id":"https:\/\/mhf.ro\/mm\/#\/schema\/person\/a3bebf7bdb4bf12f698aff73c7e46c21"},"potentialAction":[{"@type":"SearchAction","target":{"@type":"EntryPoint","urlTemplate":"https:\/\/mhf.ro\/mm\/?s={search_term_string}"},"query-input":{"@type":"PropertyValueSpecification","valueRequired":true,"valueName":"search_term_string"}}],"inLanguage":"ro-RO"},{"@type":["Person","Organization"],"@id":"https:\/\/mhf.ro\/mm\/#\/schema\/person\/a3bebf7bdb4bf12f698aff73c7e46c21","name":"Marius Marcu","image":{"@type":"ImageObject","inLanguage":"ro-RO","@id":"https:\/\/mhf.ro\/mm\/#\/schema\/person\/image\/","url":"https:\/\/mhf.ro\/mm\/wp-content\/uploads\/2025\/12\/cropped-logo_mhf_2.png","contentUrl":"https:\/\/mhf.ro\/mm\/wp-content\/uploads\/2025\/12\/cropped-logo_mhf_2.png","width":1096,"height":457,"caption":"Marius Marcu"},"logo":{"@id":"https:\/\/mhf.ro\/mm\/#\/schema\/person\/image\/"},"sameAs":["https:\/\/mhf.ro\/mm"],"url":"https:\/\/mhf.ro\/mm\/author\/mihai\/"}]}},"_links":{"self":[{"href":"https:\/\/mhf.ro\/mm\/wp-json\/wp\/v2\/posts\/5785","targetHints":{"allow":["GET"]}}],"collection":[{"href":"https:\/\/mhf.ro\/mm\/wp-json\/wp\/v2\/posts"}],"about":[{"href":"https:\/\/mhf.ro\/mm\/wp-json\/wp\/v2\/types\/post"}],"author":[{"embeddable":true,"href":"https:\/\/mhf.ro\/mm\/wp-json\/wp\/v2\/users\/1"}],"replies":[{"embeddable":true,"href":"https:\/\/mhf.ro\/mm\/wp-json\/wp\/v2\/comments?post=5785"}],"version-history":[{"count":1,"href":"https:\/\/mhf.ro\/mm\/wp-json\/wp\/v2\/posts\/5785\/revisions"}],"predecessor-version":[{"id":5787,"href":"https:\/\/mhf.ro\/mm\/wp-json\/wp\/v2\/posts\/5785\/revisions\/5787"}],"wp:featuredmedia":[{"embeddable":true,"href":"https:\/\/mhf.ro\/mm\/wp-json\/wp\/v2\/media\/5786"}],"wp:attachment":[{"href":"https:\/\/mhf.ro\/mm\/wp-json\/wp\/v2\/media?parent=5785"}],"wp:term":[{"taxonomy":"category","embeddable":true,"href":"https:\/\/mhf.ro\/mm\/wp-json\/wp\/v2\/categories?post=5785"},{"taxonomy":"post_tag","embeddable":true,"href":"https:\/\/mhf.ro\/mm\/wp-json\/wp\/v2\/tags?post=5785"}],"curies":[{"name":"wp","href":"https:\/\/api.w.org\/{rel}","templated":true}]}}