{"id":5794,"date":"2021-12-15T23:02:06","date_gmt":"2021-12-15T21:02:06","guid":{"rendered":"https:\/\/mhf.ro\/mm\/?p=5794"},"modified":"2021-12-26T20:27:57","modified_gmt":"2021-12-26T18:27:57","slug":"sf-elefterie","status":"publish","type":"post","link":"https:\/\/mhf.ro\/mm\/sf-elefterie\/","title":{"rendered":"Sf. Elefterie"},"content":{"rendered":"<div class=\"owl-articol\">\n<div id=\"owlcarousel_node_articol\" class=\"owlcarousel_node_articol owl-carousel owl-theme\">\n<div class=\"owl-wrapper-outer\">\n<div class=\"owl-wrapper\">\n<div class=\"owl-item\">\n<div class=\"item-0\">\n<p><a class=\"colorbox init-colorbox-processed cboxElement\" title=\"\" href=\"https:\/\/doxologia.ro\/sites\/default\/files\/styles\/media-articol-colorbox\/public\/viatasfant\/2012\/11\/12-15-sf_elefterie.jpg?itok=L6Zv0Thm\" rel=\"gallery-all\"><img fetchpriority=\"high\" decoding=\"async\" title=\"\" src=\"https:\/\/doxologia.ro\/sites\/default\/files\/styles\/articol\/public\/viatasfant\/2012\/11\/12-15-sf_elefterie.jpg?itok=w4awPOcx\" alt=\"\" width=\"459\" height=\"611\" \/><\/a><\/p>\n<div class=\"overtitle\"><\/div>\n<\/div>\n<\/div>\n<\/div>\n<\/div>\n<\/div>\n<\/div>\n<div class=\"body field\">\n<p class=\"rtejustify\">P\u0103rin\u021bii lui Elefterie erau de bun neam, str\u0103luci\u021bi \u0219i boga\u021bi, iar maica lui s-a \u00eenvrednicit de mai mare cinste \u0219i slav\u0103 pentru credin\u021ba \u00een Hristos, \u00eenv\u0103\u021bat\u0103 fiind de Sf\u00e2ntul Apostol Pavel, care a botezat-o \u0219i numele ei era Antia. D\u00e2nsa, n\u0103sc\u00e2nd pe acest sf\u00e2nt, i-a pus numele de Elefterie \u0219i l-a crescut bine \u00eentru bun\u0103 credin\u021b\u0103.<\/p>\n<p class=\"rtejustify\">Deci, ajung\u00e2nd el \u00een v\u00e2rst\u0103, l-au dat lui Dumnezeu, prin m\u00e2inile arhiepiscopului Romei, Anichit, ca un dar cu adev\u0103rat vrednic lui Dumnezeu. Iar arhiepiscopul, v\u0103z\u00e2nd pe copil cu deprinderi bune, l-a pus \u00een r\u00e2nduiala clericilor \u0219i, \u00een al cincisprezecelea an al v\u00e2rstei lui, l-a f\u0103cut diacon, iar \u00een al optsprezecelea an, l-a hirotonit preot \u0219i \u00een al dou\u0103zecilea an al vie\u021bii lui, l-a ales episcop al Iliricului.<\/p>\n<p class=\"rtejustify\">\u00cemp\u0103ratul Adrian a \u00eenceput \u0219i a prigoni pe cre\u0219tini. Dar mai \u00eent\u00e2i se silea a lua dintre cre\u0219tini pe Elefterie, voind a pierde pe \u00eenv\u0103\u021b\u0103torii cei mai ale\u0219i ai dreptei-credin\u021be \u0219i a-i smulge ca pe ni\u0219te spice mai alese din holda lui Hristos. \u00cemp\u0103ratul a trimis cu cumplit\u0103 porunc\u0103 pe un voievod Felix, ca s\u0103 aduc\u0103 cu sila pe Elefterie la judecata \u00eemp\u0103r\u0103teasc\u0103. Acela, ajung\u00e2nd la Iliric, a nimerit \u00een acea vreme c\u00e2nd bunul p\u0103stor hr\u0103nea, \u00een biserica Domnului, oile sale cele cuv\u00e2nt\u0103toare cu p\u0103\u0219unea duhovnice\u0219tilor cuvinte.<\/p>\n<p class=\"rtejustify\">Deci, \u00eenconjur\u00e2nd biserica cu osta\u0219i, a intrat singur \u00een\u0103untru, c\u0103ut\u00e2nd cu s\u0103lb\u0103ticie \u0219i cu chipul ar\u0103t\u00e2nd cruzimea celui ce-l trimisese. Dar, v\u0103z\u00e2ndu-l pe Elefterie cu at\u00e2ta bun\u0103 podoab\u0103 \u0219i auzind dulcea limb\u0103 \u0219i prea\u00een\u021beleapta \u00eenv\u0103\u021b\u0103tur\u0103, s-a minunat foarte mult c\u0103 ie\u0219ea din gura sa un dulce izvor de \u00eenv\u0103\u021b\u0103tur\u0103, \u00eenv\u0103\u021b\u00e2ndu-i pe cei ce-l ascultau bun\u0103credin\u021ba. De aceea a stat \u0219i el \u0219i a ascultat cu luare-aminte cele ce se spuneau despre Hristos \u0219i despre puterea Lui. Apoi, schimb\u00e2nd iu\u021bimea \u00een bl\u00e2nde\u021be, c\u0103ci avea holda inimii lesnicioas\u0103 c\u0103tre primirea cuv\u00e2ntului lui Dumnezeu, din lup s-a f\u0103cut oaie \u0219i din prigonitor, ucenic, uit\u00e2nd cele dint\u00e2i; din t\u00e2lhar s-a f\u0103cut slug\u0103 bun\u0103 \u0219i credincioas\u0103 lui Hristos, pe care-L prigonea.<\/p>\n<p class=\"rtejustify\">Trec\u00e2nd cu vederea porunca cea \u00eemp\u0103r\u0103teasc\u0103, a c\u0103zut la picioarele sf\u00e2ntului \u0219i din acel ceas nu se dep\u0103rta de \u00eenv\u0103\u021b\u0103torul s\u0103u, lumin\u00e2ndu-se cu cuvintele lui \u0219i \u00eent\u0103rindu-se \u00een buna-credin\u021b\u0103. Astfel, Felix, schimb\u00e2ndu-se din p\u0103g\u00e2n\u0103tate \u00een dreapta-credin\u021b\u0103, nu se mai g\u00e2ndea s\u0103 se \u00eentoarc\u0103 la cel care-l trimisese; iar Sf\u00e2ntul Elefterie, dorind s\u0103 rabde p\u00e2n\u0103 la s\u00e2nge pentru credin\u021ba \u00een Hristos, se s\u00e2rgui s\u0103 mearg\u0103 \u00eempreun\u0103 cu Felix la \u00eemp\u0103rat. Acesta, nu ca un voievod ducea pe cel legat, ci ca pe un mielu\u0219el urm\u00e2nd p\u0103storului. Dup\u0103 ce au ajuns la o ap\u0103, Felix &#8211; ca \u0219i famenul Candachiei, care a primit botezul de la apostolul Filip &#8211; s-a botezat \u0219i el de dumnezeiescul Elefterie \u0219i s-a dezbr\u0103cat de \u00eentunericul \u00eenchin\u0103rii idole\u0219ti ca de o hain\u0103 putred\u0103.<\/p>\n<p class=\"rtejustify\">Venind ei \u00een Roma, Felix n-a fost cunoscut de credincio\u0219i cum c\u0103 s-a unit cu Biserica lui Hristos \u0219i le-a povestit toate cele despre Elefterie. Iar acesta, fiind adus dup\u0103 porunca \u00eemp\u0103ratului \u00eenaintea judec\u0103\u021bii, a stat f\u0103r\u0103 fric\u0103 \u0219i cu m\u0103rime de suflet.<\/p>\n<p class=\"rtejustify\">C\u0103ut\u00e2nd spre el \u00eemp\u0103ratul \u0219i v\u0103z\u00e2ndu-l t\u00e2n\u0103r, frumos la fa\u021b\u0103, cu ochii lumino\u0219i \u0219i \u00eempodobit cu toate darurile fire\u0219ti, a zis: \u201ePentru ce o! Elefterie, ai l\u0103sat credin\u021ba p\u0103rinteasc\u0103 \u0219i, socotind \u00eentru nimic cinstirea zeilor, cinste\u0219ti un Dumnezeu nou, care nu numai c\u0103 a murit, ci \u0219i cu o moarte preacumplit\u0103 a murit\u201d. Dar Elefterie nu voia s\u0103 r\u0103spund\u0103 celui ce vorbea f\u0103r\u0103-de-minte, urm\u00e2nd lui Hristos, care t\u0103cea \u00een patima S\u0103 \u00eenaintea lui Pilat \u0219i chiar \u00eenaintea lui Irod nimic nu r\u0103spundea. \u00cemp\u0103ratul iar\u0103\u0219i a zis: \u201eR\u0103spunde, pentru ce te-ai f\u0103cut a\u0219a f\u0103r\u0103-de-minte, amestec\u00e2ndu-te cu credin\u021ba cre\u0219tineasc\u0103? Pleac\u0103-te mie \u0219i jertfe\u0219te zeilor. Dac\u0103 te vei \u00eentoarce, cu mare cinste te voi cinsti; iar de nu, grele munci voi aduce asupra ta\u201d.<\/p>\n<p class=\"rtejustify\">Elefterie a r\u0103spuns: \u201eCum pot s\u0103 slujesc unor zei nesim\u021bitori ca ace\u0219tia \u0219i unor idoli f\u0103r\u0103 suflet sau s\u0103 m\u0103 unesc cu voi, care le sluji\u021bi lor. Eu v\u0103 \u0219i pl\u00e2ng pe voi, care v\u0103 \u00eenchina\u021bi lor; c\u0103ci Dumnezeul cel adev\u0103rat cinstindu-v\u0103 pe voi cu cuv\u00e2ntarea, voi v-a\u021bi f\u0103cut mai necuv\u00e2nt\u0103tori \u0219i mai necinsti\u021bi dec\u00e2t lemnele \u0219i pietrele, \u00eenc\u00e2t pe acelea le socoti\u021bi a v\u0103 fi vou\u0103 zei, l\u0103s\u00e2nd pe adev\u0103ratul Dumnezeu, care cu \u00een\u021belepciune ne-a f\u0103cut pe to\u021bi \u0219i toat\u0103 lumea a zidit-o. Pentru c\u0103 cerul \u0219i p\u0103m\u00e2ntul sunt zidirile Lui, iar noi suntem, dintr-acele lucruri care le-a creat, lucrul cel mai frumos \u0219i mai cinstit, m\u0103car c\u0103 ne r\u0103t\u0103cim, umbl\u00e2nd \u00een ne\u0219tiin\u021b\u0103 ca \u00eentr-o noapte \u0219i necunosc\u00e2nd ce este de folos \u0219i ce nu este, ridic\u0103m r\u0103zboi \u00eempotriva Dumnezeului nostru. Iar pe aceia care sunt cu adev\u0103rat vr\u0103jma\u0219ii \u0219i potrivnicii no\u0219tri, adic\u0103 diavolii, o! nebunie! \u00eei socoti\u021bi a fi domni \u0219i zei \u0219i \u00eei sl\u0103vi\u021bi cu daruri \u0219i cu jertfe! Eu m\u0103 lipesc de Domnul meu \u0219i sunt unit pururea cu El \u0219i St\u0103p\u00e2nului meu Hristos \u00eei slujesc. Iar cinstirile \u0219i darurile tale pe care mi le f\u0103g\u0103duie\u0219ti, cum \u0219i muncile \u0219i caznele cele \u00eenfrico\u0219ate \u0219i cumplite cu care ne \u00eengroze\u0219ti, le socotesc c\u0103 pe ni\u0219te juc\u0103rii \u0219i s\u0103ge\u021bi de copii; c\u0103ci eu m-am lep\u0103dat de lume \u0219i m-am r\u0103stignit, ca \u00eenv\u0103\u021b\u0103torul meu Pavel \u0219i moartea pentru Hristos o socotesc desf\u0103tare, slav\u0103 \u0219i veselie\u201d.<\/p>\n<p class=\"rtejustify\">Auzind \u00eemp\u0103ratul, s-a umplut de m\u00e2nie \u0219i a poruncit s\u0103 aduc\u0103 un pat de aram\u0103 \u0219i dedesubt s\u0103 pun\u0103 mul\u021bime de j\u0103ratec; iar deasupra s\u0103-l \u00eentind\u0103 gol pe mucenic \u0219i s\u0103 aprind\u0103 ne\u00eencetat c\u0103rbuni dedesubt, p\u00e2n\u0103 c\u00e2nd va muri. Fiind preg\u0103tit patul, s-a suit sf\u00e2ntul mucenic \u0219i s-a \u00eentins cu tot trupul. Poporul care se adunase oc\u0103ra pe \u00eemp\u0103rat pentru acea tiranie, zic\u00e2nd: \u201ePentru ce piere r\u0103u, ca unul din f\u0103c\u0103torii de rele, acest b\u0103rbat cinstit \u0219i sl\u0103vit, de bun neam \u0219i prea\u00een\u021belept?\u201d. Dar Dumnezeu din \u00een\u0103l\u021bime u\u0219ura durerile mucenicului care sta, parc\u0103 ar fi stropit de rou\u0103 \u0219i a\u0219ezat pe trandafiri, pe acel pat. \u00cembl\u00e2nzindu-se, \u00eemp\u0103ratul a poruncit s\u0103-l ia de pe acel pat, par\u00e2ndu-i c\u0103 ar fi de acum mort. Dar acesta s-a sculat de pe pat viu \u0219i s\u0103n\u0103tos, nev\u0103t\u0103mat de foc, vesel \u0219i plin de bucurie, c\u00e2nt\u00e2nd: \u00cen\u0103l\u021ba-Te-voi, Dumnezeul meu, \u00cemp\u0103ratul meu \u0219i bine voi cuv\u00e2nta numele T\u0103u \u00een veci; l\u0103uda-voi pe Dumnezeul care vesele\u0219te tinere\u021bile mele; toate neamurile vor l\u0103uda lucrurile Tale, Doamne, puterea \u0219i minunile Tale vor povesti.<\/p>\n<p class=\"rtejustify\">Sf\u00e2ntul Elefterie, l\u0103ud\u00e2nd pe Dumnezeu, st\u0103tea cu \u00eendr\u0103zneal\u0103 \u00eenaintea tiranului, zic\u00e2nd: \u201eCaut\u0103, o! \u00eemp\u0103rate, asupra mea, care socote\u0219ti c\u0103 sunt mistuit de foc \u0219i cunoa\u0219te pe Hristos cel propov\u0103duit de mine, cunoa\u0219te \u0219i neputin\u021ba zeilor t\u0103i\u201d. \u00cemp\u0103ratul, socotindu-se luat \u00een r\u00e2s \u0219i aduc\u00eendu-i-se acea ocar\u0103, se g\u00e2ndea cum s\u0103-l pedepseasc\u0103 mai cumplit. S-a adus din nou un gr\u0103tar de fier \u00eencins \u00een foc, iar deasupra turnau untdelemn \u00eencins; dar nici de ast\u0103 dat\u0103 n-a l\u0103sat Dumnezeu pe mucenicul s\u0103u, pentru c\u0103, fiind pus pe gr\u0103tar, \u00eendat\u0103 s-a stins focul, gr\u0103tarul s-a r\u0103cit \u0219i nu mai ardea untdelemnul pe el, iar mucenicul era nev\u0103t\u0103mat. Dar \u00eemp\u0103ratul nu s-a lini\u0219tit, ci mai aprig s-a pornit asupra sf\u00e2ntului. C\u0103ci ca un orb numai aceast\u0103 avea \u00eenaintea sa, ca, muncind pe sf\u00e2ntul, s\u0103 fac\u0103 spre pl\u0103cerea zeilor s\u0103i, care sunt diavoli ucig\u0103tori de oameni.<\/p>\n<p class=\"rtejustify\">A poruncit apoi s\u0103 aduc\u0103 o tigaie \u0219i s-o umple cu cear\u0103, smoal\u0103 \u0219i cu seu, s-o pun\u0103 pe foc \u0219i s\u0103-l bage pe sf\u00e2nt \u00eentr-\u00eensa. Elefterie de-abia a\u0219tepta, dar \u00eemp\u0103ratul l-a oprit, zic\u00e2ndu-i: \u201eNu z\u0103bovi, o! Elefterie, st\u00e2nd \u00een pragul mor\u021bii, ci, alege-\u021bi cele ce-\u021bi sunt de folos. Pentru c\u0103 eu foarte mult m\u0103 \u00eengrijesc de tine ca s\u0103 nu pieri \u0219i te iubesc ca pe fiul meu \u0219i nu voiesc, pe zeii mei m\u0103 jur, s\u0103 se dea singur la pierzare un b\u0103rbat a\u0219a de bun \u0219i de neam, dulce vorbitor \u0219i cu fa\u021ba frumoas\u0103 \u0219i nu pentru altceva, dec\u00e2t numai pentru neplecarea cea de\u0219art\u0103 a grumazului s\u0103u celui \u00eempietrit\u201d.<\/p>\n<p class=\"rtejustify\">Mucenicul \u00eens\u0103 \u00eei r\u0103spundea cu b\u0103rb\u0103\u021bie, \u00eel def\u0103ima, numindu-l lup care p\u00e2nde\u0219te oile lui Hristos. Apoi a zis: \u201eOrice vei face nu m\u0103 vei putea pleca de la dreapta credin\u021b\u0103\u201d. Atunci, m\u00e2niindu-se Adrian, a poruncit s\u0103-l \u00eentind\u0103 \u00een tigaie. Acestea f\u0103c\u00e2ndu-se, iar\u0103\u0219i dumnezeiasca pronie a f\u0103cut ceea ce a f\u0103cut \u00eent\u00e2i, adic\u0103 focul l-a pref\u0103cut \u00een rou\u0103 \u0219i un v\u00e2nt r\u0103coros b\u0103tea peste acest b\u0103rbat. Adrian, ne\u0219tiind ce s\u0103 mai fac\u0103, v\u0103z\u00e2nd c\u0103 tot ce face i se \u00eentoarce \u00eempotriv\u0103, se minun\u0103, nedumerindu-se. Atunci era eparh al cet\u0103\u021bii Coremon, b\u0103rbat ales care era maestru \u0219i \u0219tia multe feluri de munci. V\u0103z\u00e2nd pe \u00eemp\u0103rat foarte tulburat c\u0103 nu \u0219tie ce s\u0103-i mai fac\u0103 mucenicului ca s\u0103-l \u00eendoaie, a zis: \u201eEu, \u00eemp\u0103rate, voiesc s\u0103 te scot din grij\u0103 \u0219i osteneal\u0103 pentru Elefterie \u0219i s\u0103-l fac ori s\u0103 \u00eemplineasc\u0103 voia ta, ori s\u0103 moar\u0103\u201d.<\/p>\n<p class=\"rtejustify\">Acestea zic\u00e2nd, a poruncit s\u0103 fac\u0103 un cuptor de aram\u0103 cu fiare ascu\u021bite \u0219i s\u0103-l bage pe Elefterie \u00eentr-\u00eensul. Eparhul \u0219tia credin\u021ba \u00een Hristos, \u00eenv\u0103\u021bat fiind de Felix, dar fiind prieten al \u00eemp\u0103ratului, pentru slav\u0103 cea vremelnic\u0103, nu s-a lep\u0103dat de credin\u021ba idoleasc\u0103. Preg\u0103tind el acea cumplit\u0103 cazn\u0103 pentru mucenic, sf\u00e2ntul \u0219i-a ridicat ochii s\u0103i suflete\u0219ti \u0219i trupe\u0219ti \u0219i toat\u0103 mintea \u0219i-a \u00eendreptat-o spre Dumnezeu, umpl\u00e2ndu-se de o bucurie f\u0103r\u0103 seam\u0103n \u0219i zic\u00e2nd: \u201eMul\u021bumescu-\u021bi \u021aie, Doamne, Iisuse Hristoase, Dumnezeul meu, c\u0103 m-ai \u00eenvrednicit de at\u00e2tea bun\u0103t\u0103\u021bi; c\u0103ci cu m\u00e2na Ta cea tare m-ai \u00eenvrednicit a r\u0103bda toate, pentru numele T\u0103u cel sf\u00e2nt. Deci, acum caut\u0103 din cer \u0219i vezi ce au f\u0103ptuit asupra mea cei ce m\u0103 ur\u0103sc, izb\u0103ve\u0219te sufletul meu de \u00een\u021bep\u0103turile lor \u0219i de b\u0103rba\u021bii s\u00e2ngelui m\u0103 p\u0103ze\u0219te, ca un bun, ca s\u0103 Te cunoasc\u0103 to\u021bi pe Tine unul Dumnezeu, p\u00e2n\u0103 la toate marginile p\u0103m\u00e2ntului\u201d.<\/p>\n<p class=\"rtejustify\">Apoi, rug\u00e2ndu-se pentru cei ce-l munceau, ca \u0219i Sf\u00e2ntul \u0218tefan pentru cei ce-l ucideau cu pietre, a zis: \u201eAtinge-te de inimile lor o! St\u0103p\u00e2ne, cela ce e\u0219ti bogat \u00eentru mil\u0103, iar numele T\u0103u cel sf\u00e2nt f\u0103-L lor cunoscut \u0219i adu-i c\u0103tre voia Ta cea sf\u00e2nt\u0103, ca s\u0103 Te cunoasc\u0103 pe Tine, unul adev\u0103ratul Dumnezeu \u0219i s\u0103 lase \u00eenchin\u0103ciunea idoleasc\u0103 cea pierz\u0103toare, c\u0103 bine e\u0219ti cuv\u00e2ntat \u00een veci. Amin\u201d.<\/p>\n<p class=\"rtejustify\">Rug\u00e2ndu-se astfel mucenicul, Coremon, eparhul asculta cu luare-aminte cuvintele gr\u0103ite de cel \u00een rug\u0103ciune \u0219i \u00eendat\u0103 s-a aprins \u00een el dreapta credin\u021b\u0103, cea mai dinainte primit\u0103 \u0219i schimb\u00e2ndu-l deodat\u0103, ca \u0219i cum n-ar fi fost acela care dorea moartea mucenicului, apropiindu-se de \u00eemp\u0103rat a zis: \u201ePentru ce se d\u0103 Elefterie cel f\u0103r\u0103 de vin\u0103 spre ni\u0219te munci ca acestea? Pentru care pricin\u0103 se os\u00e2nde\u0219te spre o moarte cumplit\u0103 ca aceasta?\u201d.<\/p>\n<p class=\"rtejustify\">\u00cemp\u0103ratul, mir\u00e2ndu-se de cuvintele lui, s-a tulburat \u0219i c\u0103ut\u00e2nd cu iu\u021bime asupra lui, l-a \u00eentrebat de ce \u0219i-a schimbat g\u00e2ndul a\u0219a degrab\u0103? Apoi \u00eei zicea: \u201eEu pe tine te-am cinstit mai mult dec\u00e2t pe oricare alt boier al palatului meu, \u021bi-am dat bog\u0103\u021bie mult\u0103, te-am f\u0103cut eparh. Oare e\u0219ti iubitor de argint \u0219i ai luat de la mama lui Elefterie aur \u0219i acela te-a schimbat deodat\u0103? Dar nu-\u021bi ajung darurile mele, bog\u0103\u021bia, slava, averea, cinstea cu care te-am f\u0103cut cunoscut \u00een toat\u0103 Roma? Iar de pofte\u0219ti ceva mai mult de la mine, iat\u0103, toate visteriile mele sunt deschise \u00eenaintea ta; ia cu am\u00e2ndou\u0103 m\u00e2inile precum \u00ee\u021bi place \u0219i nu te l\u0103sa cump\u0103rat de o femeie pe ascuns, pentru pu\u021bin aur\u201d.<\/p>\n<p class=\"rtejustify\">Coremon, umpl\u00e2ndu-se cu totul de Duhul Sf\u00e2nt \u0219i cu rug\u0103ciunile cele mucenice\u0219ti av\u00e2nd mintea luminat\u0103, a strigat: \u201eCinstea ta s\u0103 fie cu tine spre pierzare \u0219i aurul t\u0103u s\u0103-l ard\u0103 focul care te a\u0219teapt\u0103 \u00een munc\u0103; c\u0103ci te-ai f\u0103cut orb de voia ta, fa\u021b\u0103 de adev\u0103r \u0219i nu cuno\u0219ti neputin\u021ba zeilor t\u0103i, care nu pot izb\u0103vi de focul acesta pe nici unul din voi; iar Dumnezeul acela, pe care \u00eel cinste\u0219te Elefterie, l-a f\u0103cut pe el mai tare dec\u00e2t focul \u0219i mai presus dec\u00e2t orice fel de munci\u201d.<\/p>\n<p class=\"rtejustify\">Cu acele cuvinte s-a pornit \u00eemp\u0103ratul spre negr\u0103it\u0103 m\u00e2nie, c\u0103ci a\u0219a este obi\u0219nuit ca prieteniile mari s\u0103 nasc\u0103 vr\u0103jm\u0103\u0219ii mari. Deci a poruncit s\u0103 arunce pe eparh \u00een cuptorul acela pe care l-a preg\u0103tit mucenicului Elefterie \u0219i c\u00e2nd s-a apropiat Coremon de cuptor \u0219i a v\u0103zut \u00eenfrico\u0219ata v\u0103paie a strigat c\u0103tre Sf\u00e2ntul Elefterie: \u201eRoag\u0103-te pentru mine \u0219i m\u0103 \u00eenarmeaz\u0103 \u0219i pe mine cu aceea\u0219i arm\u0103 a lui Hristos, cu care ai \u00eenarmat pe voievodul Felix\u201d. \u0218i fiind \u00eenarmat de mucenic cu semnul Sfinte Cruci, s-a aruncat \u00een cuptor \u0219i nev\u0103t\u0103mat s-a aflat acolo; iar dup\u0103 un ceas a ie\u0219it s\u0103n\u0103tos, mul\u021bumind \u0219i l\u0103ud\u00e2nd pe Domnul.<\/p>\n<p class=\"rtejustify\">Adrian, ostenind cu muncile, a poruncit s\u0103-i taie capul lui Coremon; \u0219i astfel au luat sf\u00e2r\u0219it p\u0103timirile sale \u0219i \u00een pu\u021bin\u0103 vreme a luat comoara cea ve\u0219nic\u0103 \u0219i bucuria cea negr\u0103it\u0103. Dup\u0103 aceast\u0103 a aruncat pe Sf\u00e2ntul Elefterie \u00een acel cuptor, iar focul s-a stins \u00eendat\u0103, fiarele s-au r\u0103cit \u0219i s-au rupt cele ascu\u021bite ca \u0219i cum s-au sfiit de trupul mucenicului, mustr\u00e2nd orbirea cea sufleteasc\u0103 a aceluia ce-l muncea \u0219i atr\u0103g\u00e2nd pe cei ce st\u0103teau \u00eemprejur, spre cuno\u0219tin\u021ba lui Dumnezeu, Celui ce f\u0103cea acele minuni preasl\u0103vite. Atunci au strigat cei ce erau \u00eemprejur: \u201eMare este Dumnezeul cre\u0219tinilor, cel m\u0103rturisit de Elefterie\u201d. Dar muncitorul r\u0103mase \u00een nepricepere \u0219i a hot\u0103r\u00e2t s\u0103-l bage \u00een temni\u021b\u0103 \u0219i apoi a adunat pe slujitori s\u0103 se sf\u0103tuiasc\u0103 cum s\u0103-l omoare pe Elefterie.<\/p>\n<p class=\"rtejustify\">Sf\u00e2ntul mucenic Elefterie a fost chinuit cu foame \u00een temni\u021b\u0103 multe zile; iar cel ce a trimis alt\u0103dat\u0103 hran\u0103 lui Daniil prin Avacum \u0219i lui Ilie prin corb, Acela n-a trecut cu vederea nici pe Elefterie, care se topea de foame, ci \u00eel hr\u0103nea cu hran\u0103 \u00eengereasc\u0103. Dup\u0103 aceast\u0103 a poruncit tiranul s\u0103 aduc\u0103 ni\u0219te cai s\u0103lbatici \u0219i s\u0103-l lege de ei, ca fiind t\u00e2r\u00e2t de d\u00e2n\u0219ii \u0219i rup\u00e2ndu-se, s\u0103 moar\u0103. Dar \u00een zadar \u00ee\u0219i pierdea vremea \u0219i se muncea, c\u0103ci pe c\u00e2nd el, ne\u00een\u021beleptul, nepriceputul, necuratul nu \u00eenceta cele rele a cugeta asupra sf\u00e2ntului, Domnul cel Atotputernic nu \u00eent\u00e2rzia a trimite din \u00eenalt ajutor. \u0218i a venit \u00eengerul Domnului \u0219i a dezlegat pe Elefterie \u0219i, r\u0103pindu-l din m\u00e2inile celor ce-l munceau, l-a suit \u00eentr-un munte, aproape de cetate, la loc pustiu unde s\u0103l\u0103\u0219luiau fiarele s\u0103lbatice. Acolo sf\u00e2ntul mucenic, \u00een\u0103l\u021b\u00e2nd laude lui Dumnezeu, vie\u021buia \u00eempreun\u0103 cu fiarele, bl\u00e2nde ca ni\u0219te oi, f\u0103r\u0103 fric\u0103, pentru c\u0103 leii \u0219i ur\u0219ii \u00eel \u00eenconjurau \u0219i se gudurau auzind glasul s\u0103u \u0219i, ca robii, urmau domnului s\u0103u, slujindu-l \u0219i p\u0103zindu-l.<\/p>\n<p class=\"rtejustify\">Dup\u0103 c\u00e2t\u0103va vreme, au aflat de d\u00e2nsul \u0219i v\u00e2n\u0103torii care umblau dup\u0103 v\u00e2nat prin pustie \u0219i au spus \u00eemp\u0103ratului Adrian, care a trimis osta\u0219i \u00eendat\u0103 c\u0103 s\u0103-l prind\u0103 pe Elefterie. Merg\u00e2nd \u0219i n\u0103v\u0103lind asupra lui osta\u0219ii, au n\u0103v\u0103lit fiarele asupra lor \u0219i i-ar fi sf\u00e2\u0219iat pe d\u00e2n\u0219ii, de nu le-ar fi oprit sf\u00e2ntul \u0219i de nu le-ar fi trimis \u00een pustie; iar el a purces cu osta\u0219ii spre \u00eemp\u0103rat, bucur\u00e2ndu-se de parc\u0103 ar fi mers la osp\u0103\u021b, vorbind cu d\u00e2n\u0219ii pe drum despre \u00cemp\u0103r\u0103\u021bia lui Dumnezeu \u0219i despre focul gheenei, care era preg\u0103tit \u00eenchin\u0103torilor de idoli, \u00eenc\u00e2t i-a f\u0103cut cre\u0219tini \u0219i i-a botezat pe cei ce erau cu d\u00e2nsul, fiind aproape cinci sute \u0219i au venit la \u00eemp\u0103ratul Adrian, la Roma. Iar acesta l-a os\u00e2ndit spre m\u00e2ncarea fiarelor &#8211; trimi\u021b\u00e2nd asupra sa o leoaic\u0103 foarte s\u0103lbatec\u0103 \u0219i ne\u00eembl\u00e2nzit\u0103, care mai \u00eent\u00e2i s-a pornit cu iu\u021beal\u0103 asupra sf\u00e2ntului, dar pe urm\u0103 s-a domolit \u0219i \u0219i-a plecat botul la picioarele lui \u0219i i-a lins talpele, de parc\u0103 ar fi avut glas \u0219i a \u00een\u021beles de sf\u00e2nt, smerindu-se \u00eenaintea lui.<\/p>\n<p class=\"rtejustify\">Nici aceste minuni nu le-a crezut tiranul \u00eemp\u0103rat, ci a crezut c\u0103 leoaica era parte femeiasc\u0103, care nu are at\u00e2ta putere \u0219i de aceea n-a v\u0103t\u0103mat pe sf\u00e2nt. Deci a poruncit s\u0103 aduc\u0103 un leu de parte b\u0103rb\u0103teasc\u0103, dar \u0219i acesta, v\u0103z\u00e2nd pe sf\u00e2nt, s-a ar\u0103tat mai bl\u00e2nd ca leoaica; \u0219i acesta \u00eei lingea \u0219i-i s\u0103ruta picioarele, se juca \u0219i se gudura pe l\u00e2ng\u0103 el bucur\u00e2ndu-se, ar\u0103t\u00e2nd \u00een\u021belegere \u0219i dragoste c\u0103tre sf\u00e2nt. Cei din jur, care aveau ochii suflete\u0219ti deschi\u0219i, v\u0103z\u00e2nd \u0219i aceste minuni, au strigat: \u201eMare este Dumnezeul cre\u0219tinilor\u201d.<\/p>\n<p class=\"rtejustify\">Cei orbi ziceau c\u0103 este vr\u0103jitor \u0219i fermec\u0103tor; pe ace\u0219tia i-a pedepsit Dumnezeu dup\u0103 dreptate, ca s\u0103 se astupe &#8211; dup\u0103 cum zice dumnezeiescul p\u0103rinte David &#8211; buzele cele viclene, care gr\u0103iesc asupra dreptului f\u0103r\u0103delege \u0219i def\u0103imare. C\u0103ci \u00eendat\u0103 ce au zis cuvintele cele de hul\u0103, nev\u0103zut r\u0103nindu-se, au murit.<\/p>\n<p class=\"rtejustify\">Tiranul, nepricep\u00e2nd ce s\u0103 mai fac\u0103, v\u0103z\u00e2nd pe sf\u00e2nt c\u0103 biruie\u0219te toate muncile, a poruncit s\u0103-i taie capul cu sabia; \u0219i aceasta f\u0103c\u00e2ndu-se \u0219i-a dat sufletul \u00een m\u00e2inile lui Dumnezeu. Iar maica sf\u00e2ntului, fericit\u0103 Antia, care privea cu bucurie spre nevoin\u021ba sf\u00e2ntului, cuprinz\u00e2nd trupul lui cel mort, \u00eel s\u0103ruta, veselindu-se cu duhul \u0219i mul\u021bumind c\u0103 s\u00e2ngele fiului s\u0103u cel luat dintr-\u00eensa, s-a v\u0103rsat pentru Hristos; apoi a c\u0103zut moart\u0103 l\u00e2ng\u0103 el, ucis\u0103 fiind cu sabia de cei necredincio\u0219i. Iar credincio\u0219ii ce erau din Iliric \u0219i cei din Avlona, adic\u0103 din episcopia mucenicului, lu\u00e2nd sfintele lor trupuri \u0219i cu miresme ung\u00e2ndu-le, le-au \u00eengropat cu cinste, l\u0103ud\u00e2nd pe Dumnezeu.(cf. doxologia.ro)<\/p>\n<\/div>\n","protected":false},"excerpt":{"rendered":"<p>P\u0103rin\u021bii lui Elefterie erau de bun neam, str\u0103luci\u021bi \u0219i boga\u021bi, iar maica lui s-a \u00eenvrednicit de mai mare cinste \u0219i<\/p>\n","protected":false},"author":4,"featured_media":5796,"comment_status":"open","ping_status":"open","sticky":false,"template":"","format":"standard","meta":{"colormag_page_container_layout":"default_layout","colormag_page_sidebar_layout":"default_layout","footnotes":""},"categories":[34],"tags":[],"class_list":["post-5794","post","type-post","status-publish","format-standard","has-post-thumbnail","hentry","category-religie"],"yoast_head":"<!-- This site is optimized with the Yoast SEO plugin v27.0 - https:\/\/yoast.com\/product\/yoast-seo-wordpress\/ -->\n<title>Sf. Elefterie - MHF Photography<\/title>\n<meta name=\"robots\" content=\"index, follow, max-snippet:-1, max-image-preview:large, max-video-preview:-1\" \/>\n<link rel=\"canonical\" href=\"https:\/\/mhf.ro\/mm\/sf-elefterie\/\" \/>\n<meta property=\"og:locale\" content=\"ro_RO\" \/>\n<meta property=\"og:type\" content=\"article\" \/>\n<meta property=\"og:title\" content=\"Sf. Elefterie - MHF Photography\" \/>\n<meta property=\"og:description\" content=\"P\u0103rin\u021bii lui Elefterie erau de bun neam, str\u0103luci\u021bi \u0219i boga\u021bi, iar maica lui s-a \u00eenvrednicit de mai mare cinste \u0219i\" \/>\n<meta property=\"og:url\" content=\"https:\/\/mhf.ro\/mm\/sf-elefterie\/\" \/>\n<meta property=\"og:site_name\" content=\"MHF Photography\" \/>\n<meta property=\"article:published_time\" content=\"2021-12-15T21:02:06+00:00\" \/>\n<meta property=\"article:modified_time\" content=\"2021-12-26T18:27:57+00:00\" \/>\n<meta property=\"og:image\" content=\"https:\/\/mhf.ro\/mm\/wp-content\/uploads\/2021\/12\/sf_elefterie.jpg\" \/>\n\t<meta property=\"og:image:width\" content=\"459\" \/>\n\t<meta property=\"og:image:height\" content=\"316\" \/>\n\t<meta property=\"og:image:type\" content=\"image\/jpeg\" \/>\n<meta name=\"author\" content=\"Preot paroh Horvat Petru\" \/>\n<meta name=\"twitter:card\" content=\"summary_large_image\" \/>\n<meta name=\"twitter:label1\" content=\"Scris de\" \/>\n\t<meta name=\"twitter:data1\" content=\"Preot paroh Horvat Petru\" \/>\n\t<meta name=\"twitter:label2\" content=\"Timp estimat pentru citire\" \/>\n\t<meta name=\"twitter:data2\" content=\"16 minute\" \/>\n<script type=\"application\/ld+json\" class=\"yoast-schema-graph\">{\"@context\":\"https:\/\/schema.org\",\"@graph\":[{\"@type\":\"Article\",\"@id\":\"https:\/\/mhf.ro\/mm\/sf-elefterie\/#article\",\"isPartOf\":{\"@id\":\"https:\/\/mhf.ro\/mm\/sf-elefterie\/\"},\"author\":{\"name\":\"Preot paroh Horvat Petru\",\"@id\":\"https:\/\/mhf.ro\/mm\/#\/schema\/person\/4c8c06c801b7b666e81ed44550086900\"},\"headline\":\"Sf. Elefterie\",\"datePublished\":\"2021-12-15T21:02:06+00:00\",\"dateModified\":\"2021-12-26T18:27:57+00:00\",\"mainEntityOfPage\":{\"@id\":\"https:\/\/mhf.ro\/mm\/sf-elefterie\/\"},\"wordCount\":3366,\"commentCount\":0,\"publisher\":{\"@id\":\"https:\/\/mhf.ro\/mm\/#\/schema\/person\/a3bebf7bdb4bf12f698aff73c7e46c21\"},\"image\":{\"@id\":\"https:\/\/mhf.ro\/mm\/sf-elefterie\/#primaryimage\"},\"thumbnailUrl\":\"https:\/\/mhf.ro\/mm\/wp-content\/uploads\/2021\/12\/sf_elefterie.jpg\",\"articleSection\":[\"Religie\"],\"inLanguage\":\"ro-RO\",\"potentialAction\":[{\"@type\":\"CommentAction\",\"name\":\"Comment\",\"target\":[\"https:\/\/mhf.ro\/mm\/sf-elefterie\/#respond\"]}]},{\"@type\":\"WebPage\",\"@id\":\"https:\/\/mhf.ro\/mm\/sf-elefterie\/\",\"url\":\"https:\/\/mhf.ro\/mm\/sf-elefterie\/\",\"name\":\"Sf. Elefterie - MHF Photography\",\"isPartOf\":{\"@id\":\"https:\/\/mhf.ro\/mm\/#website\"},\"primaryImageOfPage\":{\"@id\":\"https:\/\/mhf.ro\/mm\/sf-elefterie\/#primaryimage\"},\"image\":{\"@id\":\"https:\/\/mhf.ro\/mm\/sf-elefterie\/#primaryimage\"},\"thumbnailUrl\":\"https:\/\/mhf.ro\/mm\/wp-content\/uploads\/2021\/12\/sf_elefterie.jpg\",\"datePublished\":\"2021-12-15T21:02:06+00:00\",\"dateModified\":\"2021-12-26T18:27:57+00:00\",\"breadcrumb\":{\"@id\":\"https:\/\/mhf.ro\/mm\/sf-elefterie\/#breadcrumb\"},\"inLanguage\":\"ro-RO\",\"potentialAction\":[{\"@type\":\"ReadAction\",\"target\":[\"https:\/\/mhf.ro\/mm\/sf-elefterie\/\"]}]},{\"@type\":\"ImageObject\",\"inLanguage\":\"ro-RO\",\"@id\":\"https:\/\/mhf.ro\/mm\/sf-elefterie\/#primaryimage\",\"url\":\"https:\/\/mhf.ro\/mm\/wp-content\/uploads\/2021\/12\/sf_elefterie.jpg\",\"contentUrl\":\"https:\/\/mhf.ro\/mm\/wp-content\/uploads\/2021\/12\/sf_elefterie.jpg\",\"width\":459,\"height\":316},{\"@type\":\"BreadcrumbList\",\"@id\":\"https:\/\/mhf.ro\/mm\/sf-elefterie\/#breadcrumb\",\"itemListElement\":[{\"@type\":\"ListItem\",\"position\":1,\"name\":\"Prima pagin\u0103\",\"item\":\"https:\/\/mhf.ro\/mm\/\"},{\"@type\":\"ListItem\",\"position\":2,\"name\":\"Sf. Elefterie\"}]},{\"@type\":\"WebSite\",\"@id\":\"https:\/\/mhf.ro\/mm\/#website\",\"url\":\"https:\/\/mhf.ro\/mm\/\",\"name\":\"MHF Photography \u2013 Blog de fotografie, natur\u0103 \u0219i tehnic\u0103 divers\u0103\",\"description\":\"Aventur\u0103 \u00een fiecare cadru.\",\"publisher\":{\"@id\":\"https:\/\/mhf.ro\/mm\/#\/schema\/person\/a3bebf7bdb4bf12f698aff73c7e46c21\"},\"potentialAction\":[{\"@type\":\"SearchAction\",\"target\":{\"@type\":\"EntryPoint\",\"urlTemplate\":\"https:\/\/mhf.ro\/mm\/?s={search_term_string}\"},\"query-input\":{\"@type\":\"PropertyValueSpecification\",\"valueRequired\":true,\"valueName\":\"search_term_string\"}}],\"inLanguage\":\"ro-RO\"},{\"@type\":[\"Person\",\"Organization\"],\"@id\":\"https:\/\/mhf.ro\/mm\/#\/schema\/person\/a3bebf7bdb4bf12f698aff73c7e46c21\",\"name\":\"Marius Marcu\",\"image\":{\"@type\":\"ImageObject\",\"inLanguage\":\"ro-RO\",\"@id\":\"https:\/\/mhf.ro\/mm\/#\/schema\/person\/image\/\",\"url\":\"https:\/\/mhf.ro\/mm\/wp-content\/uploads\/2025\/12\/cropped-logo_mhf_2.png\",\"contentUrl\":\"https:\/\/mhf.ro\/mm\/wp-content\/uploads\/2025\/12\/cropped-logo_mhf_2.png\",\"width\":1096,\"height\":457,\"caption\":\"Marius Marcu\"},\"logo\":{\"@id\":\"https:\/\/mhf.ro\/mm\/#\/schema\/person\/image\/\"},\"sameAs\":[\"https:\/\/mhf.ro\/mm\"]},{\"@type\":\"Person\",\"@id\":\"https:\/\/mhf.ro\/mm\/#\/schema\/person\/4c8c06c801b7b666e81ed44550086900\",\"name\":\"Preot paroh Horvat Petru\",\"image\":{\"@type\":\"ImageObject\",\"inLanguage\":\"ro-RO\",\"@id\":\"https:\/\/mhf.ro\/mm\/#\/schema\/person\/image\/\",\"url\":\"https:\/\/secure.gravatar.com\/avatar\/c2d2dcdf21c6f41aad486d71768c144cd6e23cb7b63bae9bd6fab542b26ad321?s=96&d=monsterid&r=g\",\"contentUrl\":\"https:\/\/secure.gravatar.com\/avatar\/c2d2dcdf21c6f41aad486d71768c144cd6e23cb7b63bae9bd6fab542b26ad321?s=96&d=monsterid&r=g\",\"caption\":\"Preot paroh Horvat Petru\"},\"sameAs\":[\"https:\/\/mhf.ro\/mm\"],\"url\":\"https:\/\/mhf.ro\/mm\/author\/petrica\/\"}]}<\/script>\n<!-- \/ Yoast SEO plugin. -->","yoast_head_json":{"title":"Sf. Elefterie - MHF Photography","robots":{"index":"index","follow":"follow","max-snippet":"max-snippet:-1","max-image-preview":"max-image-preview:large","max-video-preview":"max-video-preview:-1"},"canonical":"https:\/\/mhf.ro\/mm\/sf-elefterie\/","og_locale":"ro_RO","og_type":"article","og_title":"Sf. Elefterie - MHF Photography","og_description":"P\u0103rin\u021bii lui Elefterie erau de bun neam, str\u0103luci\u021bi \u0219i boga\u021bi, iar maica lui s-a \u00eenvrednicit de mai mare cinste \u0219i","og_url":"https:\/\/mhf.ro\/mm\/sf-elefterie\/","og_site_name":"MHF Photography","article_published_time":"2021-12-15T21:02:06+00:00","article_modified_time":"2021-12-26T18:27:57+00:00","og_image":[{"width":459,"height":316,"url":"https:\/\/mhf.ro\/mm\/wp-content\/uploads\/2021\/12\/sf_elefterie.jpg","type":"image\/jpeg"}],"author":"Preot paroh Horvat Petru","twitter_card":"summary_large_image","twitter_misc":{"Scris de":"Preot paroh Horvat Petru","Timp estimat pentru citire":"16 minute"},"schema":{"@context":"https:\/\/schema.org","@graph":[{"@type":"Article","@id":"https:\/\/mhf.ro\/mm\/sf-elefterie\/#article","isPartOf":{"@id":"https:\/\/mhf.ro\/mm\/sf-elefterie\/"},"author":{"name":"Preot paroh Horvat Petru","@id":"https:\/\/mhf.ro\/mm\/#\/schema\/person\/4c8c06c801b7b666e81ed44550086900"},"headline":"Sf. Elefterie","datePublished":"2021-12-15T21:02:06+00:00","dateModified":"2021-12-26T18:27:57+00:00","mainEntityOfPage":{"@id":"https:\/\/mhf.ro\/mm\/sf-elefterie\/"},"wordCount":3366,"commentCount":0,"publisher":{"@id":"https:\/\/mhf.ro\/mm\/#\/schema\/person\/a3bebf7bdb4bf12f698aff73c7e46c21"},"image":{"@id":"https:\/\/mhf.ro\/mm\/sf-elefterie\/#primaryimage"},"thumbnailUrl":"https:\/\/mhf.ro\/mm\/wp-content\/uploads\/2021\/12\/sf_elefterie.jpg","articleSection":["Religie"],"inLanguage":"ro-RO","potentialAction":[{"@type":"CommentAction","name":"Comment","target":["https:\/\/mhf.ro\/mm\/sf-elefterie\/#respond"]}]},{"@type":"WebPage","@id":"https:\/\/mhf.ro\/mm\/sf-elefterie\/","url":"https:\/\/mhf.ro\/mm\/sf-elefterie\/","name":"Sf. Elefterie - MHF Photography","isPartOf":{"@id":"https:\/\/mhf.ro\/mm\/#website"},"primaryImageOfPage":{"@id":"https:\/\/mhf.ro\/mm\/sf-elefterie\/#primaryimage"},"image":{"@id":"https:\/\/mhf.ro\/mm\/sf-elefterie\/#primaryimage"},"thumbnailUrl":"https:\/\/mhf.ro\/mm\/wp-content\/uploads\/2021\/12\/sf_elefterie.jpg","datePublished":"2021-12-15T21:02:06+00:00","dateModified":"2021-12-26T18:27:57+00:00","breadcrumb":{"@id":"https:\/\/mhf.ro\/mm\/sf-elefterie\/#breadcrumb"},"inLanguage":"ro-RO","potentialAction":[{"@type":"ReadAction","target":["https:\/\/mhf.ro\/mm\/sf-elefterie\/"]}]},{"@type":"ImageObject","inLanguage":"ro-RO","@id":"https:\/\/mhf.ro\/mm\/sf-elefterie\/#primaryimage","url":"https:\/\/mhf.ro\/mm\/wp-content\/uploads\/2021\/12\/sf_elefterie.jpg","contentUrl":"https:\/\/mhf.ro\/mm\/wp-content\/uploads\/2021\/12\/sf_elefterie.jpg","width":459,"height":316},{"@type":"BreadcrumbList","@id":"https:\/\/mhf.ro\/mm\/sf-elefterie\/#breadcrumb","itemListElement":[{"@type":"ListItem","position":1,"name":"Prima pagin\u0103","item":"https:\/\/mhf.ro\/mm\/"},{"@type":"ListItem","position":2,"name":"Sf. Elefterie"}]},{"@type":"WebSite","@id":"https:\/\/mhf.ro\/mm\/#website","url":"https:\/\/mhf.ro\/mm\/","name":"MHF Photography \u2013 Blog de fotografie, natur\u0103 \u0219i tehnic\u0103 divers\u0103","description":"Aventur\u0103 \u00een fiecare cadru.","publisher":{"@id":"https:\/\/mhf.ro\/mm\/#\/schema\/person\/a3bebf7bdb4bf12f698aff73c7e46c21"},"potentialAction":[{"@type":"SearchAction","target":{"@type":"EntryPoint","urlTemplate":"https:\/\/mhf.ro\/mm\/?s={search_term_string}"},"query-input":{"@type":"PropertyValueSpecification","valueRequired":true,"valueName":"search_term_string"}}],"inLanguage":"ro-RO"},{"@type":["Person","Organization"],"@id":"https:\/\/mhf.ro\/mm\/#\/schema\/person\/a3bebf7bdb4bf12f698aff73c7e46c21","name":"Marius Marcu","image":{"@type":"ImageObject","inLanguage":"ro-RO","@id":"https:\/\/mhf.ro\/mm\/#\/schema\/person\/image\/","url":"https:\/\/mhf.ro\/mm\/wp-content\/uploads\/2025\/12\/cropped-logo_mhf_2.png","contentUrl":"https:\/\/mhf.ro\/mm\/wp-content\/uploads\/2025\/12\/cropped-logo_mhf_2.png","width":1096,"height":457,"caption":"Marius Marcu"},"logo":{"@id":"https:\/\/mhf.ro\/mm\/#\/schema\/person\/image\/"},"sameAs":["https:\/\/mhf.ro\/mm"]},{"@type":"Person","@id":"https:\/\/mhf.ro\/mm\/#\/schema\/person\/4c8c06c801b7b666e81ed44550086900","name":"Preot paroh Horvat Petru","image":{"@type":"ImageObject","inLanguage":"ro-RO","@id":"https:\/\/mhf.ro\/mm\/#\/schema\/person\/image\/","url":"https:\/\/secure.gravatar.com\/avatar\/c2d2dcdf21c6f41aad486d71768c144cd6e23cb7b63bae9bd6fab542b26ad321?s=96&d=monsterid&r=g","contentUrl":"https:\/\/secure.gravatar.com\/avatar\/c2d2dcdf21c6f41aad486d71768c144cd6e23cb7b63bae9bd6fab542b26ad321?s=96&d=monsterid&r=g","caption":"Preot paroh Horvat Petru"},"sameAs":["https:\/\/mhf.ro\/mm"],"url":"https:\/\/mhf.ro\/mm\/author\/petrica\/"}]}},"_links":{"self":[{"href":"https:\/\/mhf.ro\/mm\/wp-json\/wp\/v2\/posts\/5794","targetHints":{"allow":["GET"]}}],"collection":[{"href":"https:\/\/mhf.ro\/mm\/wp-json\/wp\/v2\/posts"}],"about":[{"href":"https:\/\/mhf.ro\/mm\/wp-json\/wp\/v2\/types\/post"}],"author":[{"embeddable":true,"href":"https:\/\/mhf.ro\/mm\/wp-json\/wp\/v2\/users\/4"}],"replies":[{"embeddable":true,"href":"https:\/\/mhf.ro\/mm\/wp-json\/wp\/v2\/comments?post=5794"}],"version-history":[{"count":5,"href":"https:\/\/mhf.ro\/mm\/wp-json\/wp\/v2\/posts\/5794\/revisions"}],"predecessor-version":[{"id":5829,"href":"https:\/\/mhf.ro\/mm\/wp-json\/wp\/v2\/posts\/5794\/revisions\/5829"}],"wp:featuredmedia":[{"embeddable":true,"href":"https:\/\/mhf.ro\/mm\/wp-json\/wp\/v2\/media\/5796"}],"wp:attachment":[{"href":"https:\/\/mhf.ro\/mm\/wp-json\/wp\/v2\/media?parent=5794"}],"wp:term":[{"taxonomy":"category","embeddable":true,"href":"https:\/\/mhf.ro\/mm\/wp-json\/wp\/v2\/categories?post=5794"},{"taxonomy":"post_tag","embeddable":true,"href":"https:\/\/mhf.ro\/mm\/wp-json\/wp\/v2\/tags?post=5794"}],"curies":[{"name":"wp","href":"https:\/\/api.w.org\/{rel}","templated":true}]}}