{"id":5798,"date":"2021-12-18T15:34:54","date_gmt":"2021-12-18T13:34:54","guid":{"rendered":"https:\/\/mhf.ro\/mm\/?p=5798"},"modified":"2021-12-18T15:34:54","modified_gmt":"2021-12-18T13:34:54","slug":"cartea-neamului-lui-iisus-hristos-matei-i-1-25-reflectii-de-la-parintele-c-tin-necula","status":"publish","type":"post","link":"https:\/\/mhf.ro\/mm\/cartea-neamului-lui-iisus-hristos-matei-i-1-25-reflectii-de-la-parintele-c-tin-necula\/","title":{"rendered":"Cartea Neamului lui Iisus Hristos&#8230;(Matei I, 1-25). Reflec\u021bii, de la P\u0103rintele C-tin Necula"},"content":{"rendered":"<div class=\"columns\">\n<h1 id=\"page-title\" class=\"title\"><span style=\"font-size: 16px;\">Mai sunt c\u00e2teva zile de postire pe calea Betleemului. Cumin\u021bi ori ba, crez\u00e2nd ori ba, sper\u00e2nd ori ba ne apropiem de Cetatea cea ne\u00eensemnat\u0103 a Betleemului. Din care profet nu se n\u0103scuse \u0219i nici alt renume nu-\u0219i c\u00e2\u0219tigase. O cetate. Matei, vame\u0219ul convertit, ne a\u0219az\u0103, \u00eenainte de a intra sub bolta pe\u0219terii-han Cerescului Copil, lista cu neamul S\u0103u.<\/span><\/h1>\n<\/div>\n<div class=\"large-9 main columns\">\n<article id=\"node-261592\" class=\"node node-articol view-mode-full\">\n<div class=\"owl-articol\">\n<div id=\"owlcarousel_node_articol\" class=\"owlcarousel_node_articol owl-carousel owl-theme\">\n<div class=\"owl-wrapper-outer\">\n<div class=\"owl-wrapper\">\n<div class=\"owl-item\">\n<div class=\"item-0\">\n<p><a class=\"colorbox init-colorbox-processed cboxElement\" title=\"Foto: Tudorel Rusu\" href=\"https:\/\/doxologia.ro\/sites\/default\/files\/styles\/media-articol-colorbox\/public\/articol\/2019\/12\/02_05_conferinta_foto_tudorel_rusu_17.jpg?itok=ZKSm9RPz\" rel=\"gallery-all\"><img fetchpriority=\"high\" decoding=\"async\" title=\"Foto: Tudorel Rusu\" src=\"https:\/\/doxologia.ro\/sites\/default\/files\/styles\/articol\/public\/articol\/2019\/12\/02_05_conferinta_foto_tudorel_rusu_17.jpg?itok=dXk7pwib\" alt=\"Foto: Tudorel Rusu\" width=\"915\" height=\"611\" \/><\/a><\/p>\n<div class=\"overtitle\">Foto: Tudorel Rusu<\/div>\n<div class=\"total-number\"><\/div>\n<\/div>\n<\/div>\n<\/div>\n<\/div>\n<\/div>\n<\/div>\n<div class=\"body field\">\n<p>O face \u0219i Luca (3. 23-38), descriind ascenden\u021ba lui Hristos \u00een Adam. \u00cen vreme ce Matei, atentul \u201econtabilizator\u201d al profe\u021biilor, conserv\u0103 descenden\u021ba M\u00e2ntuitorului din neamul lui Avraam, neam cu acela care urc\u0103 pe Moria spre a-\u0219i aduce fiul, Isaac, de jertf\u0103. Aten\u021bia la aceast\u0103 misiune aleas\u0103 a lui Avraam \u00eel face pe Evanghelist s\u0103 consemneze mereu, \u00een cheia \u00eemplinirii profe\u021biilor despre Mesia, am\u0103nuntele identific\u0103rii lui Iisus Hristos cu Cel A\u0219teptat. E lista unui neam \u00een a\u0219teptare. Care respirase cu fiecare genera\u021bie cuvintele adresate ispititorului, \u00eencarnat \u00een \u0219arpele c\u0103derii, de c\u0103tre Dumnezeu: \u201ePentru c\u0103 ai f\u0103cut aceasta, blestemat s\u0103 fii \u00eentre toate animalele \u0219i \u00eentre toate fiarele c\u00e2mpului; pe p\u00e2ntecele t\u0103u s\u0103 te t\u00e2r\u0103\u0219ti \u0219i \u021b\u0103r\u00e2n\u0103 s\u0103 m\u0103n\u00e2nci \u00een toate zilele vie\u021bii tale! Du\u0219m\u0103nie voi pune \u00eentre tine \u0219i \u00eentre femeie, \u00eentre s\u0103m\u00e2n\u021ba ta \u0219i s\u0103m\u00e2n\u021ba ei; aceasta \u00ee\u021bi va zdrobi capul, iar tu \u00eei vei \u00een\u021bepa c\u0103lc\u00e2iul.\u201d (Facere 3. 14-15). Astfel Matei insist\u0103 pe succesiunea genetic\u0103 a acestei \u201ea\u0219tept\u0103ri\u201d pe care \u2013 \u00eempreun\u0103 cu Sf\u00e2ntul Ioan Gur\u0103 de Aur \u2013 o numim o a\u0219teptare plin\u0103 de n\u0103dejde \u00een \u00eemplinire \u0219i du\u0219m\u0103nie \u00een ce-l prive\u0219te pe diavol. \u00centreg Vechiul Testament este o istorie a acestei \u00eenfrunt\u0103ri \u00eentre a\u0219teptare \u0219i lucrarea du\u0219manului m\u00e2ntuirii noastre. \u00cendr\u0103znesc s\u0103 cred c\u0103 paginile acestea sunt suficient de relevante \u0219i pentru nebunia acelora care-l cred pe Hristos venit de prin v\u0103ile unui cosmos necunoscut, r\u0103t\u0103citori neasum\u00e2nd Scriptura \u0219i care-\u0219i fac din propriile min\u021bi izvoare de cunoa\u0219tere a Dumnezeului Celui Viu. Genealogia Evanghelistului Matei merge spre o concluzie care marca a\u0219teptarea poporului lui Israel: \u201e<em>Iat\u0103, fecioara va avea \u00een p\u00e2ntece \u0219i va na\u0219te Fiu \u0219i vor chema numele Lui: Emanuel, care se t\u00e2lcuie\u0219te: Cu noi este Dumnezeu!<\/em>\u201d (Isaia 7.14).<\/p>\n<p>\u0218i care se v\u0103de\u0219te extrem de important\u0103 lui Iosif, distinsul \u0219i transparentul logodnic al Mariei. \u00cengerul Domnului \u00eei vorbe\u0219te lui Iosif, fiul lui David \u2013 piatra de bolt\u0103 a genealogiei a\u0219ezate \u00een pagin\u0103 de Matei \u2013 aduc\u00e2ndu-i aminte de unde luase pe Maria, Fecioara ce crescuse la templu tocmai \u00een grupul fecioarelor ce a\u0219teptau \u00eemplinirea acestei prorocii. Un \u00eenger ofer\u0103 lui Iosif o bun\u0103vestire, o a\u0219ezare \u00een adev\u0103rul lui Dumnezeu: \u201ece s-a z\u0103mislit \u00eentr-\u00eensa este de la Duhul Sf\u00e2nt\u201d (Mt. 1.20). \u00cengerul \u00eei adevere\u0219te lui Iosif, omul-\u00eenger p\u0103zitor, mesianitatea lui Iisus &#8211; \u201ec\u0103ci El va m\u00e2ntui poporul S\u0103u de p\u0103catele sale\u201d (Mt. 1.21). F\u0103r\u0103 multe am\u0103nunte. Doar cu pomenirea prorociei din Isaia, pe care am amintit-o deja. Un soi de schimb de parole \u00eentre vajnicul p\u0103zitor al fecioriei Mariei \u2013 ce \u00eenc\u0103 nu o luase la el, ca logodnic\u0103, descoperindu-i sarcina, dar nevoind s\u0103 o v\u0103deasc\u0103 dinaintea comunit\u0103\u021bii \u2013 \u0219i stra\u0219nicul vestitor al voii lui Dumnezeu. Iosif ia pe Maria la el, ca logodnic\u0103. Asta este \u00een fond vestea Evangheliei de ast\u0103zi. Dincolo de toat\u0103 lista de drep\u021bi care cred \u00een prorocia Venirii lui Mesia, se adaug\u0103 \u0219i omul acesta, simplu, t\u00e2mplar \u0219i probabil nu foarte t\u00e2n\u0103r. Un om care crede. Care simte c\u0103 \u00eengerul nu minte. Un om stra\u0219nic, de la care Luca, \u00een Evanghelia sa, \u00eencepe s\u0103 \u201eurce\u201d neamul spre Adam. O simpl\u0103 \u00eendoial\u0103, un s\u00e2mbure de orgoliu, un singur tremur de integrism legalist \u0219i darul lui Dumnezeu pentru m\u00e2ntuirea noastr\u0103 nu s-ar fi \u00eemplinit.<\/p>\n<p>Toat\u0103 a\u0219teptarea lumii pe umerii firavi ai Fecioarei \u0219i pe inima de om brav a lui Iosif. Nu doar de un p\u00e2ntece feciorelnic era nevoie pentru \u00centrupare. Ci \u0219i de un om de n\u0103dejde pentru ca \u00centruparea s\u0103 nu fie gr\u0103bit\u0103 spre moarte. Omul-str\u0103jer, omul dispus s\u0103 asculte glasul tainic al chem\u0103rii \u00eengerului-vestitor de Mesia. \u0218tim din Tradi\u021bie \u2013 fie texte ale Evangheliilor apocrife fie din scrieri de veac timpuriu ce slujeau Bisericii primare asemeni Abecedarelor de odinioar\u0103 descifr\u0103rii literelor de foc ale istoriei \u00centrup\u0103rii \u2013 c\u0103 Iosif era t\u00e2mplar din neamul celor care veneau din colonia de la Nazaret la Ierusalim s\u0103 ciopleasc\u0103 la lemnul refacerii Templului. C\u0103ci, da, cel care \u00eendat\u0103 va prigoni pe Hristos va reface, desigur nu din duhovniceasc\u0103 aplecare, parte din Templul de pe Moria \u2013 locul unde Avraam urcase s\u0103 aduc\u0103 Jertf\u0103 pe fiul s\u0103u. Ni se spune c\u0103 Iosif primise porunc\u0103 s\u0103 fac\u0103 o mas\u0103 dintr-un lemn foarte greu, ce nu \u00eenc\u0103puse nic\u0103ieri \u00een planul de reconstruire a Templului.<\/p>\n<p>Dup\u0103 tradi\u021bia acelei vremi, lemnul era supravie\u021buitor al Potopului ba \u2013 dup\u0103 unii \u2013 chiar fr\u00e2ntur\u0103 din Pomul Vie\u021bii, cel din mijlocul Raiului. \u0218i p\u00e2n\u0103 la t\u00e2mplarul acesta, sub barda nici unui alt lucr\u0103tor nu s-ar fi l\u0103sat prelucrat. Acum, sub m\u00e2na lui Iosif cel din Nazaret, lemnul luase chip de mas\u0103. Grea. Nu putea fi urcat\u0103 \u00een panta Moriei. De aceea r\u0103m\u00e2ne la p\u0103strare \u00een depozitul me\u0219terului ce-l crescuse pe Iosif. Iar atunci c\u00e2nd va fi cerut un lemn greu pentru condamnatul nostru Dumnezeu, de acolo vor fi desprinse b\u00e2rnele din care se va \u00eenchega Crucea. Crucea P\u0103timirii. Crucea Mor\u021bii. Crucea din care vor izbucni razele \u00cenvierii. La vremea aceea, Iosif plecase de mult din lumea celor vii. Dar este c\u00e2t se poate de credibil c\u0103 m\u00e2inile ce i-au m\u00e2ng\u00e2iat cre\u0219tetul Pruncului din Betleem vor fi fost \u0219i cele care au m\u00e2ng\u00e2iat Lemnul ce-i va fi leag\u0103n mor\u021bii Sale.<\/p>\n<p>Iosif ca un om-m\u00e2ng\u00e2iere. Ce-i va d\u0103rui Domnului cel dint\u00e2i model uman al curajului (Fuga \u00een Egipt) asumat cu responsabilitate. Iosif, omul-logodnic care descoper\u0103 prin modul s\u0103u de a fi pre\u021bul de Har care \u00eencape \u00een fiecare \u00eencredin\u021bare de Sus. \u00cencrederea \u00een iubirea lui Dumnezeu care nu poate min\u021bi, care lumineaz\u0103 \u00een ad\u00e2ncul inimilor noastre cu raza potrivit\u0103 nou\u0103, fiec\u0103ruia dintre noi. Iosif, omul-vis care evit\u0103 transformarea \u00een co\u0219mar a istoriei noastre ca oameni.<\/p>\n<p>De aici importan\u021ba Evangheliei acesteia a\u0219ezat\u0103 \u00eenainte de Na\u0219terea Domnului Hristos. El nu se \u00eentrupeaz\u0103 \u00eempotriva omeniei noastre, ci ca s\u0103 o pun\u0103 \u00een valoare. Ca Fecioria Mariei \u0219i \u00cencrederea lui Iosif. Prin virtu\u021bi, cartea neamului M\u00e2ntuitorului r\u0103m\u00e2ne deschis\u0103. S\u0103 ne \u00eenscriem cu r\u00e2vn\u0103 \u0219i dor de cer! Iar pentru \u00eenscrierea aceasta, precum cei din neamul lui David odinioar\u0103, la ceasul \u00centrup\u0103rii lui Iisus, s\u0103 mergem spre Betleem&#8230;<\/p>\n<p>preluat de pe doxologia.ro<\/p>\n<\/div>\n<\/article>\n<\/div>\n","protected":false},"excerpt":{"rendered":"<p>Mai sunt c\u00e2teva zile de postire pe calea Betleemului. Cumin\u021bi ori ba, crez\u00e2nd ori ba, sper\u00e2nd ori ba ne apropiem<\/p>\n","protected":false},"author":4,"featured_media":2772,"comment_status":"open","ping_status":"open","sticky":false,"template":"","format":"standard","meta":{"colormag_page_container_layout":"default_layout","colormag_page_sidebar_layout":"default_layout","footnotes":""},"categories":[34],"tags":[],"class_list":["post-5798","post","type-post","status-publish","format-standard","has-post-thumbnail","hentry","category-religie"],"yoast_head":"<!-- This site is optimized with the Yoast SEO plugin v27.0 - https:\/\/yoast.com\/product\/yoast-seo-wordpress\/ -->\n<title>Cartea Neamului lui Iisus Hristos...(Matei I, 1-25). Reflec\u021bii, de la P\u0103rintele C-tin Necula - MHF Photography<\/title>\n<meta name=\"robots\" content=\"index, follow, max-snippet:-1, max-image-preview:large, max-video-preview:-1\" \/>\n<link rel=\"canonical\" href=\"https:\/\/mhf.ro\/mm\/cartea-neamului-lui-iisus-hristos-matei-i-1-25-reflectii-de-la-parintele-c-tin-necula\/\" \/>\n<meta property=\"og:locale\" content=\"ro_RO\" \/>\n<meta property=\"og:type\" content=\"article\" \/>\n<meta property=\"og:title\" content=\"Cartea Neamului lui Iisus Hristos...(Matei I, 1-25). Reflec\u021bii, de la P\u0103rintele C-tin Necula - MHF Photography\" \/>\n<meta property=\"og:description\" content=\"Mai sunt c\u00e2teva zile de postire pe calea Betleemului. Cumin\u021bi ori ba, crez\u00e2nd ori ba, sper\u00e2nd ori ba ne apropiem\" \/>\n<meta property=\"og:url\" content=\"https:\/\/mhf.ro\/mm\/cartea-neamului-lui-iisus-hristos-matei-i-1-25-reflectii-de-la-parintele-c-tin-necula\/\" \/>\n<meta property=\"og:site_name\" content=\"MHF Photography\" \/>\n<meta property=\"article:published_time\" content=\"2021-12-18T13:34:54+00:00\" \/>\n<meta property=\"og:image\" content=\"https:\/\/mhf.ro\/mm\/wp-content\/uploads\/2020\/12\/betleem.jpg\" \/>\n\t<meta property=\"og:image:width\" content=\"1200\" \/>\n\t<meta property=\"og:image:height\" content=\"858\" \/>\n\t<meta property=\"og:image:type\" content=\"image\/jpeg\" \/>\n<meta name=\"author\" content=\"Preot paroh Horvat Petru\" \/>\n<meta name=\"twitter:card\" content=\"summary_large_image\" \/>\n<meta name=\"twitter:label1\" content=\"Scris de\" \/>\n\t<meta name=\"twitter:data1\" content=\"Preot paroh Horvat Petru\" \/>\n\t<meta name=\"twitter:label2\" content=\"Timp estimat pentru citire\" \/>\n\t<meta name=\"twitter:data2\" content=\"6 minute\" \/>\n<script type=\"application\/ld+json\" class=\"yoast-schema-graph\">{\"@context\":\"https:\/\/schema.org\",\"@graph\":[{\"@type\":\"Article\",\"@id\":\"https:\/\/mhf.ro\/mm\/cartea-neamului-lui-iisus-hristos-matei-i-1-25-reflectii-de-la-parintele-c-tin-necula\/#article\",\"isPartOf\":{\"@id\":\"https:\/\/mhf.ro\/mm\/cartea-neamului-lui-iisus-hristos-matei-i-1-25-reflectii-de-la-parintele-c-tin-necula\/\"},\"author\":{\"name\":\"Preot paroh Horvat Petru\",\"@id\":\"https:\/\/mhf.ro\/mm\/#\/schema\/person\/4c8c06c801b7b666e81ed44550086900\"},\"headline\":\"Cartea Neamului lui Iisus Hristos&#8230;(Matei I, 1-25). Reflec\u021bii, de la P\u0103rintele C-tin Necula\",\"datePublished\":\"2021-12-18T13:34:54+00:00\",\"mainEntityOfPage\":{\"@id\":\"https:\/\/mhf.ro\/mm\/cartea-neamului-lui-iisus-hristos-matei-i-1-25-reflectii-de-la-parintele-c-tin-necula\/\"},\"wordCount\":1217,\"commentCount\":0,\"publisher\":{\"@id\":\"https:\/\/mhf.ro\/mm\/#\/schema\/person\/a3bebf7bdb4bf12f698aff73c7e46c21\"},\"image\":{\"@id\":\"https:\/\/mhf.ro\/mm\/cartea-neamului-lui-iisus-hristos-matei-i-1-25-reflectii-de-la-parintele-c-tin-necula\/#primaryimage\"},\"thumbnailUrl\":\"https:\/\/mhf.ro\/mm\/wp-content\/uploads\/2020\/12\/betleem.jpg\",\"articleSection\":[\"Religie\"],\"inLanguage\":\"ro-RO\",\"potentialAction\":[{\"@type\":\"CommentAction\",\"name\":\"Comment\",\"target\":[\"https:\/\/mhf.ro\/mm\/cartea-neamului-lui-iisus-hristos-matei-i-1-25-reflectii-de-la-parintele-c-tin-necula\/#respond\"]}]},{\"@type\":\"WebPage\",\"@id\":\"https:\/\/mhf.ro\/mm\/cartea-neamului-lui-iisus-hristos-matei-i-1-25-reflectii-de-la-parintele-c-tin-necula\/\",\"url\":\"https:\/\/mhf.ro\/mm\/cartea-neamului-lui-iisus-hristos-matei-i-1-25-reflectii-de-la-parintele-c-tin-necula\/\",\"name\":\"Cartea Neamului lui Iisus Hristos...(Matei I, 1-25). Reflec\u021bii, de la P\u0103rintele C-tin Necula - MHF Photography\",\"isPartOf\":{\"@id\":\"https:\/\/mhf.ro\/mm\/#website\"},\"primaryImageOfPage\":{\"@id\":\"https:\/\/mhf.ro\/mm\/cartea-neamului-lui-iisus-hristos-matei-i-1-25-reflectii-de-la-parintele-c-tin-necula\/#primaryimage\"},\"image\":{\"@id\":\"https:\/\/mhf.ro\/mm\/cartea-neamului-lui-iisus-hristos-matei-i-1-25-reflectii-de-la-parintele-c-tin-necula\/#primaryimage\"},\"thumbnailUrl\":\"https:\/\/mhf.ro\/mm\/wp-content\/uploads\/2020\/12\/betleem.jpg\",\"datePublished\":\"2021-12-18T13:34:54+00:00\",\"breadcrumb\":{\"@id\":\"https:\/\/mhf.ro\/mm\/cartea-neamului-lui-iisus-hristos-matei-i-1-25-reflectii-de-la-parintele-c-tin-necula\/#breadcrumb\"},\"inLanguage\":\"ro-RO\",\"potentialAction\":[{\"@type\":\"ReadAction\",\"target\":[\"https:\/\/mhf.ro\/mm\/cartea-neamului-lui-iisus-hristos-matei-i-1-25-reflectii-de-la-parintele-c-tin-necula\/\"]}]},{\"@type\":\"ImageObject\",\"inLanguage\":\"ro-RO\",\"@id\":\"https:\/\/mhf.ro\/mm\/cartea-neamului-lui-iisus-hristos-matei-i-1-25-reflectii-de-la-parintele-c-tin-necula\/#primaryimage\",\"url\":\"https:\/\/mhf.ro\/mm\/wp-content\/uploads\/2020\/12\/betleem.jpg\",\"contentUrl\":\"https:\/\/mhf.ro\/mm\/wp-content\/uploads\/2020\/12\/betleem.jpg\",\"width\":1200,\"height\":858},{\"@type\":\"BreadcrumbList\",\"@id\":\"https:\/\/mhf.ro\/mm\/cartea-neamului-lui-iisus-hristos-matei-i-1-25-reflectii-de-la-parintele-c-tin-necula\/#breadcrumb\",\"itemListElement\":[{\"@type\":\"ListItem\",\"position\":1,\"name\":\"Prima pagin\u0103\",\"item\":\"https:\/\/mhf.ro\/mm\/\"},{\"@type\":\"ListItem\",\"position\":2,\"name\":\"Cartea Neamului lui Iisus Hristos&#8230;(Matei I, 1-25). Reflec\u021bii, de la P\u0103rintele C-tin Necula\"}]},{\"@type\":\"WebSite\",\"@id\":\"https:\/\/mhf.ro\/mm\/#website\",\"url\":\"https:\/\/mhf.ro\/mm\/\",\"name\":\"MHF Photography \u2013 Blog de fotografie, natur\u0103 \u0219i tehnic\u0103 divers\u0103\",\"description\":\"Aventur\u0103 \u00een fiecare cadru.\",\"publisher\":{\"@id\":\"https:\/\/mhf.ro\/mm\/#\/schema\/person\/a3bebf7bdb4bf12f698aff73c7e46c21\"},\"potentialAction\":[{\"@type\":\"SearchAction\",\"target\":{\"@type\":\"EntryPoint\",\"urlTemplate\":\"https:\/\/mhf.ro\/mm\/?s={search_term_string}\"},\"query-input\":{\"@type\":\"PropertyValueSpecification\",\"valueRequired\":true,\"valueName\":\"search_term_string\"}}],\"inLanguage\":\"ro-RO\"},{\"@type\":[\"Person\",\"Organization\"],\"@id\":\"https:\/\/mhf.ro\/mm\/#\/schema\/person\/a3bebf7bdb4bf12f698aff73c7e46c21\",\"name\":\"Marius Marcu\",\"image\":{\"@type\":\"ImageObject\",\"inLanguage\":\"ro-RO\",\"@id\":\"https:\/\/mhf.ro\/mm\/#\/schema\/person\/image\/\",\"url\":\"https:\/\/mhf.ro\/mm\/wp-content\/uploads\/2025\/12\/cropped-logo_mhf_2.png\",\"contentUrl\":\"https:\/\/mhf.ro\/mm\/wp-content\/uploads\/2025\/12\/cropped-logo_mhf_2.png\",\"width\":1096,\"height\":457,\"caption\":\"Marius Marcu\"},\"logo\":{\"@id\":\"https:\/\/mhf.ro\/mm\/#\/schema\/person\/image\/\"},\"sameAs\":[\"https:\/\/mhf.ro\/mm\"]},{\"@type\":\"Person\",\"@id\":\"https:\/\/mhf.ro\/mm\/#\/schema\/person\/4c8c06c801b7b666e81ed44550086900\",\"name\":\"Preot paroh Horvat Petru\",\"image\":{\"@type\":\"ImageObject\",\"inLanguage\":\"ro-RO\",\"@id\":\"https:\/\/mhf.ro\/mm\/#\/schema\/person\/image\/\",\"url\":\"https:\/\/secure.gravatar.com\/avatar\/c2d2dcdf21c6f41aad486d71768c144cd6e23cb7b63bae9bd6fab542b26ad321?s=96&d=monsterid&r=g\",\"contentUrl\":\"https:\/\/secure.gravatar.com\/avatar\/c2d2dcdf21c6f41aad486d71768c144cd6e23cb7b63bae9bd6fab542b26ad321?s=96&d=monsterid&r=g\",\"caption\":\"Preot paroh Horvat Petru\"},\"sameAs\":[\"https:\/\/mhf.ro\/mm\"],\"url\":\"https:\/\/mhf.ro\/mm\/author\/petrica\/\"}]}<\/script>\n<!-- \/ Yoast SEO plugin. -->","yoast_head_json":{"title":"Cartea Neamului lui Iisus Hristos...(Matei I, 1-25). Reflec\u021bii, de la P\u0103rintele C-tin Necula - MHF Photography","robots":{"index":"index","follow":"follow","max-snippet":"max-snippet:-1","max-image-preview":"max-image-preview:large","max-video-preview":"max-video-preview:-1"},"canonical":"https:\/\/mhf.ro\/mm\/cartea-neamului-lui-iisus-hristos-matei-i-1-25-reflectii-de-la-parintele-c-tin-necula\/","og_locale":"ro_RO","og_type":"article","og_title":"Cartea Neamului lui Iisus Hristos...(Matei I, 1-25). Reflec\u021bii, de la P\u0103rintele C-tin Necula - MHF Photography","og_description":"Mai sunt c\u00e2teva zile de postire pe calea Betleemului. Cumin\u021bi ori ba, crez\u00e2nd ori ba, sper\u00e2nd ori ba ne apropiem","og_url":"https:\/\/mhf.ro\/mm\/cartea-neamului-lui-iisus-hristos-matei-i-1-25-reflectii-de-la-parintele-c-tin-necula\/","og_site_name":"MHF Photography","article_published_time":"2021-12-18T13:34:54+00:00","og_image":[{"width":1200,"height":858,"url":"https:\/\/mhf.ro\/mm\/wp-content\/uploads\/2020\/12\/betleem.jpg","type":"image\/jpeg"}],"author":"Preot paroh Horvat Petru","twitter_card":"summary_large_image","twitter_misc":{"Scris de":"Preot paroh Horvat Petru","Timp estimat pentru citire":"6 minute"},"schema":{"@context":"https:\/\/schema.org","@graph":[{"@type":"Article","@id":"https:\/\/mhf.ro\/mm\/cartea-neamului-lui-iisus-hristos-matei-i-1-25-reflectii-de-la-parintele-c-tin-necula\/#article","isPartOf":{"@id":"https:\/\/mhf.ro\/mm\/cartea-neamului-lui-iisus-hristos-matei-i-1-25-reflectii-de-la-parintele-c-tin-necula\/"},"author":{"name":"Preot paroh Horvat Petru","@id":"https:\/\/mhf.ro\/mm\/#\/schema\/person\/4c8c06c801b7b666e81ed44550086900"},"headline":"Cartea Neamului lui Iisus Hristos&#8230;(Matei I, 1-25). Reflec\u021bii, de la P\u0103rintele C-tin Necula","datePublished":"2021-12-18T13:34:54+00:00","mainEntityOfPage":{"@id":"https:\/\/mhf.ro\/mm\/cartea-neamului-lui-iisus-hristos-matei-i-1-25-reflectii-de-la-parintele-c-tin-necula\/"},"wordCount":1217,"commentCount":0,"publisher":{"@id":"https:\/\/mhf.ro\/mm\/#\/schema\/person\/a3bebf7bdb4bf12f698aff73c7e46c21"},"image":{"@id":"https:\/\/mhf.ro\/mm\/cartea-neamului-lui-iisus-hristos-matei-i-1-25-reflectii-de-la-parintele-c-tin-necula\/#primaryimage"},"thumbnailUrl":"https:\/\/mhf.ro\/mm\/wp-content\/uploads\/2020\/12\/betleem.jpg","articleSection":["Religie"],"inLanguage":"ro-RO","potentialAction":[{"@type":"CommentAction","name":"Comment","target":["https:\/\/mhf.ro\/mm\/cartea-neamului-lui-iisus-hristos-matei-i-1-25-reflectii-de-la-parintele-c-tin-necula\/#respond"]}]},{"@type":"WebPage","@id":"https:\/\/mhf.ro\/mm\/cartea-neamului-lui-iisus-hristos-matei-i-1-25-reflectii-de-la-parintele-c-tin-necula\/","url":"https:\/\/mhf.ro\/mm\/cartea-neamului-lui-iisus-hristos-matei-i-1-25-reflectii-de-la-parintele-c-tin-necula\/","name":"Cartea Neamului lui Iisus Hristos...(Matei I, 1-25). Reflec\u021bii, de la P\u0103rintele C-tin Necula - MHF Photography","isPartOf":{"@id":"https:\/\/mhf.ro\/mm\/#website"},"primaryImageOfPage":{"@id":"https:\/\/mhf.ro\/mm\/cartea-neamului-lui-iisus-hristos-matei-i-1-25-reflectii-de-la-parintele-c-tin-necula\/#primaryimage"},"image":{"@id":"https:\/\/mhf.ro\/mm\/cartea-neamului-lui-iisus-hristos-matei-i-1-25-reflectii-de-la-parintele-c-tin-necula\/#primaryimage"},"thumbnailUrl":"https:\/\/mhf.ro\/mm\/wp-content\/uploads\/2020\/12\/betleem.jpg","datePublished":"2021-12-18T13:34:54+00:00","breadcrumb":{"@id":"https:\/\/mhf.ro\/mm\/cartea-neamului-lui-iisus-hristos-matei-i-1-25-reflectii-de-la-parintele-c-tin-necula\/#breadcrumb"},"inLanguage":"ro-RO","potentialAction":[{"@type":"ReadAction","target":["https:\/\/mhf.ro\/mm\/cartea-neamului-lui-iisus-hristos-matei-i-1-25-reflectii-de-la-parintele-c-tin-necula\/"]}]},{"@type":"ImageObject","inLanguage":"ro-RO","@id":"https:\/\/mhf.ro\/mm\/cartea-neamului-lui-iisus-hristos-matei-i-1-25-reflectii-de-la-parintele-c-tin-necula\/#primaryimage","url":"https:\/\/mhf.ro\/mm\/wp-content\/uploads\/2020\/12\/betleem.jpg","contentUrl":"https:\/\/mhf.ro\/mm\/wp-content\/uploads\/2020\/12\/betleem.jpg","width":1200,"height":858},{"@type":"BreadcrumbList","@id":"https:\/\/mhf.ro\/mm\/cartea-neamului-lui-iisus-hristos-matei-i-1-25-reflectii-de-la-parintele-c-tin-necula\/#breadcrumb","itemListElement":[{"@type":"ListItem","position":1,"name":"Prima pagin\u0103","item":"https:\/\/mhf.ro\/mm\/"},{"@type":"ListItem","position":2,"name":"Cartea Neamului lui Iisus Hristos&#8230;(Matei I, 1-25). Reflec\u021bii, de la P\u0103rintele C-tin Necula"}]},{"@type":"WebSite","@id":"https:\/\/mhf.ro\/mm\/#website","url":"https:\/\/mhf.ro\/mm\/","name":"MHF Photography \u2013 Blog de fotografie, natur\u0103 \u0219i tehnic\u0103 divers\u0103","description":"Aventur\u0103 \u00een fiecare cadru.","publisher":{"@id":"https:\/\/mhf.ro\/mm\/#\/schema\/person\/a3bebf7bdb4bf12f698aff73c7e46c21"},"potentialAction":[{"@type":"SearchAction","target":{"@type":"EntryPoint","urlTemplate":"https:\/\/mhf.ro\/mm\/?s={search_term_string}"},"query-input":{"@type":"PropertyValueSpecification","valueRequired":true,"valueName":"search_term_string"}}],"inLanguage":"ro-RO"},{"@type":["Person","Organization"],"@id":"https:\/\/mhf.ro\/mm\/#\/schema\/person\/a3bebf7bdb4bf12f698aff73c7e46c21","name":"Marius Marcu","image":{"@type":"ImageObject","inLanguage":"ro-RO","@id":"https:\/\/mhf.ro\/mm\/#\/schema\/person\/image\/","url":"https:\/\/mhf.ro\/mm\/wp-content\/uploads\/2025\/12\/cropped-logo_mhf_2.png","contentUrl":"https:\/\/mhf.ro\/mm\/wp-content\/uploads\/2025\/12\/cropped-logo_mhf_2.png","width":1096,"height":457,"caption":"Marius Marcu"},"logo":{"@id":"https:\/\/mhf.ro\/mm\/#\/schema\/person\/image\/"},"sameAs":["https:\/\/mhf.ro\/mm"]},{"@type":"Person","@id":"https:\/\/mhf.ro\/mm\/#\/schema\/person\/4c8c06c801b7b666e81ed44550086900","name":"Preot paroh Horvat Petru","image":{"@type":"ImageObject","inLanguage":"ro-RO","@id":"https:\/\/mhf.ro\/mm\/#\/schema\/person\/image\/","url":"https:\/\/secure.gravatar.com\/avatar\/c2d2dcdf21c6f41aad486d71768c144cd6e23cb7b63bae9bd6fab542b26ad321?s=96&d=monsterid&r=g","contentUrl":"https:\/\/secure.gravatar.com\/avatar\/c2d2dcdf21c6f41aad486d71768c144cd6e23cb7b63bae9bd6fab542b26ad321?s=96&d=monsterid&r=g","caption":"Preot paroh Horvat Petru"},"sameAs":["https:\/\/mhf.ro\/mm"],"url":"https:\/\/mhf.ro\/mm\/author\/petrica\/"}]}},"_links":{"self":[{"href":"https:\/\/mhf.ro\/mm\/wp-json\/wp\/v2\/posts\/5798","targetHints":{"allow":["GET"]}}],"collection":[{"href":"https:\/\/mhf.ro\/mm\/wp-json\/wp\/v2\/posts"}],"about":[{"href":"https:\/\/mhf.ro\/mm\/wp-json\/wp\/v2\/types\/post"}],"author":[{"embeddable":true,"href":"https:\/\/mhf.ro\/mm\/wp-json\/wp\/v2\/users\/4"}],"replies":[{"embeddable":true,"href":"https:\/\/mhf.ro\/mm\/wp-json\/wp\/v2\/comments?post=5798"}],"version-history":[{"count":2,"href":"https:\/\/mhf.ro\/mm\/wp-json\/wp\/v2\/posts\/5798\/revisions"}],"predecessor-version":[{"id":5800,"href":"https:\/\/mhf.ro\/mm\/wp-json\/wp\/v2\/posts\/5798\/revisions\/5800"}],"wp:featuredmedia":[{"embeddable":true,"href":"https:\/\/mhf.ro\/mm\/wp-json\/wp\/v2\/media\/2772"}],"wp:attachment":[{"href":"https:\/\/mhf.ro\/mm\/wp-json\/wp\/v2\/media?parent=5798"}],"wp:term":[{"taxonomy":"category","embeddable":true,"href":"https:\/\/mhf.ro\/mm\/wp-json\/wp\/v2\/categories?post=5798"},{"taxonomy":"post_tag","embeddable":true,"href":"https:\/\/mhf.ro\/mm\/wp-json\/wp\/v2\/tags?post=5798"}],"curies":[{"name":"wp","href":"https:\/\/api.w.org\/{rel}","templated":true}]}}