{"id":5807,"date":"2021-12-22T07:45:23","date_gmt":"2021-12-22T05:45:23","guid":{"rendered":"https:\/\/mhf.ro\/mm\/?p=5807"},"modified":"2021-12-22T07:45:23","modified_gmt":"2021-12-22T05:45:23","slug":"b1-tv-hd-a-intrat-si-in-reteaua-rcs","status":"publish","type":"post","link":"https:\/\/mhf.ro\/mm\/b1-tv-hd-a-intrat-si-in-reteaua-rcs\/","title":{"rendered":"B1 TV HD a intrat \u015fi \u00een re\u0163eaua RCS"},"content":{"rendered":"<p data-wtg-lazy=\"1\">Televiziunea B1 TV a intrat cu versiunea sa de \u00eenalt\u0103 defini\u0163ie (HD) \u00een re\u0163eaua RCS, \u00eencep\u00e2nd de mar\u021bi.<\/p>\n<section class=\"box box-b\">\n<header class=\"box-header\">Publicitate<\/header>\n<\/section>\n<p data-wtg-lazy=\"2\">Aceasta este cea de-a treia re\u0163ea \u00een care B1 TV HD este disponibil\u0103, dup\u0103 Ines TV \u015fi Orange TV. De asemenea, postul condus de Sorin Oancea mai este \u015fi pe platforma Orange TV Go.<\/p>\n<p data-wtg-lazy=\"3\">Re\u0163eaua RCS are peste 4,5 milioane de abona\u0163i la re\u0163eaua prin cablu,\u00a0potrivit celor mai recente date, scrie paginademedia.ro<\/p>\n<p data-wtg-lazy=\"3\">B1 TV a trecut la HD \u00een aceast\u0103 prim\u0103var\u0103, c\u00e2nd a schimbat \u015fi studiourile. Este cea mai mare schimbare de la \u00eenfiin\u0163area postului.<\/p>\n<p data-wtg-lazy=\"3\">Noile studiouri, care se afl\u0103 fix deasupra celor din care emiteau \u00eenainte cei de la B1 TV, \u00een cl\u0103direa de pe Calea Victoriei, difer\u0103 complet de vechile platouri de la B1 TV. Construc\u0163ia lor s-a \u00eentins pe o durat\u0103 de un an (\u015fi din motiv de pandemie) \u015fi a costat \u00een jur de un milion de euro, bani accesa\u0163i printr-o linie de credit. (conf. Jurnalist.ro)<\/p>\n","protected":false},"excerpt":{"rendered":"<p>Televiziunea B1 TV a intrat cu versiunea sa de \u00eenalt\u0103 defini\u0163ie (HD) \u00een re\u0163eaua RCS, \u00eencep\u00e2nd de mar\u021bi. Publicitate Aceasta<\/p>\n","protected":false},"author":1,"featured_media":5808,"comment_status":"open","ping_status":"open","sticky":false,"template":"","format":"standard","meta":{"colormag_page_container_layout":"default_layout","colormag_page_sidebar_layout":"default_layout","footnotes":""},"categories":[5],"tags":[],"class_list":["post-5807","post","type-post","status-publish","format-standard","has-post-thumbnail","hentry","category-locale"],"yoast_head":"<!-- This site is optimized with the Yoast SEO plugin v27.0 - https:\/\/yoast.com\/product\/yoast-seo-wordpress\/ -->\n<title>B1 TV HD a intrat \u015fi \u00een re\u0163eaua RCS - MHF Photography<\/title>\n<meta name=\"robots\" content=\"index, follow, max-snippet:-1, max-image-preview:large, max-video-preview:-1\" \/>\n<link rel=\"canonical\" href=\"https:\/\/mhf.ro\/mm\/b1-tv-hd-a-intrat-si-in-reteaua-rcs\/\" \/>\n<meta property=\"og:locale\" content=\"ro_RO\" \/>\n<meta property=\"og:type\" content=\"article\" \/>\n<meta property=\"og:title\" content=\"B1 TV HD a intrat \u015fi \u00een re\u0163eaua RCS - MHF Photography\" \/>\n<meta property=\"og:description\" content=\"Televiziunea B1 TV a intrat cu versiunea sa de \u00eenalt\u0103 defini\u0163ie (HD) \u00een re\u0163eaua RCS, \u00eencep\u00e2nd de mar\u021bi. Publicitate Aceasta\" \/>\n<meta property=\"og:url\" content=\"https:\/\/mhf.ro\/mm\/b1-tv-hd-a-intrat-si-in-reteaua-rcs\/\" \/>\n<meta property=\"og:site_name\" content=\"MHF Photography\" \/>\n<meta property=\"article:published_time\" content=\"2021-12-22T05:45:23+00:00\" \/>\n<meta property=\"og:image\" content=\"https:\/\/mhf.ro\/mm\/wp-content\/uploads\/2021\/12\/hd.jpg\" \/>\n\t<meta property=\"og:image:width\" content=\"730\" \/>\n\t<meta property=\"og:image:height\" content=\"546\" \/>\n\t<meta property=\"og:image:type\" content=\"image\/jpeg\" \/>\n<meta name=\"author\" content=\"Marius Marcu\" \/>\n<meta name=\"twitter:card\" content=\"summary_large_image\" \/>\n<meta name=\"twitter:label1\" content=\"Scris de\" \/>\n\t<meta name=\"twitter:data1\" content=\"Marius Marcu\" \/>\n\t<meta name=\"twitter:label2\" content=\"Timp estimat pentru citire\" \/>\n\t<meta name=\"twitter:data2\" content=\"1 minut\" \/>\n<script type=\"application\/ld+json\" class=\"yoast-schema-graph\">{\"@context\":\"https:\/\/schema.org\",\"@graph\":[{\"@type\":\"Article\",\"@id\":\"https:\/\/mhf.ro\/mm\/b1-tv-hd-a-intrat-si-in-reteaua-rcs\/#article\",\"isPartOf\":{\"@id\":\"https:\/\/mhf.ro\/mm\/b1-tv-hd-a-intrat-si-in-reteaua-rcs\/\"},\"author\":{\"name\":\"Marius Marcu\",\"@id\":\"https:\/\/mhf.ro\/mm\/#\/schema\/person\/a3bebf7bdb4bf12f698aff73c7e46c21\"},\"headline\":\"B1 TV HD a intrat \u015fi \u00een re\u0163eaua RCS\",\"datePublished\":\"2021-12-22T05:45:23+00:00\",\"mainEntityOfPage\":{\"@id\":\"https:\/\/mhf.ro\/mm\/b1-tv-hd-a-intrat-si-in-reteaua-rcs\/\"},\"wordCount\":185,\"commentCount\":0,\"publisher\":{\"@id\":\"https:\/\/mhf.ro\/mm\/#\/schema\/person\/a3bebf7bdb4bf12f698aff73c7e46c21\"},\"image\":{\"@id\":\"https:\/\/mhf.ro\/mm\/b1-tv-hd-a-intrat-si-in-reteaua-rcs\/#primaryimage\"},\"thumbnailUrl\":\"https:\/\/mhf.ro\/mm\/wp-content\/uploads\/2021\/12\/hd.jpg\",\"articleSection\":[\"Locale\"],\"inLanguage\":\"ro-RO\",\"potentialAction\":[{\"@type\":\"CommentAction\",\"name\":\"Comment\",\"target\":[\"https:\/\/mhf.ro\/mm\/b1-tv-hd-a-intrat-si-in-reteaua-rcs\/#respond\"]}]},{\"@type\":\"WebPage\",\"@id\":\"https:\/\/mhf.ro\/mm\/b1-tv-hd-a-intrat-si-in-reteaua-rcs\/\",\"url\":\"https:\/\/mhf.ro\/mm\/b1-tv-hd-a-intrat-si-in-reteaua-rcs\/\",\"name\":\"B1 TV HD a intrat \u015fi \u00een re\u0163eaua RCS - MHF Photography\",\"isPartOf\":{\"@id\":\"https:\/\/mhf.ro\/mm\/#website\"},\"primaryImageOfPage\":{\"@id\":\"https:\/\/mhf.ro\/mm\/b1-tv-hd-a-intrat-si-in-reteaua-rcs\/#primaryimage\"},\"image\":{\"@id\":\"https:\/\/mhf.ro\/mm\/b1-tv-hd-a-intrat-si-in-reteaua-rcs\/#primaryimage\"},\"thumbnailUrl\":\"https:\/\/mhf.ro\/mm\/wp-content\/uploads\/2021\/12\/hd.jpg\",\"datePublished\":\"2021-12-22T05:45:23+00:00\",\"breadcrumb\":{\"@id\":\"https:\/\/mhf.ro\/mm\/b1-tv-hd-a-intrat-si-in-reteaua-rcs\/#breadcrumb\"},\"inLanguage\":\"ro-RO\",\"potentialAction\":[{\"@type\":\"ReadAction\",\"target\":[\"https:\/\/mhf.ro\/mm\/b1-tv-hd-a-intrat-si-in-reteaua-rcs\/\"]}]},{\"@type\":\"ImageObject\",\"inLanguage\":\"ro-RO\",\"@id\":\"https:\/\/mhf.ro\/mm\/b1-tv-hd-a-intrat-si-in-reteaua-rcs\/#primaryimage\",\"url\":\"https:\/\/mhf.ro\/mm\/wp-content\/uploads\/2021\/12\/hd.jpg\",\"contentUrl\":\"https:\/\/mhf.ro\/mm\/wp-content\/uploads\/2021\/12\/hd.jpg\",\"width\":730,\"height\":546},{\"@type\":\"BreadcrumbList\",\"@id\":\"https:\/\/mhf.ro\/mm\/b1-tv-hd-a-intrat-si-in-reteaua-rcs\/#breadcrumb\",\"itemListElement\":[{\"@type\":\"ListItem\",\"position\":1,\"name\":\"Prima pagin\u0103\",\"item\":\"https:\/\/mhf.ro\/mm\/\"},{\"@type\":\"ListItem\",\"position\":2,\"name\":\"B1 TV HD a intrat \u015fi \u00een re\u0163eaua RCS\"}]},{\"@type\":\"WebSite\",\"@id\":\"https:\/\/mhf.ro\/mm\/#website\",\"url\":\"https:\/\/mhf.ro\/mm\/\",\"name\":\"MHF Photography \u2013 Blog de fotografie, natur\u0103 \u0219i tehnic\u0103 divers\u0103\",\"description\":\"Aventur\u0103 \u00een fiecare cadru.\",\"publisher\":{\"@id\":\"https:\/\/mhf.ro\/mm\/#\/schema\/person\/a3bebf7bdb4bf12f698aff73c7e46c21\"},\"potentialAction\":[{\"@type\":\"SearchAction\",\"target\":{\"@type\":\"EntryPoint\",\"urlTemplate\":\"https:\/\/mhf.ro\/mm\/?s={search_term_string}\"},\"query-input\":{\"@type\":\"PropertyValueSpecification\",\"valueRequired\":true,\"valueName\":\"search_term_string\"}}],\"inLanguage\":\"ro-RO\"},{\"@type\":[\"Person\",\"Organization\"],\"@id\":\"https:\/\/mhf.ro\/mm\/#\/schema\/person\/a3bebf7bdb4bf12f698aff73c7e46c21\",\"name\":\"Marius Marcu\",\"image\":{\"@type\":\"ImageObject\",\"inLanguage\":\"ro-RO\",\"@id\":\"https:\/\/mhf.ro\/mm\/#\/schema\/person\/image\/\",\"url\":\"https:\/\/mhf.ro\/mm\/wp-content\/uploads\/2025\/12\/cropped-logo_mhf_2.png\",\"contentUrl\":\"https:\/\/mhf.ro\/mm\/wp-content\/uploads\/2025\/12\/cropped-logo_mhf_2.png\",\"width\":1096,\"height\":457,\"caption\":\"Marius Marcu\"},\"logo\":{\"@id\":\"https:\/\/mhf.ro\/mm\/#\/schema\/person\/image\/\"},\"sameAs\":[\"https:\/\/mhf.ro\/mm\"],\"url\":\"https:\/\/mhf.ro\/mm\/author\/mihai\/\"}]}<\/script>\n<!-- \/ Yoast SEO plugin. -->","yoast_head_json":{"title":"B1 TV HD a intrat \u015fi \u00een re\u0163eaua RCS - MHF Photography","robots":{"index":"index","follow":"follow","max-snippet":"max-snippet:-1","max-image-preview":"max-image-preview:large","max-video-preview":"max-video-preview:-1"},"canonical":"https:\/\/mhf.ro\/mm\/b1-tv-hd-a-intrat-si-in-reteaua-rcs\/","og_locale":"ro_RO","og_type":"article","og_title":"B1 TV HD a intrat \u015fi \u00een re\u0163eaua RCS - MHF Photography","og_description":"Televiziunea B1 TV a intrat cu versiunea sa de \u00eenalt\u0103 defini\u0163ie (HD) \u00een re\u0163eaua RCS, \u00eencep\u00e2nd de mar\u021bi. Publicitate Aceasta","og_url":"https:\/\/mhf.ro\/mm\/b1-tv-hd-a-intrat-si-in-reteaua-rcs\/","og_site_name":"MHF Photography","article_published_time":"2021-12-22T05:45:23+00:00","og_image":[{"width":730,"height":546,"url":"https:\/\/mhf.ro\/mm\/wp-content\/uploads\/2021\/12\/hd.jpg","type":"image\/jpeg"}],"author":"Marius Marcu","twitter_card":"summary_large_image","twitter_misc":{"Scris de":"Marius Marcu","Timp estimat pentru citire":"1 minut"},"schema":{"@context":"https:\/\/schema.org","@graph":[{"@type":"Article","@id":"https:\/\/mhf.ro\/mm\/b1-tv-hd-a-intrat-si-in-reteaua-rcs\/#article","isPartOf":{"@id":"https:\/\/mhf.ro\/mm\/b1-tv-hd-a-intrat-si-in-reteaua-rcs\/"},"author":{"name":"Marius Marcu","@id":"https:\/\/mhf.ro\/mm\/#\/schema\/person\/a3bebf7bdb4bf12f698aff73c7e46c21"},"headline":"B1 TV HD a intrat \u015fi \u00een re\u0163eaua RCS","datePublished":"2021-12-22T05:45:23+00:00","mainEntityOfPage":{"@id":"https:\/\/mhf.ro\/mm\/b1-tv-hd-a-intrat-si-in-reteaua-rcs\/"},"wordCount":185,"commentCount":0,"publisher":{"@id":"https:\/\/mhf.ro\/mm\/#\/schema\/person\/a3bebf7bdb4bf12f698aff73c7e46c21"},"image":{"@id":"https:\/\/mhf.ro\/mm\/b1-tv-hd-a-intrat-si-in-reteaua-rcs\/#primaryimage"},"thumbnailUrl":"https:\/\/mhf.ro\/mm\/wp-content\/uploads\/2021\/12\/hd.jpg","articleSection":["Locale"],"inLanguage":"ro-RO","potentialAction":[{"@type":"CommentAction","name":"Comment","target":["https:\/\/mhf.ro\/mm\/b1-tv-hd-a-intrat-si-in-reteaua-rcs\/#respond"]}]},{"@type":"WebPage","@id":"https:\/\/mhf.ro\/mm\/b1-tv-hd-a-intrat-si-in-reteaua-rcs\/","url":"https:\/\/mhf.ro\/mm\/b1-tv-hd-a-intrat-si-in-reteaua-rcs\/","name":"B1 TV HD a intrat \u015fi \u00een re\u0163eaua RCS - MHF Photography","isPartOf":{"@id":"https:\/\/mhf.ro\/mm\/#website"},"primaryImageOfPage":{"@id":"https:\/\/mhf.ro\/mm\/b1-tv-hd-a-intrat-si-in-reteaua-rcs\/#primaryimage"},"image":{"@id":"https:\/\/mhf.ro\/mm\/b1-tv-hd-a-intrat-si-in-reteaua-rcs\/#primaryimage"},"thumbnailUrl":"https:\/\/mhf.ro\/mm\/wp-content\/uploads\/2021\/12\/hd.jpg","datePublished":"2021-12-22T05:45:23+00:00","breadcrumb":{"@id":"https:\/\/mhf.ro\/mm\/b1-tv-hd-a-intrat-si-in-reteaua-rcs\/#breadcrumb"},"inLanguage":"ro-RO","potentialAction":[{"@type":"ReadAction","target":["https:\/\/mhf.ro\/mm\/b1-tv-hd-a-intrat-si-in-reteaua-rcs\/"]}]},{"@type":"ImageObject","inLanguage":"ro-RO","@id":"https:\/\/mhf.ro\/mm\/b1-tv-hd-a-intrat-si-in-reteaua-rcs\/#primaryimage","url":"https:\/\/mhf.ro\/mm\/wp-content\/uploads\/2021\/12\/hd.jpg","contentUrl":"https:\/\/mhf.ro\/mm\/wp-content\/uploads\/2021\/12\/hd.jpg","width":730,"height":546},{"@type":"BreadcrumbList","@id":"https:\/\/mhf.ro\/mm\/b1-tv-hd-a-intrat-si-in-reteaua-rcs\/#breadcrumb","itemListElement":[{"@type":"ListItem","position":1,"name":"Prima pagin\u0103","item":"https:\/\/mhf.ro\/mm\/"},{"@type":"ListItem","position":2,"name":"B1 TV HD a intrat \u015fi \u00een re\u0163eaua RCS"}]},{"@type":"WebSite","@id":"https:\/\/mhf.ro\/mm\/#website","url":"https:\/\/mhf.ro\/mm\/","name":"MHF Photography \u2013 Blog de fotografie, natur\u0103 \u0219i tehnic\u0103 divers\u0103","description":"Aventur\u0103 \u00een fiecare cadru.","publisher":{"@id":"https:\/\/mhf.ro\/mm\/#\/schema\/person\/a3bebf7bdb4bf12f698aff73c7e46c21"},"potentialAction":[{"@type":"SearchAction","target":{"@type":"EntryPoint","urlTemplate":"https:\/\/mhf.ro\/mm\/?s={search_term_string}"},"query-input":{"@type":"PropertyValueSpecification","valueRequired":true,"valueName":"search_term_string"}}],"inLanguage":"ro-RO"},{"@type":["Person","Organization"],"@id":"https:\/\/mhf.ro\/mm\/#\/schema\/person\/a3bebf7bdb4bf12f698aff73c7e46c21","name":"Marius Marcu","image":{"@type":"ImageObject","inLanguage":"ro-RO","@id":"https:\/\/mhf.ro\/mm\/#\/schema\/person\/image\/","url":"https:\/\/mhf.ro\/mm\/wp-content\/uploads\/2025\/12\/cropped-logo_mhf_2.png","contentUrl":"https:\/\/mhf.ro\/mm\/wp-content\/uploads\/2025\/12\/cropped-logo_mhf_2.png","width":1096,"height":457,"caption":"Marius Marcu"},"logo":{"@id":"https:\/\/mhf.ro\/mm\/#\/schema\/person\/image\/"},"sameAs":["https:\/\/mhf.ro\/mm"],"url":"https:\/\/mhf.ro\/mm\/author\/mihai\/"}]}},"_links":{"self":[{"href":"https:\/\/mhf.ro\/mm\/wp-json\/wp\/v2\/posts\/5807","targetHints":{"allow":["GET"]}}],"collection":[{"href":"https:\/\/mhf.ro\/mm\/wp-json\/wp\/v2\/posts"}],"about":[{"href":"https:\/\/mhf.ro\/mm\/wp-json\/wp\/v2\/types\/post"}],"author":[{"embeddable":true,"href":"https:\/\/mhf.ro\/mm\/wp-json\/wp\/v2\/users\/1"}],"replies":[{"embeddable":true,"href":"https:\/\/mhf.ro\/mm\/wp-json\/wp\/v2\/comments?post=5807"}],"version-history":[{"count":1,"href":"https:\/\/mhf.ro\/mm\/wp-json\/wp\/v2\/posts\/5807\/revisions"}],"predecessor-version":[{"id":5809,"href":"https:\/\/mhf.ro\/mm\/wp-json\/wp\/v2\/posts\/5807\/revisions\/5809"}],"wp:featuredmedia":[{"embeddable":true,"href":"https:\/\/mhf.ro\/mm\/wp-json\/wp\/v2\/media\/5808"}],"wp:attachment":[{"href":"https:\/\/mhf.ro\/mm\/wp-json\/wp\/v2\/media?parent=5807"}],"wp:term":[{"taxonomy":"category","embeddable":true,"href":"https:\/\/mhf.ro\/mm\/wp-json\/wp\/v2\/categories?post=5807"},{"taxonomy":"post_tag","embeddable":true,"href":"https:\/\/mhf.ro\/mm\/wp-json\/wp\/v2\/tags?post=5807"}],"curies":[{"name":"wp","href":"https:\/\/api.w.org\/{rel}","templated":true}]}}