{"id":5813,"date":"2021-12-25T10:11:46","date_gmt":"2021-12-25T08:11:46","guid":{"rendered":"https:\/\/mhf.ro\/mm\/?p=5813"},"modified":"2021-12-25T10:11:46","modified_gmt":"2021-12-25T08:11:46","slug":"george-simion-aur-cei-carantinati-iesiti-si-colindati","status":"publish","type":"post","link":"https:\/\/mhf.ro\/mm\/george-simion-aur-cei-carantinati-iesiti-si-colindati\/","title":{"rendered":"George Simion (AUR): Cei carantina\u021bi, ie\u0219i\u021bi \u0219i colinda\u021bi"},"content":{"rendered":"<p>\u00cendemn la nerespectarea legii, de la tribuna Parlamentului. Liderul AUR, George Simion, \u00eei \u00eendeamn\u0103 pe\u00a0rom\u00e2nii care au sosit \u00een \u021bar\u0103 pentru a petrece s\u0103rb\u0103torile\u00a0s\u0103 nu stea \u00een carantina de 14 zile prev\u0103zut\u0103 de lege pe fondul pandemiei de Covid-19, ci s\u0103 ias\u0103 \u00een lume, s\u0103 se plimbe \u0219i s\u0103-\u0219i \u00eembr\u0103\u021bi\u0219eze rudele.<\/p>\n<p>\u201eNu pentru asta au murit rom\u00e2nii, nu pentru asta \u2013 ca s\u0103 fie aresta\u0163i la domiciliu 115.000 de fra\u0163i de-ai no\u015ftri care sunt perfect s\u0103n\u0103to\u015fi \u015fi care au teste c\u0103 sunt s\u0103n\u0103to\u015fi. Sunt \u00eenchi\u015fi \u015fi aresta\u0163i (\u2026) Sta\u0163i lini\u015fti\u0163i, dragi rom\u00e2ni, pute\u0163i s\u0103 ie\u015fi\u0163i liber s\u0103 v\u0103 lua\u0163i \u00een bra\u0163e rudele, prietenii, pentru c\u0103 niciun sistem represiv din lumea asta nu v\u0103 poate \u00eenchide la domiciliu, mai ales 115.000 de oameni\u201d, a afirmat George Simion de la tribuna Parlamentului, \u00een \u015fedin\u0163a dedicat\u0103 Revolu\u0163iei din decembrie 1989.<\/p>\n<p>\u201eIe\u015fi\u0163i, colinda\u0163i, bucura\u0163i-v\u0103 unii de al\u0163ii \u015fi lupta\u0163i pentru libertate. Vom muri \u015fi vom fi liberi, ducem lupta genera\u0163iei din 1989 p\u00e2n\u0103 la cap\u0103t, eroii no\u015ftri nu mor niciodat\u0103 \u015fi libertatea este sf\u00e2nt\u0103\u201d, a completat copre\u015fedintele AUR.<\/p>\n<p>Amintim c\u0103 Rom\u00e2nia s-a confruntat cu un val 4 al pandemiei zdrobitor. Aproape 59.000 de Rom\u00e2nia au murit din cauza coronavirsului, iar \u00een 2-3 s\u0103pt\u0103m\u00e2ni ne va lovi valul 5, din cauza noii tulpine \u2013 Omicron, spun speciali\u0219tii. (conf. Jurnalist.ro)<\/p>\n","protected":false},"excerpt":{"rendered":"<p>\u00cendemn la nerespectarea legii, de la tribuna Parlamentului. Liderul AUR, George Simion, \u00eei \u00eendeamn\u0103 pe\u00a0rom\u00e2nii care au sosit \u00een \u021bar\u0103<\/p>\n","protected":false},"author":1,"featured_media":5814,"comment_status":"open","ping_status":"open","sticky":false,"template":"","format":"standard","meta":{"colormag_page_container_layout":"default_layout","colormag_page_sidebar_layout":"default_layout","footnotes":""},"categories":[8],"tags":[],"class_list":["post-5813","post","type-post","status-publish","format-standard","has-post-thumbnail","hentry","category-div"],"yoast_head":"<!-- This site is optimized with the Yoast SEO plugin v27.0 - https:\/\/yoast.com\/product\/yoast-seo-wordpress\/ -->\n<title>George Simion (AUR): Cei carantina\u021bi, ie\u0219i\u021bi \u0219i colinda\u021bi - MHF Photography<\/title>\n<meta name=\"robots\" content=\"index, follow, max-snippet:-1, max-image-preview:large, max-video-preview:-1\" \/>\n<link rel=\"canonical\" href=\"https:\/\/mhf.ro\/mm\/george-simion-aur-cei-carantinati-iesiti-si-colindati\/\" \/>\n<meta property=\"og:locale\" content=\"ro_RO\" \/>\n<meta property=\"og:type\" content=\"article\" \/>\n<meta property=\"og:title\" content=\"George Simion (AUR): Cei carantina\u021bi, ie\u0219i\u021bi \u0219i colinda\u021bi - MHF Photography\" \/>\n<meta property=\"og:description\" content=\"\u00cendemn la nerespectarea legii, de la tribuna Parlamentului. Liderul AUR, George Simion, \u00eei \u00eendeamn\u0103 pe\u00a0rom\u00e2nii care au sosit \u00een \u021bar\u0103\" \/>\n<meta property=\"og:url\" content=\"https:\/\/mhf.ro\/mm\/george-simion-aur-cei-carantinati-iesiti-si-colindati\/\" \/>\n<meta property=\"og:site_name\" content=\"MHF Photography\" \/>\n<meta property=\"article:published_time\" content=\"2021-12-25T08:11:46+00:00\" \/>\n<meta property=\"og:image\" content=\"https:\/\/mhf.ro\/mm\/wp-content\/uploads\/2021\/12\/george-simion.jpg\" \/>\n\t<meta property=\"og:image:width\" content=\"1200\" \/>\n\t<meta property=\"og:image:height\" content=\"631\" \/>\n\t<meta property=\"og:image:type\" content=\"image\/jpeg\" \/>\n<meta name=\"author\" content=\"Marius Marcu\" \/>\n<meta name=\"twitter:card\" content=\"summary_large_image\" \/>\n<meta name=\"twitter:label1\" content=\"Scris de\" \/>\n\t<meta name=\"twitter:data1\" content=\"Marius Marcu\" \/>\n\t<meta name=\"twitter:label2\" content=\"Timp estimat pentru citire\" \/>\n\t<meta name=\"twitter:data2\" content=\"1 minut\" \/>\n<script type=\"application\/ld+json\" class=\"yoast-schema-graph\">{\"@context\":\"https:\/\/schema.org\",\"@graph\":[{\"@type\":\"Article\",\"@id\":\"https:\/\/mhf.ro\/mm\/george-simion-aur-cei-carantinati-iesiti-si-colindati\/#article\",\"isPartOf\":{\"@id\":\"https:\/\/mhf.ro\/mm\/george-simion-aur-cei-carantinati-iesiti-si-colindati\/\"},\"author\":{\"name\":\"Marius Marcu\",\"@id\":\"https:\/\/mhf.ro\/mm\/#\/schema\/person\/a3bebf7bdb4bf12f698aff73c7e46c21\"},\"headline\":\"George Simion (AUR): Cei carantina\u021bi, ie\u0219i\u021bi \u0219i colinda\u021bi\",\"datePublished\":\"2021-12-25T08:11:46+00:00\",\"mainEntityOfPage\":{\"@id\":\"https:\/\/mhf.ro\/mm\/george-simion-aur-cei-carantinati-iesiti-si-colindati\/\"},\"wordCount\":267,\"commentCount\":0,\"publisher\":{\"@id\":\"https:\/\/mhf.ro\/mm\/#\/schema\/person\/a3bebf7bdb4bf12f698aff73c7e46c21\"},\"image\":{\"@id\":\"https:\/\/mhf.ro\/mm\/george-simion-aur-cei-carantinati-iesiti-si-colindati\/#primaryimage\"},\"thumbnailUrl\":\"https:\/\/mhf.ro\/mm\/wp-content\/uploads\/2021\/12\/george-simion.jpg\",\"articleSection\":[\"Diverse\"],\"inLanguage\":\"ro-RO\",\"potentialAction\":[{\"@type\":\"CommentAction\",\"name\":\"Comment\",\"target\":[\"https:\/\/mhf.ro\/mm\/george-simion-aur-cei-carantinati-iesiti-si-colindati\/#respond\"]}]},{\"@type\":\"WebPage\",\"@id\":\"https:\/\/mhf.ro\/mm\/george-simion-aur-cei-carantinati-iesiti-si-colindati\/\",\"url\":\"https:\/\/mhf.ro\/mm\/george-simion-aur-cei-carantinati-iesiti-si-colindati\/\",\"name\":\"George Simion (AUR): Cei carantina\u021bi, ie\u0219i\u021bi \u0219i colinda\u021bi - MHF Photography\",\"isPartOf\":{\"@id\":\"https:\/\/mhf.ro\/mm\/#website\"},\"primaryImageOfPage\":{\"@id\":\"https:\/\/mhf.ro\/mm\/george-simion-aur-cei-carantinati-iesiti-si-colindati\/#primaryimage\"},\"image\":{\"@id\":\"https:\/\/mhf.ro\/mm\/george-simion-aur-cei-carantinati-iesiti-si-colindati\/#primaryimage\"},\"thumbnailUrl\":\"https:\/\/mhf.ro\/mm\/wp-content\/uploads\/2021\/12\/george-simion.jpg\",\"datePublished\":\"2021-12-25T08:11:46+00:00\",\"breadcrumb\":{\"@id\":\"https:\/\/mhf.ro\/mm\/george-simion-aur-cei-carantinati-iesiti-si-colindati\/#breadcrumb\"},\"inLanguage\":\"ro-RO\",\"potentialAction\":[{\"@type\":\"ReadAction\",\"target\":[\"https:\/\/mhf.ro\/mm\/george-simion-aur-cei-carantinati-iesiti-si-colindati\/\"]}]},{\"@type\":\"ImageObject\",\"inLanguage\":\"ro-RO\",\"@id\":\"https:\/\/mhf.ro\/mm\/george-simion-aur-cei-carantinati-iesiti-si-colindati\/#primaryimage\",\"url\":\"https:\/\/mhf.ro\/mm\/wp-content\/uploads\/2021\/12\/george-simion.jpg\",\"contentUrl\":\"https:\/\/mhf.ro\/mm\/wp-content\/uploads\/2021\/12\/george-simion.jpg\",\"width\":1200,\"height\":631},{\"@type\":\"BreadcrumbList\",\"@id\":\"https:\/\/mhf.ro\/mm\/george-simion-aur-cei-carantinati-iesiti-si-colindati\/#breadcrumb\",\"itemListElement\":[{\"@type\":\"ListItem\",\"position\":1,\"name\":\"Prima pagin\u0103\",\"item\":\"https:\/\/mhf.ro\/mm\/\"},{\"@type\":\"ListItem\",\"position\":2,\"name\":\"George Simion (AUR): Cei carantina\u021bi, ie\u0219i\u021bi \u0219i colinda\u021bi\"}]},{\"@type\":\"WebSite\",\"@id\":\"https:\/\/mhf.ro\/mm\/#website\",\"url\":\"https:\/\/mhf.ro\/mm\/\",\"name\":\"MHF Photography \u2013 Blog de fotografie, natur\u0103 \u0219i tehnic\u0103 divers\u0103\",\"description\":\"Aventur\u0103 \u00een fiecare cadru.\",\"publisher\":{\"@id\":\"https:\/\/mhf.ro\/mm\/#\/schema\/person\/a3bebf7bdb4bf12f698aff73c7e46c21\"},\"potentialAction\":[{\"@type\":\"SearchAction\",\"target\":{\"@type\":\"EntryPoint\",\"urlTemplate\":\"https:\/\/mhf.ro\/mm\/?s={search_term_string}\"},\"query-input\":{\"@type\":\"PropertyValueSpecification\",\"valueRequired\":true,\"valueName\":\"search_term_string\"}}],\"inLanguage\":\"ro-RO\"},{\"@type\":[\"Person\",\"Organization\"],\"@id\":\"https:\/\/mhf.ro\/mm\/#\/schema\/person\/a3bebf7bdb4bf12f698aff73c7e46c21\",\"name\":\"Marius Marcu\",\"image\":{\"@type\":\"ImageObject\",\"inLanguage\":\"ro-RO\",\"@id\":\"https:\/\/mhf.ro\/mm\/#\/schema\/person\/image\/\",\"url\":\"https:\/\/mhf.ro\/mm\/wp-content\/uploads\/2025\/12\/cropped-logo_mhf_2.png\",\"contentUrl\":\"https:\/\/mhf.ro\/mm\/wp-content\/uploads\/2025\/12\/cropped-logo_mhf_2.png\",\"width\":1096,\"height\":457,\"caption\":\"Marius Marcu\"},\"logo\":{\"@id\":\"https:\/\/mhf.ro\/mm\/#\/schema\/person\/image\/\"},\"sameAs\":[\"https:\/\/mhf.ro\/mm\"],\"url\":\"https:\/\/mhf.ro\/mm\/author\/mihai\/\"}]}<\/script>\n<!-- \/ Yoast SEO plugin. -->","yoast_head_json":{"title":"George Simion (AUR): Cei carantina\u021bi, ie\u0219i\u021bi \u0219i colinda\u021bi - MHF Photography","robots":{"index":"index","follow":"follow","max-snippet":"max-snippet:-1","max-image-preview":"max-image-preview:large","max-video-preview":"max-video-preview:-1"},"canonical":"https:\/\/mhf.ro\/mm\/george-simion-aur-cei-carantinati-iesiti-si-colindati\/","og_locale":"ro_RO","og_type":"article","og_title":"George Simion (AUR): Cei carantina\u021bi, ie\u0219i\u021bi \u0219i colinda\u021bi - MHF Photography","og_description":"\u00cendemn la nerespectarea legii, de la tribuna Parlamentului. Liderul AUR, George Simion, \u00eei \u00eendeamn\u0103 pe\u00a0rom\u00e2nii care au sosit \u00een \u021bar\u0103","og_url":"https:\/\/mhf.ro\/mm\/george-simion-aur-cei-carantinati-iesiti-si-colindati\/","og_site_name":"MHF Photography","article_published_time":"2021-12-25T08:11:46+00:00","og_image":[{"width":1200,"height":631,"url":"https:\/\/mhf.ro\/mm\/wp-content\/uploads\/2021\/12\/george-simion.jpg","type":"image\/jpeg"}],"author":"Marius Marcu","twitter_card":"summary_large_image","twitter_misc":{"Scris de":"Marius Marcu","Timp estimat pentru citire":"1 minut"},"schema":{"@context":"https:\/\/schema.org","@graph":[{"@type":"Article","@id":"https:\/\/mhf.ro\/mm\/george-simion-aur-cei-carantinati-iesiti-si-colindati\/#article","isPartOf":{"@id":"https:\/\/mhf.ro\/mm\/george-simion-aur-cei-carantinati-iesiti-si-colindati\/"},"author":{"name":"Marius Marcu","@id":"https:\/\/mhf.ro\/mm\/#\/schema\/person\/a3bebf7bdb4bf12f698aff73c7e46c21"},"headline":"George Simion (AUR): Cei carantina\u021bi, ie\u0219i\u021bi \u0219i colinda\u021bi","datePublished":"2021-12-25T08:11:46+00:00","mainEntityOfPage":{"@id":"https:\/\/mhf.ro\/mm\/george-simion-aur-cei-carantinati-iesiti-si-colindati\/"},"wordCount":267,"commentCount":0,"publisher":{"@id":"https:\/\/mhf.ro\/mm\/#\/schema\/person\/a3bebf7bdb4bf12f698aff73c7e46c21"},"image":{"@id":"https:\/\/mhf.ro\/mm\/george-simion-aur-cei-carantinati-iesiti-si-colindati\/#primaryimage"},"thumbnailUrl":"https:\/\/mhf.ro\/mm\/wp-content\/uploads\/2021\/12\/george-simion.jpg","articleSection":["Diverse"],"inLanguage":"ro-RO","potentialAction":[{"@type":"CommentAction","name":"Comment","target":["https:\/\/mhf.ro\/mm\/george-simion-aur-cei-carantinati-iesiti-si-colindati\/#respond"]}]},{"@type":"WebPage","@id":"https:\/\/mhf.ro\/mm\/george-simion-aur-cei-carantinati-iesiti-si-colindati\/","url":"https:\/\/mhf.ro\/mm\/george-simion-aur-cei-carantinati-iesiti-si-colindati\/","name":"George Simion (AUR): Cei carantina\u021bi, ie\u0219i\u021bi \u0219i colinda\u021bi - MHF Photography","isPartOf":{"@id":"https:\/\/mhf.ro\/mm\/#website"},"primaryImageOfPage":{"@id":"https:\/\/mhf.ro\/mm\/george-simion-aur-cei-carantinati-iesiti-si-colindati\/#primaryimage"},"image":{"@id":"https:\/\/mhf.ro\/mm\/george-simion-aur-cei-carantinati-iesiti-si-colindati\/#primaryimage"},"thumbnailUrl":"https:\/\/mhf.ro\/mm\/wp-content\/uploads\/2021\/12\/george-simion.jpg","datePublished":"2021-12-25T08:11:46+00:00","breadcrumb":{"@id":"https:\/\/mhf.ro\/mm\/george-simion-aur-cei-carantinati-iesiti-si-colindati\/#breadcrumb"},"inLanguage":"ro-RO","potentialAction":[{"@type":"ReadAction","target":["https:\/\/mhf.ro\/mm\/george-simion-aur-cei-carantinati-iesiti-si-colindati\/"]}]},{"@type":"ImageObject","inLanguage":"ro-RO","@id":"https:\/\/mhf.ro\/mm\/george-simion-aur-cei-carantinati-iesiti-si-colindati\/#primaryimage","url":"https:\/\/mhf.ro\/mm\/wp-content\/uploads\/2021\/12\/george-simion.jpg","contentUrl":"https:\/\/mhf.ro\/mm\/wp-content\/uploads\/2021\/12\/george-simion.jpg","width":1200,"height":631},{"@type":"BreadcrumbList","@id":"https:\/\/mhf.ro\/mm\/george-simion-aur-cei-carantinati-iesiti-si-colindati\/#breadcrumb","itemListElement":[{"@type":"ListItem","position":1,"name":"Prima pagin\u0103","item":"https:\/\/mhf.ro\/mm\/"},{"@type":"ListItem","position":2,"name":"George Simion (AUR): Cei carantina\u021bi, ie\u0219i\u021bi \u0219i colinda\u021bi"}]},{"@type":"WebSite","@id":"https:\/\/mhf.ro\/mm\/#website","url":"https:\/\/mhf.ro\/mm\/","name":"MHF Photography \u2013 Blog de fotografie, natur\u0103 \u0219i tehnic\u0103 divers\u0103","description":"Aventur\u0103 \u00een fiecare cadru.","publisher":{"@id":"https:\/\/mhf.ro\/mm\/#\/schema\/person\/a3bebf7bdb4bf12f698aff73c7e46c21"},"potentialAction":[{"@type":"SearchAction","target":{"@type":"EntryPoint","urlTemplate":"https:\/\/mhf.ro\/mm\/?s={search_term_string}"},"query-input":{"@type":"PropertyValueSpecification","valueRequired":true,"valueName":"search_term_string"}}],"inLanguage":"ro-RO"},{"@type":["Person","Organization"],"@id":"https:\/\/mhf.ro\/mm\/#\/schema\/person\/a3bebf7bdb4bf12f698aff73c7e46c21","name":"Marius Marcu","image":{"@type":"ImageObject","inLanguage":"ro-RO","@id":"https:\/\/mhf.ro\/mm\/#\/schema\/person\/image\/","url":"https:\/\/mhf.ro\/mm\/wp-content\/uploads\/2025\/12\/cropped-logo_mhf_2.png","contentUrl":"https:\/\/mhf.ro\/mm\/wp-content\/uploads\/2025\/12\/cropped-logo_mhf_2.png","width":1096,"height":457,"caption":"Marius Marcu"},"logo":{"@id":"https:\/\/mhf.ro\/mm\/#\/schema\/person\/image\/"},"sameAs":["https:\/\/mhf.ro\/mm"],"url":"https:\/\/mhf.ro\/mm\/author\/mihai\/"}]}},"_links":{"self":[{"href":"https:\/\/mhf.ro\/mm\/wp-json\/wp\/v2\/posts\/5813","targetHints":{"allow":["GET"]}}],"collection":[{"href":"https:\/\/mhf.ro\/mm\/wp-json\/wp\/v2\/posts"}],"about":[{"href":"https:\/\/mhf.ro\/mm\/wp-json\/wp\/v2\/types\/post"}],"author":[{"embeddable":true,"href":"https:\/\/mhf.ro\/mm\/wp-json\/wp\/v2\/users\/1"}],"replies":[{"embeddable":true,"href":"https:\/\/mhf.ro\/mm\/wp-json\/wp\/v2\/comments?post=5813"}],"version-history":[{"count":1,"href":"https:\/\/mhf.ro\/mm\/wp-json\/wp\/v2\/posts\/5813\/revisions"}],"predecessor-version":[{"id":5815,"href":"https:\/\/mhf.ro\/mm\/wp-json\/wp\/v2\/posts\/5813\/revisions\/5815"}],"wp:featuredmedia":[{"embeddable":true,"href":"https:\/\/mhf.ro\/mm\/wp-json\/wp\/v2\/media\/5814"}],"wp:attachment":[{"href":"https:\/\/mhf.ro\/mm\/wp-json\/wp\/v2\/media?parent=5813"}],"wp:term":[{"taxonomy":"category","embeddable":true,"href":"https:\/\/mhf.ro\/mm\/wp-json\/wp\/v2\/categories?post=5813"},{"taxonomy":"post_tag","embeddable":true,"href":"https:\/\/mhf.ro\/mm\/wp-json\/wp\/v2\/tags?post=5813"}],"curies":[{"name":"wp","href":"https:\/\/api.w.org\/{rel}","templated":true}]}}