{"id":5841,"date":"2021-12-30T09:05:51","date_gmt":"2021-12-30T07:05:51","guid":{"rendered":"https:\/\/mhf.ro\/mm\/?p=5841"},"modified":"2021-12-30T09:05:51","modified_gmt":"2021-12-30T07:05:51","slug":"au-primi-ilegal-certificate-de-handicap","status":"publish","type":"post","link":"https:\/\/mhf.ro\/mm\/au-primi-ilegal-certificate-de-handicap\/","title":{"rendered":"Au primi ilegal certificate de handicap"},"content":{"rendered":"<p>Sute de persoane din jude\u021bul Timi\u0219 au dat mit\u0103 c\u0103 s\u0103 beneficieze de certificate de \u00eencadrare \u00een grad de handicap pentru ob\u021binerea de indemniza\u021bii. 26 de persoane au fost trimise \u00een judecat\u0103 de procurorii\u00a0DNA. Prejudiciul calculat de procurori trece de 5 milioane de euro.<\/p>\n<p>Ancheta procurorilor DNA Timi\u0219oara a \u00eenceput \u00een luna noiembrie a anului trecut c\u00e2nd, \u00eempreun\u0103 cu ofi\u021berii DGA, l-au re\u021binut pe \u0219eful Serviciului eviden\u021b\u0103 drepturi persoane cu dizabilit\u0103\u021bi din cadrul Direc\u021biei de Asisten\u021b\u0103 Social\u0103 \u0219i Protec\u021bia Copilului Timi\u0219.<\/p>\n<p>Oamenii legii spun c\u0103 Lihor-Laza Laszlo Andras ar fi \u00eentocmit, contra unor sume de bani, documentele necesare ob\u021binerii indemniza\u021biei de \u00eencadrare \u00een grad de handicap.<\/p>\n<p>Practic, \u0219eful de serviciu ar fi introdus \u00eentr-un sistem informatic datele a 491 de fal\u0219i beneficiari de certificate de handicap vizual grav ce necesita asistent personal.<\/p>\n<p>Pentru fiecare persoan\u0103, suspectul ar fi primit sume cuprinse \u00eentre 500 \u0219i 2.600 de euro, valoarea total\u0103 a mitei trec\u00e2nd de 51.000 de euro.<\/p>\n<p>Beneficiarii sunt din toat\u0103 \u021bara \u0219i pentru a putea ob\u021bine indemniza\u021bia de persoan\u0103 cu handicap \u0219i-au stabilit provizoriu re\u0219edin\u021ba \u00een Timi\u0219.<\/p>\n<p>Angajatul DGASPC Timi\u0219 a fost trimis \u00een judecat\u0103 sub control judiciar, iar cei care i-au dat banii \u0219i intermediarii afacerii au fost trimi\u0219i \u00een fa\u021ba instan\u021belor \u00een stare de libertate. (conf. Jurnalist.ro)<\/p>\n","protected":false},"excerpt":{"rendered":"<p>Sute de persoane din jude\u021bul Timi\u0219 au dat mit\u0103 c\u0103 s\u0103 beneficieze de certificate de \u00eencadrare \u00een grad de handicap<\/p>\n","protected":false},"author":1,"featured_media":5842,"comment_status":"open","ping_status":"open","sticky":false,"template":"","format":"standard","meta":{"colormag_page_container_layout":"default_layout","colormag_page_sidebar_layout":"default_layout","footnotes":""},"categories":[8],"tags":[],"class_list":["post-5841","post","type-post","status-publish","format-standard","has-post-thumbnail","hentry","category-div"],"yoast_head":"<!-- This site is optimized with the Yoast SEO plugin v27.0 - https:\/\/yoast.com\/product\/yoast-seo-wordpress\/ -->\n<title>Au primi ilegal certificate de handicap - MHF Photography<\/title>\n<meta name=\"robots\" content=\"index, follow, max-snippet:-1, max-image-preview:large, max-video-preview:-1\" \/>\n<link rel=\"canonical\" href=\"https:\/\/mhf.ro\/mm\/au-primi-ilegal-certificate-de-handicap\/\" \/>\n<meta property=\"og:locale\" content=\"ro_RO\" \/>\n<meta property=\"og:type\" content=\"article\" \/>\n<meta property=\"og:title\" content=\"Au primi ilegal certificate de handicap - MHF Photography\" \/>\n<meta property=\"og:description\" content=\"Sute de persoane din jude\u021bul Timi\u0219 au dat mit\u0103 c\u0103 s\u0103 beneficieze de certificate de \u00eencadrare \u00een grad de handicap\" \/>\n<meta property=\"og:url\" content=\"https:\/\/mhf.ro\/mm\/au-primi-ilegal-certificate-de-handicap\/\" \/>\n<meta property=\"og:site_name\" content=\"MHF Photography\" \/>\n<meta property=\"article:published_time\" content=\"2021-12-30T07:05:51+00:00\" \/>\n<meta property=\"og:image\" content=\"https:\/\/mhf.ro\/mm\/wp-content\/uploads\/2021\/12\/handicap.jpg\" \/>\n\t<meta property=\"og:image:width\" content=\"400\" \/>\n\t<meta property=\"og:image:height\" content=\"225\" \/>\n\t<meta property=\"og:image:type\" content=\"image\/jpeg\" \/>\n<meta name=\"author\" content=\"Marius Marcu\" \/>\n<meta name=\"twitter:card\" content=\"summary_large_image\" \/>\n<meta name=\"twitter:label1\" content=\"Scris de\" \/>\n\t<meta name=\"twitter:data1\" content=\"Marius Marcu\" \/>\n\t<meta name=\"twitter:label2\" content=\"Timp estimat pentru citire\" \/>\n\t<meta name=\"twitter:data2\" content=\"1 minut\" \/>\n<script type=\"application\/ld+json\" class=\"yoast-schema-graph\">{\"@context\":\"https:\/\/schema.org\",\"@graph\":[{\"@type\":\"Article\",\"@id\":\"https:\/\/mhf.ro\/mm\/au-primi-ilegal-certificate-de-handicap\/#article\",\"isPartOf\":{\"@id\":\"https:\/\/mhf.ro\/mm\/au-primi-ilegal-certificate-de-handicap\/\"},\"author\":{\"name\":\"Marius Marcu\",\"@id\":\"https:\/\/mhf.ro\/mm\/#\/schema\/person\/a3bebf7bdb4bf12f698aff73c7e46c21\"},\"headline\":\"Au primi ilegal certificate de handicap\",\"datePublished\":\"2021-12-30T07:05:51+00:00\",\"mainEntityOfPage\":{\"@id\":\"https:\/\/mhf.ro\/mm\/au-primi-ilegal-certificate-de-handicap\/\"},\"wordCount\":232,\"commentCount\":0,\"publisher\":{\"@id\":\"https:\/\/mhf.ro\/mm\/#\/schema\/person\/a3bebf7bdb4bf12f698aff73c7e46c21\"},\"image\":{\"@id\":\"https:\/\/mhf.ro\/mm\/au-primi-ilegal-certificate-de-handicap\/#primaryimage\"},\"thumbnailUrl\":\"https:\/\/mhf.ro\/mm\/wp-content\/uploads\/2021\/12\/handicap.jpg\",\"articleSection\":[\"Diverse\"],\"inLanguage\":\"ro-RO\",\"potentialAction\":[{\"@type\":\"CommentAction\",\"name\":\"Comment\",\"target\":[\"https:\/\/mhf.ro\/mm\/au-primi-ilegal-certificate-de-handicap\/#respond\"]}]},{\"@type\":\"WebPage\",\"@id\":\"https:\/\/mhf.ro\/mm\/au-primi-ilegal-certificate-de-handicap\/\",\"url\":\"https:\/\/mhf.ro\/mm\/au-primi-ilegal-certificate-de-handicap\/\",\"name\":\"Au primi ilegal certificate de handicap - MHF Photography\",\"isPartOf\":{\"@id\":\"https:\/\/mhf.ro\/mm\/#website\"},\"primaryImageOfPage\":{\"@id\":\"https:\/\/mhf.ro\/mm\/au-primi-ilegal-certificate-de-handicap\/#primaryimage\"},\"image\":{\"@id\":\"https:\/\/mhf.ro\/mm\/au-primi-ilegal-certificate-de-handicap\/#primaryimage\"},\"thumbnailUrl\":\"https:\/\/mhf.ro\/mm\/wp-content\/uploads\/2021\/12\/handicap.jpg\",\"datePublished\":\"2021-12-30T07:05:51+00:00\",\"breadcrumb\":{\"@id\":\"https:\/\/mhf.ro\/mm\/au-primi-ilegal-certificate-de-handicap\/#breadcrumb\"},\"inLanguage\":\"ro-RO\",\"potentialAction\":[{\"@type\":\"ReadAction\",\"target\":[\"https:\/\/mhf.ro\/mm\/au-primi-ilegal-certificate-de-handicap\/\"]}]},{\"@type\":\"ImageObject\",\"inLanguage\":\"ro-RO\",\"@id\":\"https:\/\/mhf.ro\/mm\/au-primi-ilegal-certificate-de-handicap\/#primaryimage\",\"url\":\"https:\/\/mhf.ro\/mm\/wp-content\/uploads\/2021\/12\/handicap.jpg\",\"contentUrl\":\"https:\/\/mhf.ro\/mm\/wp-content\/uploads\/2021\/12\/handicap.jpg\",\"width\":400,\"height\":225},{\"@type\":\"BreadcrumbList\",\"@id\":\"https:\/\/mhf.ro\/mm\/au-primi-ilegal-certificate-de-handicap\/#breadcrumb\",\"itemListElement\":[{\"@type\":\"ListItem\",\"position\":1,\"name\":\"Prima pagin\u0103\",\"item\":\"https:\/\/mhf.ro\/mm\/\"},{\"@type\":\"ListItem\",\"position\":2,\"name\":\"Au primi ilegal certificate de handicap\"}]},{\"@type\":\"WebSite\",\"@id\":\"https:\/\/mhf.ro\/mm\/#website\",\"url\":\"https:\/\/mhf.ro\/mm\/\",\"name\":\"MHF Photography \u2013 Blog de fotografie, natur\u0103 \u0219i tehnic\u0103 divers\u0103\",\"description\":\"Aventur\u0103 \u00een fiecare cadru.\",\"publisher\":{\"@id\":\"https:\/\/mhf.ro\/mm\/#\/schema\/person\/a3bebf7bdb4bf12f698aff73c7e46c21\"},\"potentialAction\":[{\"@type\":\"SearchAction\",\"target\":{\"@type\":\"EntryPoint\",\"urlTemplate\":\"https:\/\/mhf.ro\/mm\/?s={search_term_string}\"},\"query-input\":{\"@type\":\"PropertyValueSpecification\",\"valueRequired\":true,\"valueName\":\"search_term_string\"}}],\"inLanguage\":\"ro-RO\"},{\"@type\":[\"Person\",\"Organization\"],\"@id\":\"https:\/\/mhf.ro\/mm\/#\/schema\/person\/a3bebf7bdb4bf12f698aff73c7e46c21\",\"name\":\"Marius Marcu\",\"image\":{\"@type\":\"ImageObject\",\"inLanguage\":\"ro-RO\",\"@id\":\"https:\/\/mhf.ro\/mm\/#\/schema\/person\/image\/\",\"url\":\"https:\/\/mhf.ro\/mm\/wp-content\/uploads\/2025\/12\/cropped-logo_mhf_2.png\",\"contentUrl\":\"https:\/\/mhf.ro\/mm\/wp-content\/uploads\/2025\/12\/cropped-logo_mhf_2.png\",\"width\":1096,\"height\":457,\"caption\":\"Marius Marcu\"},\"logo\":{\"@id\":\"https:\/\/mhf.ro\/mm\/#\/schema\/person\/image\/\"},\"sameAs\":[\"https:\/\/mhf.ro\/mm\"],\"url\":\"https:\/\/mhf.ro\/mm\/author\/mihai\/\"}]}<\/script>\n<!-- \/ Yoast SEO plugin. -->","yoast_head_json":{"title":"Au primi ilegal certificate de handicap - MHF Photography","robots":{"index":"index","follow":"follow","max-snippet":"max-snippet:-1","max-image-preview":"max-image-preview:large","max-video-preview":"max-video-preview:-1"},"canonical":"https:\/\/mhf.ro\/mm\/au-primi-ilegal-certificate-de-handicap\/","og_locale":"ro_RO","og_type":"article","og_title":"Au primi ilegal certificate de handicap - MHF Photography","og_description":"Sute de persoane din jude\u021bul Timi\u0219 au dat mit\u0103 c\u0103 s\u0103 beneficieze de certificate de \u00eencadrare \u00een grad de handicap","og_url":"https:\/\/mhf.ro\/mm\/au-primi-ilegal-certificate-de-handicap\/","og_site_name":"MHF Photography","article_published_time":"2021-12-30T07:05:51+00:00","og_image":[{"width":400,"height":225,"url":"https:\/\/mhf.ro\/mm\/wp-content\/uploads\/2021\/12\/handicap.jpg","type":"image\/jpeg"}],"author":"Marius Marcu","twitter_card":"summary_large_image","twitter_misc":{"Scris de":"Marius Marcu","Timp estimat pentru citire":"1 minut"},"schema":{"@context":"https:\/\/schema.org","@graph":[{"@type":"Article","@id":"https:\/\/mhf.ro\/mm\/au-primi-ilegal-certificate-de-handicap\/#article","isPartOf":{"@id":"https:\/\/mhf.ro\/mm\/au-primi-ilegal-certificate-de-handicap\/"},"author":{"name":"Marius Marcu","@id":"https:\/\/mhf.ro\/mm\/#\/schema\/person\/a3bebf7bdb4bf12f698aff73c7e46c21"},"headline":"Au primi ilegal certificate de handicap","datePublished":"2021-12-30T07:05:51+00:00","mainEntityOfPage":{"@id":"https:\/\/mhf.ro\/mm\/au-primi-ilegal-certificate-de-handicap\/"},"wordCount":232,"commentCount":0,"publisher":{"@id":"https:\/\/mhf.ro\/mm\/#\/schema\/person\/a3bebf7bdb4bf12f698aff73c7e46c21"},"image":{"@id":"https:\/\/mhf.ro\/mm\/au-primi-ilegal-certificate-de-handicap\/#primaryimage"},"thumbnailUrl":"https:\/\/mhf.ro\/mm\/wp-content\/uploads\/2021\/12\/handicap.jpg","articleSection":["Diverse"],"inLanguage":"ro-RO","potentialAction":[{"@type":"CommentAction","name":"Comment","target":["https:\/\/mhf.ro\/mm\/au-primi-ilegal-certificate-de-handicap\/#respond"]}]},{"@type":"WebPage","@id":"https:\/\/mhf.ro\/mm\/au-primi-ilegal-certificate-de-handicap\/","url":"https:\/\/mhf.ro\/mm\/au-primi-ilegal-certificate-de-handicap\/","name":"Au primi ilegal certificate de handicap - MHF Photography","isPartOf":{"@id":"https:\/\/mhf.ro\/mm\/#website"},"primaryImageOfPage":{"@id":"https:\/\/mhf.ro\/mm\/au-primi-ilegal-certificate-de-handicap\/#primaryimage"},"image":{"@id":"https:\/\/mhf.ro\/mm\/au-primi-ilegal-certificate-de-handicap\/#primaryimage"},"thumbnailUrl":"https:\/\/mhf.ro\/mm\/wp-content\/uploads\/2021\/12\/handicap.jpg","datePublished":"2021-12-30T07:05:51+00:00","breadcrumb":{"@id":"https:\/\/mhf.ro\/mm\/au-primi-ilegal-certificate-de-handicap\/#breadcrumb"},"inLanguage":"ro-RO","potentialAction":[{"@type":"ReadAction","target":["https:\/\/mhf.ro\/mm\/au-primi-ilegal-certificate-de-handicap\/"]}]},{"@type":"ImageObject","inLanguage":"ro-RO","@id":"https:\/\/mhf.ro\/mm\/au-primi-ilegal-certificate-de-handicap\/#primaryimage","url":"https:\/\/mhf.ro\/mm\/wp-content\/uploads\/2021\/12\/handicap.jpg","contentUrl":"https:\/\/mhf.ro\/mm\/wp-content\/uploads\/2021\/12\/handicap.jpg","width":400,"height":225},{"@type":"BreadcrumbList","@id":"https:\/\/mhf.ro\/mm\/au-primi-ilegal-certificate-de-handicap\/#breadcrumb","itemListElement":[{"@type":"ListItem","position":1,"name":"Prima pagin\u0103","item":"https:\/\/mhf.ro\/mm\/"},{"@type":"ListItem","position":2,"name":"Au primi ilegal certificate de handicap"}]},{"@type":"WebSite","@id":"https:\/\/mhf.ro\/mm\/#website","url":"https:\/\/mhf.ro\/mm\/","name":"MHF Photography \u2013 Blog de fotografie, natur\u0103 \u0219i tehnic\u0103 divers\u0103","description":"Aventur\u0103 \u00een fiecare cadru.","publisher":{"@id":"https:\/\/mhf.ro\/mm\/#\/schema\/person\/a3bebf7bdb4bf12f698aff73c7e46c21"},"potentialAction":[{"@type":"SearchAction","target":{"@type":"EntryPoint","urlTemplate":"https:\/\/mhf.ro\/mm\/?s={search_term_string}"},"query-input":{"@type":"PropertyValueSpecification","valueRequired":true,"valueName":"search_term_string"}}],"inLanguage":"ro-RO"},{"@type":["Person","Organization"],"@id":"https:\/\/mhf.ro\/mm\/#\/schema\/person\/a3bebf7bdb4bf12f698aff73c7e46c21","name":"Marius Marcu","image":{"@type":"ImageObject","inLanguage":"ro-RO","@id":"https:\/\/mhf.ro\/mm\/#\/schema\/person\/image\/","url":"https:\/\/mhf.ro\/mm\/wp-content\/uploads\/2025\/12\/cropped-logo_mhf_2.png","contentUrl":"https:\/\/mhf.ro\/mm\/wp-content\/uploads\/2025\/12\/cropped-logo_mhf_2.png","width":1096,"height":457,"caption":"Marius Marcu"},"logo":{"@id":"https:\/\/mhf.ro\/mm\/#\/schema\/person\/image\/"},"sameAs":["https:\/\/mhf.ro\/mm"],"url":"https:\/\/mhf.ro\/mm\/author\/mihai\/"}]}},"_links":{"self":[{"href":"https:\/\/mhf.ro\/mm\/wp-json\/wp\/v2\/posts\/5841","targetHints":{"allow":["GET"]}}],"collection":[{"href":"https:\/\/mhf.ro\/mm\/wp-json\/wp\/v2\/posts"}],"about":[{"href":"https:\/\/mhf.ro\/mm\/wp-json\/wp\/v2\/types\/post"}],"author":[{"embeddable":true,"href":"https:\/\/mhf.ro\/mm\/wp-json\/wp\/v2\/users\/1"}],"replies":[{"embeddable":true,"href":"https:\/\/mhf.ro\/mm\/wp-json\/wp\/v2\/comments?post=5841"}],"version-history":[{"count":1,"href":"https:\/\/mhf.ro\/mm\/wp-json\/wp\/v2\/posts\/5841\/revisions"}],"predecessor-version":[{"id":5843,"href":"https:\/\/mhf.ro\/mm\/wp-json\/wp\/v2\/posts\/5841\/revisions\/5843"}],"wp:featuredmedia":[{"embeddable":true,"href":"https:\/\/mhf.ro\/mm\/wp-json\/wp\/v2\/media\/5842"}],"wp:attachment":[{"href":"https:\/\/mhf.ro\/mm\/wp-json\/wp\/v2\/media?parent=5841"}],"wp:term":[{"taxonomy":"category","embeddable":true,"href":"https:\/\/mhf.ro\/mm\/wp-json\/wp\/v2\/categories?post=5841"},{"taxonomy":"post_tag","embeddable":true,"href":"https:\/\/mhf.ro\/mm\/wp-json\/wp\/v2\/tags?post=5841"}],"curies":[{"name":"wp","href":"https:\/\/api.w.org\/{rel}","templated":true}]}}