{"id":5845,"date":"2021-12-31T10:26:07","date_gmt":"2021-12-31T08:26:07","guid":{"rendered":"https:\/\/mhf.ro\/mm\/?p=5845"},"modified":"2021-12-31T10:26:07","modified_gmt":"2021-12-31T08:26:07","slug":"piata-de-automobile-electrice-s-a-dublat","status":"publish","type":"post","link":"https:\/\/mhf.ro\/mm\/piata-de-automobile-electrice-s-a-dublat\/","title":{"rendered":"Pia\u0163a de automobile electrice s-a dublat"},"content":{"rendered":"<p>Lansarea modelului Dacia Spring a avut un impact semnificativ asupra pie\u021bei auto din Rom\u00e2nia. \u00cenmatricul\u0103rile de automobile electrice din Rom\u00e2nia au urcat \u00een noiembrie la o cot\u0103 record, ca urmare a livr\u0103rilor modelului Dacia Spring, potrivit Profit.ro.<\/p>\n<p>Dup\u0103 11 luni, cota de pia\u0163\u0103 a vehiculelor complet electrice \u015fi a celor hibrid, cumulat\u0103, este de 14.2% din totalul pie\u0163ei, pe fondul sc\u0103derii livr\u0103rilor de autoturisme cu propulsie pe benzin\u0103 sau diesel.<\/p>\n<p>\u00cen acela\u015fi timp, volumul ma\u015finilor complet electrice a ajuns, conform datelor analizate de Profit.ro, la 4.301 unit\u0103\u0163i, mai mult dec\u00e2t dublu fa\u0163\u0103 de cele de anul trecut (2111), respectiv o cre\u015ftere de 103,7%.<\/p>\n<p>Liderul pie\u0163ei de automobile electrice este \u00een acest moment Dacia, care s-a instalat pe prima pozi\u0163ie cu ajutorul modelului Spring, \u00eenmatriculat deja \u00een 1.537 de exemplare, altele fiind deja livrate \u015fi preg\u0103tite s\u0103 fie \u015fi ele \u00eenmatriculate. Pe locul al doilea se afl\u0103 Volkswagen, care are deja mai multe modele electrice, dar \u015fi plug-in.<\/p>\n<p>Lider este e-Up, urmat de ID.3 \u015fi ID.4. Hyundai (cu Kona \u015fi Ioniq), Renault (cu modelul ZOE), Skoda cu (Enyaq), se afl\u0103 pe celelalte locuri ale clasamentului ma\u015finilor electrice. (conf. Jurnalist.ro)<\/p>\n","protected":false},"excerpt":{"rendered":"<p>Lansarea modelului Dacia Spring a avut un impact semnificativ asupra pie\u021bei auto din Rom\u00e2nia. \u00cenmatricul\u0103rile de automobile electrice din Rom\u00e2nia<\/p>\n","protected":false},"author":1,"featured_media":5846,"comment_status":"open","ping_status":"open","sticky":false,"template":"","format":"standard","meta":{"colormag_page_container_layout":"default_layout","colormag_page_sidebar_layout":"default_layout","footnotes":""},"categories":[8],"tags":[],"class_list":["post-5845","post","type-post","status-publish","format-standard","has-post-thumbnail","hentry","category-div"],"yoast_head":"<!-- This site is optimized with the Yoast SEO plugin v27.0 - https:\/\/yoast.com\/product\/yoast-seo-wordpress\/ -->\n<title>Pia\u0163a de automobile electrice s-a dublat - MHF Photography<\/title>\n<meta name=\"robots\" content=\"index, follow, max-snippet:-1, max-image-preview:large, max-video-preview:-1\" \/>\n<link rel=\"canonical\" href=\"https:\/\/mhf.ro\/mm\/piata-de-automobile-electrice-s-a-dublat\/\" \/>\n<meta property=\"og:locale\" content=\"ro_RO\" \/>\n<meta property=\"og:type\" content=\"article\" \/>\n<meta property=\"og:title\" content=\"Pia\u0163a de automobile electrice s-a dublat - MHF Photography\" \/>\n<meta property=\"og:description\" content=\"Lansarea modelului Dacia Spring a avut un impact semnificativ asupra pie\u021bei auto din Rom\u00e2nia. \u00cenmatricul\u0103rile de automobile electrice din Rom\u00e2nia\" \/>\n<meta property=\"og:url\" content=\"https:\/\/mhf.ro\/mm\/piata-de-automobile-electrice-s-a-dublat\/\" \/>\n<meta property=\"og:site_name\" content=\"MHF Photography\" \/>\n<meta property=\"article:published_time\" content=\"2021-12-31T08:26:07+00:00\" \/>\n<meta property=\"og:image\" content=\"https:\/\/mhf.ro\/mm\/wp-content\/uploads\/2021\/12\/Dacia_Spring_Electric-01@2x.jpg\" \/>\n\t<meta property=\"og:image:width\" content=\"1260\" \/>\n\t<meta property=\"og:image:height\" content=\"709\" \/>\n\t<meta property=\"og:image:type\" content=\"image\/jpeg\" \/>\n<meta name=\"author\" content=\"Marius Marcu\" \/>\n<meta name=\"twitter:card\" content=\"summary_large_image\" \/>\n<meta name=\"twitter:label1\" content=\"Scris de\" \/>\n\t<meta name=\"twitter:data1\" content=\"Marius Marcu\" \/>\n\t<meta name=\"twitter:label2\" content=\"Timp estimat pentru citire\" \/>\n\t<meta name=\"twitter:data2\" content=\"1 minut\" \/>\n<script type=\"application\/ld+json\" class=\"yoast-schema-graph\">{\"@context\":\"https:\/\/schema.org\",\"@graph\":[{\"@type\":\"Article\",\"@id\":\"https:\/\/mhf.ro\/mm\/piata-de-automobile-electrice-s-a-dublat\/#article\",\"isPartOf\":{\"@id\":\"https:\/\/mhf.ro\/mm\/piata-de-automobile-electrice-s-a-dublat\/\"},\"author\":{\"name\":\"Marius Marcu\",\"@id\":\"https:\/\/mhf.ro\/mm\/#\/schema\/person\/a3bebf7bdb4bf12f698aff73c7e46c21\"},\"headline\":\"Pia\u0163a de automobile electrice s-a dublat\",\"datePublished\":\"2021-12-31T08:26:07+00:00\",\"mainEntityOfPage\":{\"@id\":\"https:\/\/mhf.ro\/mm\/piata-de-automobile-electrice-s-a-dublat\/\"},\"wordCount\":209,\"commentCount\":0,\"publisher\":{\"@id\":\"https:\/\/mhf.ro\/mm\/#\/schema\/person\/a3bebf7bdb4bf12f698aff73c7e46c21\"},\"image\":{\"@id\":\"https:\/\/mhf.ro\/mm\/piata-de-automobile-electrice-s-a-dublat\/#primaryimage\"},\"thumbnailUrl\":\"https:\/\/mhf.ro\/mm\/wp-content\/uploads\/2021\/12\/Dacia_Spring_Electric-01@2x.jpg\",\"articleSection\":[\"Diverse\"],\"inLanguage\":\"ro-RO\",\"potentialAction\":[{\"@type\":\"CommentAction\",\"name\":\"Comment\",\"target\":[\"https:\/\/mhf.ro\/mm\/piata-de-automobile-electrice-s-a-dublat\/#respond\"]}]},{\"@type\":\"WebPage\",\"@id\":\"https:\/\/mhf.ro\/mm\/piata-de-automobile-electrice-s-a-dublat\/\",\"url\":\"https:\/\/mhf.ro\/mm\/piata-de-automobile-electrice-s-a-dublat\/\",\"name\":\"Pia\u0163a de automobile electrice s-a dublat - MHF Photography\",\"isPartOf\":{\"@id\":\"https:\/\/mhf.ro\/mm\/#website\"},\"primaryImageOfPage\":{\"@id\":\"https:\/\/mhf.ro\/mm\/piata-de-automobile-electrice-s-a-dublat\/#primaryimage\"},\"image\":{\"@id\":\"https:\/\/mhf.ro\/mm\/piata-de-automobile-electrice-s-a-dublat\/#primaryimage\"},\"thumbnailUrl\":\"https:\/\/mhf.ro\/mm\/wp-content\/uploads\/2021\/12\/Dacia_Spring_Electric-01@2x.jpg\",\"datePublished\":\"2021-12-31T08:26:07+00:00\",\"breadcrumb\":{\"@id\":\"https:\/\/mhf.ro\/mm\/piata-de-automobile-electrice-s-a-dublat\/#breadcrumb\"},\"inLanguage\":\"ro-RO\",\"potentialAction\":[{\"@type\":\"ReadAction\",\"target\":[\"https:\/\/mhf.ro\/mm\/piata-de-automobile-electrice-s-a-dublat\/\"]}]},{\"@type\":\"ImageObject\",\"inLanguage\":\"ro-RO\",\"@id\":\"https:\/\/mhf.ro\/mm\/piata-de-automobile-electrice-s-a-dublat\/#primaryimage\",\"url\":\"https:\/\/mhf.ro\/mm\/wp-content\/uploads\/2021\/12\/Dacia_Spring_Electric-01@2x.jpg\",\"contentUrl\":\"https:\/\/mhf.ro\/mm\/wp-content\/uploads\/2021\/12\/Dacia_Spring_Electric-01@2x.jpg\",\"width\":1260,\"height\":709},{\"@type\":\"BreadcrumbList\",\"@id\":\"https:\/\/mhf.ro\/mm\/piata-de-automobile-electrice-s-a-dublat\/#breadcrumb\",\"itemListElement\":[{\"@type\":\"ListItem\",\"position\":1,\"name\":\"Prima pagin\u0103\",\"item\":\"https:\/\/mhf.ro\/mm\/\"},{\"@type\":\"ListItem\",\"position\":2,\"name\":\"Pia\u0163a de automobile electrice s-a dublat\"}]},{\"@type\":\"WebSite\",\"@id\":\"https:\/\/mhf.ro\/mm\/#website\",\"url\":\"https:\/\/mhf.ro\/mm\/\",\"name\":\"MHF Photography \u2013 Blog de fotografie, natur\u0103 \u0219i tehnic\u0103 divers\u0103\",\"description\":\"Aventur\u0103 \u00een fiecare cadru.\",\"publisher\":{\"@id\":\"https:\/\/mhf.ro\/mm\/#\/schema\/person\/a3bebf7bdb4bf12f698aff73c7e46c21\"},\"potentialAction\":[{\"@type\":\"SearchAction\",\"target\":{\"@type\":\"EntryPoint\",\"urlTemplate\":\"https:\/\/mhf.ro\/mm\/?s={search_term_string}\"},\"query-input\":{\"@type\":\"PropertyValueSpecification\",\"valueRequired\":true,\"valueName\":\"search_term_string\"}}],\"inLanguage\":\"ro-RO\"},{\"@type\":[\"Person\",\"Organization\"],\"@id\":\"https:\/\/mhf.ro\/mm\/#\/schema\/person\/a3bebf7bdb4bf12f698aff73c7e46c21\",\"name\":\"Marius Marcu\",\"image\":{\"@type\":\"ImageObject\",\"inLanguage\":\"ro-RO\",\"@id\":\"https:\/\/mhf.ro\/mm\/#\/schema\/person\/image\/\",\"url\":\"https:\/\/mhf.ro\/mm\/wp-content\/uploads\/2025\/12\/cropped-logo_mhf_2.png\",\"contentUrl\":\"https:\/\/mhf.ro\/mm\/wp-content\/uploads\/2025\/12\/cropped-logo_mhf_2.png\",\"width\":1096,\"height\":457,\"caption\":\"Marius Marcu\"},\"logo\":{\"@id\":\"https:\/\/mhf.ro\/mm\/#\/schema\/person\/image\/\"},\"sameAs\":[\"https:\/\/mhf.ro\/mm\"],\"url\":\"https:\/\/mhf.ro\/mm\/author\/mihai\/\"}]}<\/script>\n<!-- \/ Yoast SEO plugin. -->","yoast_head_json":{"title":"Pia\u0163a de automobile electrice s-a dublat - MHF Photography","robots":{"index":"index","follow":"follow","max-snippet":"max-snippet:-1","max-image-preview":"max-image-preview:large","max-video-preview":"max-video-preview:-1"},"canonical":"https:\/\/mhf.ro\/mm\/piata-de-automobile-electrice-s-a-dublat\/","og_locale":"ro_RO","og_type":"article","og_title":"Pia\u0163a de automobile electrice s-a dublat - MHF Photography","og_description":"Lansarea modelului Dacia Spring a avut un impact semnificativ asupra pie\u021bei auto din Rom\u00e2nia. \u00cenmatricul\u0103rile de automobile electrice din Rom\u00e2nia","og_url":"https:\/\/mhf.ro\/mm\/piata-de-automobile-electrice-s-a-dublat\/","og_site_name":"MHF Photography","article_published_time":"2021-12-31T08:26:07+00:00","og_image":[{"width":1260,"height":709,"url":"https:\/\/mhf.ro\/mm\/wp-content\/uploads\/2021\/12\/Dacia_Spring_Electric-01@2x.jpg","type":"image\/jpeg"}],"author":"Marius Marcu","twitter_card":"summary_large_image","twitter_misc":{"Scris de":"Marius Marcu","Timp estimat pentru citire":"1 minut"},"schema":{"@context":"https:\/\/schema.org","@graph":[{"@type":"Article","@id":"https:\/\/mhf.ro\/mm\/piata-de-automobile-electrice-s-a-dublat\/#article","isPartOf":{"@id":"https:\/\/mhf.ro\/mm\/piata-de-automobile-electrice-s-a-dublat\/"},"author":{"name":"Marius Marcu","@id":"https:\/\/mhf.ro\/mm\/#\/schema\/person\/a3bebf7bdb4bf12f698aff73c7e46c21"},"headline":"Pia\u0163a de automobile electrice s-a dublat","datePublished":"2021-12-31T08:26:07+00:00","mainEntityOfPage":{"@id":"https:\/\/mhf.ro\/mm\/piata-de-automobile-electrice-s-a-dublat\/"},"wordCount":209,"commentCount":0,"publisher":{"@id":"https:\/\/mhf.ro\/mm\/#\/schema\/person\/a3bebf7bdb4bf12f698aff73c7e46c21"},"image":{"@id":"https:\/\/mhf.ro\/mm\/piata-de-automobile-electrice-s-a-dublat\/#primaryimage"},"thumbnailUrl":"https:\/\/mhf.ro\/mm\/wp-content\/uploads\/2021\/12\/Dacia_Spring_Electric-01@2x.jpg","articleSection":["Diverse"],"inLanguage":"ro-RO","potentialAction":[{"@type":"CommentAction","name":"Comment","target":["https:\/\/mhf.ro\/mm\/piata-de-automobile-electrice-s-a-dublat\/#respond"]}]},{"@type":"WebPage","@id":"https:\/\/mhf.ro\/mm\/piata-de-automobile-electrice-s-a-dublat\/","url":"https:\/\/mhf.ro\/mm\/piata-de-automobile-electrice-s-a-dublat\/","name":"Pia\u0163a de automobile electrice s-a dublat - MHF Photography","isPartOf":{"@id":"https:\/\/mhf.ro\/mm\/#website"},"primaryImageOfPage":{"@id":"https:\/\/mhf.ro\/mm\/piata-de-automobile-electrice-s-a-dublat\/#primaryimage"},"image":{"@id":"https:\/\/mhf.ro\/mm\/piata-de-automobile-electrice-s-a-dublat\/#primaryimage"},"thumbnailUrl":"https:\/\/mhf.ro\/mm\/wp-content\/uploads\/2021\/12\/Dacia_Spring_Electric-01@2x.jpg","datePublished":"2021-12-31T08:26:07+00:00","breadcrumb":{"@id":"https:\/\/mhf.ro\/mm\/piata-de-automobile-electrice-s-a-dublat\/#breadcrumb"},"inLanguage":"ro-RO","potentialAction":[{"@type":"ReadAction","target":["https:\/\/mhf.ro\/mm\/piata-de-automobile-electrice-s-a-dublat\/"]}]},{"@type":"ImageObject","inLanguage":"ro-RO","@id":"https:\/\/mhf.ro\/mm\/piata-de-automobile-electrice-s-a-dublat\/#primaryimage","url":"https:\/\/mhf.ro\/mm\/wp-content\/uploads\/2021\/12\/Dacia_Spring_Electric-01@2x.jpg","contentUrl":"https:\/\/mhf.ro\/mm\/wp-content\/uploads\/2021\/12\/Dacia_Spring_Electric-01@2x.jpg","width":1260,"height":709},{"@type":"BreadcrumbList","@id":"https:\/\/mhf.ro\/mm\/piata-de-automobile-electrice-s-a-dublat\/#breadcrumb","itemListElement":[{"@type":"ListItem","position":1,"name":"Prima pagin\u0103","item":"https:\/\/mhf.ro\/mm\/"},{"@type":"ListItem","position":2,"name":"Pia\u0163a de automobile electrice s-a dublat"}]},{"@type":"WebSite","@id":"https:\/\/mhf.ro\/mm\/#website","url":"https:\/\/mhf.ro\/mm\/","name":"MHF Photography \u2013 Blog de fotografie, natur\u0103 \u0219i tehnic\u0103 divers\u0103","description":"Aventur\u0103 \u00een fiecare cadru.","publisher":{"@id":"https:\/\/mhf.ro\/mm\/#\/schema\/person\/a3bebf7bdb4bf12f698aff73c7e46c21"},"potentialAction":[{"@type":"SearchAction","target":{"@type":"EntryPoint","urlTemplate":"https:\/\/mhf.ro\/mm\/?s={search_term_string}"},"query-input":{"@type":"PropertyValueSpecification","valueRequired":true,"valueName":"search_term_string"}}],"inLanguage":"ro-RO"},{"@type":["Person","Organization"],"@id":"https:\/\/mhf.ro\/mm\/#\/schema\/person\/a3bebf7bdb4bf12f698aff73c7e46c21","name":"Marius Marcu","image":{"@type":"ImageObject","inLanguage":"ro-RO","@id":"https:\/\/mhf.ro\/mm\/#\/schema\/person\/image\/","url":"https:\/\/mhf.ro\/mm\/wp-content\/uploads\/2025\/12\/cropped-logo_mhf_2.png","contentUrl":"https:\/\/mhf.ro\/mm\/wp-content\/uploads\/2025\/12\/cropped-logo_mhf_2.png","width":1096,"height":457,"caption":"Marius Marcu"},"logo":{"@id":"https:\/\/mhf.ro\/mm\/#\/schema\/person\/image\/"},"sameAs":["https:\/\/mhf.ro\/mm"],"url":"https:\/\/mhf.ro\/mm\/author\/mihai\/"}]}},"_links":{"self":[{"href":"https:\/\/mhf.ro\/mm\/wp-json\/wp\/v2\/posts\/5845","targetHints":{"allow":["GET"]}}],"collection":[{"href":"https:\/\/mhf.ro\/mm\/wp-json\/wp\/v2\/posts"}],"about":[{"href":"https:\/\/mhf.ro\/mm\/wp-json\/wp\/v2\/types\/post"}],"author":[{"embeddable":true,"href":"https:\/\/mhf.ro\/mm\/wp-json\/wp\/v2\/users\/1"}],"replies":[{"embeddable":true,"href":"https:\/\/mhf.ro\/mm\/wp-json\/wp\/v2\/comments?post=5845"}],"version-history":[{"count":1,"href":"https:\/\/mhf.ro\/mm\/wp-json\/wp\/v2\/posts\/5845\/revisions"}],"predecessor-version":[{"id":5847,"href":"https:\/\/mhf.ro\/mm\/wp-json\/wp\/v2\/posts\/5845\/revisions\/5847"}],"wp:featuredmedia":[{"embeddable":true,"href":"https:\/\/mhf.ro\/mm\/wp-json\/wp\/v2\/media\/5846"}],"wp:attachment":[{"href":"https:\/\/mhf.ro\/mm\/wp-json\/wp\/v2\/media?parent=5845"}],"wp:term":[{"taxonomy":"category","embeddable":true,"href":"https:\/\/mhf.ro\/mm\/wp-json\/wp\/v2\/categories?post=5845"},{"taxonomy":"post_tag","embeddable":true,"href":"https:\/\/mhf.ro\/mm\/wp-json\/wp\/v2\/tags?post=5845"}],"curies":[{"name":"wp","href":"https:\/\/api.w.org\/{rel}","templated":true}]}}