{"id":5858,"date":"2022-01-02T16:24:17","date_gmt":"2022-01-02T14:24:17","guid":{"rendered":"https:\/\/mhf.ro\/mm\/?p=5858"},"modified":"2022-01-02T16:24:17","modified_gmt":"2022-01-02T14:24:17","slug":"insecte-robotice-mit-sau-adevar","status":"publish","type":"post","link":"https:\/\/mhf.ro\/mm\/insecte-robotice-mit-sau-adevar\/","title":{"rendered":"Insecte robotice? Mit sau adev\u0103r?"},"content":{"rendered":"<p>Insectele sociale prezint\u0103 de mult un mare interes pentru speciali\u0219tii care lucreaz\u0103 \u00een domeniul inteligentei artificiale. Ca s\u0103 proiecteze un num\u0103r mare de robo\u021bi minusculi, ace\u0219ti cercet\u0103tori studiaz\u0103 atent comportamentul termitelor sau furnicilor. De\u0219i aceste creaturi mititele au capacit\u0103\u021bi individuale limitate, c\u00e2nd ac\u021bioneaz\u0103 \u00een cooperare pot face miracole. Rodney Brook, specialist \u00een robotic\u0103 la Institutul de Tehnologie Massachusetts (MIT), a propus ca NASA s\u0103 trimit\u0103 pe Marte 30 de robo\u021bi de tip insect\u0103, ca s\u0103 exploreze suprafa\u021ba planetei \u0219i s\u0103 colecteze e\u0219antioane de roc\u0103. Pe l\u00e2ng\u0103 costurile mai mici, avantajul ar fi consecin\u021bele relativ minore \u00een cazul \u00een care unul dintre membri s-ar defecta. Totu\u0219i, \u00eenc\u0103 nu exist\u0103 dovezi c\u0103 insectele robotice pot ac\u021biona coordonat.<\/p>\n","protected":false},"excerpt":{"rendered":"<p>Insectele sociale prezint\u0103 de mult un mare interes pentru speciali\u0219tii care lucreaz\u0103 \u00een domeniul inteligentei artificiale. Ca s\u0103 proiecteze un<\/p>\n","protected":false},"author":1,"featured_media":5862,"comment_status":"open","ping_status":"open","sticky":false,"template":"","format":"standard","meta":{"colormag_page_container_layout":"default_layout","colormag_page_sidebar_layout":"default_layout","footnotes":""},"categories":[8],"tags":[],"class_list":["post-5858","post","type-post","status-publish","format-standard","has-post-thumbnail","hentry","category-div"],"yoast_head":"<!-- This site is optimized with the Yoast SEO plugin v27.0 - https:\/\/yoast.com\/product\/yoast-seo-wordpress\/ -->\n<title>Insecte robotice? Mit sau adev\u0103r? - MHF Photography<\/title>\n<meta name=\"robots\" content=\"index, follow, max-snippet:-1, max-image-preview:large, max-video-preview:-1\" \/>\n<link rel=\"canonical\" href=\"https:\/\/mhf.ro\/mm\/insecte-robotice-mit-sau-adevar\/\" \/>\n<meta property=\"og:locale\" content=\"ro_RO\" \/>\n<meta property=\"og:type\" content=\"article\" \/>\n<meta property=\"og:title\" content=\"Insecte robotice? Mit sau adev\u0103r? - MHF Photography\" \/>\n<meta property=\"og:description\" content=\"Insectele sociale prezint\u0103 de mult un mare interes pentru speciali\u0219tii care lucreaz\u0103 \u00een domeniul inteligentei artificiale. Ca s\u0103 proiecteze un\" \/>\n<meta property=\"og:url\" content=\"https:\/\/mhf.ro\/mm\/insecte-robotice-mit-sau-adevar\/\" \/>\n<meta property=\"og:site_name\" content=\"MHF Photography\" \/>\n<meta property=\"article:published_time\" content=\"2022-01-02T14:24:17+00:00\" \/>\n<meta property=\"og:image\" content=\"https:\/\/mhf.ro\/mm\/wp-content\/uploads\/2022\/01\/mosquito-g5bd7b12db_1280.png\" \/>\n\t<meta property=\"og:image:width\" content=\"1280\" \/>\n\t<meta property=\"og:image:height\" content=\"1280\" \/>\n\t<meta property=\"og:image:type\" content=\"image\/png\" \/>\n<meta name=\"author\" content=\"Marius Marcu\" \/>\n<meta name=\"twitter:card\" content=\"summary_large_image\" \/>\n<meta name=\"twitter:label1\" content=\"Scris de\" \/>\n\t<meta name=\"twitter:data1\" content=\"Marius Marcu\" \/>\n\t<meta name=\"twitter:label2\" content=\"Timp estimat pentru citire\" \/>\n\t<meta name=\"twitter:data2\" content=\"1 minut\" \/>\n<script type=\"application\/ld+json\" class=\"yoast-schema-graph\">{\"@context\":\"https:\/\/schema.org\",\"@graph\":[{\"@type\":\"Article\",\"@id\":\"https:\/\/mhf.ro\/mm\/insecte-robotice-mit-sau-adevar\/#article\",\"isPartOf\":{\"@id\":\"https:\/\/mhf.ro\/mm\/insecte-robotice-mit-sau-adevar\/\"},\"author\":{\"name\":\"Marius Marcu\",\"@id\":\"https:\/\/mhf.ro\/mm\/#\/schema\/person\/a3bebf7bdb4bf12f698aff73c7e46c21\"},\"headline\":\"Insecte robotice? Mit sau adev\u0103r?\",\"datePublished\":\"2022-01-02T14:24:17+00:00\",\"mainEntityOfPage\":{\"@id\":\"https:\/\/mhf.ro\/mm\/insecte-robotice-mit-sau-adevar\/\"},\"wordCount\":136,\"commentCount\":0,\"publisher\":{\"@id\":\"https:\/\/mhf.ro\/mm\/#\/schema\/person\/a3bebf7bdb4bf12f698aff73c7e46c21\"},\"image\":{\"@id\":\"https:\/\/mhf.ro\/mm\/insecte-robotice-mit-sau-adevar\/#primaryimage\"},\"thumbnailUrl\":\"https:\/\/mhf.ro\/mm\/wp-content\/uploads\/2022\/01\/mosquito-g5bd7b12db_1280.png\",\"articleSection\":[\"Diverse\"],\"inLanguage\":\"ro-RO\",\"potentialAction\":[{\"@type\":\"CommentAction\",\"name\":\"Comment\",\"target\":[\"https:\/\/mhf.ro\/mm\/insecte-robotice-mit-sau-adevar\/#respond\"]}]},{\"@type\":\"WebPage\",\"@id\":\"https:\/\/mhf.ro\/mm\/insecte-robotice-mit-sau-adevar\/\",\"url\":\"https:\/\/mhf.ro\/mm\/insecte-robotice-mit-sau-adevar\/\",\"name\":\"Insecte robotice? Mit sau adev\u0103r? - MHF Photography\",\"isPartOf\":{\"@id\":\"https:\/\/mhf.ro\/mm\/#website\"},\"primaryImageOfPage\":{\"@id\":\"https:\/\/mhf.ro\/mm\/insecte-robotice-mit-sau-adevar\/#primaryimage\"},\"image\":{\"@id\":\"https:\/\/mhf.ro\/mm\/insecte-robotice-mit-sau-adevar\/#primaryimage\"},\"thumbnailUrl\":\"https:\/\/mhf.ro\/mm\/wp-content\/uploads\/2022\/01\/mosquito-g5bd7b12db_1280.png\",\"datePublished\":\"2022-01-02T14:24:17+00:00\",\"breadcrumb\":{\"@id\":\"https:\/\/mhf.ro\/mm\/insecte-robotice-mit-sau-adevar\/#breadcrumb\"},\"inLanguage\":\"ro-RO\",\"potentialAction\":[{\"@type\":\"ReadAction\",\"target\":[\"https:\/\/mhf.ro\/mm\/insecte-robotice-mit-sau-adevar\/\"]}]},{\"@type\":\"ImageObject\",\"inLanguage\":\"ro-RO\",\"@id\":\"https:\/\/mhf.ro\/mm\/insecte-robotice-mit-sau-adevar\/#primaryimage\",\"url\":\"https:\/\/mhf.ro\/mm\/wp-content\/uploads\/2022\/01\/mosquito-g5bd7b12db_1280.png\",\"contentUrl\":\"https:\/\/mhf.ro\/mm\/wp-content\/uploads\/2022\/01\/mosquito-g5bd7b12db_1280.png\",\"width\":1280,\"height\":1280},{\"@type\":\"BreadcrumbList\",\"@id\":\"https:\/\/mhf.ro\/mm\/insecte-robotice-mit-sau-adevar\/#breadcrumb\",\"itemListElement\":[{\"@type\":\"ListItem\",\"position\":1,\"name\":\"Prima pagin\u0103\",\"item\":\"https:\/\/mhf.ro\/mm\/\"},{\"@type\":\"ListItem\",\"position\":2,\"name\":\"Insecte robotice? Mit sau adev\u0103r?\"}]},{\"@type\":\"WebSite\",\"@id\":\"https:\/\/mhf.ro\/mm\/#website\",\"url\":\"https:\/\/mhf.ro\/mm\/\",\"name\":\"MHF Photography \u2013 Blog de fotografie, natur\u0103 \u0219i tehnic\u0103 divers\u0103\",\"description\":\"Aventur\u0103 \u00een fiecare cadru.\",\"publisher\":{\"@id\":\"https:\/\/mhf.ro\/mm\/#\/schema\/person\/a3bebf7bdb4bf12f698aff73c7e46c21\"},\"potentialAction\":[{\"@type\":\"SearchAction\",\"target\":{\"@type\":\"EntryPoint\",\"urlTemplate\":\"https:\/\/mhf.ro\/mm\/?s={search_term_string}\"},\"query-input\":{\"@type\":\"PropertyValueSpecification\",\"valueRequired\":true,\"valueName\":\"search_term_string\"}}],\"inLanguage\":\"ro-RO\"},{\"@type\":[\"Person\",\"Organization\"],\"@id\":\"https:\/\/mhf.ro\/mm\/#\/schema\/person\/a3bebf7bdb4bf12f698aff73c7e46c21\",\"name\":\"Marius Marcu\",\"image\":{\"@type\":\"ImageObject\",\"inLanguage\":\"ro-RO\",\"@id\":\"https:\/\/mhf.ro\/mm\/#\/schema\/person\/image\/\",\"url\":\"https:\/\/mhf.ro\/mm\/wp-content\/uploads\/2025\/12\/cropped-logo_mhf_2.png\",\"contentUrl\":\"https:\/\/mhf.ro\/mm\/wp-content\/uploads\/2025\/12\/cropped-logo_mhf_2.png\",\"width\":1096,\"height\":457,\"caption\":\"Marius Marcu\"},\"logo\":{\"@id\":\"https:\/\/mhf.ro\/mm\/#\/schema\/person\/image\/\"},\"sameAs\":[\"https:\/\/mhf.ro\/mm\"],\"url\":\"https:\/\/mhf.ro\/mm\/author\/mihai\/\"}]}<\/script>\n<!-- \/ Yoast SEO plugin. -->","yoast_head_json":{"title":"Insecte robotice? Mit sau adev\u0103r? - MHF Photography","robots":{"index":"index","follow":"follow","max-snippet":"max-snippet:-1","max-image-preview":"max-image-preview:large","max-video-preview":"max-video-preview:-1"},"canonical":"https:\/\/mhf.ro\/mm\/insecte-robotice-mit-sau-adevar\/","og_locale":"ro_RO","og_type":"article","og_title":"Insecte robotice? Mit sau adev\u0103r? - MHF Photography","og_description":"Insectele sociale prezint\u0103 de mult un mare interes pentru speciali\u0219tii care lucreaz\u0103 \u00een domeniul inteligentei artificiale. Ca s\u0103 proiecteze un","og_url":"https:\/\/mhf.ro\/mm\/insecte-robotice-mit-sau-adevar\/","og_site_name":"MHF Photography","article_published_time":"2022-01-02T14:24:17+00:00","og_image":[{"width":1280,"height":1280,"url":"https:\/\/mhf.ro\/mm\/wp-content\/uploads\/2022\/01\/mosquito-g5bd7b12db_1280.png","type":"image\/png"}],"author":"Marius Marcu","twitter_card":"summary_large_image","twitter_misc":{"Scris de":"Marius Marcu","Timp estimat pentru citire":"1 minut"},"schema":{"@context":"https:\/\/schema.org","@graph":[{"@type":"Article","@id":"https:\/\/mhf.ro\/mm\/insecte-robotice-mit-sau-adevar\/#article","isPartOf":{"@id":"https:\/\/mhf.ro\/mm\/insecte-robotice-mit-sau-adevar\/"},"author":{"name":"Marius Marcu","@id":"https:\/\/mhf.ro\/mm\/#\/schema\/person\/a3bebf7bdb4bf12f698aff73c7e46c21"},"headline":"Insecte robotice? Mit sau adev\u0103r?","datePublished":"2022-01-02T14:24:17+00:00","mainEntityOfPage":{"@id":"https:\/\/mhf.ro\/mm\/insecte-robotice-mit-sau-adevar\/"},"wordCount":136,"commentCount":0,"publisher":{"@id":"https:\/\/mhf.ro\/mm\/#\/schema\/person\/a3bebf7bdb4bf12f698aff73c7e46c21"},"image":{"@id":"https:\/\/mhf.ro\/mm\/insecte-robotice-mit-sau-adevar\/#primaryimage"},"thumbnailUrl":"https:\/\/mhf.ro\/mm\/wp-content\/uploads\/2022\/01\/mosquito-g5bd7b12db_1280.png","articleSection":["Diverse"],"inLanguage":"ro-RO","potentialAction":[{"@type":"CommentAction","name":"Comment","target":["https:\/\/mhf.ro\/mm\/insecte-robotice-mit-sau-adevar\/#respond"]}]},{"@type":"WebPage","@id":"https:\/\/mhf.ro\/mm\/insecte-robotice-mit-sau-adevar\/","url":"https:\/\/mhf.ro\/mm\/insecte-robotice-mit-sau-adevar\/","name":"Insecte robotice? Mit sau adev\u0103r? - MHF Photography","isPartOf":{"@id":"https:\/\/mhf.ro\/mm\/#website"},"primaryImageOfPage":{"@id":"https:\/\/mhf.ro\/mm\/insecte-robotice-mit-sau-adevar\/#primaryimage"},"image":{"@id":"https:\/\/mhf.ro\/mm\/insecte-robotice-mit-sau-adevar\/#primaryimage"},"thumbnailUrl":"https:\/\/mhf.ro\/mm\/wp-content\/uploads\/2022\/01\/mosquito-g5bd7b12db_1280.png","datePublished":"2022-01-02T14:24:17+00:00","breadcrumb":{"@id":"https:\/\/mhf.ro\/mm\/insecte-robotice-mit-sau-adevar\/#breadcrumb"},"inLanguage":"ro-RO","potentialAction":[{"@type":"ReadAction","target":["https:\/\/mhf.ro\/mm\/insecte-robotice-mit-sau-adevar\/"]}]},{"@type":"ImageObject","inLanguage":"ro-RO","@id":"https:\/\/mhf.ro\/mm\/insecte-robotice-mit-sau-adevar\/#primaryimage","url":"https:\/\/mhf.ro\/mm\/wp-content\/uploads\/2022\/01\/mosquito-g5bd7b12db_1280.png","contentUrl":"https:\/\/mhf.ro\/mm\/wp-content\/uploads\/2022\/01\/mosquito-g5bd7b12db_1280.png","width":1280,"height":1280},{"@type":"BreadcrumbList","@id":"https:\/\/mhf.ro\/mm\/insecte-robotice-mit-sau-adevar\/#breadcrumb","itemListElement":[{"@type":"ListItem","position":1,"name":"Prima pagin\u0103","item":"https:\/\/mhf.ro\/mm\/"},{"@type":"ListItem","position":2,"name":"Insecte robotice? Mit sau adev\u0103r?"}]},{"@type":"WebSite","@id":"https:\/\/mhf.ro\/mm\/#website","url":"https:\/\/mhf.ro\/mm\/","name":"MHF Photography \u2013 Blog de fotografie, natur\u0103 \u0219i tehnic\u0103 divers\u0103","description":"Aventur\u0103 \u00een fiecare cadru.","publisher":{"@id":"https:\/\/mhf.ro\/mm\/#\/schema\/person\/a3bebf7bdb4bf12f698aff73c7e46c21"},"potentialAction":[{"@type":"SearchAction","target":{"@type":"EntryPoint","urlTemplate":"https:\/\/mhf.ro\/mm\/?s={search_term_string}"},"query-input":{"@type":"PropertyValueSpecification","valueRequired":true,"valueName":"search_term_string"}}],"inLanguage":"ro-RO"},{"@type":["Person","Organization"],"@id":"https:\/\/mhf.ro\/mm\/#\/schema\/person\/a3bebf7bdb4bf12f698aff73c7e46c21","name":"Marius Marcu","image":{"@type":"ImageObject","inLanguage":"ro-RO","@id":"https:\/\/mhf.ro\/mm\/#\/schema\/person\/image\/","url":"https:\/\/mhf.ro\/mm\/wp-content\/uploads\/2025\/12\/cropped-logo_mhf_2.png","contentUrl":"https:\/\/mhf.ro\/mm\/wp-content\/uploads\/2025\/12\/cropped-logo_mhf_2.png","width":1096,"height":457,"caption":"Marius Marcu"},"logo":{"@id":"https:\/\/mhf.ro\/mm\/#\/schema\/person\/image\/"},"sameAs":["https:\/\/mhf.ro\/mm"],"url":"https:\/\/mhf.ro\/mm\/author\/mihai\/"}]}},"_links":{"self":[{"href":"https:\/\/mhf.ro\/mm\/wp-json\/wp\/v2\/posts\/5858","targetHints":{"allow":["GET"]}}],"collection":[{"href":"https:\/\/mhf.ro\/mm\/wp-json\/wp\/v2\/posts"}],"about":[{"href":"https:\/\/mhf.ro\/mm\/wp-json\/wp\/v2\/types\/post"}],"author":[{"embeddable":true,"href":"https:\/\/mhf.ro\/mm\/wp-json\/wp\/v2\/users\/1"}],"replies":[{"embeddable":true,"href":"https:\/\/mhf.ro\/mm\/wp-json\/wp\/v2\/comments?post=5858"}],"version-history":[{"count":2,"href":"https:\/\/mhf.ro\/mm\/wp-json\/wp\/v2\/posts\/5858\/revisions"}],"predecessor-version":[{"id":5861,"href":"https:\/\/mhf.ro\/mm\/wp-json\/wp\/v2\/posts\/5858\/revisions\/5861"}],"wp:featuredmedia":[{"embeddable":true,"href":"https:\/\/mhf.ro\/mm\/wp-json\/wp\/v2\/media\/5862"}],"wp:attachment":[{"href":"https:\/\/mhf.ro\/mm\/wp-json\/wp\/v2\/media?parent=5858"}],"wp:term":[{"taxonomy":"category","embeddable":true,"href":"https:\/\/mhf.ro\/mm\/wp-json\/wp\/v2\/categories?post=5858"},{"taxonomy":"post_tag","embeddable":true,"href":"https:\/\/mhf.ro\/mm\/wp-json\/wp\/v2\/tags?post=5858"}],"curies":[{"name":"wp","href":"https:\/\/api.w.org\/{rel}","templated":true}]}}