{"id":5932,"date":"2022-01-04T09:10:14","date_gmt":"2022-01-04T07:10:14","guid":{"rendered":"https:\/\/mhf.ro\/mm\/?p=5932"},"modified":"2022-01-04T09:12:34","modified_gmt":"2022-01-04T07:12:34","slug":"patania-unor-romani-beti-crita-in-germania","status":"publish","type":"post","link":"https:\/\/mhf.ro\/mm\/patania-unor-romani-beti-crita-in-germania\/","title":{"rendered":"P\u0103\u021bania unor rom\u00e2ni be\u021bi-cri\u021b\u0103, \u00een Germania"},"content":{"rendered":"<p class=\"news__title\" title=\"P\u0103\u021bania unor rom\u00e2ni be\u021bi-cri\u021b\u0103, pe o autostrad\u0103 din Germania. Au r\u0103mas f\u0103r\u0103 benzin\u0103 \u0219i au confundat testul pentru alcoolemie cu vaccinul\">P\u0103\u021bania unor rom\u00e2ni be\u021bi-cri\u021b\u0103, pe o autostrad\u0103 din Germania, a ajuns viral\u0103. Cei doi b\u0103rba\u021bi , r\u0103ma\u0219i f\u0103r\u0103 benzin\u0103 la ma\u0219in\u0103 pe o autostrad\u0103 din Germania, au \u00eenceput s\u0103 \u00eemping\u0103 autoturismul. Poli\u021bi\u0219tii ajun\u0219i la fa\u021ba locului au constatat c\u0103 rom\u00e2nii au consumat alcool \u0219i au chemat un echipaj pentru a le m\u0103sura \u00a0alcoolemia, dar cei doi s-au speriat crez\u00e2nd c\u0103 o s\u0103 fie vaccina\u021bi anti-COVID,\u00a0arat\u0103\u00a0Libertatea, care citeaz\u0103 site-ul de \u0219tiri\u00a0Neumarkt Aktuell.<\/p>\n<p title=\"P\u0103\u021bania unor rom\u00e2ni be\u021bi-cri\u021b\u0103, pe o autostrad\u0103 din Germania. Au r\u0103mas f\u0103r\u0103 benzin\u0103 \u0219i au confundat testul pentru alcoolemie cu vaccinul\">Potrivit sursei citate, cei doi rom\u00e2ni au fost observa\u021bi pe 1 ianuarie, \u00een jurul orei 17:45, de un alt \u0219ofer care a chemat patrula de poli\u021bie. \u00cen urma testelor, s-a constatat\u00a0 c\u0103 ambele persoane erau alcoolizate puternic, \u00een jur de 2,5 la mie fiecare.<\/p>\n<p title=\"P\u0103\u021bania unor rom\u00e2ni be\u021bi-cri\u021b\u0103, pe o autostrad\u0103 din Germania. Au r\u0103mas f\u0103r\u0103 benzin\u0103 \u0219i au confundat testul pentru alcoolemie cu vaccinul\">Erau at\u00e2t de be\u021bi, povestesc jurnali\u0219tii nem\u021bi, \u00eenc\u00e2t au confundat testul pentru m\u0103surarea alcoolemiei cu vaccinul \u00eempotriva COVID.<\/p>\n<p title=\"P\u0103\u021bania unor rom\u00e2ni be\u021bi-cri\u021b\u0103, pe o autostrad\u0103 din Germania. Au r\u0103mas f\u0103r\u0103 benzin\u0103 \u0219i au confundat testul pentru alcoolemie cu vaccinul\">\u00cen plus, niciunul dintre cei doi nu a putut prezenta permis de conducere, astfel \u00eenc\u00e2t acum e \u00een curs o anchet\u0103 care urmeaz\u0103 s\u0103 stabileasc\u0103 dac\u0103 vreunul are dreptul de a conduce. Rom\u00e2nii au fost elibera\u021bi, dar pe numele lor s-a deschis un dosar penal. (conf. Jurnalist.ro)<\/p>\n","protected":false},"excerpt":{"rendered":"<p>P\u0103\u021bania unor rom\u00e2ni be\u021bi-cri\u021b\u0103, pe o autostrad\u0103 din Germania, a ajuns viral\u0103. Cei doi b\u0103rba\u021bi , r\u0103ma\u0219i f\u0103r\u0103 benzin\u0103 la<\/p>\n","protected":false},"author":1,"featured_media":5933,"comment_status":"open","ping_status":"open","sticky":false,"template":"","format":"standard","meta":{"colormag_page_container_layout":"default_layout","colormag_page_sidebar_layout":"default_layout","footnotes":""},"categories":[8],"tags":[],"class_list":["post-5932","post","type-post","status-publish","format-standard","has-post-thumbnail","hentry","category-div"],"yoast_head":"<!-- This site is optimized with the Yoast SEO plugin v27.0 - https:\/\/yoast.com\/product\/yoast-seo-wordpress\/ -->\n<title>P\u0103\u021bania unor rom\u00e2ni be\u021bi-cri\u021b\u0103, \u00een Germania - MHF Photography<\/title>\n<meta name=\"robots\" content=\"index, follow, max-snippet:-1, max-image-preview:large, max-video-preview:-1\" \/>\n<link rel=\"canonical\" href=\"https:\/\/mhf.ro\/mm\/patania-unor-romani-beti-crita-in-germania\/\" \/>\n<meta property=\"og:locale\" content=\"ro_RO\" \/>\n<meta property=\"og:type\" content=\"article\" \/>\n<meta property=\"og:title\" content=\"P\u0103\u021bania unor rom\u00e2ni be\u021bi-cri\u021b\u0103, \u00een Germania - MHF Photography\" \/>\n<meta property=\"og:description\" content=\"P\u0103\u021bania unor rom\u00e2ni be\u021bi-cri\u021b\u0103, pe o autostrad\u0103 din Germania, a ajuns viral\u0103. Cei doi b\u0103rba\u021bi , r\u0103ma\u0219i f\u0103r\u0103 benzin\u0103 la\" \/>\n<meta property=\"og:url\" content=\"https:\/\/mhf.ro\/mm\/patania-unor-romani-beti-crita-in-germania\/\" \/>\n<meta property=\"og:site_name\" content=\"MHF Photography\" \/>\n<meta property=\"article:published_time\" content=\"2022-01-04T07:10:14+00:00\" \/>\n<meta property=\"article:modified_time\" content=\"2022-01-04T07:12:34+00:00\" \/>\n<meta property=\"og:image\" content=\"https:\/\/mhf.ro\/mm\/wp-content\/uploads\/2022\/01\/romani.jpg\" \/>\n\t<meta property=\"og:image:width\" content=\"1024\" \/>\n\t<meta property=\"og:image:height\" content=\"589\" \/>\n\t<meta property=\"og:image:type\" content=\"image\/jpeg\" \/>\n<meta name=\"author\" content=\"Marius Marcu\" \/>\n<meta name=\"twitter:card\" content=\"summary_large_image\" \/>\n<meta name=\"twitter:label1\" content=\"Scris de\" \/>\n\t<meta name=\"twitter:data1\" content=\"Marius Marcu\" \/>\n\t<meta name=\"twitter:label2\" content=\"Timp estimat pentru citire\" \/>\n\t<meta name=\"twitter:data2\" content=\"1 minut\" \/>\n<script type=\"application\/ld+json\" class=\"yoast-schema-graph\">{\"@context\":\"https:\/\/schema.org\",\"@graph\":[{\"@type\":\"Article\",\"@id\":\"https:\/\/mhf.ro\/mm\/patania-unor-romani-beti-crita-in-germania\/#article\",\"isPartOf\":{\"@id\":\"https:\/\/mhf.ro\/mm\/patania-unor-romani-beti-crita-in-germania\/\"},\"author\":{\"name\":\"Marius Marcu\",\"@id\":\"https:\/\/mhf.ro\/mm\/#\/schema\/person\/a3bebf7bdb4bf12f698aff73c7e46c21\"},\"headline\":\"P\u0103\u021bania unor rom\u00e2ni be\u021bi-cri\u021b\u0103, \u00een Germania\",\"datePublished\":\"2022-01-04T07:10:14+00:00\",\"dateModified\":\"2022-01-04T07:12:34+00:00\",\"mainEntityOfPage\":{\"@id\":\"https:\/\/mhf.ro\/mm\/patania-unor-romani-beti-crita-in-germania\/\"},\"wordCount\":218,\"commentCount\":0,\"publisher\":{\"@id\":\"https:\/\/mhf.ro\/mm\/#\/schema\/person\/a3bebf7bdb4bf12f698aff73c7e46c21\"},\"image\":{\"@id\":\"https:\/\/mhf.ro\/mm\/patania-unor-romani-beti-crita-in-germania\/#primaryimage\"},\"thumbnailUrl\":\"https:\/\/mhf.ro\/mm\/wp-content\/uploads\/2022\/01\/romani.jpg\",\"articleSection\":[\"Diverse\"],\"inLanguage\":\"ro-RO\",\"potentialAction\":[{\"@type\":\"CommentAction\",\"name\":\"Comment\",\"target\":[\"https:\/\/mhf.ro\/mm\/patania-unor-romani-beti-crita-in-germania\/#respond\"]}]},{\"@type\":\"WebPage\",\"@id\":\"https:\/\/mhf.ro\/mm\/patania-unor-romani-beti-crita-in-germania\/\",\"url\":\"https:\/\/mhf.ro\/mm\/patania-unor-romani-beti-crita-in-germania\/\",\"name\":\"P\u0103\u021bania unor rom\u00e2ni be\u021bi-cri\u021b\u0103, \u00een Germania - MHF Photography\",\"isPartOf\":{\"@id\":\"https:\/\/mhf.ro\/mm\/#website\"},\"primaryImageOfPage\":{\"@id\":\"https:\/\/mhf.ro\/mm\/patania-unor-romani-beti-crita-in-germania\/#primaryimage\"},\"image\":{\"@id\":\"https:\/\/mhf.ro\/mm\/patania-unor-romani-beti-crita-in-germania\/#primaryimage\"},\"thumbnailUrl\":\"https:\/\/mhf.ro\/mm\/wp-content\/uploads\/2022\/01\/romani.jpg\",\"datePublished\":\"2022-01-04T07:10:14+00:00\",\"dateModified\":\"2022-01-04T07:12:34+00:00\",\"breadcrumb\":{\"@id\":\"https:\/\/mhf.ro\/mm\/patania-unor-romani-beti-crita-in-germania\/#breadcrumb\"},\"inLanguage\":\"ro-RO\",\"potentialAction\":[{\"@type\":\"ReadAction\",\"target\":[\"https:\/\/mhf.ro\/mm\/patania-unor-romani-beti-crita-in-germania\/\"]}]},{\"@type\":\"ImageObject\",\"inLanguage\":\"ro-RO\",\"@id\":\"https:\/\/mhf.ro\/mm\/patania-unor-romani-beti-crita-in-germania\/#primaryimage\",\"url\":\"https:\/\/mhf.ro\/mm\/wp-content\/uploads\/2022\/01\/romani.jpg\",\"contentUrl\":\"https:\/\/mhf.ro\/mm\/wp-content\/uploads\/2022\/01\/romani.jpg\",\"width\":1024,\"height\":589},{\"@type\":\"BreadcrumbList\",\"@id\":\"https:\/\/mhf.ro\/mm\/patania-unor-romani-beti-crita-in-germania\/#breadcrumb\",\"itemListElement\":[{\"@type\":\"ListItem\",\"position\":1,\"name\":\"Prima pagin\u0103\",\"item\":\"https:\/\/mhf.ro\/mm\/\"},{\"@type\":\"ListItem\",\"position\":2,\"name\":\"P\u0103\u021bania unor rom\u00e2ni be\u021bi-cri\u021b\u0103, \u00een Germania\"}]},{\"@type\":\"WebSite\",\"@id\":\"https:\/\/mhf.ro\/mm\/#website\",\"url\":\"https:\/\/mhf.ro\/mm\/\",\"name\":\"MHF Photography \u2013 Blog de fotografie, natur\u0103 \u0219i tehnic\u0103 divers\u0103\",\"description\":\"Aventur\u0103 \u00een fiecare cadru.\",\"publisher\":{\"@id\":\"https:\/\/mhf.ro\/mm\/#\/schema\/person\/a3bebf7bdb4bf12f698aff73c7e46c21\"},\"potentialAction\":[{\"@type\":\"SearchAction\",\"target\":{\"@type\":\"EntryPoint\",\"urlTemplate\":\"https:\/\/mhf.ro\/mm\/?s={search_term_string}\"},\"query-input\":{\"@type\":\"PropertyValueSpecification\",\"valueRequired\":true,\"valueName\":\"search_term_string\"}}],\"inLanguage\":\"ro-RO\"},{\"@type\":[\"Person\",\"Organization\"],\"@id\":\"https:\/\/mhf.ro\/mm\/#\/schema\/person\/a3bebf7bdb4bf12f698aff73c7e46c21\",\"name\":\"Marius Marcu\",\"image\":{\"@type\":\"ImageObject\",\"inLanguage\":\"ro-RO\",\"@id\":\"https:\/\/mhf.ro\/mm\/#\/schema\/person\/image\/\",\"url\":\"https:\/\/mhf.ro\/mm\/wp-content\/uploads\/2025\/12\/cropped-logo_mhf_2.png\",\"contentUrl\":\"https:\/\/mhf.ro\/mm\/wp-content\/uploads\/2025\/12\/cropped-logo_mhf_2.png\",\"width\":1096,\"height\":457,\"caption\":\"Marius Marcu\"},\"logo\":{\"@id\":\"https:\/\/mhf.ro\/mm\/#\/schema\/person\/image\/\"},\"sameAs\":[\"https:\/\/mhf.ro\/mm\"],\"url\":\"https:\/\/mhf.ro\/mm\/author\/mihai\/\"}]}<\/script>\n<!-- \/ Yoast SEO plugin. -->","yoast_head_json":{"title":"P\u0103\u021bania unor rom\u00e2ni be\u021bi-cri\u021b\u0103, \u00een Germania - MHF Photography","robots":{"index":"index","follow":"follow","max-snippet":"max-snippet:-1","max-image-preview":"max-image-preview:large","max-video-preview":"max-video-preview:-1"},"canonical":"https:\/\/mhf.ro\/mm\/patania-unor-romani-beti-crita-in-germania\/","og_locale":"ro_RO","og_type":"article","og_title":"P\u0103\u021bania unor rom\u00e2ni be\u021bi-cri\u021b\u0103, \u00een Germania - MHF Photography","og_description":"P\u0103\u021bania unor rom\u00e2ni be\u021bi-cri\u021b\u0103, pe o autostrad\u0103 din Germania, a ajuns viral\u0103. Cei doi b\u0103rba\u021bi , r\u0103ma\u0219i f\u0103r\u0103 benzin\u0103 la","og_url":"https:\/\/mhf.ro\/mm\/patania-unor-romani-beti-crita-in-germania\/","og_site_name":"MHF Photography","article_published_time":"2022-01-04T07:10:14+00:00","article_modified_time":"2022-01-04T07:12:34+00:00","og_image":[{"width":1024,"height":589,"url":"https:\/\/mhf.ro\/mm\/wp-content\/uploads\/2022\/01\/romani.jpg","type":"image\/jpeg"}],"author":"Marius Marcu","twitter_card":"summary_large_image","twitter_misc":{"Scris de":"Marius Marcu","Timp estimat pentru citire":"1 minut"},"schema":{"@context":"https:\/\/schema.org","@graph":[{"@type":"Article","@id":"https:\/\/mhf.ro\/mm\/patania-unor-romani-beti-crita-in-germania\/#article","isPartOf":{"@id":"https:\/\/mhf.ro\/mm\/patania-unor-romani-beti-crita-in-germania\/"},"author":{"name":"Marius Marcu","@id":"https:\/\/mhf.ro\/mm\/#\/schema\/person\/a3bebf7bdb4bf12f698aff73c7e46c21"},"headline":"P\u0103\u021bania unor rom\u00e2ni be\u021bi-cri\u021b\u0103, \u00een Germania","datePublished":"2022-01-04T07:10:14+00:00","dateModified":"2022-01-04T07:12:34+00:00","mainEntityOfPage":{"@id":"https:\/\/mhf.ro\/mm\/patania-unor-romani-beti-crita-in-germania\/"},"wordCount":218,"commentCount":0,"publisher":{"@id":"https:\/\/mhf.ro\/mm\/#\/schema\/person\/a3bebf7bdb4bf12f698aff73c7e46c21"},"image":{"@id":"https:\/\/mhf.ro\/mm\/patania-unor-romani-beti-crita-in-germania\/#primaryimage"},"thumbnailUrl":"https:\/\/mhf.ro\/mm\/wp-content\/uploads\/2022\/01\/romani.jpg","articleSection":["Diverse"],"inLanguage":"ro-RO","potentialAction":[{"@type":"CommentAction","name":"Comment","target":["https:\/\/mhf.ro\/mm\/patania-unor-romani-beti-crita-in-germania\/#respond"]}]},{"@type":"WebPage","@id":"https:\/\/mhf.ro\/mm\/patania-unor-romani-beti-crita-in-germania\/","url":"https:\/\/mhf.ro\/mm\/patania-unor-romani-beti-crita-in-germania\/","name":"P\u0103\u021bania unor rom\u00e2ni be\u021bi-cri\u021b\u0103, \u00een Germania - MHF Photography","isPartOf":{"@id":"https:\/\/mhf.ro\/mm\/#website"},"primaryImageOfPage":{"@id":"https:\/\/mhf.ro\/mm\/patania-unor-romani-beti-crita-in-germania\/#primaryimage"},"image":{"@id":"https:\/\/mhf.ro\/mm\/patania-unor-romani-beti-crita-in-germania\/#primaryimage"},"thumbnailUrl":"https:\/\/mhf.ro\/mm\/wp-content\/uploads\/2022\/01\/romani.jpg","datePublished":"2022-01-04T07:10:14+00:00","dateModified":"2022-01-04T07:12:34+00:00","breadcrumb":{"@id":"https:\/\/mhf.ro\/mm\/patania-unor-romani-beti-crita-in-germania\/#breadcrumb"},"inLanguage":"ro-RO","potentialAction":[{"@type":"ReadAction","target":["https:\/\/mhf.ro\/mm\/patania-unor-romani-beti-crita-in-germania\/"]}]},{"@type":"ImageObject","inLanguage":"ro-RO","@id":"https:\/\/mhf.ro\/mm\/patania-unor-romani-beti-crita-in-germania\/#primaryimage","url":"https:\/\/mhf.ro\/mm\/wp-content\/uploads\/2022\/01\/romani.jpg","contentUrl":"https:\/\/mhf.ro\/mm\/wp-content\/uploads\/2022\/01\/romani.jpg","width":1024,"height":589},{"@type":"BreadcrumbList","@id":"https:\/\/mhf.ro\/mm\/patania-unor-romani-beti-crita-in-germania\/#breadcrumb","itemListElement":[{"@type":"ListItem","position":1,"name":"Prima pagin\u0103","item":"https:\/\/mhf.ro\/mm\/"},{"@type":"ListItem","position":2,"name":"P\u0103\u021bania unor rom\u00e2ni be\u021bi-cri\u021b\u0103, \u00een Germania"}]},{"@type":"WebSite","@id":"https:\/\/mhf.ro\/mm\/#website","url":"https:\/\/mhf.ro\/mm\/","name":"MHF Photography \u2013 Blog de fotografie, natur\u0103 \u0219i tehnic\u0103 divers\u0103","description":"Aventur\u0103 \u00een fiecare cadru.","publisher":{"@id":"https:\/\/mhf.ro\/mm\/#\/schema\/person\/a3bebf7bdb4bf12f698aff73c7e46c21"},"potentialAction":[{"@type":"SearchAction","target":{"@type":"EntryPoint","urlTemplate":"https:\/\/mhf.ro\/mm\/?s={search_term_string}"},"query-input":{"@type":"PropertyValueSpecification","valueRequired":true,"valueName":"search_term_string"}}],"inLanguage":"ro-RO"},{"@type":["Person","Organization"],"@id":"https:\/\/mhf.ro\/mm\/#\/schema\/person\/a3bebf7bdb4bf12f698aff73c7e46c21","name":"Marius Marcu","image":{"@type":"ImageObject","inLanguage":"ro-RO","@id":"https:\/\/mhf.ro\/mm\/#\/schema\/person\/image\/","url":"https:\/\/mhf.ro\/mm\/wp-content\/uploads\/2025\/12\/cropped-logo_mhf_2.png","contentUrl":"https:\/\/mhf.ro\/mm\/wp-content\/uploads\/2025\/12\/cropped-logo_mhf_2.png","width":1096,"height":457,"caption":"Marius Marcu"},"logo":{"@id":"https:\/\/mhf.ro\/mm\/#\/schema\/person\/image\/"},"sameAs":["https:\/\/mhf.ro\/mm"],"url":"https:\/\/mhf.ro\/mm\/author\/mihai\/"}]}},"_links":{"self":[{"href":"https:\/\/mhf.ro\/mm\/wp-json\/wp\/v2\/posts\/5932","targetHints":{"allow":["GET"]}}],"collection":[{"href":"https:\/\/mhf.ro\/mm\/wp-json\/wp\/v2\/posts"}],"about":[{"href":"https:\/\/mhf.ro\/mm\/wp-json\/wp\/v2\/types\/post"}],"author":[{"embeddable":true,"href":"https:\/\/mhf.ro\/mm\/wp-json\/wp\/v2\/users\/1"}],"replies":[{"embeddable":true,"href":"https:\/\/mhf.ro\/mm\/wp-json\/wp\/v2\/comments?post=5932"}],"version-history":[{"count":2,"href":"https:\/\/mhf.ro\/mm\/wp-json\/wp\/v2\/posts\/5932\/revisions"}],"predecessor-version":[{"id":5935,"href":"https:\/\/mhf.ro\/mm\/wp-json\/wp\/v2\/posts\/5932\/revisions\/5935"}],"wp:featuredmedia":[{"embeddable":true,"href":"https:\/\/mhf.ro\/mm\/wp-json\/wp\/v2\/media\/5933"}],"wp:attachment":[{"href":"https:\/\/mhf.ro\/mm\/wp-json\/wp\/v2\/media?parent=5932"}],"wp:term":[{"taxonomy":"category","embeddable":true,"href":"https:\/\/mhf.ro\/mm\/wp-json\/wp\/v2\/categories?post=5932"},{"taxonomy":"post_tag","embeddable":true,"href":"https:\/\/mhf.ro\/mm\/wp-json\/wp\/v2\/tags?post=5932"}],"curies":[{"name":"wp","href":"https:\/\/api.w.org\/{rel}","templated":true}]}}