{"id":5940,"date":"2022-01-06T09:51:38","date_gmt":"2022-01-06T07:51:38","guid":{"rendered":"https:\/\/mhf.ro\/mm\/?p=5940"},"modified":"2022-01-06T09:51:38","modified_gmt":"2022-01-06T07:51:38","slug":"elevii-nu-vor-mai-fi-testati-pentru-covid","status":"publish","type":"post","link":"https:\/\/mhf.ro\/mm\/elevii-nu-vor-mai-fi-testati-pentru-covid\/","title":{"rendered":"Elevii nu vor mai fi testa\u021bi pentru Covid"},"content":{"rendered":"<p class=\"post-title my-2 title-large\">Elevii nu vor mai fi testa\u021bi pentru depistarea Covid-19, joi. Raed Arafat a transmis, miercuri, c\u0103 a fost depus\u0103 o reclama\u021bie cu privire la o licita\u021bie de teste Covid-19, motiv pentru care statul nu a mai putut achizi\u021biona teste de saliv\u0103 pentru elevi.<\/p>\n<p>\u201e\u00cen acest moment a\u0219tept\u0103m decizia CNSC \u00een privin\u021ba reclama\u021biei care a fost depus\u0103 a\u0219a c\u0103 da, a\u0219tept\u0103m acest lucru\u201d, a declarat secretarul de stat, transmite Eurpa Fm.<\/p>\n<p>Raed Arafat spune c\u0103, \u00een aceast\u0103 situa\u021bie, nu se va putea face testarea anti-Covid \u00een \u0219coli joi, a\u0219a cum era programat\u0103. Excep\u021bii vor fi doar acolo unde \u0219colile sau inspectoratele mai au teste pe stoc: \u201dDin p\u0103cate doar dac\u0103 sunt r\u0103mase anumite stocuri r\u0103mase la \u0219coli sau undeva \u0219i s\u0103 le distribuie, asta e posibil, adic\u0103 la inspectoratele \u0219colare e posibil s\u0103 fie anumite stocuri r\u0103mase dar stocuri la noi, centrale, care s\u0103 le distribuim la acest moment, nu sunt pentru c\u0103 nu am re\u021binut nimic la stocurile centrale.\u201d (conf. Jurnalist.ro)<\/p>\n","protected":false},"excerpt":{"rendered":"<p>Elevii nu vor mai fi testa\u021bi pentru depistarea Covid-19, joi. Raed Arafat a transmis, miercuri, c\u0103 a fost depus\u0103 o<\/p>\n","protected":false},"author":1,"featured_media":5941,"comment_status":"open","ping_status":"open","sticky":false,"template":"","format":"standard","meta":{"colormag_page_container_layout":"default_layout","colormag_page_sidebar_layout":"default_layout","footnotes":""},"categories":[5],"tags":[],"class_list":["post-5940","post","type-post","status-publish","format-standard","has-post-thumbnail","hentry","category-locale"],"yoast_head":"<!-- This site is optimized with the Yoast SEO plugin v27.0 - https:\/\/yoast.com\/product\/yoast-seo-wordpress\/ -->\n<title>Elevii nu vor mai fi testa\u021bi pentru Covid - MHF Photography<\/title>\n<meta name=\"robots\" content=\"index, follow, max-snippet:-1, max-image-preview:large, max-video-preview:-1\" \/>\n<link rel=\"canonical\" href=\"https:\/\/mhf.ro\/mm\/elevii-nu-vor-mai-fi-testati-pentru-covid\/\" \/>\n<meta property=\"og:locale\" content=\"ro_RO\" \/>\n<meta property=\"og:type\" content=\"article\" \/>\n<meta property=\"og:title\" content=\"Elevii nu vor mai fi testa\u021bi pentru Covid - MHF Photography\" \/>\n<meta property=\"og:description\" content=\"Elevii nu vor mai fi testa\u021bi pentru depistarea Covid-19, joi. Raed Arafat a transmis, miercuri, c\u0103 a fost depus\u0103 o\" \/>\n<meta property=\"og:url\" content=\"https:\/\/mhf.ro\/mm\/elevii-nu-vor-mai-fi-testati-pentru-covid\/\" \/>\n<meta property=\"og:site_name\" content=\"MHF Photography\" \/>\n<meta property=\"article:published_time\" content=\"2022-01-06T07:51:38+00:00\" \/>\n<meta property=\"og:image\" content=\"https:\/\/mhf.ro\/mm\/wp-content\/uploads\/2022\/01\/elevi-testati.jpg\" \/>\n\t<meta property=\"og:image:width\" content=\"1024\" \/>\n\t<meta property=\"og:image:height\" content=\"578\" \/>\n\t<meta property=\"og:image:type\" content=\"image\/jpeg\" \/>\n<meta name=\"author\" content=\"Marius Marcu\" \/>\n<meta name=\"twitter:card\" content=\"summary_large_image\" \/>\n<meta name=\"twitter:label1\" content=\"Scris de\" \/>\n\t<meta name=\"twitter:data1\" content=\"Marius Marcu\" \/>\n\t<meta name=\"twitter:label2\" content=\"Timp estimat pentru citire\" \/>\n\t<meta name=\"twitter:data2\" content=\"1 minut\" \/>\n<script type=\"application\/ld+json\" class=\"yoast-schema-graph\">{\"@context\":\"https:\/\/schema.org\",\"@graph\":[{\"@type\":\"Article\",\"@id\":\"https:\/\/mhf.ro\/mm\/elevii-nu-vor-mai-fi-testati-pentru-covid\/#article\",\"isPartOf\":{\"@id\":\"https:\/\/mhf.ro\/mm\/elevii-nu-vor-mai-fi-testati-pentru-covid\/\"},\"author\":{\"name\":\"Marius Marcu\",\"@id\":\"https:\/\/mhf.ro\/mm\/#\/schema\/person\/a3bebf7bdb4bf12f698aff73c7e46c21\"},\"headline\":\"Elevii nu vor mai fi testa\u021bi pentru Covid\",\"datePublished\":\"2022-01-06T07:51:38+00:00\",\"mainEntityOfPage\":{\"@id\":\"https:\/\/mhf.ro\/mm\/elevii-nu-vor-mai-fi-testati-pentru-covid\/\"},\"wordCount\":190,\"commentCount\":0,\"publisher\":{\"@id\":\"https:\/\/mhf.ro\/mm\/#\/schema\/person\/a3bebf7bdb4bf12f698aff73c7e46c21\"},\"image\":{\"@id\":\"https:\/\/mhf.ro\/mm\/elevii-nu-vor-mai-fi-testati-pentru-covid\/#primaryimage\"},\"thumbnailUrl\":\"https:\/\/mhf.ro\/mm\/wp-content\/uploads\/2022\/01\/elevi-testati.jpg\",\"articleSection\":[\"Locale\"],\"inLanguage\":\"ro-RO\",\"potentialAction\":[{\"@type\":\"CommentAction\",\"name\":\"Comment\",\"target\":[\"https:\/\/mhf.ro\/mm\/elevii-nu-vor-mai-fi-testati-pentru-covid\/#respond\"]}]},{\"@type\":\"WebPage\",\"@id\":\"https:\/\/mhf.ro\/mm\/elevii-nu-vor-mai-fi-testati-pentru-covid\/\",\"url\":\"https:\/\/mhf.ro\/mm\/elevii-nu-vor-mai-fi-testati-pentru-covid\/\",\"name\":\"Elevii nu vor mai fi testa\u021bi pentru Covid - MHF Photography\",\"isPartOf\":{\"@id\":\"https:\/\/mhf.ro\/mm\/#website\"},\"primaryImageOfPage\":{\"@id\":\"https:\/\/mhf.ro\/mm\/elevii-nu-vor-mai-fi-testati-pentru-covid\/#primaryimage\"},\"image\":{\"@id\":\"https:\/\/mhf.ro\/mm\/elevii-nu-vor-mai-fi-testati-pentru-covid\/#primaryimage\"},\"thumbnailUrl\":\"https:\/\/mhf.ro\/mm\/wp-content\/uploads\/2022\/01\/elevi-testati.jpg\",\"datePublished\":\"2022-01-06T07:51:38+00:00\",\"breadcrumb\":{\"@id\":\"https:\/\/mhf.ro\/mm\/elevii-nu-vor-mai-fi-testati-pentru-covid\/#breadcrumb\"},\"inLanguage\":\"ro-RO\",\"potentialAction\":[{\"@type\":\"ReadAction\",\"target\":[\"https:\/\/mhf.ro\/mm\/elevii-nu-vor-mai-fi-testati-pentru-covid\/\"]}]},{\"@type\":\"ImageObject\",\"inLanguage\":\"ro-RO\",\"@id\":\"https:\/\/mhf.ro\/mm\/elevii-nu-vor-mai-fi-testati-pentru-covid\/#primaryimage\",\"url\":\"https:\/\/mhf.ro\/mm\/wp-content\/uploads\/2022\/01\/elevi-testati.jpg\",\"contentUrl\":\"https:\/\/mhf.ro\/mm\/wp-content\/uploads\/2022\/01\/elevi-testati.jpg\",\"width\":1024,\"height\":578},{\"@type\":\"BreadcrumbList\",\"@id\":\"https:\/\/mhf.ro\/mm\/elevii-nu-vor-mai-fi-testati-pentru-covid\/#breadcrumb\",\"itemListElement\":[{\"@type\":\"ListItem\",\"position\":1,\"name\":\"Prima pagin\u0103\",\"item\":\"https:\/\/mhf.ro\/mm\/\"},{\"@type\":\"ListItem\",\"position\":2,\"name\":\"Elevii nu vor mai fi testa\u021bi pentru Covid\"}]},{\"@type\":\"WebSite\",\"@id\":\"https:\/\/mhf.ro\/mm\/#website\",\"url\":\"https:\/\/mhf.ro\/mm\/\",\"name\":\"MHF Photography \u2013 Blog de fotografie, natur\u0103 \u0219i tehnic\u0103 divers\u0103\",\"description\":\"Aventur\u0103 \u00een fiecare cadru.\",\"publisher\":{\"@id\":\"https:\/\/mhf.ro\/mm\/#\/schema\/person\/a3bebf7bdb4bf12f698aff73c7e46c21\"},\"potentialAction\":[{\"@type\":\"SearchAction\",\"target\":{\"@type\":\"EntryPoint\",\"urlTemplate\":\"https:\/\/mhf.ro\/mm\/?s={search_term_string}\"},\"query-input\":{\"@type\":\"PropertyValueSpecification\",\"valueRequired\":true,\"valueName\":\"search_term_string\"}}],\"inLanguage\":\"ro-RO\"},{\"@type\":[\"Person\",\"Organization\"],\"@id\":\"https:\/\/mhf.ro\/mm\/#\/schema\/person\/a3bebf7bdb4bf12f698aff73c7e46c21\",\"name\":\"Marius Marcu\",\"image\":{\"@type\":\"ImageObject\",\"inLanguage\":\"ro-RO\",\"@id\":\"https:\/\/mhf.ro\/mm\/#\/schema\/person\/image\/\",\"url\":\"https:\/\/mhf.ro\/mm\/wp-content\/uploads\/2025\/12\/cropped-logo_mhf_2.png\",\"contentUrl\":\"https:\/\/mhf.ro\/mm\/wp-content\/uploads\/2025\/12\/cropped-logo_mhf_2.png\",\"width\":1096,\"height\":457,\"caption\":\"Marius Marcu\"},\"logo\":{\"@id\":\"https:\/\/mhf.ro\/mm\/#\/schema\/person\/image\/\"},\"sameAs\":[\"https:\/\/mhf.ro\/mm\"],\"url\":\"https:\/\/mhf.ro\/mm\/author\/mihai\/\"}]}<\/script>\n<!-- \/ Yoast SEO plugin. -->","yoast_head_json":{"title":"Elevii nu vor mai fi testa\u021bi pentru Covid - MHF Photography","robots":{"index":"index","follow":"follow","max-snippet":"max-snippet:-1","max-image-preview":"max-image-preview:large","max-video-preview":"max-video-preview:-1"},"canonical":"https:\/\/mhf.ro\/mm\/elevii-nu-vor-mai-fi-testati-pentru-covid\/","og_locale":"ro_RO","og_type":"article","og_title":"Elevii nu vor mai fi testa\u021bi pentru Covid - MHF Photography","og_description":"Elevii nu vor mai fi testa\u021bi pentru depistarea Covid-19, joi. Raed Arafat a transmis, miercuri, c\u0103 a fost depus\u0103 o","og_url":"https:\/\/mhf.ro\/mm\/elevii-nu-vor-mai-fi-testati-pentru-covid\/","og_site_name":"MHF Photography","article_published_time":"2022-01-06T07:51:38+00:00","og_image":[{"width":1024,"height":578,"url":"https:\/\/mhf.ro\/mm\/wp-content\/uploads\/2022\/01\/elevi-testati.jpg","type":"image\/jpeg"}],"author":"Marius Marcu","twitter_card":"summary_large_image","twitter_misc":{"Scris de":"Marius Marcu","Timp estimat pentru citire":"1 minut"},"schema":{"@context":"https:\/\/schema.org","@graph":[{"@type":"Article","@id":"https:\/\/mhf.ro\/mm\/elevii-nu-vor-mai-fi-testati-pentru-covid\/#article","isPartOf":{"@id":"https:\/\/mhf.ro\/mm\/elevii-nu-vor-mai-fi-testati-pentru-covid\/"},"author":{"name":"Marius Marcu","@id":"https:\/\/mhf.ro\/mm\/#\/schema\/person\/a3bebf7bdb4bf12f698aff73c7e46c21"},"headline":"Elevii nu vor mai fi testa\u021bi pentru Covid","datePublished":"2022-01-06T07:51:38+00:00","mainEntityOfPage":{"@id":"https:\/\/mhf.ro\/mm\/elevii-nu-vor-mai-fi-testati-pentru-covid\/"},"wordCount":190,"commentCount":0,"publisher":{"@id":"https:\/\/mhf.ro\/mm\/#\/schema\/person\/a3bebf7bdb4bf12f698aff73c7e46c21"},"image":{"@id":"https:\/\/mhf.ro\/mm\/elevii-nu-vor-mai-fi-testati-pentru-covid\/#primaryimage"},"thumbnailUrl":"https:\/\/mhf.ro\/mm\/wp-content\/uploads\/2022\/01\/elevi-testati.jpg","articleSection":["Locale"],"inLanguage":"ro-RO","potentialAction":[{"@type":"CommentAction","name":"Comment","target":["https:\/\/mhf.ro\/mm\/elevii-nu-vor-mai-fi-testati-pentru-covid\/#respond"]}]},{"@type":"WebPage","@id":"https:\/\/mhf.ro\/mm\/elevii-nu-vor-mai-fi-testati-pentru-covid\/","url":"https:\/\/mhf.ro\/mm\/elevii-nu-vor-mai-fi-testati-pentru-covid\/","name":"Elevii nu vor mai fi testa\u021bi pentru Covid - MHF Photography","isPartOf":{"@id":"https:\/\/mhf.ro\/mm\/#website"},"primaryImageOfPage":{"@id":"https:\/\/mhf.ro\/mm\/elevii-nu-vor-mai-fi-testati-pentru-covid\/#primaryimage"},"image":{"@id":"https:\/\/mhf.ro\/mm\/elevii-nu-vor-mai-fi-testati-pentru-covid\/#primaryimage"},"thumbnailUrl":"https:\/\/mhf.ro\/mm\/wp-content\/uploads\/2022\/01\/elevi-testati.jpg","datePublished":"2022-01-06T07:51:38+00:00","breadcrumb":{"@id":"https:\/\/mhf.ro\/mm\/elevii-nu-vor-mai-fi-testati-pentru-covid\/#breadcrumb"},"inLanguage":"ro-RO","potentialAction":[{"@type":"ReadAction","target":["https:\/\/mhf.ro\/mm\/elevii-nu-vor-mai-fi-testati-pentru-covid\/"]}]},{"@type":"ImageObject","inLanguage":"ro-RO","@id":"https:\/\/mhf.ro\/mm\/elevii-nu-vor-mai-fi-testati-pentru-covid\/#primaryimage","url":"https:\/\/mhf.ro\/mm\/wp-content\/uploads\/2022\/01\/elevi-testati.jpg","contentUrl":"https:\/\/mhf.ro\/mm\/wp-content\/uploads\/2022\/01\/elevi-testati.jpg","width":1024,"height":578},{"@type":"BreadcrumbList","@id":"https:\/\/mhf.ro\/mm\/elevii-nu-vor-mai-fi-testati-pentru-covid\/#breadcrumb","itemListElement":[{"@type":"ListItem","position":1,"name":"Prima pagin\u0103","item":"https:\/\/mhf.ro\/mm\/"},{"@type":"ListItem","position":2,"name":"Elevii nu vor mai fi testa\u021bi pentru Covid"}]},{"@type":"WebSite","@id":"https:\/\/mhf.ro\/mm\/#website","url":"https:\/\/mhf.ro\/mm\/","name":"MHF Photography \u2013 Blog de fotografie, natur\u0103 \u0219i tehnic\u0103 divers\u0103","description":"Aventur\u0103 \u00een fiecare cadru.","publisher":{"@id":"https:\/\/mhf.ro\/mm\/#\/schema\/person\/a3bebf7bdb4bf12f698aff73c7e46c21"},"potentialAction":[{"@type":"SearchAction","target":{"@type":"EntryPoint","urlTemplate":"https:\/\/mhf.ro\/mm\/?s={search_term_string}"},"query-input":{"@type":"PropertyValueSpecification","valueRequired":true,"valueName":"search_term_string"}}],"inLanguage":"ro-RO"},{"@type":["Person","Organization"],"@id":"https:\/\/mhf.ro\/mm\/#\/schema\/person\/a3bebf7bdb4bf12f698aff73c7e46c21","name":"Marius Marcu","image":{"@type":"ImageObject","inLanguage":"ro-RO","@id":"https:\/\/mhf.ro\/mm\/#\/schema\/person\/image\/","url":"https:\/\/mhf.ro\/mm\/wp-content\/uploads\/2025\/12\/cropped-logo_mhf_2.png","contentUrl":"https:\/\/mhf.ro\/mm\/wp-content\/uploads\/2025\/12\/cropped-logo_mhf_2.png","width":1096,"height":457,"caption":"Marius Marcu"},"logo":{"@id":"https:\/\/mhf.ro\/mm\/#\/schema\/person\/image\/"},"sameAs":["https:\/\/mhf.ro\/mm"],"url":"https:\/\/mhf.ro\/mm\/author\/mihai\/"}]}},"_links":{"self":[{"href":"https:\/\/mhf.ro\/mm\/wp-json\/wp\/v2\/posts\/5940","targetHints":{"allow":["GET"]}}],"collection":[{"href":"https:\/\/mhf.ro\/mm\/wp-json\/wp\/v2\/posts"}],"about":[{"href":"https:\/\/mhf.ro\/mm\/wp-json\/wp\/v2\/types\/post"}],"author":[{"embeddable":true,"href":"https:\/\/mhf.ro\/mm\/wp-json\/wp\/v2\/users\/1"}],"replies":[{"embeddable":true,"href":"https:\/\/mhf.ro\/mm\/wp-json\/wp\/v2\/comments?post=5940"}],"version-history":[{"count":1,"href":"https:\/\/mhf.ro\/mm\/wp-json\/wp\/v2\/posts\/5940\/revisions"}],"predecessor-version":[{"id":5942,"href":"https:\/\/mhf.ro\/mm\/wp-json\/wp\/v2\/posts\/5940\/revisions\/5942"}],"wp:featuredmedia":[{"embeddable":true,"href":"https:\/\/mhf.ro\/mm\/wp-json\/wp\/v2\/media\/5941"}],"wp:attachment":[{"href":"https:\/\/mhf.ro\/mm\/wp-json\/wp\/v2\/media?parent=5940"}],"wp:term":[{"taxonomy":"category","embeddable":true,"href":"https:\/\/mhf.ro\/mm\/wp-json\/wp\/v2\/categories?post=5940"},{"taxonomy":"post_tag","embeddable":true,"href":"https:\/\/mhf.ro\/mm\/wp-json\/wp\/v2\/tags?post=5940"}],"curies":[{"name":"wp","href":"https:\/\/api.w.org\/{rel}","templated":true}]}}