{"id":6002,"date":"2022-01-08T15:23:20","date_gmt":"2022-01-08T13:23:20","guid":{"rendered":"https:\/\/mhf.ro\/mm\/?p=6002"},"modified":"2022-01-08T15:23:20","modified_gmt":"2022-01-08T13:23:20","slug":"cresc-salariile-si-pensiile-speciale-la-magistrati","status":"publish","type":"post","link":"https:\/\/mhf.ro\/mm\/cresc-salariile-si-pensiile-speciale-la-magistrati\/","title":{"rendered":"Cresc salariile \u0219i pensiile speciale la magistra\u021bi"},"content":{"rendered":"<h4><strong>Salariile magistra\u021bilor vor cre\u0219te din nou, ceea ce \u00eenseamn\u0103 c\u0103 vor cre\u0219te \u0219i pensiile speciale. \u00cen acest moment, salariul mediu net \u00een sistemul judiciar este de aproximativ 8.765 de lei.<\/strong><\/h4>\n<p>Ministrul Justi\u021biei, C\u0103t\u0103lin Predoiu este cel care a semnat ordinul \u00een acest sens. Ministrul sus\u021bine c\u0103, \u00een acest fel, institu\u021bia pe care o conduce va evita cheltuieli imense pentru procese intentate de magistra\u021bii, care vor recuperarea unor drepturi salariale.<\/p>\n<p>Conform unui ordin emis \u00een 30 decembrie 2021 Valoarea Sectorial\u0103 de Referin\u0163\u0103 (VSR) \u2013 \u00een func\u021bie de care se calculeaz\u0103 salariul \u2013 cre\u0219te de la 465 de lei la 605 lei.<\/p>\n<p>\u201eEmiterea ordinelor ministrului justi\u021biei de stabilire a drepturilor salariale individuale conform prevederilor art 1 (privind majorarea valorii sectoriale \u2013 n.r) se va realiza p\u00e2n\u0103 cel t\u00e2rziu la data de 4 februarie 2022, acestea urm\u00e2nd a intra \u00een plat\u0103 \u00een luna februarie pentru drepturile aferente lunii ianuarie 2022\u201d.<\/p>\n<p>\u201e\u00cencep\u00e2nd cu data prezentului ordin, drepturile salariale ale judecatorilor din cadrul judecatoriilor, tribunalelor, tribunalelor specializate si al curtilor de apel, precum si ale asistentilor judiciari se stabilesc avand in vedere valoarea de referinta sectoriala de 605,225 lei\u201d, se arat\u0103 \u00een ordinul de ministru.<\/p>\n<p>Acesta a fost semnat de C\u0103t\u0103lin Predoiu pe 30 decembrie 2021.<\/p>\n<div class=\"teads-adCall\"><\/div>\n<p>Potrivit legii 303\/2004\u00a0 \u201ePensiile de serviciu ale judec\u0103torilor \u0219i procurorilor, precum \u0219i pensiile de urma\u0219 se actualizeaz\u0103 ori de c\u00e2te ori se majoreaz\u0103 indemniza\u021bia brut\u0103 lunar\u0103 a unui judec\u0103tor \u0219i procuror \u00een activitate, \u00een condi\u021bii identice de func\u021bie, vechime \u0219i grad al instan\u021bei sau parchetului, cu luarea \u00een considerare, \u00een procent, a sporurilor intrate \u00een baza de calcul la acordarea pensiei de serviciu, precum \u0219i a sporului de vechime\u201d.<\/p>\n<p>\u201eAm fost obligat s\u0103 iau o astfel de m\u0103sur\u0103 pentru a respecta decizia CCR. Se elimin\u0103 astfel inechit\u0103\u021bile din sistem\u201d, spune Predoiu.<\/p>\n<p>Ministrul spune c\u0103 p\u00e2n\u0103 la finalul anului va face un proiect privind salarizarea unitar\u0103 \u00een sistemul judiciar.<\/p>\n<p>&nbsp;<\/p>\n<p><img fetchpriority=\"high\" decoding=\"async\" class=\"alignnone size-medium wp-image-21512 jetpack-lazy-image jetpack-lazy-image--handled td-animation-stack-type0-2\" src=\"https:\/\/jurnalist.ro\/wp-content\/uploads\/2022\/01\/media-164156588606676500-233x300.jpg\" sizes=\"(max-width: 233px) 100vw, 233px\" srcset=\"https:\/\/jurnalist.ro\/wp-content\/uploads\/2022\/01\/media-164156588606676500-233x300.jpg 233w, https:\/\/jurnalist.ro\/wp-content\/uploads\/2022\/01\/media-164156588606676500-795x1024.jpg 795w, https:\/\/jurnalist.ro\/wp-content\/uploads\/2022\/01\/media-164156588606676500-768x990.jpg 768w, https:\/\/jurnalist.ro\/wp-content\/uploads\/2022\/01\/media-164156588606676500-150x193.jpg 150w, https:\/\/jurnalist.ro\/wp-content\/uploads\/2022\/01\/media-164156588606676500-300x387.jpg 300w, https:\/\/jurnalist.ro\/wp-content\/uploads\/2022\/01\/media-164156588606676500-600x773.jpg 600w, https:\/\/jurnalist.ro\/wp-content\/uploads\/2022\/01\/media-164156588606676500-696x897.jpg 696w, https:\/\/jurnalist.ro\/wp-content\/uploads\/2022\/01\/media-164156588606676500-326x420.jpg 326w, https:\/\/jurnalist.ro\/wp-content\/uploads\/2022\/01\/media-164156588606676500-652x840.jpg 652w, https:\/\/jurnalist.ro\/wp-content\/uploads\/2022\/01\/media-164156588606676500.jpg 800w\" alt=\"\" width=\"233\" height=\"300\" data-lazy-loaded=\"1\" \/><\/p>\n<p><b>Iat\u0103 care este salariul mediu net pentru fiecare categorie, \u00eenainte de majorarea valorii de referin\u021b\u0103.<\/b><\/p>\n<p>Judec\u0103tor 13.369 lei<\/p>\n<p>Procuror 13.473 lei<\/p>\n<p>Grefier 5.232 lei<\/p>\n<p>Personal conex 2.988 lei<\/p>\n<p>Consilieri proba\u021biune 4.985 lei<\/p>\n<p>(conf. Jurnalist.ro)<\/p>\n","protected":false},"excerpt":{"rendered":"<p>Salariile magistra\u021bilor vor cre\u0219te din nou, ceea ce \u00eenseamn\u0103 c\u0103 vor cre\u0219te \u0219i pensiile speciale. \u00cen acest moment, salariul mediu<\/p>\n","protected":false},"author":1,"featured_media":6003,"comment_status":"open","ping_status":"open","sticky":false,"template":"","format":"standard","meta":{"colormag_page_container_layout":"default_layout","colormag_page_sidebar_layout":"default_layout","footnotes":""},"categories":[5],"tags":[],"class_list":["post-6002","post","type-post","status-publish","format-standard","has-post-thumbnail","hentry","category-locale"],"yoast_head":"<!-- This site is optimized with the Yoast SEO plugin v27.0 - https:\/\/yoast.com\/product\/yoast-seo-wordpress\/ -->\n<title>Cresc salariile \u0219i pensiile speciale la magistra\u021bi - MHF Photography<\/title>\n<meta name=\"robots\" content=\"index, follow, max-snippet:-1, max-image-preview:large, max-video-preview:-1\" \/>\n<link rel=\"canonical\" href=\"https:\/\/mhf.ro\/mm\/cresc-salariile-si-pensiile-speciale-la-magistrati\/\" \/>\n<meta property=\"og:locale\" content=\"ro_RO\" \/>\n<meta property=\"og:type\" content=\"article\" \/>\n<meta property=\"og:title\" content=\"Cresc salariile \u0219i pensiile speciale la magistra\u021bi - MHF Photography\" \/>\n<meta property=\"og:description\" content=\"Salariile magistra\u021bilor vor cre\u0219te din nou, ceea ce \u00eenseamn\u0103 c\u0103 vor cre\u0219te \u0219i pensiile speciale. \u00cen acest moment, salariul mediu\" \/>\n<meta property=\"og:url\" content=\"https:\/\/mhf.ro\/mm\/cresc-salariile-si-pensiile-speciale-la-magistrati\/\" \/>\n<meta property=\"og:site_name\" content=\"MHF Photography\" \/>\n<meta property=\"article:published_time\" content=\"2022-01-08T13:23:20+00:00\" \/>\n<meta property=\"og:image\" content=\"https:\/\/mhf.ro\/mm\/wp-content\/uploads\/2022\/01\/Catalin-Predoiu_MJ.jpg\" \/>\n\t<meta property=\"og:image:width\" content=\"1000\" \/>\n\t<meta property=\"og:image:height\" content=\"617\" \/>\n\t<meta property=\"og:image:type\" content=\"image\/jpeg\" \/>\n<meta name=\"author\" content=\"Marius Marcu\" \/>\n<meta name=\"twitter:card\" content=\"summary_large_image\" \/>\n<meta name=\"twitter:label1\" content=\"Scris de\" \/>\n\t<meta name=\"twitter:data1\" content=\"Marius Marcu\" \/>\n\t<meta name=\"twitter:label2\" content=\"Timp estimat pentru citire\" \/>\n\t<meta name=\"twitter:data2\" content=\"2 minute\" \/>\n<script type=\"application\/ld+json\" class=\"yoast-schema-graph\">{\"@context\":\"https:\/\/schema.org\",\"@graph\":[{\"@type\":\"Article\",\"@id\":\"https:\/\/mhf.ro\/mm\/cresc-salariile-si-pensiile-speciale-la-magistrati\/#article\",\"isPartOf\":{\"@id\":\"https:\/\/mhf.ro\/mm\/cresc-salariile-si-pensiile-speciale-la-magistrati\/\"},\"author\":{\"name\":\"Marius Marcu\",\"@id\":\"https:\/\/mhf.ro\/mm\/#\/schema\/person\/a3bebf7bdb4bf12f698aff73c7e46c21\"},\"headline\":\"Cresc salariile \u0219i pensiile speciale la magistra\u021bi\",\"datePublished\":\"2022-01-08T13:23:20+00:00\",\"mainEntityOfPage\":{\"@id\":\"https:\/\/mhf.ro\/mm\/cresc-salariile-si-pensiile-speciale-la-magistrati\/\"},\"wordCount\":363,\"commentCount\":0,\"publisher\":{\"@id\":\"https:\/\/mhf.ro\/mm\/#\/schema\/person\/a3bebf7bdb4bf12f698aff73c7e46c21\"},\"image\":{\"@id\":\"https:\/\/mhf.ro\/mm\/cresc-salariile-si-pensiile-speciale-la-magistrati\/#primaryimage\"},\"thumbnailUrl\":\"https:\/\/mhf.ro\/mm\/wp-content\/uploads\/2022\/01\/Catalin-Predoiu_MJ.jpg\",\"articleSection\":[\"Locale\"],\"inLanguage\":\"ro-RO\",\"potentialAction\":[{\"@type\":\"CommentAction\",\"name\":\"Comment\",\"target\":[\"https:\/\/mhf.ro\/mm\/cresc-salariile-si-pensiile-speciale-la-magistrati\/#respond\"]}]},{\"@type\":\"WebPage\",\"@id\":\"https:\/\/mhf.ro\/mm\/cresc-salariile-si-pensiile-speciale-la-magistrati\/\",\"url\":\"https:\/\/mhf.ro\/mm\/cresc-salariile-si-pensiile-speciale-la-magistrati\/\",\"name\":\"Cresc salariile \u0219i pensiile speciale la magistra\u021bi - MHF Photography\",\"isPartOf\":{\"@id\":\"https:\/\/mhf.ro\/mm\/#website\"},\"primaryImageOfPage\":{\"@id\":\"https:\/\/mhf.ro\/mm\/cresc-salariile-si-pensiile-speciale-la-magistrati\/#primaryimage\"},\"image\":{\"@id\":\"https:\/\/mhf.ro\/mm\/cresc-salariile-si-pensiile-speciale-la-magistrati\/#primaryimage\"},\"thumbnailUrl\":\"https:\/\/mhf.ro\/mm\/wp-content\/uploads\/2022\/01\/Catalin-Predoiu_MJ.jpg\",\"datePublished\":\"2022-01-08T13:23:20+00:00\",\"breadcrumb\":{\"@id\":\"https:\/\/mhf.ro\/mm\/cresc-salariile-si-pensiile-speciale-la-magistrati\/#breadcrumb\"},\"inLanguage\":\"ro-RO\",\"potentialAction\":[{\"@type\":\"ReadAction\",\"target\":[\"https:\/\/mhf.ro\/mm\/cresc-salariile-si-pensiile-speciale-la-magistrati\/\"]}]},{\"@type\":\"ImageObject\",\"inLanguage\":\"ro-RO\",\"@id\":\"https:\/\/mhf.ro\/mm\/cresc-salariile-si-pensiile-speciale-la-magistrati\/#primaryimage\",\"url\":\"https:\/\/mhf.ro\/mm\/wp-content\/uploads\/2022\/01\/Catalin-Predoiu_MJ.jpg\",\"contentUrl\":\"https:\/\/mhf.ro\/mm\/wp-content\/uploads\/2022\/01\/Catalin-Predoiu_MJ.jpg\",\"width\":1000,\"height\":617},{\"@type\":\"BreadcrumbList\",\"@id\":\"https:\/\/mhf.ro\/mm\/cresc-salariile-si-pensiile-speciale-la-magistrati\/#breadcrumb\",\"itemListElement\":[{\"@type\":\"ListItem\",\"position\":1,\"name\":\"Prima pagin\u0103\",\"item\":\"https:\/\/mhf.ro\/mm\/\"},{\"@type\":\"ListItem\",\"position\":2,\"name\":\"Cresc salariile \u0219i pensiile speciale la magistra\u021bi\"}]},{\"@type\":\"WebSite\",\"@id\":\"https:\/\/mhf.ro\/mm\/#website\",\"url\":\"https:\/\/mhf.ro\/mm\/\",\"name\":\"MHF Photography \u2013 Blog de fotografie, natur\u0103 \u0219i tehnic\u0103 divers\u0103\",\"description\":\"Aventur\u0103 \u00een fiecare cadru.\",\"publisher\":{\"@id\":\"https:\/\/mhf.ro\/mm\/#\/schema\/person\/a3bebf7bdb4bf12f698aff73c7e46c21\"},\"potentialAction\":[{\"@type\":\"SearchAction\",\"target\":{\"@type\":\"EntryPoint\",\"urlTemplate\":\"https:\/\/mhf.ro\/mm\/?s={search_term_string}\"},\"query-input\":{\"@type\":\"PropertyValueSpecification\",\"valueRequired\":true,\"valueName\":\"search_term_string\"}}],\"inLanguage\":\"ro-RO\"},{\"@type\":[\"Person\",\"Organization\"],\"@id\":\"https:\/\/mhf.ro\/mm\/#\/schema\/person\/a3bebf7bdb4bf12f698aff73c7e46c21\",\"name\":\"Marius Marcu\",\"image\":{\"@type\":\"ImageObject\",\"inLanguage\":\"ro-RO\",\"@id\":\"https:\/\/mhf.ro\/mm\/#\/schema\/person\/image\/\",\"url\":\"https:\/\/mhf.ro\/mm\/wp-content\/uploads\/2025\/12\/cropped-logo_mhf_2.png\",\"contentUrl\":\"https:\/\/mhf.ro\/mm\/wp-content\/uploads\/2025\/12\/cropped-logo_mhf_2.png\",\"width\":1096,\"height\":457,\"caption\":\"Marius Marcu\"},\"logo\":{\"@id\":\"https:\/\/mhf.ro\/mm\/#\/schema\/person\/image\/\"},\"sameAs\":[\"https:\/\/mhf.ro\/mm\"],\"url\":\"https:\/\/mhf.ro\/mm\/author\/mihai\/\"}]}<\/script>\n<!-- \/ Yoast SEO plugin. -->","yoast_head_json":{"title":"Cresc salariile \u0219i pensiile speciale la magistra\u021bi - MHF Photography","robots":{"index":"index","follow":"follow","max-snippet":"max-snippet:-1","max-image-preview":"max-image-preview:large","max-video-preview":"max-video-preview:-1"},"canonical":"https:\/\/mhf.ro\/mm\/cresc-salariile-si-pensiile-speciale-la-magistrati\/","og_locale":"ro_RO","og_type":"article","og_title":"Cresc salariile \u0219i pensiile speciale la magistra\u021bi - MHF Photography","og_description":"Salariile magistra\u021bilor vor cre\u0219te din nou, ceea ce \u00eenseamn\u0103 c\u0103 vor cre\u0219te \u0219i pensiile speciale. \u00cen acest moment, salariul mediu","og_url":"https:\/\/mhf.ro\/mm\/cresc-salariile-si-pensiile-speciale-la-magistrati\/","og_site_name":"MHF Photography","article_published_time":"2022-01-08T13:23:20+00:00","og_image":[{"width":1000,"height":617,"url":"https:\/\/mhf.ro\/mm\/wp-content\/uploads\/2022\/01\/Catalin-Predoiu_MJ.jpg","type":"image\/jpeg"}],"author":"Marius Marcu","twitter_card":"summary_large_image","twitter_misc":{"Scris de":"Marius Marcu","Timp estimat pentru citire":"2 minute"},"schema":{"@context":"https:\/\/schema.org","@graph":[{"@type":"Article","@id":"https:\/\/mhf.ro\/mm\/cresc-salariile-si-pensiile-speciale-la-magistrati\/#article","isPartOf":{"@id":"https:\/\/mhf.ro\/mm\/cresc-salariile-si-pensiile-speciale-la-magistrati\/"},"author":{"name":"Marius Marcu","@id":"https:\/\/mhf.ro\/mm\/#\/schema\/person\/a3bebf7bdb4bf12f698aff73c7e46c21"},"headline":"Cresc salariile \u0219i pensiile speciale la magistra\u021bi","datePublished":"2022-01-08T13:23:20+00:00","mainEntityOfPage":{"@id":"https:\/\/mhf.ro\/mm\/cresc-salariile-si-pensiile-speciale-la-magistrati\/"},"wordCount":363,"commentCount":0,"publisher":{"@id":"https:\/\/mhf.ro\/mm\/#\/schema\/person\/a3bebf7bdb4bf12f698aff73c7e46c21"},"image":{"@id":"https:\/\/mhf.ro\/mm\/cresc-salariile-si-pensiile-speciale-la-magistrati\/#primaryimage"},"thumbnailUrl":"https:\/\/mhf.ro\/mm\/wp-content\/uploads\/2022\/01\/Catalin-Predoiu_MJ.jpg","articleSection":["Locale"],"inLanguage":"ro-RO","potentialAction":[{"@type":"CommentAction","name":"Comment","target":["https:\/\/mhf.ro\/mm\/cresc-salariile-si-pensiile-speciale-la-magistrati\/#respond"]}]},{"@type":"WebPage","@id":"https:\/\/mhf.ro\/mm\/cresc-salariile-si-pensiile-speciale-la-magistrati\/","url":"https:\/\/mhf.ro\/mm\/cresc-salariile-si-pensiile-speciale-la-magistrati\/","name":"Cresc salariile \u0219i pensiile speciale la magistra\u021bi - MHF Photography","isPartOf":{"@id":"https:\/\/mhf.ro\/mm\/#website"},"primaryImageOfPage":{"@id":"https:\/\/mhf.ro\/mm\/cresc-salariile-si-pensiile-speciale-la-magistrati\/#primaryimage"},"image":{"@id":"https:\/\/mhf.ro\/mm\/cresc-salariile-si-pensiile-speciale-la-magistrati\/#primaryimage"},"thumbnailUrl":"https:\/\/mhf.ro\/mm\/wp-content\/uploads\/2022\/01\/Catalin-Predoiu_MJ.jpg","datePublished":"2022-01-08T13:23:20+00:00","breadcrumb":{"@id":"https:\/\/mhf.ro\/mm\/cresc-salariile-si-pensiile-speciale-la-magistrati\/#breadcrumb"},"inLanguage":"ro-RO","potentialAction":[{"@type":"ReadAction","target":["https:\/\/mhf.ro\/mm\/cresc-salariile-si-pensiile-speciale-la-magistrati\/"]}]},{"@type":"ImageObject","inLanguage":"ro-RO","@id":"https:\/\/mhf.ro\/mm\/cresc-salariile-si-pensiile-speciale-la-magistrati\/#primaryimage","url":"https:\/\/mhf.ro\/mm\/wp-content\/uploads\/2022\/01\/Catalin-Predoiu_MJ.jpg","contentUrl":"https:\/\/mhf.ro\/mm\/wp-content\/uploads\/2022\/01\/Catalin-Predoiu_MJ.jpg","width":1000,"height":617},{"@type":"BreadcrumbList","@id":"https:\/\/mhf.ro\/mm\/cresc-salariile-si-pensiile-speciale-la-magistrati\/#breadcrumb","itemListElement":[{"@type":"ListItem","position":1,"name":"Prima pagin\u0103","item":"https:\/\/mhf.ro\/mm\/"},{"@type":"ListItem","position":2,"name":"Cresc salariile \u0219i pensiile speciale la magistra\u021bi"}]},{"@type":"WebSite","@id":"https:\/\/mhf.ro\/mm\/#website","url":"https:\/\/mhf.ro\/mm\/","name":"MHF Photography \u2013 Blog de fotografie, natur\u0103 \u0219i tehnic\u0103 divers\u0103","description":"Aventur\u0103 \u00een fiecare cadru.","publisher":{"@id":"https:\/\/mhf.ro\/mm\/#\/schema\/person\/a3bebf7bdb4bf12f698aff73c7e46c21"},"potentialAction":[{"@type":"SearchAction","target":{"@type":"EntryPoint","urlTemplate":"https:\/\/mhf.ro\/mm\/?s={search_term_string}"},"query-input":{"@type":"PropertyValueSpecification","valueRequired":true,"valueName":"search_term_string"}}],"inLanguage":"ro-RO"},{"@type":["Person","Organization"],"@id":"https:\/\/mhf.ro\/mm\/#\/schema\/person\/a3bebf7bdb4bf12f698aff73c7e46c21","name":"Marius Marcu","image":{"@type":"ImageObject","inLanguage":"ro-RO","@id":"https:\/\/mhf.ro\/mm\/#\/schema\/person\/image\/","url":"https:\/\/mhf.ro\/mm\/wp-content\/uploads\/2025\/12\/cropped-logo_mhf_2.png","contentUrl":"https:\/\/mhf.ro\/mm\/wp-content\/uploads\/2025\/12\/cropped-logo_mhf_2.png","width":1096,"height":457,"caption":"Marius Marcu"},"logo":{"@id":"https:\/\/mhf.ro\/mm\/#\/schema\/person\/image\/"},"sameAs":["https:\/\/mhf.ro\/mm"],"url":"https:\/\/mhf.ro\/mm\/author\/mihai\/"}]}},"_links":{"self":[{"href":"https:\/\/mhf.ro\/mm\/wp-json\/wp\/v2\/posts\/6002","targetHints":{"allow":["GET"]}}],"collection":[{"href":"https:\/\/mhf.ro\/mm\/wp-json\/wp\/v2\/posts"}],"about":[{"href":"https:\/\/mhf.ro\/mm\/wp-json\/wp\/v2\/types\/post"}],"author":[{"embeddable":true,"href":"https:\/\/mhf.ro\/mm\/wp-json\/wp\/v2\/users\/1"}],"replies":[{"embeddable":true,"href":"https:\/\/mhf.ro\/mm\/wp-json\/wp\/v2\/comments?post=6002"}],"version-history":[{"count":1,"href":"https:\/\/mhf.ro\/mm\/wp-json\/wp\/v2\/posts\/6002\/revisions"}],"predecessor-version":[{"id":6004,"href":"https:\/\/mhf.ro\/mm\/wp-json\/wp\/v2\/posts\/6002\/revisions\/6004"}],"wp:featuredmedia":[{"embeddable":true,"href":"https:\/\/mhf.ro\/mm\/wp-json\/wp\/v2\/media\/6003"}],"wp:attachment":[{"href":"https:\/\/mhf.ro\/mm\/wp-json\/wp\/v2\/media?parent=6002"}],"wp:term":[{"taxonomy":"category","embeddable":true,"href":"https:\/\/mhf.ro\/mm\/wp-json\/wp\/v2\/categories?post=6002"},{"taxonomy":"post_tag","embeddable":true,"href":"https:\/\/mhf.ro\/mm\/wp-json\/wp\/v2\/tags?post=6002"}],"curies":[{"name":"wp","href":"https:\/\/api.w.org\/{rel}","templated":true}]}}