{"id":6041,"date":"2022-01-15T07:39:32","date_gmt":"2022-01-15T05:39:32","guid":{"rendered":"https:\/\/mhf.ro\/mm\/?p=6041"},"modified":"2022-01-15T07:39:32","modified_gmt":"2022-01-15T05:39:32","slug":"rafila-nu-mai-vad-urgenta-certificatului-verde","status":"publish","type":"post","link":"https:\/\/mhf.ro\/mm\/rafila-nu-mai-vad-urgenta-certificatului-verde\/","title":{"rendered":"Rafila: Nu mai v\u0103d urgen\u021ba certificatului verde"},"content":{"rendered":"<p>Certificatul verde pentru locul de munc\u0103 nu a fost asumat politic, iar ministrul S\u0103n\u0103t\u0103\u021bii, Alexandru Rafila, nu mai vede urge\u021ba acestuia. Potrivit acestuia, p\u00e2n\u0103 la implementarea lui, num\u0103rul de cazuri va sc\u0103dea din nou.<\/p>\n<p lang=\"ro-RO\" data-index=\"2\">\u201eNu este o victim\u0103 (a politicului, n.r.). Este o chestiune care nu a fost asumat\u0103 politic. Pentru mine, lucrul cel mai nepl\u0103cut care mi s-a \u00eent\u00e2mplat a fost aceast\u0103 pasare permanent\u0103 a responsabilit\u0103\u021bii: cine e de vin\u0103 pentru aceast\u0103 situa\u021bie legat\u0103 de neadoptarea unei forme a certificatului verde \u2013 sau certificatului COVID\u201d, a spus Rafila, potrivit\u00a0Digi24.<\/p>\n<p lang=\"ro-RO\" data-index=\"3\">El a explicat c\u0103 unul din scopurile certificatului COVID este stimularea vaccin\u0103rii.<\/p>\n<p lang=\"ro-RO\" data-index=\"3\">Un alt scop al implement\u0103rii certificatului verde era, potrivit lui Rafila, legat de s\u0103n\u0103tatea public\u0103.<\/p>\n<p lang=\"ro-RO\" data-index=\"3\">\u201eAcum s-au mai schimbat datele problemei, pentru c\u0103 vedem c\u0103 protec\u021bia \u00eempotriva bolii oferit\u0103 de vaccinare este mult mai mic\u0103 fa\u021b\u0103 de aceast\u0103 variant\u0103 (\u2026) Vedem \u0219i cazuri de infectare la persoane care au f\u0103cut inclusiv doza booster\u201d, a mai spus ministrul.<\/p>\n<p lang=\"ro-RO\" data-index=\"8\">\u00centrebat dac\u0103 acum mai vede utilitatea \u0219i urgen\u021ba certificatului verde, Rafila a r\u0103spuns: Nu mai v\u0103d urgen\u021ba certificatului verde pentru c\u0103 orice procedur\u0103 legislativ\u0103 presupune \u0219i un timp de la momentul adopt\u0103rii p\u00e2n\u0103 la implementarea efectiv\u0103, care vor mai \u00eensemna c\u00e2teva s\u0103pt\u0103m\u00e2ni \u0219i eu sper ca acest val 5 \u00een Rom\u00e2nia s\u0103 se \u00eencheie peste c\u00e2teva s\u0103pt\u0103m\u00e2ni. Deja avem dou\u0103 s\u0103pt\u0103m\u00e2ni din valul 5 \u0219i sper c\u0103 p\u00e2n\u0103 la sf\u00e2r\u0219itul lunii februarie s\u0103 ajungem \u00eentr-o situa\u021bie\u2026\u201d, a spus ministrul.<\/p>\n<p lang=\"ro-RO\" data-index=\"9\">\u201eDac\u0103 vrei s\u0103 ai un r\u0103spuns, trebuie s\u0103-l adop\u021bi imediat \u0219i s\u0103 intre \u00een vigoare m\u00e2ine\u201d, a ad\u0103ugat el. (conf. Jurnalist.ro)<\/p>\n","protected":false},"excerpt":{"rendered":"<p>Certificatul verde pentru locul de munc\u0103 nu a fost asumat politic, iar ministrul S\u0103n\u0103t\u0103\u021bii, Alexandru Rafila, nu mai vede urge\u021ba<\/p>\n","protected":false},"author":1,"featured_media":6042,"comment_status":"open","ping_status":"open","sticky":false,"template":"","format":"standard","meta":{"colormag_page_container_layout":"default_layout","colormag_page_sidebar_layout":"default_layout","footnotes":""},"categories":[5],"tags":[],"class_list":["post-6041","post","type-post","status-publish","format-standard","has-post-thumbnail","hentry","category-locale"],"yoast_head":"<!-- This site is optimized with the Yoast SEO plugin v27.0 - https:\/\/yoast.com\/product\/yoast-seo-wordpress\/ -->\n<title>Rafila: Nu mai v\u0103d urgen\u021ba certificatului verde - MHF Photography<\/title>\n<meta name=\"robots\" content=\"index, follow, max-snippet:-1, max-image-preview:large, max-video-preview:-1\" \/>\n<link rel=\"canonical\" href=\"https:\/\/mhf.ro\/mm\/rafila-nu-mai-vad-urgenta-certificatului-verde\/\" \/>\n<meta property=\"og:locale\" content=\"ro_RO\" \/>\n<meta property=\"og:type\" content=\"article\" \/>\n<meta property=\"og:title\" content=\"Rafila: Nu mai v\u0103d urgen\u021ba certificatului verde - MHF Photography\" \/>\n<meta property=\"og:description\" content=\"Certificatul verde pentru locul de munc\u0103 nu a fost asumat politic, iar ministrul S\u0103n\u0103t\u0103\u021bii, Alexandru Rafila, nu mai vede urge\u021ba\" \/>\n<meta property=\"og:url\" content=\"https:\/\/mhf.ro\/mm\/rafila-nu-mai-vad-urgenta-certificatului-verde\/\" \/>\n<meta property=\"og:site_name\" content=\"MHF Photography\" \/>\n<meta property=\"article:published_time\" content=\"2022-01-15T05:39:32+00:00\" \/>\n<meta property=\"og:image\" content=\"https:\/\/mhf.ro\/mm\/wp-content\/uploads\/2022\/01\/rafila.jpg\" \/>\n\t<meta property=\"og:image:width\" content=\"1000\" \/>\n\t<meta property=\"og:image:height\" content=\"533\" \/>\n\t<meta property=\"og:image:type\" content=\"image\/jpeg\" \/>\n<meta name=\"author\" content=\"Marius Marcu\" \/>\n<meta name=\"twitter:card\" content=\"summary_large_image\" \/>\n<meta name=\"twitter:label1\" content=\"Scris de\" \/>\n\t<meta name=\"twitter:data1\" content=\"Marius Marcu\" \/>\n\t<meta name=\"twitter:label2\" content=\"Timp estimat pentru citire\" \/>\n\t<meta name=\"twitter:data2\" content=\"2 minute\" \/>\n<script type=\"application\/ld+json\" class=\"yoast-schema-graph\">{\"@context\":\"https:\/\/schema.org\",\"@graph\":[{\"@type\":\"Article\",\"@id\":\"https:\/\/mhf.ro\/mm\/rafila-nu-mai-vad-urgenta-certificatului-verde\/#article\",\"isPartOf\":{\"@id\":\"https:\/\/mhf.ro\/mm\/rafila-nu-mai-vad-urgenta-certificatului-verde\/\"},\"author\":{\"name\":\"Marius Marcu\",\"@id\":\"https:\/\/mhf.ro\/mm\/#\/schema\/person\/a3bebf7bdb4bf12f698aff73c7e46c21\"},\"headline\":\"Rafila: Nu mai v\u0103d urgen\u021ba certificatului verde\",\"datePublished\":\"2022-01-15T05:39:32+00:00\",\"mainEntityOfPage\":{\"@id\":\"https:\/\/mhf.ro\/mm\/rafila-nu-mai-vad-urgenta-certificatului-verde\/\"},\"wordCount\":311,\"commentCount\":0,\"publisher\":{\"@id\":\"https:\/\/mhf.ro\/mm\/#\/schema\/person\/a3bebf7bdb4bf12f698aff73c7e46c21\"},\"image\":{\"@id\":\"https:\/\/mhf.ro\/mm\/rafila-nu-mai-vad-urgenta-certificatului-verde\/#primaryimage\"},\"thumbnailUrl\":\"https:\/\/mhf.ro\/mm\/wp-content\/uploads\/2022\/01\/rafila.jpg\",\"articleSection\":[\"Locale\"],\"inLanguage\":\"ro-RO\",\"potentialAction\":[{\"@type\":\"CommentAction\",\"name\":\"Comment\",\"target\":[\"https:\/\/mhf.ro\/mm\/rafila-nu-mai-vad-urgenta-certificatului-verde\/#respond\"]}]},{\"@type\":\"WebPage\",\"@id\":\"https:\/\/mhf.ro\/mm\/rafila-nu-mai-vad-urgenta-certificatului-verde\/\",\"url\":\"https:\/\/mhf.ro\/mm\/rafila-nu-mai-vad-urgenta-certificatului-verde\/\",\"name\":\"Rafila: Nu mai v\u0103d urgen\u021ba certificatului verde - MHF Photography\",\"isPartOf\":{\"@id\":\"https:\/\/mhf.ro\/mm\/#website\"},\"primaryImageOfPage\":{\"@id\":\"https:\/\/mhf.ro\/mm\/rafila-nu-mai-vad-urgenta-certificatului-verde\/#primaryimage\"},\"image\":{\"@id\":\"https:\/\/mhf.ro\/mm\/rafila-nu-mai-vad-urgenta-certificatului-verde\/#primaryimage\"},\"thumbnailUrl\":\"https:\/\/mhf.ro\/mm\/wp-content\/uploads\/2022\/01\/rafila.jpg\",\"datePublished\":\"2022-01-15T05:39:32+00:00\",\"breadcrumb\":{\"@id\":\"https:\/\/mhf.ro\/mm\/rafila-nu-mai-vad-urgenta-certificatului-verde\/#breadcrumb\"},\"inLanguage\":\"ro-RO\",\"potentialAction\":[{\"@type\":\"ReadAction\",\"target\":[\"https:\/\/mhf.ro\/mm\/rafila-nu-mai-vad-urgenta-certificatului-verde\/\"]}]},{\"@type\":\"ImageObject\",\"inLanguage\":\"ro-RO\",\"@id\":\"https:\/\/mhf.ro\/mm\/rafila-nu-mai-vad-urgenta-certificatului-verde\/#primaryimage\",\"url\":\"https:\/\/mhf.ro\/mm\/wp-content\/uploads\/2022\/01\/rafila.jpg\",\"contentUrl\":\"https:\/\/mhf.ro\/mm\/wp-content\/uploads\/2022\/01\/rafila.jpg\",\"width\":1000,\"height\":533},{\"@type\":\"BreadcrumbList\",\"@id\":\"https:\/\/mhf.ro\/mm\/rafila-nu-mai-vad-urgenta-certificatului-verde\/#breadcrumb\",\"itemListElement\":[{\"@type\":\"ListItem\",\"position\":1,\"name\":\"Prima pagin\u0103\",\"item\":\"https:\/\/mhf.ro\/mm\/\"},{\"@type\":\"ListItem\",\"position\":2,\"name\":\"Rafila: Nu mai v\u0103d urgen\u021ba certificatului verde\"}]},{\"@type\":\"WebSite\",\"@id\":\"https:\/\/mhf.ro\/mm\/#website\",\"url\":\"https:\/\/mhf.ro\/mm\/\",\"name\":\"MHF Photography \u2013 Blog de fotografie, natur\u0103 \u0219i tehnic\u0103 divers\u0103\",\"description\":\"Aventur\u0103 \u00een fiecare cadru.\",\"publisher\":{\"@id\":\"https:\/\/mhf.ro\/mm\/#\/schema\/person\/a3bebf7bdb4bf12f698aff73c7e46c21\"},\"potentialAction\":[{\"@type\":\"SearchAction\",\"target\":{\"@type\":\"EntryPoint\",\"urlTemplate\":\"https:\/\/mhf.ro\/mm\/?s={search_term_string}\"},\"query-input\":{\"@type\":\"PropertyValueSpecification\",\"valueRequired\":true,\"valueName\":\"search_term_string\"}}],\"inLanguage\":\"ro-RO\"},{\"@type\":[\"Person\",\"Organization\"],\"@id\":\"https:\/\/mhf.ro\/mm\/#\/schema\/person\/a3bebf7bdb4bf12f698aff73c7e46c21\",\"name\":\"Marius Marcu\",\"image\":{\"@type\":\"ImageObject\",\"inLanguage\":\"ro-RO\",\"@id\":\"https:\/\/mhf.ro\/mm\/#\/schema\/person\/image\/\",\"url\":\"https:\/\/mhf.ro\/mm\/wp-content\/uploads\/2025\/12\/cropped-logo_mhf_2.png\",\"contentUrl\":\"https:\/\/mhf.ro\/mm\/wp-content\/uploads\/2025\/12\/cropped-logo_mhf_2.png\",\"width\":1096,\"height\":457,\"caption\":\"Marius Marcu\"},\"logo\":{\"@id\":\"https:\/\/mhf.ro\/mm\/#\/schema\/person\/image\/\"},\"sameAs\":[\"https:\/\/mhf.ro\/mm\"],\"url\":\"https:\/\/mhf.ro\/mm\/author\/mihai\/\"}]}<\/script>\n<!-- \/ Yoast SEO plugin. -->","yoast_head_json":{"title":"Rafila: Nu mai v\u0103d urgen\u021ba certificatului verde - MHF Photography","robots":{"index":"index","follow":"follow","max-snippet":"max-snippet:-1","max-image-preview":"max-image-preview:large","max-video-preview":"max-video-preview:-1"},"canonical":"https:\/\/mhf.ro\/mm\/rafila-nu-mai-vad-urgenta-certificatului-verde\/","og_locale":"ro_RO","og_type":"article","og_title":"Rafila: Nu mai v\u0103d urgen\u021ba certificatului verde - MHF Photography","og_description":"Certificatul verde pentru locul de munc\u0103 nu a fost asumat politic, iar ministrul S\u0103n\u0103t\u0103\u021bii, Alexandru Rafila, nu mai vede urge\u021ba","og_url":"https:\/\/mhf.ro\/mm\/rafila-nu-mai-vad-urgenta-certificatului-verde\/","og_site_name":"MHF Photography","article_published_time":"2022-01-15T05:39:32+00:00","og_image":[{"width":1000,"height":533,"url":"https:\/\/mhf.ro\/mm\/wp-content\/uploads\/2022\/01\/rafila.jpg","type":"image\/jpeg"}],"author":"Marius Marcu","twitter_card":"summary_large_image","twitter_misc":{"Scris de":"Marius Marcu","Timp estimat pentru citire":"2 minute"},"schema":{"@context":"https:\/\/schema.org","@graph":[{"@type":"Article","@id":"https:\/\/mhf.ro\/mm\/rafila-nu-mai-vad-urgenta-certificatului-verde\/#article","isPartOf":{"@id":"https:\/\/mhf.ro\/mm\/rafila-nu-mai-vad-urgenta-certificatului-verde\/"},"author":{"name":"Marius Marcu","@id":"https:\/\/mhf.ro\/mm\/#\/schema\/person\/a3bebf7bdb4bf12f698aff73c7e46c21"},"headline":"Rafila: Nu mai v\u0103d urgen\u021ba certificatului verde","datePublished":"2022-01-15T05:39:32+00:00","mainEntityOfPage":{"@id":"https:\/\/mhf.ro\/mm\/rafila-nu-mai-vad-urgenta-certificatului-verde\/"},"wordCount":311,"commentCount":0,"publisher":{"@id":"https:\/\/mhf.ro\/mm\/#\/schema\/person\/a3bebf7bdb4bf12f698aff73c7e46c21"},"image":{"@id":"https:\/\/mhf.ro\/mm\/rafila-nu-mai-vad-urgenta-certificatului-verde\/#primaryimage"},"thumbnailUrl":"https:\/\/mhf.ro\/mm\/wp-content\/uploads\/2022\/01\/rafila.jpg","articleSection":["Locale"],"inLanguage":"ro-RO","potentialAction":[{"@type":"CommentAction","name":"Comment","target":["https:\/\/mhf.ro\/mm\/rafila-nu-mai-vad-urgenta-certificatului-verde\/#respond"]}]},{"@type":"WebPage","@id":"https:\/\/mhf.ro\/mm\/rafila-nu-mai-vad-urgenta-certificatului-verde\/","url":"https:\/\/mhf.ro\/mm\/rafila-nu-mai-vad-urgenta-certificatului-verde\/","name":"Rafila: Nu mai v\u0103d urgen\u021ba certificatului verde - MHF Photography","isPartOf":{"@id":"https:\/\/mhf.ro\/mm\/#website"},"primaryImageOfPage":{"@id":"https:\/\/mhf.ro\/mm\/rafila-nu-mai-vad-urgenta-certificatului-verde\/#primaryimage"},"image":{"@id":"https:\/\/mhf.ro\/mm\/rafila-nu-mai-vad-urgenta-certificatului-verde\/#primaryimage"},"thumbnailUrl":"https:\/\/mhf.ro\/mm\/wp-content\/uploads\/2022\/01\/rafila.jpg","datePublished":"2022-01-15T05:39:32+00:00","breadcrumb":{"@id":"https:\/\/mhf.ro\/mm\/rafila-nu-mai-vad-urgenta-certificatului-verde\/#breadcrumb"},"inLanguage":"ro-RO","potentialAction":[{"@type":"ReadAction","target":["https:\/\/mhf.ro\/mm\/rafila-nu-mai-vad-urgenta-certificatului-verde\/"]}]},{"@type":"ImageObject","inLanguage":"ro-RO","@id":"https:\/\/mhf.ro\/mm\/rafila-nu-mai-vad-urgenta-certificatului-verde\/#primaryimage","url":"https:\/\/mhf.ro\/mm\/wp-content\/uploads\/2022\/01\/rafila.jpg","contentUrl":"https:\/\/mhf.ro\/mm\/wp-content\/uploads\/2022\/01\/rafila.jpg","width":1000,"height":533},{"@type":"BreadcrumbList","@id":"https:\/\/mhf.ro\/mm\/rafila-nu-mai-vad-urgenta-certificatului-verde\/#breadcrumb","itemListElement":[{"@type":"ListItem","position":1,"name":"Prima pagin\u0103","item":"https:\/\/mhf.ro\/mm\/"},{"@type":"ListItem","position":2,"name":"Rafila: Nu mai v\u0103d urgen\u021ba certificatului verde"}]},{"@type":"WebSite","@id":"https:\/\/mhf.ro\/mm\/#website","url":"https:\/\/mhf.ro\/mm\/","name":"MHF Photography \u2013 Blog de fotografie, natur\u0103 \u0219i tehnic\u0103 divers\u0103","description":"Aventur\u0103 \u00een fiecare cadru.","publisher":{"@id":"https:\/\/mhf.ro\/mm\/#\/schema\/person\/a3bebf7bdb4bf12f698aff73c7e46c21"},"potentialAction":[{"@type":"SearchAction","target":{"@type":"EntryPoint","urlTemplate":"https:\/\/mhf.ro\/mm\/?s={search_term_string}"},"query-input":{"@type":"PropertyValueSpecification","valueRequired":true,"valueName":"search_term_string"}}],"inLanguage":"ro-RO"},{"@type":["Person","Organization"],"@id":"https:\/\/mhf.ro\/mm\/#\/schema\/person\/a3bebf7bdb4bf12f698aff73c7e46c21","name":"Marius Marcu","image":{"@type":"ImageObject","inLanguage":"ro-RO","@id":"https:\/\/mhf.ro\/mm\/#\/schema\/person\/image\/","url":"https:\/\/mhf.ro\/mm\/wp-content\/uploads\/2025\/12\/cropped-logo_mhf_2.png","contentUrl":"https:\/\/mhf.ro\/mm\/wp-content\/uploads\/2025\/12\/cropped-logo_mhf_2.png","width":1096,"height":457,"caption":"Marius Marcu"},"logo":{"@id":"https:\/\/mhf.ro\/mm\/#\/schema\/person\/image\/"},"sameAs":["https:\/\/mhf.ro\/mm"],"url":"https:\/\/mhf.ro\/mm\/author\/mihai\/"}]}},"_links":{"self":[{"href":"https:\/\/mhf.ro\/mm\/wp-json\/wp\/v2\/posts\/6041","targetHints":{"allow":["GET"]}}],"collection":[{"href":"https:\/\/mhf.ro\/mm\/wp-json\/wp\/v2\/posts"}],"about":[{"href":"https:\/\/mhf.ro\/mm\/wp-json\/wp\/v2\/types\/post"}],"author":[{"embeddable":true,"href":"https:\/\/mhf.ro\/mm\/wp-json\/wp\/v2\/users\/1"}],"replies":[{"embeddable":true,"href":"https:\/\/mhf.ro\/mm\/wp-json\/wp\/v2\/comments?post=6041"}],"version-history":[{"count":1,"href":"https:\/\/mhf.ro\/mm\/wp-json\/wp\/v2\/posts\/6041\/revisions"}],"predecessor-version":[{"id":6043,"href":"https:\/\/mhf.ro\/mm\/wp-json\/wp\/v2\/posts\/6041\/revisions\/6043"}],"wp:featuredmedia":[{"embeddable":true,"href":"https:\/\/mhf.ro\/mm\/wp-json\/wp\/v2\/media\/6042"}],"wp:attachment":[{"href":"https:\/\/mhf.ro\/mm\/wp-json\/wp\/v2\/media?parent=6041"}],"wp:term":[{"taxonomy":"category","embeddable":true,"href":"https:\/\/mhf.ro\/mm\/wp-json\/wp\/v2\/categories?post=6041"},{"taxonomy":"post_tag","embeddable":true,"href":"https:\/\/mhf.ro\/mm\/wp-json\/wp\/v2\/tags?post=6041"}],"curies":[{"name":"wp","href":"https:\/\/api.w.org\/{rel}","templated":true}]}}