{"id":6082,"date":"2022-01-19T10:14:38","date_gmt":"2022-01-19T08:14:38","guid":{"rendered":"https:\/\/mhf.ro\/mm\/?p=6082"},"modified":"2022-01-19T10:14:38","modified_gmt":"2022-01-19T08:14:38","slug":"sf-xenia","status":"publish","type":"post","link":"https:\/\/mhf.ro\/mm\/sf-xenia\/","title":{"rendered":"Sf. Xenia"},"content":{"rendered":"<div class=\"owl-articol\">\n<div id=\"owlcarousel_node_articol\" class=\"owlcarousel_node_articol owl-carousel owl-theme\">\n<div class=\"owl-wrapper-outer\">\n<div class=\"owl-wrapper\">\n<div class=\"owl-item\">\n<div class=\"item-0\">\n<p><a class=\"colorbox init-colorbox-processed cboxElement\" title=\"\" href=\"https:\/\/doxologia.ro\/sites\/default\/files\/styles\/media-articol-colorbox\/public\/articol\/2022\/01\/xenia41.jpg?itok=zXhho5V8\" rel=\"gallery-all\"><img fetchpriority=\"high\" decoding=\"async\" title=\"\" src=\"https:\/\/doxologia.ro\/sites\/default\/files\/styles\/articol\/public\/articol\/2022\/01\/xenia41.jpg?itok=XMhP8W92\" alt=\"\" width=\"459\" height=\"611\" \/><\/a><\/p>\n<div class=\"overtitle\"><\/div>\n<div class=\"total-number\"><\/div>\n<\/div>\n<\/div>\n<\/div>\n<\/div>\n<\/div>\n<\/div>\n<div class=\"body field\">\n<p>Xenia Grigorievna Petrova era c\u0103s\u0103torit\u0103 cu un str\u0103lucit colonel al armatei imperiale, care era \u0219i cantor la curte, \u0219i ducea o via\u021b\u0103 de lume \u0219i \u00eembel\u0219ugat\u0103 \u00een s\u00e2nul aristocra\u021biei capitalei.<\/p>\n<p>Moartea nea\u0219teptat\u0103 a so\u021bului ei, pe c\u00e2nd nu avea dec\u00e2t dou\u0103zeci \u0219i \u0219ase de ani, a ad\u00e2ncit-o \u00eentr-o mare tulburare \u0219i a f\u0103cut-o s\u0103 \u00een\u021beleag\u0103 de\u0219ert\u0103ciunea oric\u0103rei leg\u0103turi p\u0103m\u00e2nte\u0219ti. De atunci s-a hot\u0103r\u00e2t s\u0103 se libereze de tot ce o \u021binea legat\u0103 de p\u0103m\u00e2nt, pentru a merge c\u0103tre \u00eemp\u0103r\u0103\u021bia cereasc\u0103 pe calea cea mai str\u00e2mt\u0103 \u0219i cea mai grea: a nebuniei pentru Hristos. Purtarea sa s-a schimbat \u00eentru totul, \u0219i v\u0103z\u00e2nd-o cum \u00ee\u0219i \u00eemp\u0103r\u021bea averile de poman\u0103, apropia\u021bii s\u0103i au crezut c\u0103 doliul \u00eei luase min\u021bile. Se \u00eembr\u0103case cu uniforma militar\u0103 a so\u021bului ei \u0219i nu mai r\u0103spundea dec\u00e2t c\u00e2nd era chemat\u0103 cu numele celui mort. F\u0103r\u0103 s\u0103la\u0219, descul\u021b\u0103 \u0219i \u00eembr\u0103cat\u0103, var\u0103 \u0219i iarn\u0103, \u00een acelea\u0219i zdren\u021be pestri\u021be, mergea pe str\u0103zile cartierelor s\u0103race, l\u0103s\u00e2ndu-se cu bl\u00e2nde\u021be luat\u0103 \u00een batjocur\u0103 \u0219i \u00een r\u00e2s de pu\u0219ti, dup\u0103 pilda lui Hristos \u00een Patima Sa. Nu primea poman\u0103 de la cei c\u0103rora li se f\u0103cea mil\u0103 de ea dec\u00e2t pentru a o \u00eemp\u0103r\u021bi pe loc la s\u0103raci, nu m\u00e2nca dec\u00e2t rareori, c\u00e2nd se ducea \u00een vizit\u0103 la vreo familie pe care o cuno\u0219tea, \u0219i \u00ee\u0219i petrecea nop\u021bile pe un c\u00e2mp, \u00een afara ora\u0219ului, unde st\u0103tea \u00een genunchi \u00een rug\u0103ciune p\u00e2n\u0103 la r\u0103s\u0103ritul soarelui.<\/p>\n<p>Locuitorii evlavio\u0219i au b\u0103gat de seam\u0103 pu\u021bin c\u00e2te pu\u021bin c\u0103 purtarea ei ciudat\u0103 ascundea o via\u021b\u0103 sf\u00e2nt\u0103, c\u0103 vorbele ei enigmatice sau figurate nu erau f\u0103r\u0103 \u00een\u021belepciune \u0219i c\u0103 adesea ascundeau prorocirea unor \u00eent\u00e2mpl\u0103ri care aveau s\u0103 vin\u0103. Binecuv\u00e2ntarea lui Dumnezeu p\u0103rea s\u0103 o \u00eenso\u021beasc\u0103 peste tot pe unde mergea. C\u00e2nd intra \u00eentr-un magazin, c\u00e2\u0219tigul zilei cre\u0219tea vizibil; c\u00e2nd un vizitiu o lua \u00een tr\u0103sur\u0103, g\u0103sea mul\u021bi clien\u021bi; c\u00e2nd s\u0103ruta un copil bolnav, acesta \u00eendat\u0103 se \u00eens\u0103n\u0103to\u0219ea. Mila care i se ar\u0103ta s-a schimbat cur\u00e2nd \u00een cinste \u00een tot ora\u0219ul, al c\u0103rui adev\u0103rat \u00eenger p\u0103zitor a devenit. Dup\u0103 ce a purtat crucea nebuniei de bun\u0103 voie pentru iubirea lui Hristos timp de patruzeci \u0219i cinci de ani, Sf\u00e2nta Xenia a adormit \u00een Domnul la v\u00e2rsta de \u0219aptezeci \u0219i unu de ani (\u00eentre 1794 \u0219i 1806).<\/p>\n<p>Morm\u00e2ntul ei a fost pe loc cinstit din ce \u00een ce mai mult \u0219i a devenit un adev\u0103rat loc de pelerinaj. Minuni, vindec\u0103ri, prorocii, ar\u0103t\u0103ri ale sfintei nu au \u00eencetat timp de dou\u0103 veacuri la acest morm\u00e2nt, izvor de via\u021b\u0103 \u0219i de binecuv\u00e2nt\u0103ri. Poporul se \u00eembulze\u0219te pentru a primi ajutorul foarte puternic al rug\u0103ciunilor Sfintei Xenia, socotit\u0103 ca ap\u0103r\u0103toarea ora\u0219ului, \u0219i fiecare ia pu\u021bin p\u0103m\u00e2nt de la morm\u00e2ntul ei \u0219i untdelemn de la candela care arde acolo f\u0103r\u0103 \u00eencetare.<\/p>\n<p>(<strong>Ieromonahul Macarie de la Simonos Petra<\/strong>,\u00a0<em>Sinaxarul. Vie\u021bile sfin\u021bilor, Volumul V<\/em>, Editura Sf\u00e2ntul Ioan Casian, Bucure\u0219ti, 2015, pp. 336-337)<\/p>\n<\/div>\n","protected":false},"excerpt":{"rendered":"<p>Xenia Grigorievna Petrova era c\u0103s\u0103torit\u0103 cu un str\u0103lucit colonel al armatei imperiale, care era \u0219i cantor la curte, \u0219i ducea<\/p>\n","protected":false},"author":4,"featured_media":6086,"comment_status":"open","ping_status":"open","sticky":false,"template":"","format":"standard","meta":{"colormag_page_container_layout":"default_layout","colormag_page_sidebar_layout":"default_layout","footnotes":""},"categories":[34],"tags":[],"class_list":["post-6082","post","type-post","status-publish","format-standard","has-post-thumbnail","hentry","category-religie"],"yoast_head":"<!-- This site is optimized with the Yoast SEO plugin v27.0 - https:\/\/yoast.com\/product\/yoast-seo-wordpress\/ -->\n<title>Sf. Xenia - MHF Photography<\/title>\n<meta name=\"robots\" content=\"index, follow, max-snippet:-1, max-image-preview:large, max-video-preview:-1\" \/>\n<link rel=\"canonical\" href=\"https:\/\/mhf.ro\/mm\/sf-xenia\/\" \/>\n<meta property=\"og:locale\" content=\"ro_RO\" \/>\n<meta property=\"og:type\" content=\"article\" \/>\n<meta property=\"og:title\" content=\"Sf. Xenia - MHF Photography\" \/>\n<meta property=\"og:description\" content=\"Xenia Grigorievna Petrova era c\u0103s\u0103torit\u0103 cu un str\u0103lucit colonel al armatei imperiale, care era \u0219i cantor la curte, \u0219i ducea\" \/>\n<meta property=\"og:url\" content=\"https:\/\/mhf.ro\/mm\/sf-xenia\/\" \/>\n<meta property=\"og:site_name\" content=\"MHF Photography\" \/>\n<meta property=\"article:published_time\" content=\"2022-01-19T08:14:38+00:00\" \/>\n<meta property=\"og:image\" content=\"https:\/\/mhf.ro\/mm\/wp-content\/uploads\/2022\/01\/xenia.jpg\" \/>\n\t<meta property=\"og:image:width\" content=\"181\" \/>\n\t<meta property=\"og:image:height\" content=\"279\" \/>\n\t<meta property=\"og:image:type\" content=\"image\/jpeg\" \/>\n<meta name=\"author\" content=\"Preot paroh Horvat Petru\" \/>\n<meta name=\"twitter:card\" content=\"summary_large_image\" \/>\n<meta name=\"twitter:label1\" content=\"Scris de\" \/>\n\t<meta name=\"twitter:data1\" content=\"Preot paroh Horvat Petru\" \/>\n\t<meta name=\"twitter:label2\" content=\"Timp estimat pentru citire\" \/>\n\t<meta name=\"twitter:data2\" content=\"3 minute\" \/>\n<script type=\"application\/ld+json\" class=\"yoast-schema-graph\">{\"@context\":\"https:\/\/schema.org\",\"@graph\":[{\"@type\":\"Article\",\"@id\":\"https:\/\/mhf.ro\/mm\/sf-xenia\/#article\",\"isPartOf\":{\"@id\":\"https:\/\/mhf.ro\/mm\/sf-xenia\/\"},\"author\":{\"name\":\"Preot paroh Horvat Petru\",\"@id\":\"https:\/\/mhf.ro\/mm\/#\/schema\/person\/4c8c06c801b7b666e81ed44550086900\"},\"headline\":\"Sf. Xenia\",\"datePublished\":\"2022-01-19T08:14:38+00:00\",\"mainEntityOfPage\":{\"@id\":\"https:\/\/mhf.ro\/mm\/sf-xenia\/\"},\"wordCount\":590,\"commentCount\":0,\"publisher\":{\"@id\":\"https:\/\/mhf.ro\/mm\/#\/schema\/person\/a3bebf7bdb4bf12f698aff73c7e46c21\"},\"image\":{\"@id\":\"https:\/\/mhf.ro\/mm\/sf-xenia\/#primaryimage\"},\"thumbnailUrl\":\"https:\/\/mhf.ro\/mm\/wp-content\/uploads\/2022\/01\/xenia.jpg\",\"articleSection\":[\"Religie\"],\"inLanguage\":\"ro-RO\",\"potentialAction\":[{\"@type\":\"CommentAction\",\"name\":\"Comment\",\"target\":[\"https:\/\/mhf.ro\/mm\/sf-xenia\/#respond\"]}]},{\"@type\":\"WebPage\",\"@id\":\"https:\/\/mhf.ro\/mm\/sf-xenia\/\",\"url\":\"https:\/\/mhf.ro\/mm\/sf-xenia\/\",\"name\":\"Sf. Xenia - MHF Photography\",\"isPartOf\":{\"@id\":\"https:\/\/mhf.ro\/mm\/#website\"},\"primaryImageOfPage\":{\"@id\":\"https:\/\/mhf.ro\/mm\/sf-xenia\/#primaryimage\"},\"image\":{\"@id\":\"https:\/\/mhf.ro\/mm\/sf-xenia\/#primaryimage\"},\"thumbnailUrl\":\"https:\/\/mhf.ro\/mm\/wp-content\/uploads\/2022\/01\/xenia.jpg\",\"datePublished\":\"2022-01-19T08:14:38+00:00\",\"breadcrumb\":{\"@id\":\"https:\/\/mhf.ro\/mm\/sf-xenia\/#breadcrumb\"},\"inLanguage\":\"ro-RO\",\"potentialAction\":[{\"@type\":\"ReadAction\",\"target\":[\"https:\/\/mhf.ro\/mm\/sf-xenia\/\"]}]},{\"@type\":\"ImageObject\",\"inLanguage\":\"ro-RO\",\"@id\":\"https:\/\/mhf.ro\/mm\/sf-xenia\/#primaryimage\",\"url\":\"https:\/\/mhf.ro\/mm\/wp-content\/uploads\/2022\/01\/xenia.jpg\",\"contentUrl\":\"https:\/\/mhf.ro\/mm\/wp-content\/uploads\/2022\/01\/xenia.jpg\",\"width\":181,\"height\":279},{\"@type\":\"BreadcrumbList\",\"@id\":\"https:\/\/mhf.ro\/mm\/sf-xenia\/#breadcrumb\",\"itemListElement\":[{\"@type\":\"ListItem\",\"position\":1,\"name\":\"Prima pagin\u0103\",\"item\":\"https:\/\/mhf.ro\/mm\/\"},{\"@type\":\"ListItem\",\"position\":2,\"name\":\"Sf. Xenia\"}]},{\"@type\":\"WebSite\",\"@id\":\"https:\/\/mhf.ro\/mm\/#website\",\"url\":\"https:\/\/mhf.ro\/mm\/\",\"name\":\"MHF Photography \u2013 Blog de fotografie, natur\u0103 \u0219i tehnic\u0103 divers\u0103\",\"description\":\"Aventur\u0103 \u00een fiecare cadru.\",\"publisher\":{\"@id\":\"https:\/\/mhf.ro\/mm\/#\/schema\/person\/a3bebf7bdb4bf12f698aff73c7e46c21\"},\"potentialAction\":[{\"@type\":\"SearchAction\",\"target\":{\"@type\":\"EntryPoint\",\"urlTemplate\":\"https:\/\/mhf.ro\/mm\/?s={search_term_string}\"},\"query-input\":{\"@type\":\"PropertyValueSpecification\",\"valueRequired\":true,\"valueName\":\"search_term_string\"}}],\"inLanguage\":\"ro-RO\"},{\"@type\":[\"Person\",\"Organization\"],\"@id\":\"https:\/\/mhf.ro\/mm\/#\/schema\/person\/a3bebf7bdb4bf12f698aff73c7e46c21\",\"name\":\"Marius Marcu\",\"image\":{\"@type\":\"ImageObject\",\"inLanguage\":\"ro-RO\",\"@id\":\"https:\/\/mhf.ro\/mm\/#\/schema\/person\/image\/\",\"url\":\"https:\/\/mhf.ro\/mm\/wp-content\/uploads\/2025\/12\/cropped-logo_mhf_2.png\",\"contentUrl\":\"https:\/\/mhf.ro\/mm\/wp-content\/uploads\/2025\/12\/cropped-logo_mhf_2.png\",\"width\":1096,\"height\":457,\"caption\":\"Marius Marcu\"},\"logo\":{\"@id\":\"https:\/\/mhf.ro\/mm\/#\/schema\/person\/image\/\"},\"sameAs\":[\"https:\/\/mhf.ro\/mm\"]},{\"@type\":\"Person\",\"@id\":\"https:\/\/mhf.ro\/mm\/#\/schema\/person\/4c8c06c801b7b666e81ed44550086900\",\"name\":\"Preot paroh Horvat Petru\",\"image\":{\"@type\":\"ImageObject\",\"inLanguage\":\"ro-RO\",\"@id\":\"https:\/\/mhf.ro\/mm\/#\/schema\/person\/image\/\",\"url\":\"https:\/\/secure.gravatar.com\/avatar\/c2d2dcdf21c6f41aad486d71768c144cd6e23cb7b63bae9bd6fab542b26ad321?s=96&d=monsterid&r=g\",\"contentUrl\":\"https:\/\/secure.gravatar.com\/avatar\/c2d2dcdf21c6f41aad486d71768c144cd6e23cb7b63bae9bd6fab542b26ad321?s=96&d=monsterid&r=g\",\"caption\":\"Preot paroh Horvat Petru\"},\"sameAs\":[\"https:\/\/mhf.ro\/mm\"],\"url\":\"https:\/\/mhf.ro\/mm\/author\/petrica\/\"}]}<\/script>\n<!-- \/ Yoast SEO plugin. -->","yoast_head_json":{"title":"Sf. Xenia - MHF Photography","robots":{"index":"index","follow":"follow","max-snippet":"max-snippet:-1","max-image-preview":"max-image-preview:large","max-video-preview":"max-video-preview:-1"},"canonical":"https:\/\/mhf.ro\/mm\/sf-xenia\/","og_locale":"ro_RO","og_type":"article","og_title":"Sf. Xenia - MHF Photography","og_description":"Xenia Grigorievna Petrova era c\u0103s\u0103torit\u0103 cu un str\u0103lucit colonel al armatei imperiale, care era \u0219i cantor la curte, \u0219i ducea","og_url":"https:\/\/mhf.ro\/mm\/sf-xenia\/","og_site_name":"MHF Photography","article_published_time":"2022-01-19T08:14:38+00:00","og_image":[{"width":181,"height":279,"url":"https:\/\/mhf.ro\/mm\/wp-content\/uploads\/2022\/01\/xenia.jpg","type":"image\/jpeg"}],"author":"Preot paroh Horvat Petru","twitter_card":"summary_large_image","twitter_misc":{"Scris de":"Preot paroh Horvat Petru","Timp estimat pentru citire":"3 minute"},"schema":{"@context":"https:\/\/schema.org","@graph":[{"@type":"Article","@id":"https:\/\/mhf.ro\/mm\/sf-xenia\/#article","isPartOf":{"@id":"https:\/\/mhf.ro\/mm\/sf-xenia\/"},"author":{"name":"Preot paroh Horvat Petru","@id":"https:\/\/mhf.ro\/mm\/#\/schema\/person\/4c8c06c801b7b666e81ed44550086900"},"headline":"Sf. Xenia","datePublished":"2022-01-19T08:14:38+00:00","mainEntityOfPage":{"@id":"https:\/\/mhf.ro\/mm\/sf-xenia\/"},"wordCount":590,"commentCount":0,"publisher":{"@id":"https:\/\/mhf.ro\/mm\/#\/schema\/person\/a3bebf7bdb4bf12f698aff73c7e46c21"},"image":{"@id":"https:\/\/mhf.ro\/mm\/sf-xenia\/#primaryimage"},"thumbnailUrl":"https:\/\/mhf.ro\/mm\/wp-content\/uploads\/2022\/01\/xenia.jpg","articleSection":["Religie"],"inLanguage":"ro-RO","potentialAction":[{"@type":"CommentAction","name":"Comment","target":["https:\/\/mhf.ro\/mm\/sf-xenia\/#respond"]}]},{"@type":"WebPage","@id":"https:\/\/mhf.ro\/mm\/sf-xenia\/","url":"https:\/\/mhf.ro\/mm\/sf-xenia\/","name":"Sf. Xenia - MHF Photography","isPartOf":{"@id":"https:\/\/mhf.ro\/mm\/#website"},"primaryImageOfPage":{"@id":"https:\/\/mhf.ro\/mm\/sf-xenia\/#primaryimage"},"image":{"@id":"https:\/\/mhf.ro\/mm\/sf-xenia\/#primaryimage"},"thumbnailUrl":"https:\/\/mhf.ro\/mm\/wp-content\/uploads\/2022\/01\/xenia.jpg","datePublished":"2022-01-19T08:14:38+00:00","breadcrumb":{"@id":"https:\/\/mhf.ro\/mm\/sf-xenia\/#breadcrumb"},"inLanguage":"ro-RO","potentialAction":[{"@type":"ReadAction","target":["https:\/\/mhf.ro\/mm\/sf-xenia\/"]}]},{"@type":"ImageObject","inLanguage":"ro-RO","@id":"https:\/\/mhf.ro\/mm\/sf-xenia\/#primaryimage","url":"https:\/\/mhf.ro\/mm\/wp-content\/uploads\/2022\/01\/xenia.jpg","contentUrl":"https:\/\/mhf.ro\/mm\/wp-content\/uploads\/2022\/01\/xenia.jpg","width":181,"height":279},{"@type":"BreadcrumbList","@id":"https:\/\/mhf.ro\/mm\/sf-xenia\/#breadcrumb","itemListElement":[{"@type":"ListItem","position":1,"name":"Prima pagin\u0103","item":"https:\/\/mhf.ro\/mm\/"},{"@type":"ListItem","position":2,"name":"Sf. Xenia"}]},{"@type":"WebSite","@id":"https:\/\/mhf.ro\/mm\/#website","url":"https:\/\/mhf.ro\/mm\/","name":"MHF Photography \u2013 Blog de fotografie, natur\u0103 \u0219i tehnic\u0103 divers\u0103","description":"Aventur\u0103 \u00een fiecare cadru.","publisher":{"@id":"https:\/\/mhf.ro\/mm\/#\/schema\/person\/a3bebf7bdb4bf12f698aff73c7e46c21"},"potentialAction":[{"@type":"SearchAction","target":{"@type":"EntryPoint","urlTemplate":"https:\/\/mhf.ro\/mm\/?s={search_term_string}"},"query-input":{"@type":"PropertyValueSpecification","valueRequired":true,"valueName":"search_term_string"}}],"inLanguage":"ro-RO"},{"@type":["Person","Organization"],"@id":"https:\/\/mhf.ro\/mm\/#\/schema\/person\/a3bebf7bdb4bf12f698aff73c7e46c21","name":"Marius Marcu","image":{"@type":"ImageObject","inLanguage":"ro-RO","@id":"https:\/\/mhf.ro\/mm\/#\/schema\/person\/image\/","url":"https:\/\/mhf.ro\/mm\/wp-content\/uploads\/2025\/12\/cropped-logo_mhf_2.png","contentUrl":"https:\/\/mhf.ro\/mm\/wp-content\/uploads\/2025\/12\/cropped-logo_mhf_2.png","width":1096,"height":457,"caption":"Marius Marcu"},"logo":{"@id":"https:\/\/mhf.ro\/mm\/#\/schema\/person\/image\/"},"sameAs":["https:\/\/mhf.ro\/mm"]},{"@type":"Person","@id":"https:\/\/mhf.ro\/mm\/#\/schema\/person\/4c8c06c801b7b666e81ed44550086900","name":"Preot paroh Horvat Petru","image":{"@type":"ImageObject","inLanguage":"ro-RO","@id":"https:\/\/mhf.ro\/mm\/#\/schema\/person\/image\/","url":"https:\/\/secure.gravatar.com\/avatar\/c2d2dcdf21c6f41aad486d71768c144cd6e23cb7b63bae9bd6fab542b26ad321?s=96&d=monsterid&r=g","contentUrl":"https:\/\/secure.gravatar.com\/avatar\/c2d2dcdf21c6f41aad486d71768c144cd6e23cb7b63bae9bd6fab542b26ad321?s=96&d=monsterid&r=g","caption":"Preot paroh Horvat Petru"},"sameAs":["https:\/\/mhf.ro\/mm"],"url":"https:\/\/mhf.ro\/mm\/author\/petrica\/"}]}},"_links":{"self":[{"href":"https:\/\/mhf.ro\/mm\/wp-json\/wp\/v2\/posts\/6082","targetHints":{"allow":["GET"]}}],"collection":[{"href":"https:\/\/mhf.ro\/mm\/wp-json\/wp\/v2\/posts"}],"about":[{"href":"https:\/\/mhf.ro\/mm\/wp-json\/wp\/v2\/types\/post"}],"author":[{"embeddable":true,"href":"https:\/\/mhf.ro\/mm\/wp-json\/wp\/v2\/users\/4"}],"replies":[{"embeddable":true,"href":"https:\/\/mhf.ro\/mm\/wp-json\/wp\/v2\/comments?post=6082"}],"version-history":[{"count":1,"href":"https:\/\/mhf.ro\/mm\/wp-json\/wp\/v2\/posts\/6082\/revisions"}],"predecessor-version":[{"id":6087,"href":"https:\/\/mhf.ro\/mm\/wp-json\/wp\/v2\/posts\/6082\/revisions\/6087"}],"wp:featuredmedia":[{"embeddable":true,"href":"https:\/\/mhf.ro\/mm\/wp-json\/wp\/v2\/media\/6086"}],"wp:attachment":[{"href":"https:\/\/mhf.ro\/mm\/wp-json\/wp\/v2\/media?parent=6082"}],"wp:term":[{"taxonomy":"category","embeddable":true,"href":"https:\/\/mhf.ro\/mm\/wp-json\/wp\/v2\/categories?post=6082"},{"taxonomy":"post_tag","embeddable":true,"href":"https:\/\/mhf.ro\/mm\/wp-json\/wp\/v2\/tags?post=6082"}],"curies":[{"name":"wp","href":"https:\/\/api.w.org\/{rel}","templated":true}]}}