{"id":6126,"date":"2022-01-26T08:20:31","date_gmt":"2022-01-26T06:20:31","guid":{"rendered":"https:\/\/mhf.ro\/mm\/?p=6126"},"modified":"2022-01-26T08:20:31","modified_gmt":"2022-01-26T06:20:31","slug":"vaccinarea-copiilor-de-5-11-ani-incepe-pe-26-ianuarie","status":"publish","type":"post","link":"https:\/\/mhf.ro\/mm\/vaccinarea-copiilor-de-5-11-ani-incepe-pe-26-ianuarie\/","title":{"rendered":"Vaccinarea copiilor de 5-11 ani \u00eencepe pe 26 ianuarie"},"content":{"rendered":"<p class=\"post-title my-2 title-large\">Vaccinarea copiilor de 5-11 ani \u00eencepe pe 26 ianuarie. Vaccinarea se va face cu serul Pfizer, \u00een doze mai mici. Coordonatorul campaniei de vaccinare, Valeriu Gheorghi\u021b\u0103, a afirmat c\u0103 exist\u0103 riscuri mai mari pentru ca cei mici s\u0103 dezvolte anumite complica\u021bii grave din cauza infect\u0103rii cu COVID-19, dec\u00e2t complica\u021bii \u00een urma vaccinului.<\/p>\n<p><em>\u201eTrecerea prin boal\u0103 \u2013 \u0219i pentru c\u0103 vorbeam de grupa de v\u00e2rst\u0103 t\u00e2n\u0103r\u0103 \u2013 asociaz\u0103 ni\u0219te riscuri \u0219i \u00een general la persoanele sub 18 ani aceste riscuri sunt \u2013 pe l\u00e2ng\u0103 cele legate de posibilitatea de a face o form\u0103 grav\u0103 mai ales \u00een cazul celor care au \u00een eviden\u021b\u0103 afec\u021biuni cronice chiar la aceast\u0103 grup\u0103 de v\u00e2rst\u0103 \u2013 poate s\u0103 determine o serie de complica\u021bii inflamatorii la distan\u021b\u0103, undeva la 4-6 s\u0103pt\u0103m\u00e2ni de la trecerea prin boal\u0103 chiar dac\u0103 aceast\u0103 infec\u021bie a fost inaparent\u0103 \u0219i noi nu am \u0219tiut c\u0103 a trecut prin boal\u0103; copiii pot s\u0103 dezvolte ceea ce noi numim sindrom inflamator multisistemic. \u0218i v\u0103 dau un exemplu foarte clar: din circa 2 milioane de cazuri de copii raporta\u021bi cu infec\u021bie SARS-CoV-2 din aceast\u0103 grup\u0103 de v\u00e2rst\u0103 5-11 ani din Statele Unite, aproximativ 2300 dintre ei au f\u0103cut acest sindrom inflamator multisistemic\u201d<\/em>, a spus Valeriu Gheorghi\u021b\u0103 la Europa FM.<\/p>\n<p>Coordonatorul campaniei de vaccinare a f\u0103cut o compara\u021bie \u0219i cu bolile copil\u0103riei, pentru care vaccinarea se face la scar\u0103 larg\u0103.<\/p>\n<p><em>\u201eG\u00e2ndi\u021bi-v\u0103 la bolile copil\u0103riei, la bolile eruptive care au cea mai u\u0219oar\u0103 evolu\u021bie la grupa de v\u00e2rst\u0103 t\u00e2n\u0103r\u0103 \u0219i cu toate acestea noi facem vaccinare uzual\u0103, facem vaccinare \u00een cadrul programului de vaccinare\u201d<\/em>, a spus Valeriu Gheorghi\u021b\u0103. (conf. Jurnalist.ro)<\/p>\n","protected":false},"excerpt":{"rendered":"<p>Vaccinarea copiilor de 5-11 ani \u00eencepe pe 26 ianuarie. Vaccinarea se va face cu serul Pfizer, \u00een doze mai mici.<\/p>\n","protected":false},"author":1,"featured_media":6127,"comment_status":"open","ping_status":"open","sticky":false,"template":"","format":"standard","meta":{"colormag_page_container_layout":"default_layout","colormag_page_sidebar_layout":"default_layout","footnotes":""},"categories":[5],"tags":[],"class_list":["post-6126","post","type-post","status-publish","format-standard","has-post-thumbnail","hentry","category-locale"],"yoast_head":"<!-- This site is optimized with the Yoast SEO plugin v27.0 - https:\/\/yoast.com\/product\/yoast-seo-wordpress\/ -->\n<title>Vaccinarea copiilor de 5-11 ani \u00eencepe pe 26 ianuarie - MHF Photography<\/title>\n<meta name=\"robots\" content=\"index, follow, max-snippet:-1, max-image-preview:large, max-video-preview:-1\" \/>\n<link rel=\"canonical\" href=\"https:\/\/mhf.ro\/mm\/vaccinarea-copiilor-de-5-11-ani-incepe-pe-26-ianuarie\/\" \/>\n<meta property=\"og:locale\" content=\"ro_RO\" \/>\n<meta property=\"og:type\" content=\"article\" \/>\n<meta property=\"og:title\" content=\"Vaccinarea copiilor de 5-11 ani \u00eencepe pe 26 ianuarie - MHF Photography\" \/>\n<meta property=\"og:description\" content=\"Vaccinarea copiilor de 5-11 ani \u00eencepe pe 26 ianuarie. Vaccinarea se va face cu serul Pfizer, \u00een doze mai mici.\" \/>\n<meta property=\"og:url\" content=\"https:\/\/mhf.ro\/mm\/vaccinarea-copiilor-de-5-11-ani-incepe-pe-26-ianuarie\/\" \/>\n<meta property=\"og:site_name\" content=\"MHF Photography\" \/>\n<meta property=\"article:published_time\" content=\"2022-01-26T06:20:31+00:00\" \/>\n<meta property=\"og:image\" content=\"https:\/\/mhf.ro\/mm\/wp-content\/uploads\/2022\/01\/Gradinita.jpg\" \/>\n\t<meta property=\"og:image:width\" content=\"1000\" \/>\n\t<meta property=\"og:image:height\" content=\"667\" \/>\n\t<meta property=\"og:image:type\" content=\"image\/jpeg\" \/>\n<meta name=\"author\" content=\"Marius Marcu\" \/>\n<meta name=\"twitter:card\" content=\"summary_large_image\" \/>\n<meta name=\"twitter:label1\" content=\"Scris de\" \/>\n\t<meta name=\"twitter:data1\" content=\"Marius Marcu\" \/>\n\t<meta name=\"twitter:label2\" content=\"Timp estimat pentru citire\" \/>\n\t<meta name=\"twitter:data2\" content=\"1 minut\" \/>\n<script type=\"application\/ld+json\" class=\"yoast-schema-graph\">{\"@context\":\"https:\/\/schema.org\",\"@graph\":[{\"@type\":\"Article\",\"@id\":\"https:\/\/mhf.ro\/mm\/vaccinarea-copiilor-de-5-11-ani-incepe-pe-26-ianuarie\/#article\",\"isPartOf\":{\"@id\":\"https:\/\/mhf.ro\/mm\/vaccinarea-copiilor-de-5-11-ani-incepe-pe-26-ianuarie\/\"},\"author\":{\"name\":\"Marius Marcu\",\"@id\":\"https:\/\/mhf.ro\/mm\/#\/schema\/person\/a3bebf7bdb4bf12f698aff73c7e46c21\"},\"headline\":\"Vaccinarea copiilor de 5-11 ani \u00eencepe pe 26 ianuarie\",\"datePublished\":\"2022-01-26T06:20:31+00:00\",\"mainEntityOfPage\":{\"@id\":\"https:\/\/mhf.ro\/mm\/vaccinarea-copiilor-de-5-11-ani-incepe-pe-26-ianuarie\/\"},\"wordCount\":295,\"commentCount\":0,\"publisher\":{\"@id\":\"https:\/\/mhf.ro\/mm\/#\/schema\/person\/a3bebf7bdb4bf12f698aff73c7e46c21\"},\"image\":{\"@id\":\"https:\/\/mhf.ro\/mm\/vaccinarea-copiilor-de-5-11-ani-incepe-pe-26-ianuarie\/#primaryimage\"},\"thumbnailUrl\":\"https:\/\/mhf.ro\/mm\/wp-content\/uploads\/2022\/01\/Gradinita.jpg\",\"articleSection\":[\"Locale\"],\"inLanguage\":\"ro-RO\",\"potentialAction\":[{\"@type\":\"CommentAction\",\"name\":\"Comment\",\"target\":[\"https:\/\/mhf.ro\/mm\/vaccinarea-copiilor-de-5-11-ani-incepe-pe-26-ianuarie\/#respond\"]}]},{\"@type\":\"WebPage\",\"@id\":\"https:\/\/mhf.ro\/mm\/vaccinarea-copiilor-de-5-11-ani-incepe-pe-26-ianuarie\/\",\"url\":\"https:\/\/mhf.ro\/mm\/vaccinarea-copiilor-de-5-11-ani-incepe-pe-26-ianuarie\/\",\"name\":\"Vaccinarea copiilor de 5-11 ani \u00eencepe pe 26 ianuarie - MHF Photography\",\"isPartOf\":{\"@id\":\"https:\/\/mhf.ro\/mm\/#website\"},\"primaryImageOfPage\":{\"@id\":\"https:\/\/mhf.ro\/mm\/vaccinarea-copiilor-de-5-11-ani-incepe-pe-26-ianuarie\/#primaryimage\"},\"image\":{\"@id\":\"https:\/\/mhf.ro\/mm\/vaccinarea-copiilor-de-5-11-ani-incepe-pe-26-ianuarie\/#primaryimage\"},\"thumbnailUrl\":\"https:\/\/mhf.ro\/mm\/wp-content\/uploads\/2022\/01\/Gradinita.jpg\",\"datePublished\":\"2022-01-26T06:20:31+00:00\",\"breadcrumb\":{\"@id\":\"https:\/\/mhf.ro\/mm\/vaccinarea-copiilor-de-5-11-ani-incepe-pe-26-ianuarie\/#breadcrumb\"},\"inLanguage\":\"ro-RO\",\"potentialAction\":[{\"@type\":\"ReadAction\",\"target\":[\"https:\/\/mhf.ro\/mm\/vaccinarea-copiilor-de-5-11-ani-incepe-pe-26-ianuarie\/\"]}]},{\"@type\":\"ImageObject\",\"inLanguage\":\"ro-RO\",\"@id\":\"https:\/\/mhf.ro\/mm\/vaccinarea-copiilor-de-5-11-ani-incepe-pe-26-ianuarie\/#primaryimage\",\"url\":\"https:\/\/mhf.ro\/mm\/wp-content\/uploads\/2022\/01\/Gradinita.jpg\",\"contentUrl\":\"https:\/\/mhf.ro\/mm\/wp-content\/uploads\/2022\/01\/Gradinita.jpg\",\"width\":1000,\"height\":667},{\"@type\":\"BreadcrumbList\",\"@id\":\"https:\/\/mhf.ro\/mm\/vaccinarea-copiilor-de-5-11-ani-incepe-pe-26-ianuarie\/#breadcrumb\",\"itemListElement\":[{\"@type\":\"ListItem\",\"position\":1,\"name\":\"Prima pagin\u0103\",\"item\":\"https:\/\/mhf.ro\/mm\/\"},{\"@type\":\"ListItem\",\"position\":2,\"name\":\"Vaccinarea copiilor de 5-11 ani \u00eencepe pe 26 ianuarie\"}]},{\"@type\":\"WebSite\",\"@id\":\"https:\/\/mhf.ro\/mm\/#website\",\"url\":\"https:\/\/mhf.ro\/mm\/\",\"name\":\"MHF Photography \u2013 Blog de fotografie, natur\u0103 \u0219i tehnic\u0103 divers\u0103\",\"description\":\"Aventur\u0103 \u00een fiecare cadru.\",\"publisher\":{\"@id\":\"https:\/\/mhf.ro\/mm\/#\/schema\/person\/a3bebf7bdb4bf12f698aff73c7e46c21\"},\"potentialAction\":[{\"@type\":\"SearchAction\",\"target\":{\"@type\":\"EntryPoint\",\"urlTemplate\":\"https:\/\/mhf.ro\/mm\/?s={search_term_string}\"},\"query-input\":{\"@type\":\"PropertyValueSpecification\",\"valueRequired\":true,\"valueName\":\"search_term_string\"}}],\"inLanguage\":\"ro-RO\"},{\"@type\":[\"Person\",\"Organization\"],\"@id\":\"https:\/\/mhf.ro\/mm\/#\/schema\/person\/a3bebf7bdb4bf12f698aff73c7e46c21\",\"name\":\"Marius Marcu\",\"image\":{\"@type\":\"ImageObject\",\"inLanguage\":\"ro-RO\",\"@id\":\"https:\/\/mhf.ro\/mm\/#\/schema\/person\/image\/\",\"url\":\"https:\/\/mhf.ro\/mm\/wp-content\/uploads\/2025\/12\/cropped-logo_mhf_2.png\",\"contentUrl\":\"https:\/\/mhf.ro\/mm\/wp-content\/uploads\/2025\/12\/cropped-logo_mhf_2.png\",\"width\":1096,\"height\":457,\"caption\":\"Marius Marcu\"},\"logo\":{\"@id\":\"https:\/\/mhf.ro\/mm\/#\/schema\/person\/image\/\"},\"sameAs\":[\"https:\/\/mhf.ro\/mm\"],\"url\":\"https:\/\/mhf.ro\/mm\/author\/mihai\/\"}]}<\/script>\n<!-- \/ Yoast SEO plugin. -->","yoast_head_json":{"title":"Vaccinarea copiilor de 5-11 ani \u00eencepe pe 26 ianuarie - MHF Photography","robots":{"index":"index","follow":"follow","max-snippet":"max-snippet:-1","max-image-preview":"max-image-preview:large","max-video-preview":"max-video-preview:-1"},"canonical":"https:\/\/mhf.ro\/mm\/vaccinarea-copiilor-de-5-11-ani-incepe-pe-26-ianuarie\/","og_locale":"ro_RO","og_type":"article","og_title":"Vaccinarea copiilor de 5-11 ani \u00eencepe pe 26 ianuarie - MHF Photography","og_description":"Vaccinarea copiilor de 5-11 ani \u00eencepe pe 26 ianuarie. Vaccinarea se va face cu serul Pfizer, \u00een doze mai mici.","og_url":"https:\/\/mhf.ro\/mm\/vaccinarea-copiilor-de-5-11-ani-incepe-pe-26-ianuarie\/","og_site_name":"MHF Photography","article_published_time":"2022-01-26T06:20:31+00:00","og_image":[{"width":1000,"height":667,"url":"https:\/\/mhf.ro\/mm\/wp-content\/uploads\/2022\/01\/Gradinita.jpg","type":"image\/jpeg"}],"author":"Marius Marcu","twitter_card":"summary_large_image","twitter_misc":{"Scris de":"Marius Marcu","Timp estimat pentru citire":"1 minut"},"schema":{"@context":"https:\/\/schema.org","@graph":[{"@type":"Article","@id":"https:\/\/mhf.ro\/mm\/vaccinarea-copiilor-de-5-11-ani-incepe-pe-26-ianuarie\/#article","isPartOf":{"@id":"https:\/\/mhf.ro\/mm\/vaccinarea-copiilor-de-5-11-ani-incepe-pe-26-ianuarie\/"},"author":{"name":"Marius Marcu","@id":"https:\/\/mhf.ro\/mm\/#\/schema\/person\/a3bebf7bdb4bf12f698aff73c7e46c21"},"headline":"Vaccinarea copiilor de 5-11 ani \u00eencepe pe 26 ianuarie","datePublished":"2022-01-26T06:20:31+00:00","mainEntityOfPage":{"@id":"https:\/\/mhf.ro\/mm\/vaccinarea-copiilor-de-5-11-ani-incepe-pe-26-ianuarie\/"},"wordCount":295,"commentCount":0,"publisher":{"@id":"https:\/\/mhf.ro\/mm\/#\/schema\/person\/a3bebf7bdb4bf12f698aff73c7e46c21"},"image":{"@id":"https:\/\/mhf.ro\/mm\/vaccinarea-copiilor-de-5-11-ani-incepe-pe-26-ianuarie\/#primaryimage"},"thumbnailUrl":"https:\/\/mhf.ro\/mm\/wp-content\/uploads\/2022\/01\/Gradinita.jpg","articleSection":["Locale"],"inLanguage":"ro-RO","potentialAction":[{"@type":"CommentAction","name":"Comment","target":["https:\/\/mhf.ro\/mm\/vaccinarea-copiilor-de-5-11-ani-incepe-pe-26-ianuarie\/#respond"]}]},{"@type":"WebPage","@id":"https:\/\/mhf.ro\/mm\/vaccinarea-copiilor-de-5-11-ani-incepe-pe-26-ianuarie\/","url":"https:\/\/mhf.ro\/mm\/vaccinarea-copiilor-de-5-11-ani-incepe-pe-26-ianuarie\/","name":"Vaccinarea copiilor de 5-11 ani \u00eencepe pe 26 ianuarie - MHF Photography","isPartOf":{"@id":"https:\/\/mhf.ro\/mm\/#website"},"primaryImageOfPage":{"@id":"https:\/\/mhf.ro\/mm\/vaccinarea-copiilor-de-5-11-ani-incepe-pe-26-ianuarie\/#primaryimage"},"image":{"@id":"https:\/\/mhf.ro\/mm\/vaccinarea-copiilor-de-5-11-ani-incepe-pe-26-ianuarie\/#primaryimage"},"thumbnailUrl":"https:\/\/mhf.ro\/mm\/wp-content\/uploads\/2022\/01\/Gradinita.jpg","datePublished":"2022-01-26T06:20:31+00:00","breadcrumb":{"@id":"https:\/\/mhf.ro\/mm\/vaccinarea-copiilor-de-5-11-ani-incepe-pe-26-ianuarie\/#breadcrumb"},"inLanguage":"ro-RO","potentialAction":[{"@type":"ReadAction","target":["https:\/\/mhf.ro\/mm\/vaccinarea-copiilor-de-5-11-ani-incepe-pe-26-ianuarie\/"]}]},{"@type":"ImageObject","inLanguage":"ro-RO","@id":"https:\/\/mhf.ro\/mm\/vaccinarea-copiilor-de-5-11-ani-incepe-pe-26-ianuarie\/#primaryimage","url":"https:\/\/mhf.ro\/mm\/wp-content\/uploads\/2022\/01\/Gradinita.jpg","contentUrl":"https:\/\/mhf.ro\/mm\/wp-content\/uploads\/2022\/01\/Gradinita.jpg","width":1000,"height":667},{"@type":"BreadcrumbList","@id":"https:\/\/mhf.ro\/mm\/vaccinarea-copiilor-de-5-11-ani-incepe-pe-26-ianuarie\/#breadcrumb","itemListElement":[{"@type":"ListItem","position":1,"name":"Prima pagin\u0103","item":"https:\/\/mhf.ro\/mm\/"},{"@type":"ListItem","position":2,"name":"Vaccinarea copiilor de 5-11 ani \u00eencepe pe 26 ianuarie"}]},{"@type":"WebSite","@id":"https:\/\/mhf.ro\/mm\/#website","url":"https:\/\/mhf.ro\/mm\/","name":"MHF Photography \u2013 Blog de fotografie, natur\u0103 \u0219i tehnic\u0103 divers\u0103","description":"Aventur\u0103 \u00een fiecare cadru.","publisher":{"@id":"https:\/\/mhf.ro\/mm\/#\/schema\/person\/a3bebf7bdb4bf12f698aff73c7e46c21"},"potentialAction":[{"@type":"SearchAction","target":{"@type":"EntryPoint","urlTemplate":"https:\/\/mhf.ro\/mm\/?s={search_term_string}"},"query-input":{"@type":"PropertyValueSpecification","valueRequired":true,"valueName":"search_term_string"}}],"inLanguage":"ro-RO"},{"@type":["Person","Organization"],"@id":"https:\/\/mhf.ro\/mm\/#\/schema\/person\/a3bebf7bdb4bf12f698aff73c7e46c21","name":"Marius Marcu","image":{"@type":"ImageObject","inLanguage":"ro-RO","@id":"https:\/\/mhf.ro\/mm\/#\/schema\/person\/image\/","url":"https:\/\/mhf.ro\/mm\/wp-content\/uploads\/2025\/12\/cropped-logo_mhf_2.png","contentUrl":"https:\/\/mhf.ro\/mm\/wp-content\/uploads\/2025\/12\/cropped-logo_mhf_2.png","width":1096,"height":457,"caption":"Marius Marcu"},"logo":{"@id":"https:\/\/mhf.ro\/mm\/#\/schema\/person\/image\/"},"sameAs":["https:\/\/mhf.ro\/mm"],"url":"https:\/\/mhf.ro\/mm\/author\/mihai\/"}]}},"_links":{"self":[{"href":"https:\/\/mhf.ro\/mm\/wp-json\/wp\/v2\/posts\/6126","targetHints":{"allow":["GET"]}}],"collection":[{"href":"https:\/\/mhf.ro\/mm\/wp-json\/wp\/v2\/posts"}],"about":[{"href":"https:\/\/mhf.ro\/mm\/wp-json\/wp\/v2\/types\/post"}],"author":[{"embeddable":true,"href":"https:\/\/mhf.ro\/mm\/wp-json\/wp\/v2\/users\/1"}],"replies":[{"embeddable":true,"href":"https:\/\/mhf.ro\/mm\/wp-json\/wp\/v2\/comments?post=6126"}],"version-history":[{"count":1,"href":"https:\/\/mhf.ro\/mm\/wp-json\/wp\/v2\/posts\/6126\/revisions"}],"predecessor-version":[{"id":6128,"href":"https:\/\/mhf.ro\/mm\/wp-json\/wp\/v2\/posts\/6126\/revisions\/6128"}],"wp:featuredmedia":[{"embeddable":true,"href":"https:\/\/mhf.ro\/mm\/wp-json\/wp\/v2\/media\/6127"}],"wp:attachment":[{"href":"https:\/\/mhf.ro\/mm\/wp-json\/wp\/v2\/media?parent=6126"}],"wp:term":[{"taxonomy":"category","embeddable":true,"href":"https:\/\/mhf.ro\/mm\/wp-json\/wp\/v2\/categories?post=6126"},{"taxonomy":"post_tag","embeddable":true,"href":"https:\/\/mhf.ro\/mm\/wp-json\/wp\/v2\/tags?post=6126"}],"curies":[{"name":"wp","href":"https:\/\/api.w.org\/{rel}","templated":true}]}}