{"id":6133,"date":"2022-01-27T08:14:10","date_gmt":"2022-01-27T06:14:10","guid":{"rendered":"https:\/\/mhf.ro\/mm\/?p=6133"},"modified":"2022-01-27T08:14:10","modified_gmt":"2022-01-27T06:14:10","slug":"min-mediului-recomanda-romanilor-centralele-pe-lemne","status":"publish","type":"post","link":"https:\/\/mhf.ro\/mm\/min-mediului-recomanda-romanilor-centralele-pe-lemne\/","title":{"rendered":"Min. Mediului recomand\u0103 rom\u00e2nilor centralele pe lemne"},"content":{"rendered":"<p>\u00cen plin scandal al facturilor uria\u0219e la gaz \u0219i electricitate, ministrul Mediului, Tanczos Barna, recomand\u0103 rom\u00e2nilor montarea centralelor pe lemne.<\/p>\n<p>\u201eNu e nicio ru\u0219ine. \u00cen Austria, ei se bazeaz\u0103 \u00een continuare pe lemn\u201d, spune Barna.<\/p>\n<p>Mai mult, ministrul a dat \u0219i exemplul propriu \u0219i a precizat c\u0103 locuie\u0219te \u00een mediul rural \u0219i de 22 de ani se \u00eenc\u0103lze\u0219te cu central\u0103 pe lemne.<\/p>\n<p>\u201eF\u0103r\u0103 doar \u0219i poate recomand centrala pe lemne! Eu stau la \u021bar\u0103. Am de 22 de ani central\u0103 pe lemn, aceea\u0219i central\u0103 adus\u0103 din Suedia. Am \u0219i central\u0103 pe gaz, dar an de an facem c\u0103ldur\u0103 \u00een cas\u0103 baz\u00e2ndu-ne pe central\u0103 pe lemne. Lemnul provenind din usc\u0103turi sau fag, care nu se poate folosi pentru industrializare. E solu\u021bia ideal\u0103 pentru mediul rural. Nu e nicio ru\u0219ine. \u00cen Austria, ei se bazeaz\u0103 \u00een continuare pe lemn, dar pe alte tehnologii, pe toc\u0103tur\u0103, pe peletizare, automatizare, reduc foarte mult emisiile. E drumul pe care trebuie s\u0103 mergem \u0219i noi. Nu putem de azi pe m\u00e2ine, ci pe un alt sistem na\u021bional, pe alternativele care vin cu timpul. \u0218i gazele care vin cu timpul \u0219i energia electric\u0103 va veni cu timpul \u0219i pompele de c\u0103ldur\u0103 pot ap\u0103rea, dar \u00eenc\u0103 o dat\u0103, nu vor \u00eenlocui de azi pe m\u00e2ine centralele pe lemn\u201d, a conchis Ministrul Mediului, la Digi24.<\/p>\n<p>\u0218i lemnul de foc s-a scumpit, dar trebuie s\u0103 existe la nivel na\u021bional un program social pentru lemn, trebuie s\u0103 existe acest sprijin din partea statului pentru lemnul de foc, mai spune Tanczos Barna. (conf. Jurnalist.ro)<\/p>\n","protected":false},"excerpt":{"rendered":"<p>\u00cen plin scandal al facturilor uria\u0219e la gaz \u0219i electricitate, ministrul Mediului, Tanczos Barna, recomand\u0103 rom\u00e2nilor montarea centralelor pe lemne.<\/p>\n","protected":false},"author":1,"featured_media":6134,"comment_status":"open","ping_status":"open","sticky":false,"template":"","format":"standard","meta":{"colormag_page_container_layout":"default_layout","colormag_page_sidebar_layout":"default_layout","footnotes":""},"categories":[5],"tags":[],"class_list":["post-6133","post","type-post","status-publish","format-standard","has-post-thumbnail","hentry","category-locale"],"yoast_head":"<!-- This site is optimized with the Yoast SEO plugin v27.0 - https:\/\/yoast.com\/product\/yoast-seo-wordpress\/ -->\n<title>Min. Mediului recomand\u0103 rom\u00e2nilor centralele pe lemne - MHF Photography<\/title>\n<meta name=\"robots\" content=\"index, follow, max-snippet:-1, max-image-preview:large, max-video-preview:-1\" \/>\n<link rel=\"canonical\" href=\"https:\/\/mhf.ro\/mm\/min-mediului-recomanda-romanilor-centralele-pe-lemne\/\" \/>\n<meta property=\"og:locale\" content=\"ro_RO\" \/>\n<meta property=\"og:type\" content=\"article\" \/>\n<meta property=\"og:title\" content=\"Min. Mediului recomand\u0103 rom\u00e2nilor centralele pe lemne - MHF Photography\" \/>\n<meta property=\"og:description\" content=\"\u00cen plin scandal al facturilor uria\u0219e la gaz \u0219i electricitate, ministrul Mediului, Tanczos Barna, recomand\u0103 rom\u00e2nilor montarea centralelor pe lemne.\" \/>\n<meta property=\"og:url\" content=\"https:\/\/mhf.ro\/mm\/min-mediului-recomanda-romanilor-centralele-pe-lemne\/\" \/>\n<meta property=\"og:site_name\" content=\"MHF Photography\" \/>\n<meta property=\"article:published_time\" content=\"2022-01-27T06:14:10+00:00\" \/>\n<meta property=\"og:image\" content=\"https:\/\/mhf.ro\/mm\/wp-content\/uploads\/2022\/01\/lemne.jpg\" \/>\n\t<meta property=\"og:image:width\" content=\"1281\" \/>\n\t<meta property=\"og:image:height\" content=\"700\" \/>\n\t<meta property=\"og:image:type\" content=\"image\/jpeg\" \/>\n<meta name=\"author\" content=\"Marius Marcu\" \/>\n<meta name=\"twitter:card\" content=\"summary_large_image\" \/>\n<meta name=\"twitter:label1\" content=\"Scris de\" \/>\n\t<meta name=\"twitter:data1\" content=\"Marius Marcu\" \/>\n\t<meta name=\"twitter:label2\" content=\"Timp estimat pentru citire\" \/>\n\t<meta name=\"twitter:data2\" content=\"2 minute\" \/>\n<script type=\"application\/ld+json\" class=\"yoast-schema-graph\">{\"@context\":\"https:\/\/schema.org\",\"@graph\":[{\"@type\":\"Article\",\"@id\":\"https:\/\/mhf.ro\/mm\/min-mediului-recomanda-romanilor-centralele-pe-lemne\/#article\",\"isPartOf\":{\"@id\":\"https:\/\/mhf.ro\/mm\/min-mediului-recomanda-romanilor-centralele-pe-lemne\/\"},\"author\":{\"name\":\"Marius Marcu\",\"@id\":\"https:\/\/mhf.ro\/mm\/#\/schema\/person\/a3bebf7bdb4bf12f698aff73c7e46c21\"},\"headline\":\"Min. Mediului recomand\u0103 rom\u00e2nilor centralele pe lemne\",\"datePublished\":\"2022-01-27T06:14:10+00:00\",\"mainEntityOfPage\":{\"@id\":\"https:\/\/mhf.ro\/mm\/min-mediului-recomanda-romanilor-centralele-pe-lemne\/\"},\"wordCount\":279,\"commentCount\":0,\"publisher\":{\"@id\":\"https:\/\/mhf.ro\/mm\/#\/schema\/person\/a3bebf7bdb4bf12f698aff73c7e46c21\"},\"image\":{\"@id\":\"https:\/\/mhf.ro\/mm\/min-mediului-recomanda-romanilor-centralele-pe-lemne\/#primaryimage\"},\"thumbnailUrl\":\"https:\/\/mhf.ro\/mm\/wp-content\/uploads\/2022\/01\/lemne.jpg\",\"articleSection\":[\"Locale\"],\"inLanguage\":\"ro-RO\",\"potentialAction\":[{\"@type\":\"CommentAction\",\"name\":\"Comment\",\"target\":[\"https:\/\/mhf.ro\/mm\/min-mediului-recomanda-romanilor-centralele-pe-lemne\/#respond\"]}]},{\"@type\":\"WebPage\",\"@id\":\"https:\/\/mhf.ro\/mm\/min-mediului-recomanda-romanilor-centralele-pe-lemne\/\",\"url\":\"https:\/\/mhf.ro\/mm\/min-mediului-recomanda-romanilor-centralele-pe-lemne\/\",\"name\":\"Min. Mediului recomand\u0103 rom\u00e2nilor centralele pe lemne - MHF Photography\",\"isPartOf\":{\"@id\":\"https:\/\/mhf.ro\/mm\/#website\"},\"primaryImageOfPage\":{\"@id\":\"https:\/\/mhf.ro\/mm\/min-mediului-recomanda-romanilor-centralele-pe-lemne\/#primaryimage\"},\"image\":{\"@id\":\"https:\/\/mhf.ro\/mm\/min-mediului-recomanda-romanilor-centralele-pe-lemne\/#primaryimage\"},\"thumbnailUrl\":\"https:\/\/mhf.ro\/mm\/wp-content\/uploads\/2022\/01\/lemne.jpg\",\"datePublished\":\"2022-01-27T06:14:10+00:00\",\"breadcrumb\":{\"@id\":\"https:\/\/mhf.ro\/mm\/min-mediului-recomanda-romanilor-centralele-pe-lemne\/#breadcrumb\"},\"inLanguage\":\"ro-RO\",\"potentialAction\":[{\"@type\":\"ReadAction\",\"target\":[\"https:\/\/mhf.ro\/mm\/min-mediului-recomanda-romanilor-centralele-pe-lemne\/\"]}]},{\"@type\":\"ImageObject\",\"inLanguage\":\"ro-RO\",\"@id\":\"https:\/\/mhf.ro\/mm\/min-mediului-recomanda-romanilor-centralele-pe-lemne\/#primaryimage\",\"url\":\"https:\/\/mhf.ro\/mm\/wp-content\/uploads\/2022\/01\/lemne.jpg\",\"contentUrl\":\"https:\/\/mhf.ro\/mm\/wp-content\/uploads\/2022\/01\/lemne.jpg\",\"width\":1281,\"height\":700},{\"@type\":\"BreadcrumbList\",\"@id\":\"https:\/\/mhf.ro\/mm\/min-mediului-recomanda-romanilor-centralele-pe-lemne\/#breadcrumb\",\"itemListElement\":[{\"@type\":\"ListItem\",\"position\":1,\"name\":\"Prima pagin\u0103\",\"item\":\"https:\/\/mhf.ro\/mm\/\"},{\"@type\":\"ListItem\",\"position\":2,\"name\":\"Min. Mediului recomand\u0103 rom\u00e2nilor centralele pe lemne\"}]},{\"@type\":\"WebSite\",\"@id\":\"https:\/\/mhf.ro\/mm\/#website\",\"url\":\"https:\/\/mhf.ro\/mm\/\",\"name\":\"MHF Photography \u2013 Blog de fotografie, natur\u0103 \u0219i tehnic\u0103 divers\u0103\",\"description\":\"Aventur\u0103 \u00een fiecare cadru.\",\"publisher\":{\"@id\":\"https:\/\/mhf.ro\/mm\/#\/schema\/person\/a3bebf7bdb4bf12f698aff73c7e46c21\"},\"potentialAction\":[{\"@type\":\"SearchAction\",\"target\":{\"@type\":\"EntryPoint\",\"urlTemplate\":\"https:\/\/mhf.ro\/mm\/?s={search_term_string}\"},\"query-input\":{\"@type\":\"PropertyValueSpecification\",\"valueRequired\":true,\"valueName\":\"search_term_string\"}}],\"inLanguage\":\"ro-RO\"},{\"@type\":[\"Person\",\"Organization\"],\"@id\":\"https:\/\/mhf.ro\/mm\/#\/schema\/person\/a3bebf7bdb4bf12f698aff73c7e46c21\",\"name\":\"Marius Marcu\",\"image\":{\"@type\":\"ImageObject\",\"inLanguage\":\"ro-RO\",\"@id\":\"https:\/\/mhf.ro\/mm\/#\/schema\/person\/image\/\",\"url\":\"https:\/\/mhf.ro\/mm\/wp-content\/uploads\/2025\/12\/cropped-logo_mhf_2.png\",\"contentUrl\":\"https:\/\/mhf.ro\/mm\/wp-content\/uploads\/2025\/12\/cropped-logo_mhf_2.png\",\"width\":1096,\"height\":457,\"caption\":\"Marius Marcu\"},\"logo\":{\"@id\":\"https:\/\/mhf.ro\/mm\/#\/schema\/person\/image\/\"},\"sameAs\":[\"https:\/\/mhf.ro\/mm\"],\"url\":\"https:\/\/mhf.ro\/mm\/author\/mihai\/\"}]}<\/script>\n<!-- \/ Yoast SEO plugin. -->","yoast_head_json":{"title":"Min. Mediului recomand\u0103 rom\u00e2nilor centralele pe lemne - MHF Photography","robots":{"index":"index","follow":"follow","max-snippet":"max-snippet:-1","max-image-preview":"max-image-preview:large","max-video-preview":"max-video-preview:-1"},"canonical":"https:\/\/mhf.ro\/mm\/min-mediului-recomanda-romanilor-centralele-pe-lemne\/","og_locale":"ro_RO","og_type":"article","og_title":"Min. Mediului recomand\u0103 rom\u00e2nilor centralele pe lemne - MHF Photography","og_description":"\u00cen plin scandal al facturilor uria\u0219e la gaz \u0219i electricitate, ministrul Mediului, Tanczos Barna, recomand\u0103 rom\u00e2nilor montarea centralelor pe lemne.","og_url":"https:\/\/mhf.ro\/mm\/min-mediului-recomanda-romanilor-centralele-pe-lemne\/","og_site_name":"MHF Photography","article_published_time":"2022-01-27T06:14:10+00:00","og_image":[{"width":1281,"height":700,"url":"https:\/\/mhf.ro\/mm\/wp-content\/uploads\/2022\/01\/lemne.jpg","type":"image\/jpeg"}],"author":"Marius Marcu","twitter_card":"summary_large_image","twitter_misc":{"Scris de":"Marius Marcu","Timp estimat pentru citire":"2 minute"},"schema":{"@context":"https:\/\/schema.org","@graph":[{"@type":"Article","@id":"https:\/\/mhf.ro\/mm\/min-mediului-recomanda-romanilor-centralele-pe-lemne\/#article","isPartOf":{"@id":"https:\/\/mhf.ro\/mm\/min-mediului-recomanda-romanilor-centralele-pe-lemne\/"},"author":{"name":"Marius Marcu","@id":"https:\/\/mhf.ro\/mm\/#\/schema\/person\/a3bebf7bdb4bf12f698aff73c7e46c21"},"headline":"Min. Mediului recomand\u0103 rom\u00e2nilor centralele pe lemne","datePublished":"2022-01-27T06:14:10+00:00","mainEntityOfPage":{"@id":"https:\/\/mhf.ro\/mm\/min-mediului-recomanda-romanilor-centralele-pe-lemne\/"},"wordCount":279,"commentCount":0,"publisher":{"@id":"https:\/\/mhf.ro\/mm\/#\/schema\/person\/a3bebf7bdb4bf12f698aff73c7e46c21"},"image":{"@id":"https:\/\/mhf.ro\/mm\/min-mediului-recomanda-romanilor-centralele-pe-lemne\/#primaryimage"},"thumbnailUrl":"https:\/\/mhf.ro\/mm\/wp-content\/uploads\/2022\/01\/lemne.jpg","articleSection":["Locale"],"inLanguage":"ro-RO","potentialAction":[{"@type":"CommentAction","name":"Comment","target":["https:\/\/mhf.ro\/mm\/min-mediului-recomanda-romanilor-centralele-pe-lemne\/#respond"]}]},{"@type":"WebPage","@id":"https:\/\/mhf.ro\/mm\/min-mediului-recomanda-romanilor-centralele-pe-lemne\/","url":"https:\/\/mhf.ro\/mm\/min-mediului-recomanda-romanilor-centralele-pe-lemne\/","name":"Min. Mediului recomand\u0103 rom\u00e2nilor centralele pe lemne - MHF Photography","isPartOf":{"@id":"https:\/\/mhf.ro\/mm\/#website"},"primaryImageOfPage":{"@id":"https:\/\/mhf.ro\/mm\/min-mediului-recomanda-romanilor-centralele-pe-lemne\/#primaryimage"},"image":{"@id":"https:\/\/mhf.ro\/mm\/min-mediului-recomanda-romanilor-centralele-pe-lemne\/#primaryimage"},"thumbnailUrl":"https:\/\/mhf.ro\/mm\/wp-content\/uploads\/2022\/01\/lemne.jpg","datePublished":"2022-01-27T06:14:10+00:00","breadcrumb":{"@id":"https:\/\/mhf.ro\/mm\/min-mediului-recomanda-romanilor-centralele-pe-lemne\/#breadcrumb"},"inLanguage":"ro-RO","potentialAction":[{"@type":"ReadAction","target":["https:\/\/mhf.ro\/mm\/min-mediului-recomanda-romanilor-centralele-pe-lemne\/"]}]},{"@type":"ImageObject","inLanguage":"ro-RO","@id":"https:\/\/mhf.ro\/mm\/min-mediului-recomanda-romanilor-centralele-pe-lemne\/#primaryimage","url":"https:\/\/mhf.ro\/mm\/wp-content\/uploads\/2022\/01\/lemne.jpg","contentUrl":"https:\/\/mhf.ro\/mm\/wp-content\/uploads\/2022\/01\/lemne.jpg","width":1281,"height":700},{"@type":"BreadcrumbList","@id":"https:\/\/mhf.ro\/mm\/min-mediului-recomanda-romanilor-centralele-pe-lemne\/#breadcrumb","itemListElement":[{"@type":"ListItem","position":1,"name":"Prima pagin\u0103","item":"https:\/\/mhf.ro\/mm\/"},{"@type":"ListItem","position":2,"name":"Min. Mediului recomand\u0103 rom\u00e2nilor centralele pe lemne"}]},{"@type":"WebSite","@id":"https:\/\/mhf.ro\/mm\/#website","url":"https:\/\/mhf.ro\/mm\/","name":"MHF Photography \u2013 Blog de fotografie, natur\u0103 \u0219i tehnic\u0103 divers\u0103","description":"Aventur\u0103 \u00een fiecare cadru.","publisher":{"@id":"https:\/\/mhf.ro\/mm\/#\/schema\/person\/a3bebf7bdb4bf12f698aff73c7e46c21"},"potentialAction":[{"@type":"SearchAction","target":{"@type":"EntryPoint","urlTemplate":"https:\/\/mhf.ro\/mm\/?s={search_term_string}"},"query-input":{"@type":"PropertyValueSpecification","valueRequired":true,"valueName":"search_term_string"}}],"inLanguage":"ro-RO"},{"@type":["Person","Organization"],"@id":"https:\/\/mhf.ro\/mm\/#\/schema\/person\/a3bebf7bdb4bf12f698aff73c7e46c21","name":"Marius Marcu","image":{"@type":"ImageObject","inLanguage":"ro-RO","@id":"https:\/\/mhf.ro\/mm\/#\/schema\/person\/image\/","url":"https:\/\/mhf.ro\/mm\/wp-content\/uploads\/2025\/12\/cropped-logo_mhf_2.png","contentUrl":"https:\/\/mhf.ro\/mm\/wp-content\/uploads\/2025\/12\/cropped-logo_mhf_2.png","width":1096,"height":457,"caption":"Marius Marcu"},"logo":{"@id":"https:\/\/mhf.ro\/mm\/#\/schema\/person\/image\/"},"sameAs":["https:\/\/mhf.ro\/mm"],"url":"https:\/\/mhf.ro\/mm\/author\/mihai\/"}]}},"_links":{"self":[{"href":"https:\/\/mhf.ro\/mm\/wp-json\/wp\/v2\/posts\/6133","targetHints":{"allow":["GET"]}}],"collection":[{"href":"https:\/\/mhf.ro\/mm\/wp-json\/wp\/v2\/posts"}],"about":[{"href":"https:\/\/mhf.ro\/mm\/wp-json\/wp\/v2\/types\/post"}],"author":[{"embeddable":true,"href":"https:\/\/mhf.ro\/mm\/wp-json\/wp\/v2\/users\/1"}],"replies":[{"embeddable":true,"href":"https:\/\/mhf.ro\/mm\/wp-json\/wp\/v2\/comments?post=6133"}],"version-history":[{"count":1,"href":"https:\/\/mhf.ro\/mm\/wp-json\/wp\/v2\/posts\/6133\/revisions"}],"predecessor-version":[{"id":6135,"href":"https:\/\/mhf.ro\/mm\/wp-json\/wp\/v2\/posts\/6133\/revisions\/6135"}],"wp:featuredmedia":[{"embeddable":true,"href":"https:\/\/mhf.ro\/mm\/wp-json\/wp\/v2\/media\/6134"}],"wp:attachment":[{"href":"https:\/\/mhf.ro\/mm\/wp-json\/wp\/v2\/media?parent=6133"}],"wp:term":[{"taxonomy":"category","embeddable":true,"href":"https:\/\/mhf.ro\/mm\/wp-json\/wp\/v2\/categories?post=6133"},{"taxonomy":"post_tag","embeddable":true,"href":"https:\/\/mhf.ro\/mm\/wp-json\/wp\/v2\/tags?post=6133"}],"curies":[{"name":"wp","href":"https:\/\/api.w.org\/{rel}","templated":true}]}}