{"id":6141,"date":"2022-01-28T09:17:29","date_gmt":"2022-01-28T07:17:29","guid":{"rendered":"https:\/\/mhf.ro\/mm\/?p=6141"},"modified":"2022-01-28T09:17:29","modified_gmt":"2022-01-28T07:17:29","slug":"suedia-nu-recomanda-vaccinarea-anti-covid-a-copiilor","status":"publish","type":"post","link":"https:\/\/mhf.ro\/mm\/suedia-nu-recomanda-vaccinarea-anti-covid-a-copiilor\/","title":{"rendered":"Suedia nu recomand\u0103 vaccinarea anti-Covid a copiilor"},"content":{"rendered":"<p class=\"title\">Suedia face din nou not\u0103 discordant\u0103 \u0219i nu recomand\u0103 vaccinarea anti-Covid a copiilor cu v\u00e2rste \u00eentre 5 \u0219i 11 ani, dup\u0103 ce \u00een 2020 a sfidat sfaturile OMS \u0219i a refuzat s\u0103 imite restul lumii \u00een ce prive\u0219te \u00eenchiderea societ\u0103\u021bii pentru a limita r\u0103sp\u00e2ndirea virusului.<\/p>\n<p>\u201eCu informa\u021biile pe care le avem ast\u0103zi, cu un risc sc\u0103zut de apari\u021bie a formelor grave de boal\u0103 la copii, nu vedem niciun beneficiu clar de a-i vaccina\u201d, a declarat oficialul Agen\u021biei de S\u0103n\u0103tate, Britta Bjorkholm, \u00eentr-o conferin\u021b\u0103 de pres\u0103, potrivit presei str\u0103ine citate de Hotnews.<\/p>\n<p>Ea a ad\u0103ugat c\u0103 decizia ar putea fi revizuit\u0103 dac\u0103 rezultatele cercet\u0103rilor s-ar schimba sau dac\u0103 o nou\u0103 variant\u0103 ar schimba pandemia. (conf. Jurnalist.ro)<\/p>\n","protected":false},"excerpt":{"rendered":"<p>Suedia face din nou not\u0103 discordant\u0103 \u0219i nu recomand\u0103 vaccinarea anti-Covid a copiilor cu v\u00e2rste \u00eentre 5 \u0219i 11 ani,<\/p>\n","protected":false},"author":1,"featured_media":6142,"comment_status":"open","ping_status":"open","sticky":false,"template":"","format":"standard","meta":{"colormag_page_container_layout":"default_layout","colormag_page_sidebar_layout":"default_layout","footnotes":""},"categories":[5],"tags":[],"class_list":["post-6141","post","type-post","status-publish","format-standard","has-post-thumbnail","hentry","category-locale"],"yoast_head":"<!-- This site is optimized with the Yoast SEO plugin v27.0 - https:\/\/yoast.com\/product\/yoast-seo-wordpress\/ -->\n<title>Suedia nu recomand\u0103 vaccinarea anti-Covid a copiilor - MHF Photography<\/title>\n<meta name=\"robots\" content=\"index, follow, max-snippet:-1, max-image-preview:large, max-video-preview:-1\" \/>\n<link rel=\"canonical\" href=\"https:\/\/mhf.ro\/mm\/suedia-nu-recomanda-vaccinarea-anti-covid-a-copiilor\/\" \/>\n<meta property=\"og:locale\" content=\"ro_RO\" \/>\n<meta property=\"og:type\" content=\"article\" \/>\n<meta property=\"og:title\" content=\"Suedia nu recomand\u0103 vaccinarea anti-Covid a copiilor - MHF Photography\" \/>\n<meta property=\"og:description\" content=\"Suedia face din nou not\u0103 discordant\u0103 \u0219i nu recomand\u0103 vaccinarea anti-Covid a copiilor cu v\u00e2rste \u00eentre 5 \u0219i 11 ani,\" \/>\n<meta property=\"og:url\" content=\"https:\/\/mhf.ro\/mm\/suedia-nu-recomanda-vaccinarea-anti-covid-a-copiilor\/\" \/>\n<meta property=\"og:site_name\" content=\"MHF Photography\" \/>\n<meta property=\"article:published_time\" content=\"2022-01-28T07:17:29+00:00\" \/>\n<meta property=\"og:image\" content=\"https:\/\/mhf.ro\/mm\/wp-content\/uploads\/2022\/01\/Vaccinuri-6s.jpg\" \/>\n\t<meta property=\"og:image:width\" content=\"1040\" \/>\n\t<meta property=\"og:image:height\" content=\"692\" \/>\n\t<meta property=\"og:image:type\" content=\"image\/jpeg\" \/>\n<meta name=\"author\" content=\"Marius Marcu\" \/>\n<meta name=\"twitter:card\" content=\"summary_large_image\" \/>\n<meta name=\"twitter:label1\" content=\"Scris de\" \/>\n\t<meta name=\"twitter:data1\" content=\"Marius Marcu\" \/>\n\t<meta name=\"twitter:label2\" content=\"Timp estimat pentru citire\" \/>\n\t<meta name=\"twitter:data2\" content=\"1 minut\" \/>\n<script type=\"application\/ld+json\" class=\"yoast-schema-graph\">{\"@context\":\"https:\/\/schema.org\",\"@graph\":[{\"@type\":\"Article\",\"@id\":\"https:\/\/mhf.ro\/mm\/suedia-nu-recomanda-vaccinarea-anti-covid-a-copiilor\/#article\",\"isPartOf\":{\"@id\":\"https:\/\/mhf.ro\/mm\/suedia-nu-recomanda-vaccinarea-anti-covid-a-copiilor\/\"},\"author\":{\"name\":\"Marius Marcu\",\"@id\":\"https:\/\/mhf.ro\/mm\/#\/schema\/person\/a3bebf7bdb4bf12f698aff73c7e46c21\"},\"headline\":\"Suedia nu recomand\u0103 vaccinarea anti-Covid a copiilor\",\"datePublished\":\"2022-01-28T07:17:29+00:00\",\"mainEntityOfPage\":{\"@id\":\"https:\/\/mhf.ro\/mm\/suedia-nu-recomanda-vaccinarea-anti-covid-a-copiilor\/\"},\"wordCount\":135,\"commentCount\":0,\"publisher\":{\"@id\":\"https:\/\/mhf.ro\/mm\/#\/schema\/person\/a3bebf7bdb4bf12f698aff73c7e46c21\"},\"image\":{\"@id\":\"https:\/\/mhf.ro\/mm\/suedia-nu-recomanda-vaccinarea-anti-covid-a-copiilor\/#primaryimage\"},\"thumbnailUrl\":\"https:\/\/mhf.ro\/mm\/wp-content\/uploads\/2022\/01\/Vaccinuri-6s.jpg\",\"articleSection\":[\"Locale\"],\"inLanguage\":\"ro-RO\",\"potentialAction\":[{\"@type\":\"CommentAction\",\"name\":\"Comment\",\"target\":[\"https:\/\/mhf.ro\/mm\/suedia-nu-recomanda-vaccinarea-anti-covid-a-copiilor\/#respond\"]}]},{\"@type\":\"WebPage\",\"@id\":\"https:\/\/mhf.ro\/mm\/suedia-nu-recomanda-vaccinarea-anti-covid-a-copiilor\/\",\"url\":\"https:\/\/mhf.ro\/mm\/suedia-nu-recomanda-vaccinarea-anti-covid-a-copiilor\/\",\"name\":\"Suedia nu recomand\u0103 vaccinarea anti-Covid a copiilor - MHF Photography\",\"isPartOf\":{\"@id\":\"https:\/\/mhf.ro\/mm\/#website\"},\"primaryImageOfPage\":{\"@id\":\"https:\/\/mhf.ro\/mm\/suedia-nu-recomanda-vaccinarea-anti-covid-a-copiilor\/#primaryimage\"},\"image\":{\"@id\":\"https:\/\/mhf.ro\/mm\/suedia-nu-recomanda-vaccinarea-anti-covid-a-copiilor\/#primaryimage\"},\"thumbnailUrl\":\"https:\/\/mhf.ro\/mm\/wp-content\/uploads\/2022\/01\/Vaccinuri-6s.jpg\",\"datePublished\":\"2022-01-28T07:17:29+00:00\",\"breadcrumb\":{\"@id\":\"https:\/\/mhf.ro\/mm\/suedia-nu-recomanda-vaccinarea-anti-covid-a-copiilor\/#breadcrumb\"},\"inLanguage\":\"ro-RO\",\"potentialAction\":[{\"@type\":\"ReadAction\",\"target\":[\"https:\/\/mhf.ro\/mm\/suedia-nu-recomanda-vaccinarea-anti-covid-a-copiilor\/\"]}]},{\"@type\":\"ImageObject\",\"inLanguage\":\"ro-RO\",\"@id\":\"https:\/\/mhf.ro\/mm\/suedia-nu-recomanda-vaccinarea-anti-covid-a-copiilor\/#primaryimage\",\"url\":\"https:\/\/mhf.ro\/mm\/wp-content\/uploads\/2022\/01\/Vaccinuri-6s.jpg\",\"contentUrl\":\"https:\/\/mhf.ro\/mm\/wp-content\/uploads\/2022\/01\/Vaccinuri-6s.jpg\",\"width\":1040,\"height\":692},{\"@type\":\"BreadcrumbList\",\"@id\":\"https:\/\/mhf.ro\/mm\/suedia-nu-recomanda-vaccinarea-anti-covid-a-copiilor\/#breadcrumb\",\"itemListElement\":[{\"@type\":\"ListItem\",\"position\":1,\"name\":\"Prima pagin\u0103\",\"item\":\"https:\/\/mhf.ro\/mm\/\"},{\"@type\":\"ListItem\",\"position\":2,\"name\":\"Suedia nu recomand\u0103 vaccinarea anti-Covid a copiilor\"}]},{\"@type\":\"WebSite\",\"@id\":\"https:\/\/mhf.ro\/mm\/#website\",\"url\":\"https:\/\/mhf.ro\/mm\/\",\"name\":\"MHF Photography \u2013 Blog de fotografie, natur\u0103 \u0219i tehnic\u0103 divers\u0103\",\"description\":\"Aventur\u0103 \u00een fiecare cadru.\",\"publisher\":{\"@id\":\"https:\/\/mhf.ro\/mm\/#\/schema\/person\/a3bebf7bdb4bf12f698aff73c7e46c21\"},\"potentialAction\":[{\"@type\":\"SearchAction\",\"target\":{\"@type\":\"EntryPoint\",\"urlTemplate\":\"https:\/\/mhf.ro\/mm\/?s={search_term_string}\"},\"query-input\":{\"@type\":\"PropertyValueSpecification\",\"valueRequired\":true,\"valueName\":\"search_term_string\"}}],\"inLanguage\":\"ro-RO\"},{\"@type\":[\"Person\",\"Organization\"],\"@id\":\"https:\/\/mhf.ro\/mm\/#\/schema\/person\/a3bebf7bdb4bf12f698aff73c7e46c21\",\"name\":\"Marius Marcu\",\"image\":{\"@type\":\"ImageObject\",\"inLanguage\":\"ro-RO\",\"@id\":\"https:\/\/mhf.ro\/mm\/#\/schema\/person\/image\/\",\"url\":\"https:\/\/mhf.ro\/mm\/wp-content\/uploads\/2025\/12\/cropped-logo_mhf_2.png\",\"contentUrl\":\"https:\/\/mhf.ro\/mm\/wp-content\/uploads\/2025\/12\/cropped-logo_mhf_2.png\",\"width\":1096,\"height\":457,\"caption\":\"Marius Marcu\"},\"logo\":{\"@id\":\"https:\/\/mhf.ro\/mm\/#\/schema\/person\/image\/\"},\"sameAs\":[\"https:\/\/mhf.ro\/mm\"],\"url\":\"https:\/\/mhf.ro\/mm\/author\/mihai\/\"}]}<\/script>\n<!-- \/ Yoast SEO plugin. -->","yoast_head_json":{"title":"Suedia nu recomand\u0103 vaccinarea anti-Covid a copiilor - MHF Photography","robots":{"index":"index","follow":"follow","max-snippet":"max-snippet:-1","max-image-preview":"max-image-preview:large","max-video-preview":"max-video-preview:-1"},"canonical":"https:\/\/mhf.ro\/mm\/suedia-nu-recomanda-vaccinarea-anti-covid-a-copiilor\/","og_locale":"ro_RO","og_type":"article","og_title":"Suedia nu recomand\u0103 vaccinarea anti-Covid a copiilor - MHF Photography","og_description":"Suedia face din nou not\u0103 discordant\u0103 \u0219i nu recomand\u0103 vaccinarea anti-Covid a copiilor cu v\u00e2rste \u00eentre 5 \u0219i 11 ani,","og_url":"https:\/\/mhf.ro\/mm\/suedia-nu-recomanda-vaccinarea-anti-covid-a-copiilor\/","og_site_name":"MHF Photography","article_published_time":"2022-01-28T07:17:29+00:00","og_image":[{"width":1040,"height":692,"url":"https:\/\/mhf.ro\/mm\/wp-content\/uploads\/2022\/01\/Vaccinuri-6s.jpg","type":"image\/jpeg"}],"author":"Marius Marcu","twitter_card":"summary_large_image","twitter_misc":{"Scris de":"Marius Marcu","Timp estimat pentru citire":"1 minut"},"schema":{"@context":"https:\/\/schema.org","@graph":[{"@type":"Article","@id":"https:\/\/mhf.ro\/mm\/suedia-nu-recomanda-vaccinarea-anti-covid-a-copiilor\/#article","isPartOf":{"@id":"https:\/\/mhf.ro\/mm\/suedia-nu-recomanda-vaccinarea-anti-covid-a-copiilor\/"},"author":{"name":"Marius Marcu","@id":"https:\/\/mhf.ro\/mm\/#\/schema\/person\/a3bebf7bdb4bf12f698aff73c7e46c21"},"headline":"Suedia nu recomand\u0103 vaccinarea anti-Covid a copiilor","datePublished":"2022-01-28T07:17:29+00:00","mainEntityOfPage":{"@id":"https:\/\/mhf.ro\/mm\/suedia-nu-recomanda-vaccinarea-anti-covid-a-copiilor\/"},"wordCount":135,"commentCount":0,"publisher":{"@id":"https:\/\/mhf.ro\/mm\/#\/schema\/person\/a3bebf7bdb4bf12f698aff73c7e46c21"},"image":{"@id":"https:\/\/mhf.ro\/mm\/suedia-nu-recomanda-vaccinarea-anti-covid-a-copiilor\/#primaryimage"},"thumbnailUrl":"https:\/\/mhf.ro\/mm\/wp-content\/uploads\/2022\/01\/Vaccinuri-6s.jpg","articleSection":["Locale"],"inLanguage":"ro-RO","potentialAction":[{"@type":"CommentAction","name":"Comment","target":["https:\/\/mhf.ro\/mm\/suedia-nu-recomanda-vaccinarea-anti-covid-a-copiilor\/#respond"]}]},{"@type":"WebPage","@id":"https:\/\/mhf.ro\/mm\/suedia-nu-recomanda-vaccinarea-anti-covid-a-copiilor\/","url":"https:\/\/mhf.ro\/mm\/suedia-nu-recomanda-vaccinarea-anti-covid-a-copiilor\/","name":"Suedia nu recomand\u0103 vaccinarea anti-Covid a copiilor - MHF Photography","isPartOf":{"@id":"https:\/\/mhf.ro\/mm\/#website"},"primaryImageOfPage":{"@id":"https:\/\/mhf.ro\/mm\/suedia-nu-recomanda-vaccinarea-anti-covid-a-copiilor\/#primaryimage"},"image":{"@id":"https:\/\/mhf.ro\/mm\/suedia-nu-recomanda-vaccinarea-anti-covid-a-copiilor\/#primaryimage"},"thumbnailUrl":"https:\/\/mhf.ro\/mm\/wp-content\/uploads\/2022\/01\/Vaccinuri-6s.jpg","datePublished":"2022-01-28T07:17:29+00:00","breadcrumb":{"@id":"https:\/\/mhf.ro\/mm\/suedia-nu-recomanda-vaccinarea-anti-covid-a-copiilor\/#breadcrumb"},"inLanguage":"ro-RO","potentialAction":[{"@type":"ReadAction","target":["https:\/\/mhf.ro\/mm\/suedia-nu-recomanda-vaccinarea-anti-covid-a-copiilor\/"]}]},{"@type":"ImageObject","inLanguage":"ro-RO","@id":"https:\/\/mhf.ro\/mm\/suedia-nu-recomanda-vaccinarea-anti-covid-a-copiilor\/#primaryimage","url":"https:\/\/mhf.ro\/mm\/wp-content\/uploads\/2022\/01\/Vaccinuri-6s.jpg","contentUrl":"https:\/\/mhf.ro\/mm\/wp-content\/uploads\/2022\/01\/Vaccinuri-6s.jpg","width":1040,"height":692},{"@type":"BreadcrumbList","@id":"https:\/\/mhf.ro\/mm\/suedia-nu-recomanda-vaccinarea-anti-covid-a-copiilor\/#breadcrumb","itemListElement":[{"@type":"ListItem","position":1,"name":"Prima pagin\u0103","item":"https:\/\/mhf.ro\/mm\/"},{"@type":"ListItem","position":2,"name":"Suedia nu recomand\u0103 vaccinarea anti-Covid a copiilor"}]},{"@type":"WebSite","@id":"https:\/\/mhf.ro\/mm\/#website","url":"https:\/\/mhf.ro\/mm\/","name":"MHF Photography \u2013 Blog de fotografie, natur\u0103 \u0219i tehnic\u0103 divers\u0103","description":"Aventur\u0103 \u00een fiecare cadru.","publisher":{"@id":"https:\/\/mhf.ro\/mm\/#\/schema\/person\/a3bebf7bdb4bf12f698aff73c7e46c21"},"potentialAction":[{"@type":"SearchAction","target":{"@type":"EntryPoint","urlTemplate":"https:\/\/mhf.ro\/mm\/?s={search_term_string}"},"query-input":{"@type":"PropertyValueSpecification","valueRequired":true,"valueName":"search_term_string"}}],"inLanguage":"ro-RO"},{"@type":["Person","Organization"],"@id":"https:\/\/mhf.ro\/mm\/#\/schema\/person\/a3bebf7bdb4bf12f698aff73c7e46c21","name":"Marius Marcu","image":{"@type":"ImageObject","inLanguage":"ro-RO","@id":"https:\/\/mhf.ro\/mm\/#\/schema\/person\/image\/","url":"https:\/\/mhf.ro\/mm\/wp-content\/uploads\/2025\/12\/cropped-logo_mhf_2.png","contentUrl":"https:\/\/mhf.ro\/mm\/wp-content\/uploads\/2025\/12\/cropped-logo_mhf_2.png","width":1096,"height":457,"caption":"Marius Marcu"},"logo":{"@id":"https:\/\/mhf.ro\/mm\/#\/schema\/person\/image\/"},"sameAs":["https:\/\/mhf.ro\/mm"],"url":"https:\/\/mhf.ro\/mm\/author\/mihai\/"}]}},"_links":{"self":[{"href":"https:\/\/mhf.ro\/mm\/wp-json\/wp\/v2\/posts\/6141","targetHints":{"allow":["GET"]}}],"collection":[{"href":"https:\/\/mhf.ro\/mm\/wp-json\/wp\/v2\/posts"}],"about":[{"href":"https:\/\/mhf.ro\/mm\/wp-json\/wp\/v2\/types\/post"}],"author":[{"embeddable":true,"href":"https:\/\/mhf.ro\/mm\/wp-json\/wp\/v2\/users\/1"}],"replies":[{"embeddable":true,"href":"https:\/\/mhf.ro\/mm\/wp-json\/wp\/v2\/comments?post=6141"}],"version-history":[{"count":1,"href":"https:\/\/mhf.ro\/mm\/wp-json\/wp\/v2\/posts\/6141\/revisions"}],"predecessor-version":[{"id":6143,"href":"https:\/\/mhf.ro\/mm\/wp-json\/wp\/v2\/posts\/6141\/revisions\/6143"}],"wp:featuredmedia":[{"embeddable":true,"href":"https:\/\/mhf.ro\/mm\/wp-json\/wp\/v2\/media\/6142"}],"wp:attachment":[{"href":"https:\/\/mhf.ro\/mm\/wp-json\/wp\/v2\/media?parent=6141"}],"wp:term":[{"taxonomy":"category","embeddable":true,"href":"https:\/\/mhf.ro\/mm\/wp-json\/wp\/v2\/categories?post=6141"},{"taxonomy":"post_tag","embeddable":true,"href":"https:\/\/mhf.ro\/mm\/wp-json\/wp\/v2\/tags?post=6141"}],"curies":[{"name":"wp","href":"https:\/\/api.w.org\/{rel}","templated":true}]}}