{"id":6149,"date":"2022-01-29T21:00:56","date_gmt":"2022-01-29T19:00:56","guid":{"rendered":"https:\/\/mhf.ro\/mm\/?p=6149"},"modified":"2022-01-29T21:04:04","modified_gmt":"2022-01-29T19:04:04","slug":"6149-2","status":"publish","type":"post","link":"https:\/\/mhf.ro\/mm\/6149-2\/","title":{"rendered":"Sfin\u021bii Trei Ierarhi"},"content":{"rendered":"<p>Spre sfarsitul secolului al XI-lea, la Constantinopol se iscase o mare disputa legata de cei trei ierarhi, pe care \u00eei pr\u0103znuim pe 30 ianuarie, oamenii \u00eentrebandu-se care este mai mare: Sf. Vasile cel Mare, Sf. Grigorie Teologul sau Sf. Ioan Gur\u0103 de Aur. Dupa c\u00e2\u021biva ani de la declan\u0219area ne\u00een\u021belegerilor, cei trei sfin\u021bi au \u00eenceput s\u0103 i se arate aievea, unul c\u00e2te unul, episcopului Evhaitelor, Sf\u00e2ntului Ioan Mauropous. \u00cen cele din urm\u0103, \u00een anul 1084, \u00eentr-o vedenie, fericitului i-au ap\u0103rut cei trei sfin\u021bi \u00eempreun\u0103.<\/p>\n<p>Cuvintele pe care cei trei ierarhi i le-au adresat Sfantului Ioan ne arat\u0103 modul \u00een care sfin\u021bii conlucreaz\u0103 &#8211; cu Dumnezeu \u0219i \u00eentre ei -, a\u0219a cum \u0219i noi trebuie s\u0103 ne unim, \u00een cuv\u00e2nt \u0219i \u00een lucrare:<\/p>\n<p>&#8222;Dupa cum vezi, noi la Dumnezeu una suntem \u0219i nici o vrajb\u0103 nu este \u00eentre noi. Fiecare din noi, la timpul s\u0103u, \u00eendemnati de Duhul Sf\u00e2nt, am scris \u00eenv\u0103\u021b\u0103turi pentru m\u00e2ntuirea oamenilor.<\/p>\n<div class=\"_xbox\">\n<div id=\"div-gpt-ad-1477553168706-0\" data-google-query-id=\"CMSg5rXQ1_UCFQ1E5QodltgApA\">\n<div id=\"google_ads_iframe_\/11453545\/CrestinOrtodox-Desktop-Flow1_0__container__\">Cum ne-a insuflat Duhul Sf\u00e2nt, a\u0219a am \u00eenv\u0103\u021bat. Nu este \u00eentre noi unul \u00eentai \u0219i altul al doilea. De chemi pe unul, vin si ceilalti doi. Drept aceea, scul\u00e2ndu-te, porunce\u0219te, celor ce se \u00eenvr\u0103jbesc, s\u0103 nu se mai certe pentru noi. C\u0103 nevoin\u021ba noastr\u0103, c\u00e2t am fost \u00een via\u021b\u0103 \u0219i dup\u0103 moarte, a fost s\u0103 \u00eemp\u0103c\u0103m pe oameni \u0219i s\u0103 aducem \u00een lume pace \u0219i unire. \u00cempreuneaz\u0103-ne, dar, f\u0103c\u00e2ndu-ne praznic la c\u00e2te trei \u00eentr-o singura zi, \u0219i \u00een\u0219tiinteaz\u0103 cu aceasta pe cre\u0219tini, c\u0103 noi \u00een fa\u021ba lui Dumnezeu, una suntem.&#8221;<\/div>\n<\/div>\n<\/div>\n<p>\u00cen urma acestei vedenii, Sfantul Ioan a ales ziua de 30 ianuarie pentru pr\u0103znuirea comun\u0103 a celor Trei Ierarhi, sting\u00e2ndu-se astfel si disputele din capital\u0103, lumea unindu-se \u00een s\u0103rb\u0103torirea \u00eempreun\u0103 a Sf\u00e2ntului Ierarh Vasile cel Mare, a Sf\u00e2ntului Grigorie Teologul \u0219i a Sf\u00e2ntului Ioan Gura de Aur.<\/p>\n<p>Pentru a recunoa\u0219te valoarea teologic\u0103 a <a href=\"http:\/\/www.crestinortodox.ro\/sarbatori\/sfintii-trei-ierarhi\/\">Sfin\u021bilor Trei Ierarhi<\/a>, prin hot\u0103r\u00e2rea luat\u0103 la Atena, la primul Congres al Profesorilor de Teologie din anul 1936, Sfin\u021bii Trei Ierarhi au devenit patronii spirituali ai insti\u021butiilor de \u00eenv\u0103\u021b\u0103m\u00e2nt teologic ortodox din \u00eentreaga lume. (cf. crestinortodox.ro)<\/p>\n","protected":false},"excerpt":{"rendered":"<p>Spre sfarsitul secolului al XI-lea, la Constantinopol se iscase o mare disputa legata de cei trei ierarhi, pe care \u00eei<\/p>\n","protected":false},"author":4,"featured_media":6148,"comment_status":"open","ping_status":"open","sticky":false,"template":"","format":"standard","meta":{"colormag_page_container_layout":"default_layout","colormag_page_sidebar_layout":"default_layout","footnotes":""},"categories":[34],"tags":[],"class_list":["post-6149","post","type-post","status-publish","format-standard","has-post-thumbnail","hentry","category-religie"],"yoast_head":"<!-- This site is optimized with the Yoast SEO plugin v27.0 - https:\/\/yoast.com\/product\/yoast-seo-wordpress\/ -->\n<title>Sfin\u021bii Trei Ierarhi - MHF Photography<\/title>\n<meta name=\"robots\" content=\"index, follow, max-snippet:-1, max-image-preview:large, max-video-preview:-1\" \/>\n<link rel=\"canonical\" href=\"https:\/\/mhf.ro\/mm\/6149-2\/\" \/>\n<meta property=\"og:locale\" content=\"ro_RO\" \/>\n<meta property=\"og:type\" content=\"article\" \/>\n<meta property=\"og:title\" content=\"Sfin\u021bii Trei Ierarhi - MHF Photography\" \/>\n<meta property=\"og:description\" content=\"Spre sfarsitul secolului al XI-lea, la Constantinopol se iscase o mare disputa legata de cei trei ierarhi, pe care \u00eei\" \/>\n<meta property=\"og:url\" content=\"https:\/\/mhf.ro\/mm\/6149-2\/\" \/>\n<meta property=\"og:site_name\" content=\"MHF Photography\" \/>\n<meta property=\"article:published_time\" content=\"2022-01-29T19:00:56+00:00\" \/>\n<meta property=\"article:modified_time\" content=\"2022-01-29T19:04:04+00:00\" \/>\n<meta property=\"og:image\" content=\"https:\/\/mhf.ro\/mm\/wp-content\/uploads\/2022\/01\/98987_sfintii-trei-ierarhi.jpg\" \/>\n\t<meta property=\"og:image:width\" content=\"300\" \/>\n\t<meta property=\"og:image:height\" content=\"400\" \/>\n\t<meta property=\"og:image:type\" content=\"image\/jpeg\" \/>\n<meta name=\"author\" content=\"Preot paroh Horvat Petru\" \/>\n<meta name=\"twitter:card\" content=\"summary_large_image\" \/>\n<meta name=\"twitter:label1\" content=\"Scris de\" \/>\n\t<meta name=\"twitter:data1\" content=\"Preot paroh Horvat Petru\" \/>\n\t<meta name=\"twitter:label2\" content=\"Timp estimat pentru citire\" \/>\n\t<meta name=\"twitter:data2\" content=\"2 minute\" \/>\n<script type=\"application\/ld+json\" class=\"yoast-schema-graph\">{\"@context\":\"https:\/\/schema.org\",\"@graph\":[{\"@type\":\"Article\",\"@id\":\"https:\/\/mhf.ro\/mm\/6149-2\/#article\",\"isPartOf\":{\"@id\":\"https:\/\/mhf.ro\/mm\/6149-2\/\"},\"author\":{\"name\":\"Preot paroh Horvat Petru\",\"@id\":\"https:\/\/mhf.ro\/mm\/#\/schema\/person\/4c8c06c801b7b666e81ed44550086900\"},\"headline\":\"Sfin\u021bii Trei Ierarhi\",\"datePublished\":\"2022-01-29T19:00:56+00:00\",\"dateModified\":\"2022-01-29T19:04:04+00:00\",\"mainEntityOfPage\":{\"@id\":\"https:\/\/mhf.ro\/mm\/6149-2\/\"},\"wordCount\":383,\"commentCount\":0,\"publisher\":{\"@id\":\"https:\/\/mhf.ro\/mm\/#\/schema\/person\/a3bebf7bdb4bf12f698aff73c7e46c21\"},\"image\":{\"@id\":\"https:\/\/mhf.ro\/mm\/6149-2\/#primaryimage\"},\"thumbnailUrl\":\"https:\/\/mhf.ro\/mm\/wp-content\/uploads\/2022\/01\/98987_sfintii-trei-ierarhi.jpg\",\"articleSection\":[\"Religie\"],\"inLanguage\":\"ro-RO\",\"potentialAction\":[{\"@type\":\"CommentAction\",\"name\":\"Comment\",\"target\":[\"https:\/\/mhf.ro\/mm\/6149-2\/#respond\"]}]},{\"@type\":\"WebPage\",\"@id\":\"https:\/\/mhf.ro\/mm\/6149-2\/\",\"url\":\"https:\/\/mhf.ro\/mm\/6149-2\/\",\"name\":\"Sfin\u021bii Trei Ierarhi - MHF Photography\",\"isPartOf\":{\"@id\":\"https:\/\/mhf.ro\/mm\/#website\"},\"primaryImageOfPage\":{\"@id\":\"https:\/\/mhf.ro\/mm\/6149-2\/#primaryimage\"},\"image\":{\"@id\":\"https:\/\/mhf.ro\/mm\/6149-2\/#primaryimage\"},\"thumbnailUrl\":\"https:\/\/mhf.ro\/mm\/wp-content\/uploads\/2022\/01\/98987_sfintii-trei-ierarhi.jpg\",\"datePublished\":\"2022-01-29T19:00:56+00:00\",\"dateModified\":\"2022-01-29T19:04:04+00:00\",\"breadcrumb\":{\"@id\":\"https:\/\/mhf.ro\/mm\/6149-2\/#breadcrumb\"},\"inLanguage\":\"ro-RO\",\"potentialAction\":[{\"@type\":\"ReadAction\",\"target\":[\"https:\/\/mhf.ro\/mm\/6149-2\/\"]}]},{\"@type\":\"ImageObject\",\"inLanguage\":\"ro-RO\",\"@id\":\"https:\/\/mhf.ro\/mm\/6149-2\/#primaryimage\",\"url\":\"https:\/\/mhf.ro\/mm\/wp-content\/uploads\/2022\/01\/98987_sfintii-trei-ierarhi.jpg\",\"contentUrl\":\"https:\/\/mhf.ro\/mm\/wp-content\/uploads\/2022\/01\/98987_sfintii-trei-ierarhi.jpg\",\"width\":300,\"height\":400},{\"@type\":\"BreadcrumbList\",\"@id\":\"https:\/\/mhf.ro\/mm\/6149-2\/#breadcrumb\",\"itemListElement\":[{\"@type\":\"ListItem\",\"position\":1,\"name\":\"Prima pagin\u0103\",\"item\":\"https:\/\/mhf.ro\/mm\/\"},{\"@type\":\"ListItem\",\"position\":2,\"name\":\"Sfin\u021bii Trei Ierarhi\"}]},{\"@type\":\"WebSite\",\"@id\":\"https:\/\/mhf.ro\/mm\/#website\",\"url\":\"https:\/\/mhf.ro\/mm\/\",\"name\":\"MHF Photography \u2013 Blog de fotografie, natur\u0103 \u0219i tehnic\u0103 divers\u0103\",\"description\":\"Aventur\u0103 \u00een fiecare cadru.\",\"publisher\":{\"@id\":\"https:\/\/mhf.ro\/mm\/#\/schema\/person\/a3bebf7bdb4bf12f698aff73c7e46c21\"},\"potentialAction\":[{\"@type\":\"SearchAction\",\"target\":{\"@type\":\"EntryPoint\",\"urlTemplate\":\"https:\/\/mhf.ro\/mm\/?s={search_term_string}\"},\"query-input\":{\"@type\":\"PropertyValueSpecification\",\"valueRequired\":true,\"valueName\":\"search_term_string\"}}],\"inLanguage\":\"ro-RO\"},{\"@type\":[\"Person\",\"Organization\"],\"@id\":\"https:\/\/mhf.ro\/mm\/#\/schema\/person\/a3bebf7bdb4bf12f698aff73c7e46c21\",\"name\":\"Marius Marcu\",\"image\":{\"@type\":\"ImageObject\",\"inLanguage\":\"ro-RO\",\"@id\":\"https:\/\/mhf.ro\/mm\/#\/schema\/person\/image\/\",\"url\":\"https:\/\/mhf.ro\/mm\/wp-content\/uploads\/2025\/12\/cropped-logo_mhf_2.png\",\"contentUrl\":\"https:\/\/mhf.ro\/mm\/wp-content\/uploads\/2025\/12\/cropped-logo_mhf_2.png\",\"width\":1096,\"height\":457,\"caption\":\"Marius Marcu\"},\"logo\":{\"@id\":\"https:\/\/mhf.ro\/mm\/#\/schema\/person\/image\/\"},\"sameAs\":[\"https:\/\/mhf.ro\/mm\"]},{\"@type\":\"Person\",\"@id\":\"https:\/\/mhf.ro\/mm\/#\/schema\/person\/4c8c06c801b7b666e81ed44550086900\",\"name\":\"Preot paroh Horvat Petru\",\"image\":{\"@type\":\"ImageObject\",\"inLanguage\":\"ro-RO\",\"@id\":\"https:\/\/mhf.ro\/mm\/#\/schema\/person\/image\/\",\"url\":\"https:\/\/secure.gravatar.com\/avatar\/c2d2dcdf21c6f41aad486d71768c144cd6e23cb7b63bae9bd6fab542b26ad321?s=96&d=monsterid&r=g\",\"contentUrl\":\"https:\/\/secure.gravatar.com\/avatar\/c2d2dcdf21c6f41aad486d71768c144cd6e23cb7b63bae9bd6fab542b26ad321?s=96&d=monsterid&r=g\",\"caption\":\"Preot paroh Horvat Petru\"},\"sameAs\":[\"https:\/\/mhf.ro\/mm\"],\"url\":\"https:\/\/mhf.ro\/mm\/author\/petrica\/\"}]}<\/script>\n<!-- \/ Yoast SEO plugin. -->","yoast_head_json":{"title":"Sfin\u021bii Trei Ierarhi - MHF Photography","robots":{"index":"index","follow":"follow","max-snippet":"max-snippet:-1","max-image-preview":"max-image-preview:large","max-video-preview":"max-video-preview:-1"},"canonical":"https:\/\/mhf.ro\/mm\/6149-2\/","og_locale":"ro_RO","og_type":"article","og_title":"Sfin\u021bii Trei Ierarhi - MHF Photography","og_description":"Spre sfarsitul secolului al XI-lea, la Constantinopol se iscase o mare disputa legata de cei trei ierarhi, pe care \u00eei","og_url":"https:\/\/mhf.ro\/mm\/6149-2\/","og_site_name":"MHF Photography","article_published_time":"2022-01-29T19:00:56+00:00","article_modified_time":"2022-01-29T19:04:04+00:00","og_image":[{"width":300,"height":400,"url":"https:\/\/mhf.ro\/mm\/wp-content\/uploads\/2022\/01\/98987_sfintii-trei-ierarhi.jpg","type":"image\/jpeg"}],"author":"Preot paroh Horvat Petru","twitter_card":"summary_large_image","twitter_misc":{"Scris de":"Preot paroh Horvat Petru","Timp estimat pentru citire":"2 minute"},"schema":{"@context":"https:\/\/schema.org","@graph":[{"@type":"Article","@id":"https:\/\/mhf.ro\/mm\/6149-2\/#article","isPartOf":{"@id":"https:\/\/mhf.ro\/mm\/6149-2\/"},"author":{"name":"Preot paroh Horvat Petru","@id":"https:\/\/mhf.ro\/mm\/#\/schema\/person\/4c8c06c801b7b666e81ed44550086900"},"headline":"Sfin\u021bii Trei Ierarhi","datePublished":"2022-01-29T19:00:56+00:00","dateModified":"2022-01-29T19:04:04+00:00","mainEntityOfPage":{"@id":"https:\/\/mhf.ro\/mm\/6149-2\/"},"wordCount":383,"commentCount":0,"publisher":{"@id":"https:\/\/mhf.ro\/mm\/#\/schema\/person\/a3bebf7bdb4bf12f698aff73c7e46c21"},"image":{"@id":"https:\/\/mhf.ro\/mm\/6149-2\/#primaryimage"},"thumbnailUrl":"https:\/\/mhf.ro\/mm\/wp-content\/uploads\/2022\/01\/98987_sfintii-trei-ierarhi.jpg","articleSection":["Religie"],"inLanguage":"ro-RO","potentialAction":[{"@type":"CommentAction","name":"Comment","target":["https:\/\/mhf.ro\/mm\/6149-2\/#respond"]}]},{"@type":"WebPage","@id":"https:\/\/mhf.ro\/mm\/6149-2\/","url":"https:\/\/mhf.ro\/mm\/6149-2\/","name":"Sfin\u021bii Trei Ierarhi - MHF Photography","isPartOf":{"@id":"https:\/\/mhf.ro\/mm\/#website"},"primaryImageOfPage":{"@id":"https:\/\/mhf.ro\/mm\/6149-2\/#primaryimage"},"image":{"@id":"https:\/\/mhf.ro\/mm\/6149-2\/#primaryimage"},"thumbnailUrl":"https:\/\/mhf.ro\/mm\/wp-content\/uploads\/2022\/01\/98987_sfintii-trei-ierarhi.jpg","datePublished":"2022-01-29T19:00:56+00:00","dateModified":"2022-01-29T19:04:04+00:00","breadcrumb":{"@id":"https:\/\/mhf.ro\/mm\/6149-2\/#breadcrumb"},"inLanguage":"ro-RO","potentialAction":[{"@type":"ReadAction","target":["https:\/\/mhf.ro\/mm\/6149-2\/"]}]},{"@type":"ImageObject","inLanguage":"ro-RO","@id":"https:\/\/mhf.ro\/mm\/6149-2\/#primaryimage","url":"https:\/\/mhf.ro\/mm\/wp-content\/uploads\/2022\/01\/98987_sfintii-trei-ierarhi.jpg","contentUrl":"https:\/\/mhf.ro\/mm\/wp-content\/uploads\/2022\/01\/98987_sfintii-trei-ierarhi.jpg","width":300,"height":400},{"@type":"BreadcrumbList","@id":"https:\/\/mhf.ro\/mm\/6149-2\/#breadcrumb","itemListElement":[{"@type":"ListItem","position":1,"name":"Prima pagin\u0103","item":"https:\/\/mhf.ro\/mm\/"},{"@type":"ListItem","position":2,"name":"Sfin\u021bii Trei Ierarhi"}]},{"@type":"WebSite","@id":"https:\/\/mhf.ro\/mm\/#website","url":"https:\/\/mhf.ro\/mm\/","name":"MHF Photography \u2013 Blog de fotografie, natur\u0103 \u0219i tehnic\u0103 divers\u0103","description":"Aventur\u0103 \u00een fiecare cadru.","publisher":{"@id":"https:\/\/mhf.ro\/mm\/#\/schema\/person\/a3bebf7bdb4bf12f698aff73c7e46c21"},"potentialAction":[{"@type":"SearchAction","target":{"@type":"EntryPoint","urlTemplate":"https:\/\/mhf.ro\/mm\/?s={search_term_string}"},"query-input":{"@type":"PropertyValueSpecification","valueRequired":true,"valueName":"search_term_string"}}],"inLanguage":"ro-RO"},{"@type":["Person","Organization"],"@id":"https:\/\/mhf.ro\/mm\/#\/schema\/person\/a3bebf7bdb4bf12f698aff73c7e46c21","name":"Marius Marcu","image":{"@type":"ImageObject","inLanguage":"ro-RO","@id":"https:\/\/mhf.ro\/mm\/#\/schema\/person\/image\/","url":"https:\/\/mhf.ro\/mm\/wp-content\/uploads\/2025\/12\/cropped-logo_mhf_2.png","contentUrl":"https:\/\/mhf.ro\/mm\/wp-content\/uploads\/2025\/12\/cropped-logo_mhf_2.png","width":1096,"height":457,"caption":"Marius Marcu"},"logo":{"@id":"https:\/\/mhf.ro\/mm\/#\/schema\/person\/image\/"},"sameAs":["https:\/\/mhf.ro\/mm"]},{"@type":"Person","@id":"https:\/\/mhf.ro\/mm\/#\/schema\/person\/4c8c06c801b7b666e81ed44550086900","name":"Preot paroh Horvat Petru","image":{"@type":"ImageObject","inLanguage":"ro-RO","@id":"https:\/\/mhf.ro\/mm\/#\/schema\/person\/image\/","url":"https:\/\/secure.gravatar.com\/avatar\/c2d2dcdf21c6f41aad486d71768c144cd6e23cb7b63bae9bd6fab542b26ad321?s=96&d=monsterid&r=g","contentUrl":"https:\/\/secure.gravatar.com\/avatar\/c2d2dcdf21c6f41aad486d71768c144cd6e23cb7b63bae9bd6fab542b26ad321?s=96&d=monsterid&r=g","caption":"Preot paroh Horvat Petru"},"sameAs":["https:\/\/mhf.ro\/mm"],"url":"https:\/\/mhf.ro\/mm\/author\/petrica\/"}]}},"_links":{"self":[{"href":"https:\/\/mhf.ro\/mm\/wp-json\/wp\/v2\/posts\/6149","targetHints":{"allow":["GET"]}}],"collection":[{"href":"https:\/\/mhf.ro\/mm\/wp-json\/wp\/v2\/posts"}],"about":[{"href":"https:\/\/mhf.ro\/mm\/wp-json\/wp\/v2\/types\/post"}],"author":[{"embeddable":true,"href":"https:\/\/mhf.ro\/mm\/wp-json\/wp\/v2\/users\/4"}],"replies":[{"embeddable":true,"href":"https:\/\/mhf.ro\/mm\/wp-json\/wp\/v2\/comments?post=6149"}],"version-history":[{"count":5,"href":"https:\/\/mhf.ro\/mm\/wp-json\/wp\/v2\/posts\/6149\/revisions"}],"predecessor-version":[{"id":6154,"href":"https:\/\/mhf.ro\/mm\/wp-json\/wp\/v2\/posts\/6149\/revisions\/6154"}],"wp:featuredmedia":[{"embeddable":true,"href":"https:\/\/mhf.ro\/mm\/wp-json\/wp\/v2\/media\/6148"}],"wp:attachment":[{"href":"https:\/\/mhf.ro\/mm\/wp-json\/wp\/v2\/media?parent=6149"}],"wp:term":[{"taxonomy":"category","embeddable":true,"href":"https:\/\/mhf.ro\/mm\/wp-json\/wp\/v2\/categories?post=6149"},{"taxonomy":"post_tag","embeddable":true,"href":"https:\/\/mhf.ro\/mm\/wp-json\/wp\/v2\/tags?post=6149"}],"curies":[{"name":"wp","href":"https:\/\/api.w.org\/{rel}","templated":true}]}}