{"id":6164,"date":"2022-01-31T08:01:12","date_gmt":"2022-01-31T06:01:12","guid":{"rendered":"https:\/\/mhf.ro\/mm\/?p=6164"},"modified":"2022-01-31T08:01:12","modified_gmt":"2022-01-31T06:01:12","slug":"reforma-pensiilor-creeaza-discutii-in-guvern","status":"publish","type":"post","link":"https:\/\/mhf.ro\/mm\/reforma-pensiilor-creeaza-discutii-in-guvern\/","title":{"rendered":"Reforma pensiilor creeaz\u0103 discu\u021bii \u00een Guvern"},"content":{"rendered":"<p><strong>Purt\u0103torul de cuv\u00e2nt al Guvernului, Dan C\u0103rbunaru, a declarat pentru AGERPRES c\u0103 \u201eeste exclus\u0103\u201d orice renegociere a PNRR p\u00e2n\u0103 \u00een 2023. Afirma\u021biile au fost f\u0103cute \u00een contextul \u00een care PSD spune c\u0103\u00a0de la 1 mai trebuie \u00eencepute negocierile pe cre\u0219terea pensiilor. Liberalii spun c\u0103 nu se poate realiza ce vor social-democra\u021bii.<\/strong><\/p>\n<p>\u201eGuvernul Rom\u00e2niei va respecta toate angajamentele privind reformele \u015fi investi\u0163iile din Planul Na\u0163ional de Redresare \u015fi Rezilien\u0163\u0103 (PNRR). Este exclus s\u0103 demar\u0103m orice demers de renegociere, p\u00e2n\u0103 \u00een 2023, c\u00e2nd va fi prima oportunitate \u00een acest sens. Trebuie s\u0103 ne concentr\u0103m pe atingerea \u0163intelor \u015fi jaloanelor, pentru ca rom\u00e2nii s\u0103 poat\u0103 beneficia de miliardele de euro de care avem nevoie pentru sus\u0163inerea economiei \u015fi ridicarea nivelului de trai. A\u015fa cum premierul Nicolae-Ionel Ciuc\u0103 a subliniat, vineri, \u00een conferin\u0163a de pres\u0103 sus\u0163inut\u0103 al\u0103turi de secretarul general al OCDE, Mathias Cormann, reforma pensiilor este un obiectiv c\u00e2t se poate de important, iar, la nivelul Guvernului, aten\u0163ia trebuie s\u0103 se concentreze astfel \u00eenc\u00e2t rom\u00e2nii s\u0103 beneficieze, dup\u0103 o via\u0163\u0103 de munc\u0103, de un venit care s\u0103 le permit\u0103 s\u0103 duc\u0103 un trai decent\u201d, spune Dan C\u0103rbunaru.<\/p>\n<p>La prima \u00eentrunire a Comitetului interministerial pentru PNRR primul subiect care a fost discutate a fost reforma pensiilor, a reamintit Dan C\u0103rbunaru.<\/p>\n<p>\u201eCa atare, este o \u0163int\u0103 din PNRR, intr\u0103 \u00een ansamblul de reforme pe care Guvernul trebuie s\u0103 le fac\u0103, astfel \u00eenc\u00e2t s\u0103 poat\u0103 s\u0103 atrag\u0103 banii pe care \u00eei avem la dispozi\u0163ie prin acest program. Vom continua s\u0103 acord\u0103m toat\u0103 aten\u0163ia necesar\u0103, astfel \u00eenc\u00e2t aceast\u0103 reform\u0103 s\u0103 se \u00eendeplineasc\u0103\u201d.<\/p>\n<p>Mini\u0219trii PNL \u0219i fostul premier Florin C\u00ee\u021bu au anun\u021bat c\u0103 renegocierea cu PNRR nu este posibil\u0103.<\/p>\n<h4><strong>Din luna mai vor avea loc negocieri cu Comisia European\u0103 pentru cre\u0219terea procentului din PIB. Acest procent poate fi alocat de Rom\u00e2nia pentru plata pensiilor, a declarat la Antena 3 Vicepre\u0219edintele PSD Lia Olgu\u021ba Vasilescu\u00a0<\/strong><\/h4>\n<p>\u201eNu va fi o noua lege a pensiilor, se va merge pe legea 127. Ca vor suferi modificari unele articole, este altceva. Nu renuntam sub nicio forma la lege, daca se punea aceasta problema noi nu intram la guvernare, s-a acceptat sa fie doar anumite modificari. Noi am venit cu 40% (majorare a pensiilor) sa se dea de la 1 ianuarie 2022 dar din pacate nu s-a putut aplica pana nu se fac niste calcule pentru ca dl Ghinea a pus in PNRR fara dezbatere publica ca procentul din PIB (pentru pensii) nu poate depasi 9,4% cu tot cu pensiile speciale. Si atunci am zis \u2018Hai sa dam 10% acum sa acoperim macar rata inflatiei si sa ne luam un termen de 120 de zile sa discutam cu Comisia Europeana\u2019, sa explicam ca nu poate ramane Romania cu 9,4% din PIB cu tot cu pensii speciale. Media UE (a cheltuielilor cu pensiile) este 13% din PIB, noi acum suntem la 8%. Pe noua lege ar fi de 11,7%. Portugalia are 16% si are o economie similara cu a noastra. Foarte important, nu se modifica formula de calcul a pensiei. Vreau sa stie toti romanii ca legea 127 nu s-a aplicat pana acum in Romania, in afara unor majorari de pensii\u201d, a spus aceasta. (conf. Jurnalist.ro)<\/p>\n","protected":false},"excerpt":{"rendered":"<p>Purt\u0103torul de cuv\u00e2nt al Guvernului, Dan C\u0103rbunaru, a declarat pentru AGERPRES c\u0103 \u201eeste exclus\u0103\u201d orice renegociere a PNRR p\u00e2n\u0103 \u00een<\/p>\n","protected":false},"author":1,"featured_media":6165,"comment_status":"open","ping_status":"open","sticky":false,"template":"","format":"standard","meta":{"colormag_page_container_layout":"default_layout","colormag_page_sidebar_layout":"default_layout","footnotes":""},"categories":[5],"tags":[],"class_list":["post-6164","post","type-post","status-publish","format-standard","has-post-thumbnail","hentry","category-locale"],"yoast_head":"<!-- This site is optimized with the Yoast SEO plugin v27.0 - https:\/\/yoast.com\/product\/yoast-seo-wordpress\/ -->\n<title>Reforma pensiilor creeaz\u0103 discu\u021bii \u00een Guvern - MHF Photography<\/title>\n<meta name=\"robots\" content=\"index, follow, max-snippet:-1, max-image-preview:large, max-video-preview:-1\" \/>\n<link rel=\"canonical\" href=\"https:\/\/mhf.ro\/mm\/reforma-pensiilor-creeaza-discutii-in-guvern\/\" \/>\n<meta property=\"og:locale\" content=\"ro_RO\" \/>\n<meta property=\"og:type\" content=\"article\" \/>\n<meta property=\"og:title\" content=\"Reforma pensiilor creeaz\u0103 discu\u021bii \u00een Guvern - MHF Photography\" \/>\n<meta property=\"og:description\" content=\"Purt\u0103torul de cuv\u00e2nt al Guvernului, Dan C\u0103rbunaru, a declarat pentru AGERPRES c\u0103 \u201eeste exclus\u0103\u201d orice renegociere a PNRR p\u00e2n\u0103 \u00een\" \/>\n<meta property=\"og:url\" content=\"https:\/\/mhf.ro\/mm\/reforma-pensiilor-creeaza-discutii-in-guvern\/\" \/>\n<meta property=\"og:site_name\" content=\"MHF Photography\" \/>\n<meta property=\"article:published_time\" content=\"2022-01-31T06:01:12+00:00\" \/>\n<meta property=\"og:image\" content=\"https:\/\/mhf.ro\/mm\/wp-content\/uploads\/2022\/01\/guvernul-romaniei.jpg\" \/>\n\t<meta property=\"og:image:width\" content=\"1200\" \/>\n\t<meta property=\"og:image:height\" content=\"698\" \/>\n\t<meta property=\"og:image:type\" content=\"image\/jpeg\" \/>\n<meta name=\"author\" content=\"Marius Marcu\" \/>\n<meta name=\"twitter:card\" content=\"summary_large_image\" \/>\n<meta name=\"twitter:label1\" content=\"Scris de\" \/>\n\t<meta name=\"twitter:data1\" content=\"Marius Marcu\" \/>\n\t<meta name=\"twitter:label2\" content=\"Timp estimat pentru citire\" \/>\n\t<meta name=\"twitter:data2\" content=\"3 minute\" \/>\n<script type=\"application\/ld+json\" class=\"yoast-schema-graph\">{\"@context\":\"https:\/\/schema.org\",\"@graph\":[{\"@type\":\"Article\",\"@id\":\"https:\/\/mhf.ro\/mm\/reforma-pensiilor-creeaza-discutii-in-guvern\/#article\",\"isPartOf\":{\"@id\":\"https:\/\/mhf.ro\/mm\/reforma-pensiilor-creeaza-discutii-in-guvern\/\"},\"author\":{\"name\":\"Marius Marcu\",\"@id\":\"https:\/\/mhf.ro\/mm\/#\/schema\/person\/a3bebf7bdb4bf12f698aff73c7e46c21\"},\"headline\":\"Reforma pensiilor creeaz\u0103 discu\u021bii \u00een Guvern\",\"datePublished\":\"2022-01-31T06:01:12+00:00\",\"mainEntityOfPage\":{\"@id\":\"https:\/\/mhf.ro\/mm\/reforma-pensiilor-creeaza-discutii-in-guvern\/\"},\"wordCount\":552,\"commentCount\":0,\"publisher\":{\"@id\":\"https:\/\/mhf.ro\/mm\/#\/schema\/person\/a3bebf7bdb4bf12f698aff73c7e46c21\"},\"image\":{\"@id\":\"https:\/\/mhf.ro\/mm\/reforma-pensiilor-creeaza-discutii-in-guvern\/#primaryimage\"},\"thumbnailUrl\":\"https:\/\/mhf.ro\/mm\/wp-content\/uploads\/2022\/01\/guvernul-romaniei.jpg\",\"articleSection\":[\"Locale\"],\"inLanguage\":\"ro-RO\",\"potentialAction\":[{\"@type\":\"CommentAction\",\"name\":\"Comment\",\"target\":[\"https:\/\/mhf.ro\/mm\/reforma-pensiilor-creeaza-discutii-in-guvern\/#respond\"]}]},{\"@type\":\"WebPage\",\"@id\":\"https:\/\/mhf.ro\/mm\/reforma-pensiilor-creeaza-discutii-in-guvern\/\",\"url\":\"https:\/\/mhf.ro\/mm\/reforma-pensiilor-creeaza-discutii-in-guvern\/\",\"name\":\"Reforma pensiilor creeaz\u0103 discu\u021bii \u00een Guvern - MHF Photography\",\"isPartOf\":{\"@id\":\"https:\/\/mhf.ro\/mm\/#website\"},\"primaryImageOfPage\":{\"@id\":\"https:\/\/mhf.ro\/mm\/reforma-pensiilor-creeaza-discutii-in-guvern\/#primaryimage\"},\"image\":{\"@id\":\"https:\/\/mhf.ro\/mm\/reforma-pensiilor-creeaza-discutii-in-guvern\/#primaryimage\"},\"thumbnailUrl\":\"https:\/\/mhf.ro\/mm\/wp-content\/uploads\/2022\/01\/guvernul-romaniei.jpg\",\"datePublished\":\"2022-01-31T06:01:12+00:00\",\"breadcrumb\":{\"@id\":\"https:\/\/mhf.ro\/mm\/reforma-pensiilor-creeaza-discutii-in-guvern\/#breadcrumb\"},\"inLanguage\":\"ro-RO\",\"potentialAction\":[{\"@type\":\"ReadAction\",\"target\":[\"https:\/\/mhf.ro\/mm\/reforma-pensiilor-creeaza-discutii-in-guvern\/\"]}]},{\"@type\":\"ImageObject\",\"inLanguage\":\"ro-RO\",\"@id\":\"https:\/\/mhf.ro\/mm\/reforma-pensiilor-creeaza-discutii-in-guvern\/#primaryimage\",\"url\":\"https:\/\/mhf.ro\/mm\/wp-content\/uploads\/2022\/01\/guvernul-romaniei.jpg\",\"contentUrl\":\"https:\/\/mhf.ro\/mm\/wp-content\/uploads\/2022\/01\/guvernul-romaniei.jpg\",\"width\":1200,\"height\":698},{\"@type\":\"BreadcrumbList\",\"@id\":\"https:\/\/mhf.ro\/mm\/reforma-pensiilor-creeaza-discutii-in-guvern\/#breadcrumb\",\"itemListElement\":[{\"@type\":\"ListItem\",\"position\":1,\"name\":\"Prima pagin\u0103\",\"item\":\"https:\/\/mhf.ro\/mm\/\"},{\"@type\":\"ListItem\",\"position\":2,\"name\":\"Reforma pensiilor creeaz\u0103 discu\u021bii \u00een Guvern\"}]},{\"@type\":\"WebSite\",\"@id\":\"https:\/\/mhf.ro\/mm\/#website\",\"url\":\"https:\/\/mhf.ro\/mm\/\",\"name\":\"MHF Photography \u2013 Blog de fotografie, natur\u0103 \u0219i tehnic\u0103 divers\u0103\",\"description\":\"Aventur\u0103 \u00een fiecare cadru.\",\"publisher\":{\"@id\":\"https:\/\/mhf.ro\/mm\/#\/schema\/person\/a3bebf7bdb4bf12f698aff73c7e46c21\"},\"potentialAction\":[{\"@type\":\"SearchAction\",\"target\":{\"@type\":\"EntryPoint\",\"urlTemplate\":\"https:\/\/mhf.ro\/mm\/?s={search_term_string}\"},\"query-input\":{\"@type\":\"PropertyValueSpecification\",\"valueRequired\":true,\"valueName\":\"search_term_string\"}}],\"inLanguage\":\"ro-RO\"},{\"@type\":[\"Person\",\"Organization\"],\"@id\":\"https:\/\/mhf.ro\/mm\/#\/schema\/person\/a3bebf7bdb4bf12f698aff73c7e46c21\",\"name\":\"Marius Marcu\",\"image\":{\"@type\":\"ImageObject\",\"inLanguage\":\"ro-RO\",\"@id\":\"https:\/\/mhf.ro\/mm\/#\/schema\/person\/image\/\",\"url\":\"https:\/\/mhf.ro\/mm\/wp-content\/uploads\/2025\/12\/cropped-logo_mhf_2.png\",\"contentUrl\":\"https:\/\/mhf.ro\/mm\/wp-content\/uploads\/2025\/12\/cropped-logo_mhf_2.png\",\"width\":1096,\"height\":457,\"caption\":\"Marius Marcu\"},\"logo\":{\"@id\":\"https:\/\/mhf.ro\/mm\/#\/schema\/person\/image\/\"},\"sameAs\":[\"https:\/\/mhf.ro\/mm\"],\"url\":\"https:\/\/mhf.ro\/mm\/author\/mihai\/\"}]}<\/script>\n<!-- \/ Yoast SEO plugin. -->","yoast_head_json":{"title":"Reforma pensiilor creeaz\u0103 discu\u021bii \u00een Guvern - MHF Photography","robots":{"index":"index","follow":"follow","max-snippet":"max-snippet:-1","max-image-preview":"max-image-preview:large","max-video-preview":"max-video-preview:-1"},"canonical":"https:\/\/mhf.ro\/mm\/reforma-pensiilor-creeaza-discutii-in-guvern\/","og_locale":"ro_RO","og_type":"article","og_title":"Reforma pensiilor creeaz\u0103 discu\u021bii \u00een Guvern - MHF Photography","og_description":"Purt\u0103torul de cuv\u00e2nt al Guvernului, Dan C\u0103rbunaru, a declarat pentru AGERPRES c\u0103 \u201eeste exclus\u0103\u201d orice renegociere a PNRR p\u00e2n\u0103 \u00een","og_url":"https:\/\/mhf.ro\/mm\/reforma-pensiilor-creeaza-discutii-in-guvern\/","og_site_name":"MHF Photography","article_published_time":"2022-01-31T06:01:12+00:00","og_image":[{"width":1200,"height":698,"url":"https:\/\/mhf.ro\/mm\/wp-content\/uploads\/2022\/01\/guvernul-romaniei.jpg","type":"image\/jpeg"}],"author":"Marius Marcu","twitter_card":"summary_large_image","twitter_misc":{"Scris de":"Marius Marcu","Timp estimat pentru citire":"3 minute"},"schema":{"@context":"https:\/\/schema.org","@graph":[{"@type":"Article","@id":"https:\/\/mhf.ro\/mm\/reforma-pensiilor-creeaza-discutii-in-guvern\/#article","isPartOf":{"@id":"https:\/\/mhf.ro\/mm\/reforma-pensiilor-creeaza-discutii-in-guvern\/"},"author":{"name":"Marius Marcu","@id":"https:\/\/mhf.ro\/mm\/#\/schema\/person\/a3bebf7bdb4bf12f698aff73c7e46c21"},"headline":"Reforma pensiilor creeaz\u0103 discu\u021bii \u00een Guvern","datePublished":"2022-01-31T06:01:12+00:00","mainEntityOfPage":{"@id":"https:\/\/mhf.ro\/mm\/reforma-pensiilor-creeaza-discutii-in-guvern\/"},"wordCount":552,"commentCount":0,"publisher":{"@id":"https:\/\/mhf.ro\/mm\/#\/schema\/person\/a3bebf7bdb4bf12f698aff73c7e46c21"},"image":{"@id":"https:\/\/mhf.ro\/mm\/reforma-pensiilor-creeaza-discutii-in-guvern\/#primaryimage"},"thumbnailUrl":"https:\/\/mhf.ro\/mm\/wp-content\/uploads\/2022\/01\/guvernul-romaniei.jpg","articleSection":["Locale"],"inLanguage":"ro-RO","potentialAction":[{"@type":"CommentAction","name":"Comment","target":["https:\/\/mhf.ro\/mm\/reforma-pensiilor-creeaza-discutii-in-guvern\/#respond"]}]},{"@type":"WebPage","@id":"https:\/\/mhf.ro\/mm\/reforma-pensiilor-creeaza-discutii-in-guvern\/","url":"https:\/\/mhf.ro\/mm\/reforma-pensiilor-creeaza-discutii-in-guvern\/","name":"Reforma pensiilor creeaz\u0103 discu\u021bii \u00een Guvern - MHF Photography","isPartOf":{"@id":"https:\/\/mhf.ro\/mm\/#website"},"primaryImageOfPage":{"@id":"https:\/\/mhf.ro\/mm\/reforma-pensiilor-creeaza-discutii-in-guvern\/#primaryimage"},"image":{"@id":"https:\/\/mhf.ro\/mm\/reforma-pensiilor-creeaza-discutii-in-guvern\/#primaryimage"},"thumbnailUrl":"https:\/\/mhf.ro\/mm\/wp-content\/uploads\/2022\/01\/guvernul-romaniei.jpg","datePublished":"2022-01-31T06:01:12+00:00","breadcrumb":{"@id":"https:\/\/mhf.ro\/mm\/reforma-pensiilor-creeaza-discutii-in-guvern\/#breadcrumb"},"inLanguage":"ro-RO","potentialAction":[{"@type":"ReadAction","target":["https:\/\/mhf.ro\/mm\/reforma-pensiilor-creeaza-discutii-in-guvern\/"]}]},{"@type":"ImageObject","inLanguage":"ro-RO","@id":"https:\/\/mhf.ro\/mm\/reforma-pensiilor-creeaza-discutii-in-guvern\/#primaryimage","url":"https:\/\/mhf.ro\/mm\/wp-content\/uploads\/2022\/01\/guvernul-romaniei.jpg","contentUrl":"https:\/\/mhf.ro\/mm\/wp-content\/uploads\/2022\/01\/guvernul-romaniei.jpg","width":1200,"height":698},{"@type":"BreadcrumbList","@id":"https:\/\/mhf.ro\/mm\/reforma-pensiilor-creeaza-discutii-in-guvern\/#breadcrumb","itemListElement":[{"@type":"ListItem","position":1,"name":"Prima pagin\u0103","item":"https:\/\/mhf.ro\/mm\/"},{"@type":"ListItem","position":2,"name":"Reforma pensiilor creeaz\u0103 discu\u021bii \u00een Guvern"}]},{"@type":"WebSite","@id":"https:\/\/mhf.ro\/mm\/#website","url":"https:\/\/mhf.ro\/mm\/","name":"MHF Photography \u2013 Blog de fotografie, natur\u0103 \u0219i tehnic\u0103 divers\u0103","description":"Aventur\u0103 \u00een fiecare cadru.","publisher":{"@id":"https:\/\/mhf.ro\/mm\/#\/schema\/person\/a3bebf7bdb4bf12f698aff73c7e46c21"},"potentialAction":[{"@type":"SearchAction","target":{"@type":"EntryPoint","urlTemplate":"https:\/\/mhf.ro\/mm\/?s={search_term_string}"},"query-input":{"@type":"PropertyValueSpecification","valueRequired":true,"valueName":"search_term_string"}}],"inLanguage":"ro-RO"},{"@type":["Person","Organization"],"@id":"https:\/\/mhf.ro\/mm\/#\/schema\/person\/a3bebf7bdb4bf12f698aff73c7e46c21","name":"Marius Marcu","image":{"@type":"ImageObject","inLanguage":"ro-RO","@id":"https:\/\/mhf.ro\/mm\/#\/schema\/person\/image\/","url":"https:\/\/mhf.ro\/mm\/wp-content\/uploads\/2025\/12\/cropped-logo_mhf_2.png","contentUrl":"https:\/\/mhf.ro\/mm\/wp-content\/uploads\/2025\/12\/cropped-logo_mhf_2.png","width":1096,"height":457,"caption":"Marius Marcu"},"logo":{"@id":"https:\/\/mhf.ro\/mm\/#\/schema\/person\/image\/"},"sameAs":["https:\/\/mhf.ro\/mm"],"url":"https:\/\/mhf.ro\/mm\/author\/mihai\/"}]}},"_links":{"self":[{"href":"https:\/\/mhf.ro\/mm\/wp-json\/wp\/v2\/posts\/6164","targetHints":{"allow":["GET"]}}],"collection":[{"href":"https:\/\/mhf.ro\/mm\/wp-json\/wp\/v2\/posts"}],"about":[{"href":"https:\/\/mhf.ro\/mm\/wp-json\/wp\/v2\/types\/post"}],"author":[{"embeddable":true,"href":"https:\/\/mhf.ro\/mm\/wp-json\/wp\/v2\/users\/1"}],"replies":[{"embeddable":true,"href":"https:\/\/mhf.ro\/mm\/wp-json\/wp\/v2\/comments?post=6164"}],"version-history":[{"count":1,"href":"https:\/\/mhf.ro\/mm\/wp-json\/wp\/v2\/posts\/6164\/revisions"}],"predecessor-version":[{"id":6166,"href":"https:\/\/mhf.ro\/mm\/wp-json\/wp\/v2\/posts\/6164\/revisions\/6166"}],"wp:featuredmedia":[{"embeddable":true,"href":"https:\/\/mhf.ro\/mm\/wp-json\/wp\/v2\/media\/6165"}],"wp:attachment":[{"href":"https:\/\/mhf.ro\/mm\/wp-json\/wp\/v2\/media?parent=6164"}],"wp:term":[{"taxonomy":"category","embeddable":true,"href":"https:\/\/mhf.ro\/mm\/wp-json\/wp\/v2\/categories?post=6164"},{"taxonomy":"post_tag","embeddable":true,"href":"https:\/\/mhf.ro\/mm\/wp-json\/wp\/v2\/tags?post=6164"}],"curies":[{"name":"wp","href":"https:\/\/api.w.org\/{rel}","templated":true}]}}