{"id":6272,"date":"2022-02-03T09:27:05","date_gmt":"2022-02-03T07:27:05","guid":{"rendered":"https:\/\/mhf.ro\/mm\/?p=6272"},"modified":"2022-02-03T13:23:57","modified_gmt":"2022-02-03T11:23:57","slug":"modificari-in-programele-rabla-clasic-si-rabla-plus","status":"publish","type":"post","link":"https:\/\/mhf.ro\/mm\/modificari-in-programele-rabla-clasic-si-rabla-plus\/","title":{"rendered":"Modific\u0103ri \u00een programele Rabla Clasic \u0219i Rabla Plus"},"content":{"rendered":"<p align=\"left\">Mai sunt doar c\u00e2teva zile p\u00e2n\u0103 la startul programelor Rabla Clasic \u0219i Rabla Plus. Autorit\u0103\u021bile anun\u021b\u0103 schimb\u0103ri importante anul acesta. Mai exact, rom\u00e2nii care vor sa \u00ee\u0219i cumpere o ma\u0219in\u0103 nou\u0103 pot duce la casat dou\u0103 rable. Dac\u0103 ambele sunt mai vechi de 15 ani atunci ajutorul de la stat ajunge la 12 mii de lei, scrie\u00a0Digi24. \u00cen banii ace\u0219tia sunt incluse primele de casare \u0219i ecobonusurile de vechime.<\/p>\n<p align=\"left\">Cei care opteaz\u0103 pentru o ma\u0219in\u0103 electric\u0103 vor \u00a0primi din partea statului un ajutor mult mai substan\u021bial, care pleac\u0103 de la 46.500 de lei, cu o condi\u021bie, trebuie s\u0103 dea la schimb o rabl\u0103.<\/p>\n<p align=\"left\">Pentru un autoturism hibrid statul va acorda un ecotichet \u0219i un eco-bonus \u00een valoare de 21.500 de lei.<\/p>\n<p align=\"left\">\u00a0Subven\u021bia pentru ma\u0219inile verzi poate ajunge p\u00e2n\u0103 la 51 de mii de lei dac\u0103 se dau la casat dou\u0103 ma\u0219ini vechi.<\/p>\n<p align=\"left\">O noutate este faptul c\u0103 o ma\u0219in\u0103 poate fi scoas\u0103 din uz prin programul rabla mult mai repede \u2013 trebuie s\u0103 aib\u0103 o vechime de 6 ani \u0219i s\u0103 fie \u00eenmatriculat\u0103 tot de at\u00e2t timp \u00een Rom\u00e2nia. (conf. Jurnalist.ro)<\/p>\n<h3 style=\"text-align: right;\" align=\"left\"><a href=\"https:\/\/riz.ro\/\">Baghete polistiren<\/a><\/h3>\n","protected":false},"excerpt":{"rendered":"<p>Mai sunt doar c\u00e2teva zile p\u00e2n\u0103 la startul programelor Rabla Clasic \u0219i Rabla Plus. Autorit\u0103\u021bile anun\u021b\u0103 schimb\u0103ri importante anul acesta.<\/p>\n","protected":false},"author":1,"featured_media":6273,"comment_status":"open","ping_status":"open","sticky":false,"template":"","format":"standard","meta":{"colormag_page_container_layout":"default_layout","colormag_page_sidebar_layout":"default_layout","footnotes":""},"categories":[5],"tags":[],"class_list":["post-6272","post","type-post","status-publish","format-standard","has-post-thumbnail","hentry","category-locale"],"yoast_head":"<!-- This site is optimized with the Yoast SEO plugin v27.0 - https:\/\/yoast.com\/product\/yoast-seo-wordpress\/ -->\n<title>Modific\u0103ri \u00een programele Rabla Clasic \u0219i Rabla Plus - MHF Photography<\/title>\n<meta name=\"description\" content=\"Cei care opteaz\u0103 pentru o ma\u0219in\u0103 electric\u0103 vor \u00a0primi din partea statului un ajutor mult mai substan\u021bial, care pleac\u0103 de la 46.500 de lei\" \/>\n<meta name=\"robots\" content=\"index, follow, max-snippet:-1, max-image-preview:large, max-video-preview:-1\" \/>\n<link rel=\"canonical\" href=\"https:\/\/mhf.ro\/mm\/modificari-in-programele-rabla-clasic-si-rabla-plus\/\" \/>\n<meta property=\"og:locale\" content=\"ro_RO\" \/>\n<meta property=\"og:type\" content=\"article\" \/>\n<meta property=\"og:title\" content=\"Modific\u0103ri \u00een programele Rabla Clasic \u0219i Rabla Plus - MHF Photography\" \/>\n<meta property=\"og:description\" content=\"Cei care opteaz\u0103 pentru o ma\u0219in\u0103 electric\u0103 vor \u00a0primi din partea statului un ajutor mult mai substan\u021bial, care pleac\u0103 de la 46.500 de lei\" \/>\n<meta property=\"og:url\" content=\"https:\/\/mhf.ro\/mm\/modificari-in-programele-rabla-clasic-si-rabla-plus\/\" \/>\n<meta property=\"og:site_name\" content=\"MHF Photography\" \/>\n<meta property=\"article:published_time\" content=\"2022-02-03T07:27:05+00:00\" \/>\n<meta property=\"article:modified_time\" content=\"2022-02-03T11:23:57+00:00\" \/>\n<meta property=\"og:image\" content=\"https:\/\/mhf.ro\/mm\/wp-content\/uploads\/2022\/02\/rabla.jpg\" \/>\n\t<meta property=\"og:image:width\" content=\"800\" \/>\n\t<meta property=\"og:image:height\" content=\"450\" \/>\n\t<meta property=\"og:image:type\" content=\"image\/jpeg\" \/>\n<meta name=\"author\" content=\"Marius Marcu\" \/>\n<meta name=\"twitter:card\" content=\"summary_large_image\" \/>\n<meta name=\"twitter:label1\" content=\"Scris de\" \/>\n\t<meta name=\"twitter:data1\" content=\"Marius Marcu\" \/>\n\t<meta name=\"twitter:label2\" content=\"Timp estimat pentru citire\" \/>\n\t<meta name=\"twitter:data2\" content=\"1 minut\" \/>\n<script type=\"application\/ld+json\" class=\"yoast-schema-graph\">{\"@context\":\"https:\/\/schema.org\",\"@graph\":[{\"@type\":\"Article\",\"@id\":\"https:\/\/mhf.ro\/mm\/modificari-in-programele-rabla-clasic-si-rabla-plus\/#article\",\"isPartOf\":{\"@id\":\"https:\/\/mhf.ro\/mm\/modificari-in-programele-rabla-clasic-si-rabla-plus\/\"},\"author\":{\"name\":\"Marius Marcu\",\"@id\":\"https:\/\/mhf.ro\/mm\/#\/schema\/person\/a3bebf7bdb4bf12f698aff73c7e46c21\"},\"headline\":\"Modific\u0103ri \u00een programele Rabla Clasic \u0219i Rabla Plus\",\"datePublished\":\"2022-02-03T07:27:05+00:00\",\"dateModified\":\"2022-02-03T11:23:57+00:00\",\"mainEntityOfPage\":{\"@id\":\"https:\/\/mhf.ro\/mm\/modificari-in-programele-rabla-clasic-si-rabla-plus\/\"},\"wordCount\":204,\"commentCount\":0,\"publisher\":{\"@id\":\"https:\/\/mhf.ro\/mm\/#\/schema\/person\/a3bebf7bdb4bf12f698aff73c7e46c21\"},\"image\":{\"@id\":\"https:\/\/mhf.ro\/mm\/modificari-in-programele-rabla-clasic-si-rabla-plus\/#primaryimage\"},\"thumbnailUrl\":\"https:\/\/mhf.ro\/mm\/wp-content\/uploads\/2022\/02\/rabla.jpg\",\"articleSection\":[\"Locale\"],\"inLanguage\":\"ro-RO\",\"potentialAction\":[{\"@type\":\"CommentAction\",\"name\":\"Comment\",\"target\":[\"https:\/\/mhf.ro\/mm\/modificari-in-programele-rabla-clasic-si-rabla-plus\/#respond\"]}]},{\"@type\":\"WebPage\",\"@id\":\"https:\/\/mhf.ro\/mm\/modificari-in-programele-rabla-clasic-si-rabla-plus\/\",\"url\":\"https:\/\/mhf.ro\/mm\/modificari-in-programele-rabla-clasic-si-rabla-plus\/\",\"name\":\"Modific\u0103ri \u00een programele Rabla Clasic \u0219i Rabla Plus - MHF Photography\",\"isPartOf\":{\"@id\":\"https:\/\/mhf.ro\/mm\/#website\"},\"primaryImageOfPage\":{\"@id\":\"https:\/\/mhf.ro\/mm\/modificari-in-programele-rabla-clasic-si-rabla-plus\/#primaryimage\"},\"image\":{\"@id\":\"https:\/\/mhf.ro\/mm\/modificari-in-programele-rabla-clasic-si-rabla-plus\/#primaryimage\"},\"thumbnailUrl\":\"https:\/\/mhf.ro\/mm\/wp-content\/uploads\/2022\/02\/rabla.jpg\",\"datePublished\":\"2022-02-03T07:27:05+00:00\",\"dateModified\":\"2022-02-03T11:23:57+00:00\",\"description\":\"Cei care opteaz\u0103 pentru o ma\u0219in\u0103 electric\u0103 vor \u00a0primi din partea statului un ajutor mult mai substan\u021bial, care pleac\u0103 de la 46.500 de lei\",\"breadcrumb\":{\"@id\":\"https:\/\/mhf.ro\/mm\/modificari-in-programele-rabla-clasic-si-rabla-plus\/#breadcrumb\"},\"inLanguage\":\"ro-RO\",\"potentialAction\":[{\"@type\":\"ReadAction\",\"target\":[\"https:\/\/mhf.ro\/mm\/modificari-in-programele-rabla-clasic-si-rabla-plus\/\"]}]},{\"@type\":\"ImageObject\",\"inLanguage\":\"ro-RO\",\"@id\":\"https:\/\/mhf.ro\/mm\/modificari-in-programele-rabla-clasic-si-rabla-plus\/#primaryimage\",\"url\":\"https:\/\/mhf.ro\/mm\/wp-content\/uploads\/2022\/02\/rabla.jpg\",\"contentUrl\":\"https:\/\/mhf.ro\/mm\/wp-content\/uploads\/2022\/02\/rabla.jpg\",\"width\":800,\"height\":450},{\"@type\":\"BreadcrumbList\",\"@id\":\"https:\/\/mhf.ro\/mm\/modificari-in-programele-rabla-clasic-si-rabla-plus\/#breadcrumb\",\"itemListElement\":[{\"@type\":\"ListItem\",\"position\":1,\"name\":\"Prima pagin\u0103\",\"item\":\"https:\/\/mhf.ro\/mm\/\"},{\"@type\":\"ListItem\",\"position\":2,\"name\":\"Modific\u0103ri \u00een programele Rabla Clasic \u0219i Rabla Plus\"}]},{\"@type\":\"WebSite\",\"@id\":\"https:\/\/mhf.ro\/mm\/#website\",\"url\":\"https:\/\/mhf.ro\/mm\/\",\"name\":\"MHF Photography \u2013 Blog de fotografie, natur\u0103 \u0219i tehnic\u0103 divers\u0103\",\"description\":\"Aventur\u0103 \u00een fiecare cadru.\",\"publisher\":{\"@id\":\"https:\/\/mhf.ro\/mm\/#\/schema\/person\/a3bebf7bdb4bf12f698aff73c7e46c21\"},\"potentialAction\":[{\"@type\":\"SearchAction\",\"target\":{\"@type\":\"EntryPoint\",\"urlTemplate\":\"https:\/\/mhf.ro\/mm\/?s={search_term_string}\"},\"query-input\":{\"@type\":\"PropertyValueSpecification\",\"valueRequired\":true,\"valueName\":\"search_term_string\"}}],\"inLanguage\":\"ro-RO\"},{\"@type\":[\"Person\",\"Organization\"],\"@id\":\"https:\/\/mhf.ro\/mm\/#\/schema\/person\/a3bebf7bdb4bf12f698aff73c7e46c21\",\"name\":\"Marius Marcu\",\"image\":{\"@type\":\"ImageObject\",\"inLanguage\":\"ro-RO\",\"@id\":\"https:\/\/mhf.ro\/mm\/#\/schema\/person\/image\/\",\"url\":\"https:\/\/mhf.ro\/mm\/wp-content\/uploads\/2025\/12\/cropped-logo_mhf_2.png\",\"contentUrl\":\"https:\/\/mhf.ro\/mm\/wp-content\/uploads\/2025\/12\/cropped-logo_mhf_2.png\",\"width\":1096,\"height\":457,\"caption\":\"Marius Marcu\"},\"logo\":{\"@id\":\"https:\/\/mhf.ro\/mm\/#\/schema\/person\/image\/\"},\"sameAs\":[\"https:\/\/mhf.ro\/mm\"],\"url\":\"https:\/\/mhf.ro\/mm\/author\/mihai\/\"}]}<\/script>\n<!-- \/ Yoast SEO plugin. -->","yoast_head_json":{"title":"Modific\u0103ri \u00een programele Rabla Clasic \u0219i Rabla Plus - MHF Photography","description":"Cei care opteaz\u0103 pentru o ma\u0219in\u0103 electric\u0103 vor \u00a0primi din partea statului un ajutor mult mai substan\u021bial, care pleac\u0103 de la 46.500 de lei","robots":{"index":"index","follow":"follow","max-snippet":"max-snippet:-1","max-image-preview":"max-image-preview:large","max-video-preview":"max-video-preview:-1"},"canonical":"https:\/\/mhf.ro\/mm\/modificari-in-programele-rabla-clasic-si-rabla-plus\/","og_locale":"ro_RO","og_type":"article","og_title":"Modific\u0103ri \u00een programele Rabla Clasic \u0219i Rabla Plus - MHF Photography","og_description":"Cei care opteaz\u0103 pentru o ma\u0219in\u0103 electric\u0103 vor \u00a0primi din partea statului un ajutor mult mai substan\u021bial, care pleac\u0103 de la 46.500 de lei","og_url":"https:\/\/mhf.ro\/mm\/modificari-in-programele-rabla-clasic-si-rabla-plus\/","og_site_name":"MHF Photography","article_published_time":"2022-02-03T07:27:05+00:00","article_modified_time":"2022-02-03T11:23:57+00:00","og_image":[{"width":800,"height":450,"url":"https:\/\/mhf.ro\/mm\/wp-content\/uploads\/2022\/02\/rabla.jpg","type":"image\/jpeg"}],"author":"Marius Marcu","twitter_card":"summary_large_image","twitter_misc":{"Scris de":"Marius Marcu","Timp estimat pentru citire":"1 minut"},"schema":{"@context":"https:\/\/schema.org","@graph":[{"@type":"Article","@id":"https:\/\/mhf.ro\/mm\/modificari-in-programele-rabla-clasic-si-rabla-plus\/#article","isPartOf":{"@id":"https:\/\/mhf.ro\/mm\/modificari-in-programele-rabla-clasic-si-rabla-plus\/"},"author":{"name":"Marius Marcu","@id":"https:\/\/mhf.ro\/mm\/#\/schema\/person\/a3bebf7bdb4bf12f698aff73c7e46c21"},"headline":"Modific\u0103ri \u00een programele Rabla Clasic \u0219i Rabla Plus","datePublished":"2022-02-03T07:27:05+00:00","dateModified":"2022-02-03T11:23:57+00:00","mainEntityOfPage":{"@id":"https:\/\/mhf.ro\/mm\/modificari-in-programele-rabla-clasic-si-rabla-plus\/"},"wordCount":204,"commentCount":0,"publisher":{"@id":"https:\/\/mhf.ro\/mm\/#\/schema\/person\/a3bebf7bdb4bf12f698aff73c7e46c21"},"image":{"@id":"https:\/\/mhf.ro\/mm\/modificari-in-programele-rabla-clasic-si-rabla-plus\/#primaryimage"},"thumbnailUrl":"https:\/\/mhf.ro\/mm\/wp-content\/uploads\/2022\/02\/rabla.jpg","articleSection":["Locale"],"inLanguage":"ro-RO","potentialAction":[{"@type":"CommentAction","name":"Comment","target":["https:\/\/mhf.ro\/mm\/modificari-in-programele-rabla-clasic-si-rabla-plus\/#respond"]}]},{"@type":"WebPage","@id":"https:\/\/mhf.ro\/mm\/modificari-in-programele-rabla-clasic-si-rabla-plus\/","url":"https:\/\/mhf.ro\/mm\/modificari-in-programele-rabla-clasic-si-rabla-plus\/","name":"Modific\u0103ri \u00een programele Rabla Clasic \u0219i Rabla Plus - MHF Photography","isPartOf":{"@id":"https:\/\/mhf.ro\/mm\/#website"},"primaryImageOfPage":{"@id":"https:\/\/mhf.ro\/mm\/modificari-in-programele-rabla-clasic-si-rabla-plus\/#primaryimage"},"image":{"@id":"https:\/\/mhf.ro\/mm\/modificari-in-programele-rabla-clasic-si-rabla-plus\/#primaryimage"},"thumbnailUrl":"https:\/\/mhf.ro\/mm\/wp-content\/uploads\/2022\/02\/rabla.jpg","datePublished":"2022-02-03T07:27:05+00:00","dateModified":"2022-02-03T11:23:57+00:00","description":"Cei care opteaz\u0103 pentru o ma\u0219in\u0103 electric\u0103 vor \u00a0primi din partea statului un ajutor mult mai substan\u021bial, care pleac\u0103 de la 46.500 de lei","breadcrumb":{"@id":"https:\/\/mhf.ro\/mm\/modificari-in-programele-rabla-clasic-si-rabla-plus\/#breadcrumb"},"inLanguage":"ro-RO","potentialAction":[{"@type":"ReadAction","target":["https:\/\/mhf.ro\/mm\/modificari-in-programele-rabla-clasic-si-rabla-plus\/"]}]},{"@type":"ImageObject","inLanguage":"ro-RO","@id":"https:\/\/mhf.ro\/mm\/modificari-in-programele-rabla-clasic-si-rabla-plus\/#primaryimage","url":"https:\/\/mhf.ro\/mm\/wp-content\/uploads\/2022\/02\/rabla.jpg","contentUrl":"https:\/\/mhf.ro\/mm\/wp-content\/uploads\/2022\/02\/rabla.jpg","width":800,"height":450},{"@type":"BreadcrumbList","@id":"https:\/\/mhf.ro\/mm\/modificari-in-programele-rabla-clasic-si-rabla-plus\/#breadcrumb","itemListElement":[{"@type":"ListItem","position":1,"name":"Prima pagin\u0103","item":"https:\/\/mhf.ro\/mm\/"},{"@type":"ListItem","position":2,"name":"Modific\u0103ri \u00een programele Rabla Clasic \u0219i Rabla Plus"}]},{"@type":"WebSite","@id":"https:\/\/mhf.ro\/mm\/#website","url":"https:\/\/mhf.ro\/mm\/","name":"MHF Photography \u2013 Blog de fotografie, natur\u0103 \u0219i tehnic\u0103 divers\u0103","description":"Aventur\u0103 \u00een fiecare cadru.","publisher":{"@id":"https:\/\/mhf.ro\/mm\/#\/schema\/person\/a3bebf7bdb4bf12f698aff73c7e46c21"},"potentialAction":[{"@type":"SearchAction","target":{"@type":"EntryPoint","urlTemplate":"https:\/\/mhf.ro\/mm\/?s={search_term_string}"},"query-input":{"@type":"PropertyValueSpecification","valueRequired":true,"valueName":"search_term_string"}}],"inLanguage":"ro-RO"},{"@type":["Person","Organization"],"@id":"https:\/\/mhf.ro\/mm\/#\/schema\/person\/a3bebf7bdb4bf12f698aff73c7e46c21","name":"Marius Marcu","image":{"@type":"ImageObject","inLanguage":"ro-RO","@id":"https:\/\/mhf.ro\/mm\/#\/schema\/person\/image\/","url":"https:\/\/mhf.ro\/mm\/wp-content\/uploads\/2025\/12\/cropped-logo_mhf_2.png","contentUrl":"https:\/\/mhf.ro\/mm\/wp-content\/uploads\/2025\/12\/cropped-logo_mhf_2.png","width":1096,"height":457,"caption":"Marius Marcu"},"logo":{"@id":"https:\/\/mhf.ro\/mm\/#\/schema\/person\/image\/"},"sameAs":["https:\/\/mhf.ro\/mm"],"url":"https:\/\/mhf.ro\/mm\/author\/mihai\/"}]}},"_links":{"self":[{"href":"https:\/\/mhf.ro\/mm\/wp-json\/wp\/v2\/posts\/6272","targetHints":{"allow":["GET"]}}],"collection":[{"href":"https:\/\/mhf.ro\/mm\/wp-json\/wp\/v2\/posts"}],"about":[{"href":"https:\/\/mhf.ro\/mm\/wp-json\/wp\/v2\/types\/post"}],"author":[{"embeddable":true,"href":"https:\/\/mhf.ro\/mm\/wp-json\/wp\/v2\/users\/1"}],"replies":[{"embeddable":true,"href":"https:\/\/mhf.ro\/mm\/wp-json\/wp\/v2\/comments?post=6272"}],"version-history":[{"count":3,"href":"https:\/\/mhf.ro\/mm\/wp-json\/wp\/v2\/posts\/6272\/revisions"}],"predecessor-version":[{"id":6286,"href":"https:\/\/mhf.ro\/mm\/wp-json\/wp\/v2\/posts\/6272\/revisions\/6286"}],"wp:featuredmedia":[{"embeddable":true,"href":"https:\/\/mhf.ro\/mm\/wp-json\/wp\/v2\/media\/6273"}],"wp:attachment":[{"href":"https:\/\/mhf.ro\/mm\/wp-json\/wp\/v2\/media?parent=6272"}],"wp:term":[{"taxonomy":"category","embeddable":true,"href":"https:\/\/mhf.ro\/mm\/wp-json\/wp\/v2\/categories?post=6272"},{"taxonomy":"post_tag","embeddable":true,"href":"https:\/\/mhf.ro\/mm\/wp-json\/wp\/v2\/tags?post=6272"}],"curies":[{"name":"wp","href":"https:\/\/api.w.org\/{rel}","templated":true}]}}