{"id":6287,"date":"2022-02-03T14:39:24","date_gmt":"2022-02-03T12:39:24","guid":{"rendered":"https:\/\/mhf.ro\/mm\/?p=6287"},"modified":"2022-02-03T16:14:54","modified_gmt":"2022-02-03T14:14:54","slug":"atat-as-vrea","status":"publish","type":"post","link":"https:\/\/mhf.ro\/mm\/atat-as-vrea\/","title":{"rendered":"Atat as vrea&#8230;"},"content":{"rendered":"<p>Atat as vrea&#8230;<\/p>\n<p><em>Am incercat timid sa-mi iau revansa,<\/em><br \/>\n<em>timid, timid am fost mereu,<\/em><br \/>\n<em>dar luptandu-ma cu sansa,<\/em><br \/>\n<em>pe tine te-am pierdut la greu.<\/em><\/p>\n<p><em>In viata asta exra`uterina,<\/em><br \/>\n<em>calvarul a-nceput de la-nceput,<\/em><br \/>\n<em>si nu mi-ai dat macar o sansa&#8230;<\/em><br \/>\n<em>sa o iau cum as fi vrut&#8230;<\/em><\/p>\n<p><em>Plangeam adesea fara vina<\/em><br \/>\n<em>plangeam cum nu era firesc.<\/em><br \/>\n<em>m-am dumirit, ca tineretea,<\/em><br \/>\n<em>erau precara, doar un test&#8230;<\/em><\/p>\n<p><em>Am colindat multe epave, zau<\/em><br \/>\n<em>in portul meu, ascuns in vremi,<\/em><br \/>\n<em>voiam sa imi gasesc resursa,<\/em><br \/>\n<em>sa-not, sa vaslesc cum vreau eu.<\/em><\/p>\n<p><em>Dar n-am avut multe sperante,<\/em><br \/>\n<em>doar pescarusi cu zborul lin,<\/em><br \/>\n<em>aveam catarge ridicate,<\/em><br \/>\n<em>sa-ndur o mare pe senin.<\/em><\/p>\n<p><em>Pustiul se lasa in urma mea&#8230;<\/em><br \/>\n<em>dependent de dor de casa,<\/em><br \/>\n<em>tremuram, oftam, prin viata grea,<\/em><br \/>\n<em>indepartarea ce e tot mai deasa.<\/em><\/p>\n<p><em>Va intreb pe voi ce haiduciti,<\/em><br \/>\n<em>plecati de mult de-acasa,,<\/em><br \/>\n<em>nu vi se pare ca muriti,<\/em><br \/>\n<em>de-atea ori, si nu va pasa?<\/em><\/p>\n<p><em>Si ma intreb, si nu voi mai razbate,<\/em><br \/>\n<em>ce m-a facut sa plec in lume,<\/em><br \/>\n<em>de ce origini am pierdut, anume<\/em><br \/>\n<em>cu aripi largi, zidite-n spate?<\/em><\/p>\n<p><em>As vrea pustiul sa se -ntoarca-n sat,<\/em><br \/>\n<em>as vrea pe mama la fantana,<\/em><br \/>\n<em>as vrea de-i tremura o mana,<\/em><br \/>\n<em>sa-mbatraneasca langa-al ei barbat&#8230;<\/em><\/p>\n<p><em>Ma doare sufletul gandind,<\/em><br \/>\n<em>c-a-mbatranit, de ce-i bolnava?<\/em><br \/>\n<em>in caiet eu rasfoind, citind<\/em><br \/>\n<em>sa dau de mama, la intrarea mea, pe strada&#8230;<\/em><\/p>\n<p><em>Sunt multe reazeme pe drum,<\/em><br \/>\n<em>sunt multe porti boltite,<\/em><br \/>\n<em>dar toate insa-s pironite,<\/em><br \/>\n<em>&#8230;. as vrea pe mama sa o vad acum!<\/em><\/p>\n<p><em>Da-mi Doamne o mistrie sa cladesc,<\/em><br \/>\n<em>cetati cu multe chilioare,<\/em><br \/>\n<em>acolo-n multe dormitoare,<\/em><br \/>\n<em>pe mama draga s-o gasesc!<\/em><\/p>\n<p><em>Nu cer nimic, eu doar platesc,<\/em><br \/>\n<em>in viata tot mereu,<\/em><br \/>\n<em>pe mama s-o recuperez<\/em><br \/>\n<em>imi vine tot mai greu&#8230;<\/em><\/p>\n<p><em>Da-mi Domne, da-mi ce iti cersesc,<\/em><br \/>\n<em>adu-mi pe mama mea acasa,<\/em><br \/>\n<em>ma rog la Tine, te iubesc,<\/em><br \/>\n<em>reda-mi viata frumoasa&#8230;\u00a0<\/em><\/p>\n","protected":false},"excerpt":{"rendered":"<p>Atat as vrea&#8230; Am incercat timid sa-mi iau revansa, timid, timid am fost mereu, dar luptandu-ma cu sansa, pe tine<\/p>\n","protected":false},"author":3,"featured_media":6289,"comment_status":"open","ping_status":"open","sticky":false,"template":"","format":"standard","meta":{"colormag_page_container_layout":"default_layout","colormag_page_sidebar_layout":"default_layout","footnotes":""},"categories":[5,35],"tags":[],"class_list":["post-6287","post","type-post","status-publish","format-standard","has-post-thumbnail","hentry","category-locale","category-poezie"],"yoast_head":"<!-- This site is optimized with the Yoast SEO plugin v27.0 - https:\/\/yoast.com\/product\/yoast-seo-wordpress\/ -->\n<title>Atat as vrea... - MHF Photography<\/title>\n<meta name=\"description\" content=\"Am incercat timid sa-mi iau revansa, timid, timid am fost mereu, dar luptandu-ma cu sansa, pe tine te-am pierdut la greu.\" \/>\n<meta name=\"robots\" content=\"index, follow, max-snippet:-1, max-image-preview:large, max-video-preview:-1\" \/>\n<link rel=\"canonical\" href=\"https:\/\/mhf.ro\/mm\/atat-as-vrea\/\" \/>\n<meta property=\"og:locale\" content=\"ro_RO\" \/>\n<meta property=\"og:type\" content=\"article\" \/>\n<meta property=\"og:title\" content=\"Atat as vrea... - MHF Photography\" \/>\n<meta property=\"og:description\" content=\"Am incercat timid sa-mi iau revansa, timid, timid am fost mereu, dar luptandu-ma cu sansa, pe tine te-am pierdut la greu.\" \/>\n<meta property=\"og:url\" content=\"https:\/\/mhf.ro\/mm\/atat-as-vrea\/\" \/>\n<meta property=\"og:site_name\" content=\"MHF Photography\" \/>\n<meta property=\"article:published_time\" content=\"2022-02-03T12:39:24+00:00\" \/>\n<meta property=\"article:modified_time\" content=\"2022-02-03T14:14:54+00:00\" \/>\n<meta property=\"og:image\" content=\"https:\/\/mhf.ro\/mm\/wp-content\/uploads\/2022\/02\/tata_si_fiu.jpg\" \/>\n\t<meta property=\"og:image:width\" content=\"1280\" \/>\n\t<meta property=\"og:image:height\" content=\"755\" \/>\n\t<meta property=\"og:image:type\" content=\"image\/jpeg\" \/>\n<meta name=\"author\" content=\"Ciurtin Tavi\" \/>\n<meta name=\"twitter:card\" content=\"summary_large_image\" \/>\n<meta name=\"twitter:label1\" content=\"Scris de\" \/>\n\t<meta name=\"twitter:data1\" content=\"Ciurtin Tavi\" \/>\n\t<meta name=\"twitter:label2\" content=\"Timp estimat pentru citire\" \/>\n\t<meta name=\"twitter:data2\" content=\"2 minute\" \/>\n<script type=\"application\/ld+json\" class=\"yoast-schema-graph\">{\"@context\":\"https:\/\/schema.org\",\"@graph\":[{\"@type\":\"Article\",\"@id\":\"https:\/\/mhf.ro\/mm\/atat-as-vrea\/#article\",\"isPartOf\":{\"@id\":\"https:\/\/mhf.ro\/mm\/atat-as-vrea\/\"},\"author\":{\"name\":\"Ciurtin Tavi\",\"@id\":\"https:\/\/mhf.ro\/mm\/#\/schema\/person\/d2e8248dfe54de3d7284ff7254d2e29b\"},\"headline\":\"Atat as vrea&#8230;\",\"datePublished\":\"2022-02-03T12:39:24+00:00\",\"dateModified\":\"2022-02-03T14:14:54+00:00\",\"mainEntityOfPage\":{\"@id\":\"https:\/\/mhf.ro\/mm\/atat-as-vrea\/\"},\"wordCount\":301,\"commentCount\":2,\"publisher\":{\"@id\":\"https:\/\/mhf.ro\/mm\/#\/schema\/person\/a3bebf7bdb4bf12f698aff73c7e46c21\"},\"image\":{\"@id\":\"https:\/\/mhf.ro\/mm\/atat-as-vrea\/#primaryimage\"},\"thumbnailUrl\":\"https:\/\/mhf.ro\/mm\/wp-content\/uploads\/2022\/02\/tata_si_fiu.jpg\",\"articleSection\":[\"Locale\",\"Poezie\"],\"inLanguage\":\"ro-RO\",\"potentialAction\":[{\"@type\":\"CommentAction\",\"name\":\"Comment\",\"target\":[\"https:\/\/mhf.ro\/mm\/atat-as-vrea\/#respond\"]}]},{\"@type\":\"WebPage\",\"@id\":\"https:\/\/mhf.ro\/mm\/atat-as-vrea\/\",\"url\":\"https:\/\/mhf.ro\/mm\/atat-as-vrea\/\",\"name\":\"Atat as vrea... - MHF Photography\",\"isPartOf\":{\"@id\":\"https:\/\/mhf.ro\/mm\/#website\"},\"primaryImageOfPage\":{\"@id\":\"https:\/\/mhf.ro\/mm\/atat-as-vrea\/#primaryimage\"},\"image\":{\"@id\":\"https:\/\/mhf.ro\/mm\/atat-as-vrea\/#primaryimage\"},\"thumbnailUrl\":\"https:\/\/mhf.ro\/mm\/wp-content\/uploads\/2022\/02\/tata_si_fiu.jpg\",\"datePublished\":\"2022-02-03T12:39:24+00:00\",\"dateModified\":\"2022-02-03T14:14:54+00:00\",\"description\":\"Am incercat timid sa-mi iau revansa, timid, timid am fost mereu, dar luptandu-ma cu sansa, pe tine te-am pierdut la greu.\",\"breadcrumb\":{\"@id\":\"https:\/\/mhf.ro\/mm\/atat-as-vrea\/#breadcrumb\"},\"inLanguage\":\"ro-RO\",\"potentialAction\":[{\"@type\":\"ReadAction\",\"target\":[\"https:\/\/mhf.ro\/mm\/atat-as-vrea\/\"]}]},{\"@type\":\"ImageObject\",\"inLanguage\":\"ro-RO\",\"@id\":\"https:\/\/mhf.ro\/mm\/atat-as-vrea\/#primaryimage\",\"url\":\"https:\/\/mhf.ro\/mm\/wp-content\/uploads\/2022\/02\/tata_si_fiu.jpg\",\"contentUrl\":\"https:\/\/mhf.ro\/mm\/wp-content\/uploads\/2022\/02\/tata_si_fiu.jpg\",\"width\":1280,\"height\":755},{\"@type\":\"BreadcrumbList\",\"@id\":\"https:\/\/mhf.ro\/mm\/atat-as-vrea\/#breadcrumb\",\"itemListElement\":[{\"@type\":\"ListItem\",\"position\":1,\"name\":\"Prima pagin\u0103\",\"item\":\"https:\/\/mhf.ro\/mm\/\"},{\"@type\":\"ListItem\",\"position\":2,\"name\":\"Atat as vrea&#8230;\"}]},{\"@type\":\"WebSite\",\"@id\":\"https:\/\/mhf.ro\/mm\/#website\",\"url\":\"https:\/\/mhf.ro\/mm\/\",\"name\":\"MHF Photography \u2013 Blog de fotografie, natur\u0103 \u0219i tehnic\u0103 divers\u0103\",\"description\":\"Aventur\u0103 \u00een fiecare cadru.\",\"publisher\":{\"@id\":\"https:\/\/mhf.ro\/mm\/#\/schema\/person\/a3bebf7bdb4bf12f698aff73c7e46c21\"},\"potentialAction\":[{\"@type\":\"SearchAction\",\"target\":{\"@type\":\"EntryPoint\",\"urlTemplate\":\"https:\/\/mhf.ro\/mm\/?s={search_term_string}\"},\"query-input\":{\"@type\":\"PropertyValueSpecification\",\"valueRequired\":true,\"valueName\":\"search_term_string\"}}],\"inLanguage\":\"ro-RO\"},{\"@type\":[\"Person\",\"Organization\"],\"@id\":\"https:\/\/mhf.ro\/mm\/#\/schema\/person\/a3bebf7bdb4bf12f698aff73c7e46c21\",\"name\":\"Marius Marcu\",\"image\":{\"@type\":\"ImageObject\",\"inLanguage\":\"ro-RO\",\"@id\":\"https:\/\/mhf.ro\/mm\/#\/schema\/person\/image\/\",\"url\":\"https:\/\/mhf.ro\/mm\/wp-content\/uploads\/2025\/12\/cropped-logo_mhf_2.png\",\"contentUrl\":\"https:\/\/mhf.ro\/mm\/wp-content\/uploads\/2025\/12\/cropped-logo_mhf_2.png\",\"width\":1096,\"height\":457,\"caption\":\"Marius Marcu\"},\"logo\":{\"@id\":\"https:\/\/mhf.ro\/mm\/#\/schema\/person\/image\/\"},\"sameAs\":[\"https:\/\/mhf.ro\/mm\"]},{\"@type\":\"Person\",\"@id\":\"https:\/\/mhf.ro\/mm\/#\/schema\/person\/d2e8248dfe54de3d7284ff7254d2e29b\",\"name\":\"Ciurtin Tavi\",\"image\":{\"@type\":\"ImageObject\",\"inLanguage\":\"ro-RO\",\"@id\":\"https:\/\/mhf.ro\/mm\/#\/schema\/person\/image\/\",\"url\":\"https:\/\/secure.gravatar.com\/avatar\/5afa01044b4e9328c510b64d3aa571c665404d2e22859f2e114ebd21774aab9c?s=96&d=monsterid&r=g\",\"contentUrl\":\"https:\/\/secure.gravatar.com\/avatar\/5afa01044b4e9328c510b64d3aa571c665404d2e22859f2e114ebd21774aab9c?s=96&d=monsterid&r=g\",\"caption\":\"Ciurtin Tavi\"},\"description\":\"N-am crezut niciodata ca ce am vizionat in vis, va fi permanent lege pentru mine... as fi isteric sa cred, ca, chiar eu pot sa-mi duc neputinta atat de mult sa cred ca eu... nu mai stiu sa glumesc, cu el, cu ea, cu tine, si in ultimul rand... cu mine... stii ce as vrea? ca eu nu stiu.... ma catar doar pe o dorinta, fumeganda-n mintea mea, asa, apucata de un ciucur ca un vis.... un vis legitim, nu unul....labartit din memoria somnului, ca... ultima discutie cu tine! hai, pa... ma duc sa-mi mustruluiesc, speranta de-a avea curajul sa revina la suprafata inaintea zorilor .\",\"sameAs\":[\"https:\/\/mhf.ro\/mm\"],\"url\":\"https:\/\/mhf.ro\/mm\/author\/tavi\/\"}]}<\/script>\n<!-- \/ Yoast SEO plugin. -->","yoast_head_json":{"title":"Atat as vrea... - MHF Photography","description":"Am incercat timid sa-mi iau revansa, timid, timid am fost mereu, dar luptandu-ma cu sansa, pe tine te-am pierdut la greu.","robots":{"index":"index","follow":"follow","max-snippet":"max-snippet:-1","max-image-preview":"max-image-preview:large","max-video-preview":"max-video-preview:-1"},"canonical":"https:\/\/mhf.ro\/mm\/atat-as-vrea\/","og_locale":"ro_RO","og_type":"article","og_title":"Atat as vrea... - MHF Photography","og_description":"Am incercat timid sa-mi iau revansa, timid, timid am fost mereu, dar luptandu-ma cu sansa, pe tine te-am pierdut la greu.","og_url":"https:\/\/mhf.ro\/mm\/atat-as-vrea\/","og_site_name":"MHF Photography","article_published_time":"2022-02-03T12:39:24+00:00","article_modified_time":"2022-02-03T14:14:54+00:00","og_image":[{"width":1280,"height":755,"url":"https:\/\/mhf.ro\/mm\/wp-content\/uploads\/2022\/02\/tata_si_fiu.jpg","type":"image\/jpeg"}],"author":"Ciurtin Tavi","twitter_card":"summary_large_image","twitter_misc":{"Scris de":"Ciurtin Tavi","Timp estimat pentru citire":"2 minute"},"schema":{"@context":"https:\/\/schema.org","@graph":[{"@type":"Article","@id":"https:\/\/mhf.ro\/mm\/atat-as-vrea\/#article","isPartOf":{"@id":"https:\/\/mhf.ro\/mm\/atat-as-vrea\/"},"author":{"name":"Ciurtin Tavi","@id":"https:\/\/mhf.ro\/mm\/#\/schema\/person\/d2e8248dfe54de3d7284ff7254d2e29b"},"headline":"Atat as vrea&#8230;","datePublished":"2022-02-03T12:39:24+00:00","dateModified":"2022-02-03T14:14:54+00:00","mainEntityOfPage":{"@id":"https:\/\/mhf.ro\/mm\/atat-as-vrea\/"},"wordCount":301,"commentCount":2,"publisher":{"@id":"https:\/\/mhf.ro\/mm\/#\/schema\/person\/a3bebf7bdb4bf12f698aff73c7e46c21"},"image":{"@id":"https:\/\/mhf.ro\/mm\/atat-as-vrea\/#primaryimage"},"thumbnailUrl":"https:\/\/mhf.ro\/mm\/wp-content\/uploads\/2022\/02\/tata_si_fiu.jpg","articleSection":["Locale","Poezie"],"inLanguage":"ro-RO","potentialAction":[{"@type":"CommentAction","name":"Comment","target":["https:\/\/mhf.ro\/mm\/atat-as-vrea\/#respond"]}]},{"@type":"WebPage","@id":"https:\/\/mhf.ro\/mm\/atat-as-vrea\/","url":"https:\/\/mhf.ro\/mm\/atat-as-vrea\/","name":"Atat as vrea... - MHF Photography","isPartOf":{"@id":"https:\/\/mhf.ro\/mm\/#website"},"primaryImageOfPage":{"@id":"https:\/\/mhf.ro\/mm\/atat-as-vrea\/#primaryimage"},"image":{"@id":"https:\/\/mhf.ro\/mm\/atat-as-vrea\/#primaryimage"},"thumbnailUrl":"https:\/\/mhf.ro\/mm\/wp-content\/uploads\/2022\/02\/tata_si_fiu.jpg","datePublished":"2022-02-03T12:39:24+00:00","dateModified":"2022-02-03T14:14:54+00:00","description":"Am incercat timid sa-mi iau revansa, timid, timid am fost mereu, dar luptandu-ma cu sansa, pe tine te-am pierdut la greu.","breadcrumb":{"@id":"https:\/\/mhf.ro\/mm\/atat-as-vrea\/#breadcrumb"},"inLanguage":"ro-RO","potentialAction":[{"@type":"ReadAction","target":["https:\/\/mhf.ro\/mm\/atat-as-vrea\/"]}]},{"@type":"ImageObject","inLanguage":"ro-RO","@id":"https:\/\/mhf.ro\/mm\/atat-as-vrea\/#primaryimage","url":"https:\/\/mhf.ro\/mm\/wp-content\/uploads\/2022\/02\/tata_si_fiu.jpg","contentUrl":"https:\/\/mhf.ro\/mm\/wp-content\/uploads\/2022\/02\/tata_si_fiu.jpg","width":1280,"height":755},{"@type":"BreadcrumbList","@id":"https:\/\/mhf.ro\/mm\/atat-as-vrea\/#breadcrumb","itemListElement":[{"@type":"ListItem","position":1,"name":"Prima pagin\u0103","item":"https:\/\/mhf.ro\/mm\/"},{"@type":"ListItem","position":2,"name":"Atat as vrea&#8230;"}]},{"@type":"WebSite","@id":"https:\/\/mhf.ro\/mm\/#website","url":"https:\/\/mhf.ro\/mm\/","name":"MHF Photography \u2013 Blog de fotografie, natur\u0103 \u0219i tehnic\u0103 divers\u0103","description":"Aventur\u0103 \u00een fiecare cadru.","publisher":{"@id":"https:\/\/mhf.ro\/mm\/#\/schema\/person\/a3bebf7bdb4bf12f698aff73c7e46c21"},"potentialAction":[{"@type":"SearchAction","target":{"@type":"EntryPoint","urlTemplate":"https:\/\/mhf.ro\/mm\/?s={search_term_string}"},"query-input":{"@type":"PropertyValueSpecification","valueRequired":true,"valueName":"search_term_string"}}],"inLanguage":"ro-RO"},{"@type":["Person","Organization"],"@id":"https:\/\/mhf.ro\/mm\/#\/schema\/person\/a3bebf7bdb4bf12f698aff73c7e46c21","name":"Marius Marcu","image":{"@type":"ImageObject","inLanguage":"ro-RO","@id":"https:\/\/mhf.ro\/mm\/#\/schema\/person\/image\/","url":"https:\/\/mhf.ro\/mm\/wp-content\/uploads\/2025\/12\/cropped-logo_mhf_2.png","contentUrl":"https:\/\/mhf.ro\/mm\/wp-content\/uploads\/2025\/12\/cropped-logo_mhf_2.png","width":1096,"height":457,"caption":"Marius Marcu"},"logo":{"@id":"https:\/\/mhf.ro\/mm\/#\/schema\/person\/image\/"},"sameAs":["https:\/\/mhf.ro\/mm"]},{"@type":"Person","@id":"https:\/\/mhf.ro\/mm\/#\/schema\/person\/d2e8248dfe54de3d7284ff7254d2e29b","name":"Ciurtin Tavi","image":{"@type":"ImageObject","inLanguage":"ro-RO","@id":"https:\/\/mhf.ro\/mm\/#\/schema\/person\/image\/","url":"https:\/\/secure.gravatar.com\/avatar\/5afa01044b4e9328c510b64d3aa571c665404d2e22859f2e114ebd21774aab9c?s=96&d=monsterid&r=g","contentUrl":"https:\/\/secure.gravatar.com\/avatar\/5afa01044b4e9328c510b64d3aa571c665404d2e22859f2e114ebd21774aab9c?s=96&d=monsterid&r=g","caption":"Ciurtin Tavi"},"description":"N-am crezut niciodata ca ce am vizionat in vis, va fi permanent lege pentru mine... as fi isteric sa cred, ca, chiar eu pot sa-mi duc neputinta atat de mult sa cred ca eu... nu mai stiu sa glumesc, cu el, cu ea, cu tine, si in ultimul rand... cu mine... stii ce as vrea? ca eu nu stiu.... ma catar doar pe o dorinta, fumeganda-n mintea mea, asa, apucata de un ciucur ca un vis.... un vis legitim, nu unul....labartit din memoria somnului, ca... ultima discutie cu tine! hai, pa... ma duc sa-mi mustruluiesc, speranta de-a avea curajul sa revina la suprafata inaintea zorilor .","sameAs":["https:\/\/mhf.ro\/mm"],"url":"https:\/\/mhf.ro\/mm\/author\/tavi\/"}]}},"_links":{"self":[{"href":"https:\/\/mhf.ro\/mm\/wp-json\/wp\/v2\/posts\/6287","targetHints":{"allow":["GET"]}}],"collection":[{"href":"https:\/\/mhf.ro\/mm\/wp-json\/wp\/v2\/posts"}],"about":[{"href":"https:\/\/mhf.ro\/mm\/wp-json\/wp\/v2\/types\/post"}],"author":[{"embeddable":true,"href":"https:\/\/mhf.ro\/mm\/wp-json\/wp\/v2\/users\/3"}],"replies":[{"embeddable":true,"href":"https:\/\/mhf.ro\/mm\/wp-json\/wp\/v2\/comments?post=6287"}],"version-history":[{"count":1,"href":"https:\/\/mhf.ro\/mm\/wp-json\/wp\/v2\/posts\/6287\/revisions"}],"predecessor-version":[{"id":6288,"href":"https:\/\/mhf.ro\/mm\/wp-json\/wp\/v2\/posts\/6287\/revisions\/6288"}],"wp:featuredmedia":[{"embeddable":true,"href":"https:\/\/mhf.ro\/mm\/wp-json\/wp\/v2\/media\/6289"}],"wp:attachment":[{"href":"https:\/\/mhf.ro\/mm\/wp-json\/wp\/v2\/media?parent=6287"}],"wp:term":[{"taxonomy":"category","embeddable":true,"href":"https:\/\/mhf.ro\/mm\/wp-json\/wp\/v2\/categories?post=6287"},{"taxonomy":"post_tag","embeddable":true,"href":"https:\/\/mhf.ro\/mm\/wp-json\/wp\/v2\/tags?post=6287"}],"curies":[{"name":"wp","href":"https:\/\/api.w.org\/{rel}","templated":true}]}}