{"id":6323,"date":"2022-02-06T18:06:44","date_gmt":"2022-02-06T16:06:44","guid":{"rendered":"https:\/\/mhf.ro\/mm\/?p=6323"},"modified":"2022-02-06T18:06:44","modified_gmt":"2022-02-06T16:06:44","slug":"duminica-cananeencei","status":"publish","type":"post","link":"https:\/\/mhf.ro\/mm\/duminica-cananeencei\/","title":{"rendered":"Duminica cananeencei"},"content":{"rendered":"<p>Ev. Matei 15, 21-28<\/p>\n<p>\u00cen vremea aceea a venit Iisus \u00een p\u0103r\u021bile Tirului \u0219i ale Sidonului. \u0218i, iat\u0103, o femeie canaaneanc\u0103, din acele \u021binuturi, ie\u0219ind striga, zic\u00e2nd: Miluie\u0219te-m\u0103, Doamne, Fiul lui David!\u00a0Fiica mea este r\u0103u chinuit\u0103 de diavol. Iisus \u00eens\u0103 nu i-a r\u0103spuns niciun cuv\u00e2nt;\u00a0\u0219i, apropiindu-se, ucenicii Lui \u00cel rugau, zic\u00e2nd: D\u0103-i drumul, c\u0103 strig\u0103 \u00een urma noastr\u0103. Iar El, r\u0103spunz\u00e2nd, a zis: Nu sunt trimis dec\u00e2t c\u0103tre oile cele pierdute ale casei lui Israel. Iar ea, venind, s-a \u00eenchinat Lui, zic\u00e2nd: Doamne, ajut\u0103-m\u0103! El \u00eens\u0103, r\u0103spunz\u00e2nd, i-a zis: Nu este bine s\u0103 iei p\u00e2inea copiilor \u0219i s-o arunci c\u00e2inilor. Dar ea a zis: Da, Doamne, dar \u0219i c\u00e2inii m\u0103n\u00e2nc\u0103 din f\u0103r\u00e2miturile ce cad de la masa st\u0103p\u00e2nilor lor. Atunci, r\u0103spunz\u00e2nd, Iisus i-a zis: O, femeie, mare este credin\u021ba ta; fie \u021bie dup\u0103 cum voie\u0219ti! \u0218i s-a t\u0103m\u0103duit fiica ei din ceasul acela.<\/p>\n<p><strong>MEDITA\u021aIE<\/strong><\/p>\n<p>(Mt. 15, 22)\u00a0<em>\u015ei iat\u0103 o femeie canaaneanc\u0103, din acele \u0163inuturi, ie\u015find striga, zic\u00e2nd: Miluie\u015fte-m\u0103, Doamne, Fiul lui David! Fiica mea este r\u0103u chinuit\u0103 de demon.<\/em><\/p>\n<p>Marcu spune c\u0103 dup\u0103 ce intrase \u00eentr-o cas\u0103, voia s\u0103 r\u0103m\u00e2n\u0103 t\u0103inuit, dar nu a putut (Mc. 7, 4). De ce a plecat \u00een aceste \u021binuturi? Pentru c\u0103 atunci c\u00e2nd i-a slobozit de sub st\u0103p\u00e2nirea legii m\u00e2nc\u0103rii, atunci a deschis o u\u0219\u0103 de intrare pentru neamuri, fiind o anticipare pentru fapta lui Petru, care mai \u00eent\u00e2i a primit porunc\u0103 s\u0103 nu se mai supun\u0103 legii sub care se afla \u0219i apoi a fost trimis la Corneliu (Fap. 10, 1-48).<\/p>\n<p>Dar dac\u0103 cineva va spune,\u00a0<em>De ce las\u0103 pe aceast\u0103 femeie s\u0103 se apropie de El c\u00e2nd El \u00eensu\u0219i porunce\u0219te \u201e\u00cen calea p\u0103g\u00e2nilor s\u0103 nu merge\u0163i\u201d<\/em>\u00a0(Mt. 10, 5)? Vedem \u00een primul r\u00e2nd c\u0103 El, fiind Cine este, nu era obligat (\u00een sensul strict al cuv\u00e2ntului) s\u0103 se supun\u0103 poruncii date ucenicilor S\u0103i. \u00cen al doilea r\u00e2nd, vedem c\u0103 Iisus nu mergea acolo ca s\u0103 propov\u0103duiasc\u0103. Chiar la lucrul acesta se refer\u0103 Marcu c\u00e2nd spune at\u00e2t c\u0103 Iisus a vrut s\u0103 r\u0103m\u00e2n\u0103 ne\u0219tiut, c\u00e2t \u0219i c\u0103 nu a putut r\u0103m\u00e2ne t\u0103inuit. Faptul c\u0103 nu au fost primii la care a mers Iisus s\u0103 propov\u0103duiasc\u0103 era datorat misiunii Sale pe acest p\u0103m\u00e2nt \u00een acela\u0219i fel \u00een care nu era propriu dragostei sale pentru oameni s\u0103 alunge pe cei care veneau la El. C\u0103ci dac\u0103 Hristos ar fi trebuit s\u0103 mearg\u0103 dup\u0103 cei ce fugeau de El, cu at\u00e2t mai mult nu ar fi trebuit s\u0103 refuze pe cei ce veneau la El.<\/p>\n<p>(Sf\u00e2ntul Ioan Gur\u0103 de Aur,\u00a0<em>Evanghelia dup\u0103 Matei, Omilia 52.<\/em>1, traducere pentru Doxologia.ro de Lucian Filip)<\/p>\n<p>&nbsp;<\/p>\n","protected":false},"excerpt":{"rendered":"<p>Ev. Matei 15, 21-28 \u00cen vremea aceea a venit Iisus \u00een p\u0103r\u021bile Tirului \u0219i ale Sidonului. \u0218i, iat\u0103, o femeie<\/p>\n","protected":false},"author":4,"featured_media":6324,"comment_status":"open","ping_status":"open","sticky":false,"template":"","format":"standard","meta":{"colormag_page_container_layout":"default_layout","colormag_page_sidebar_layout":"default_layout","footnotes":""},"categories":[34],"tags":[],"class_list":["post-6323","post","type-post","status-publish","format-standard","has-post-thumbnail","hentry","category-religie"],"yoast_head":"<!-- This site is optimized with the Yoast SEO plugin v27.0 - https:\/\/yoast.com\/product\/yoast-seo-wordpress\/ -->\n<title>Duminica cananeencei - MHF Photography<\/title>\n<meta name=\"robots\" content=\"index, follow, max-snippet:-1, max-image-preview:large, max-video-preview:-1\" \/>\n<link rel=\"canonical\" href=\"https:\/\/mhf.ro\/mm\/duminica-cananeencei\/\" \/>\n<meta property=\"og:locale\" content=\"ro_RO\" \/>\n<meta property=\"og:type\" content=\"article\" \/>\n<meta property=\"og:title\" content=\"Duminica cananeencei - MHF Photography\" \/>\n<meta property=\"og:description\" content=\"Ev. Matei 15, 21-28 \u00cen vremea aceea a venit Iisus \u00een p\u0103r\u021bile Tirului \u0219i ale Sidonului. \u0218i, iat\u0103, o femeie\" \/>\n<meta property=\"og:url\" content=\"https:\/\/mhf.ro\/mm\/duminica-cananeencei\/\" \/>\n<meta property=\"og:site_name\" content=\"MHF Photography\" \/>\n<meta property=\"article:published_time\" content=\"2022-02-06T16:06:44+00:00\" \/>\n<meta property=\"og:image\" content=\"https:\/\/mhf.ro\/mm\/wp-content\/uploads\/2022\/02\/cananeeanca.jpg\" \/>\n\t<meta property=\"og:image:width\" content=\"1024\" \/>\n\t<meta property=\"og:image:height\" content=\"815\" \/>\n\t<meta property=\"og:image:type\" content=\"image\/jpeg\" \/>\n<meta name=\"author\" content=\"Preot paroh Horvat Petru\" \/>\n<meta name=\"twitter:card\" content=\"summary_large_image\" \/>\n<meta name=\"twitter:label1\" content=\"Scris de\" \/>\n\t<meta name=\"twitter:data1\" content=\"Preot paroh Horvat Petru\" \/>\n\t<meta name=\"twitter:label2\" content=\"Timp estimat pentru citire\" \/>\n\t<meta name=\"twitter:data2\" content=\"3 minute\" \/>\n<script type=\"application\/ld+json\" class=\"yoast-schema-graph\">{\"@context\":\"https:\/\/schema.org\",\"@graph\":[{\"@type\":\"Article\",\"@id\":\"https:\/\/mhf.ro\/mm\/duminica-cananeencei\/#article\",\"isPartOf\":{\"@id\":\"https:\/\/mhf.ro\/mm\/duminica-cananeencei\/\"},\"author\":{\"name\":\"Preot paroh Horvat Petru\",\"@id\":\"https:\/\/mhf.ro\/mm\/#\/schema\/person\/4c8c06c801b7b666e81ed44550086900\"},\"headline\":\"Duminica cananeencei\",\"datePublished\":\"2022-02-06T16:06:44+00:00\",\"mainEntityOfPage\":{\"@id\":\"https:\/\/mhf.ro\/mm\/duminica-cananeencei\/\"},\"wordCount\":497,\"commentCount\":0,\"publisher\":{\"@id\":\"https:\/\/mhf.ro\/mm\/#\/schema\/person\/a3bebf7bdb4bf12f698aff73c7e46c21\"},\"image\":{\"@id\":\"https:\/\/mhf.ro\/mm\/duminica-cananeencei\/#primaryimage\"},\"thumbnailUrl\":\"https:\/\/mhf.ro\/mm\/wp-content\/uploads\/2022\/02\/cananeeanca.jpg\",\"articleSection\":[\"Religie\"],\"inLanguage\":\"ro-RO\",\"potentialAction\":[{\"@type\":\"CommentAction\",\"name\":\"Comment\",\"target\":[\"https:\/\/mhf.ro\/mm\/duminica-cananeencei\/#respond\"]}]},{\"@type\":\"WebPage\",\"@id\":\"https:\/\/mhf.ro\/mm\/duminica-cananeencei\/\",\"url\":\"https:\/\/mhf.ro\/mm\/duminica-cananeencei\/\",\"name\":\"Duminica cananeencei - MHF Photography\",\"isPartOf\":{\"@id\":\"https:\/\/mhf.ro\/mm\/#website\"},\"primaryImageOfPage\":{\"@id\":\"https:\/\/mhf.ro\/mm\/duminica-cananeencei\/#primaryimage\"},\"image\":{\"@id\":\"https:\/\/mhf.ro\/mm\/duminica-cananeencei\/#primaryimage\"},\"thumbnailUrl\":\"https:\/\/mhf.ro\/mm\/wp-content\/uploads\/2022\/02\/cananeeanca.jpg\",\"datePublished\":\"2022-02-06T16:06:44+00:00\",\"breadcrumb\":{\"@id\":\"https:\/\/mhf.ro\/mm\/duminica-cananeencei\/#breadcrumb\"},\"inLanguage\":\"ro-RO\",\"potentialAction\":[{\"@type\":\"ReadAction\",\"target\":[\"https:\/\/mhf.ro\/mm\/duminica-cananeencei\/\"]}]},{\"@type\":\"ImageObject\",\"inLanguage\":\"ro-RO\",\"@id\":\"https:\/\/mhf.ro\/mm\/duminica-cananeencei\/#primaryimage\",\"url\":\"https:\/\/mhf.ro\/mm\/wp-content\/uploads\/2022\/02\/cananeeanca.jpg\",\"contentUrl\":\"https:\/\/mhf.ro\/mm\/wp-content\/uploads\/2022\/02\/cananeeanca.jpg\",\"width\":1024,\"height\":815},{\"@type\":\"BreadcrumbList\",\"@id\":\"https:\/\/mhf.ro\/mm\/duminica-cananeencei\/#breadcrumb\",\"itemListElement\":[{\"@type\":\"ListItem\",\"position\":1,\"name\":\"Prima pagin\u0103\",\"item\":\"https:\/\/mhf.ro\/mm\/\"},{\"@type\":\"ListItem\",\"position\":2,\"name\":\"Duminica cananeencei\"}]},{\"@type\":\"WebSite\",\"@id\":\"https:\/\/mhf.ro\/mm\/#website\",\"url\":\"https:\/\/mhf.ro\/mm\/\",\"name\":\"MHF Photography \u2013 Blog de fotografie, natur\u0103 \u0219i tehnic\u0103 divers\u0103\",\"description\":\"Aventur\u0103 \u00een fiecare cadru.\",\"publisher\":{\"@id\":\"https:\/\/mhf.ro\/mm\/#\/schema\/person\/a3bebf7bdb4bf12f698aff73c7e46c21\"},\"potentialAction\":[{\"@type\":\"SearchAction\",\"target\":{\"@type\":\"EntryPoint\",\"urlTemplate\":\"https:\/\/mhf.ro\/mm\/?s={search_term_string}\"},\"query-input\":{\"@type\":\"PropertyValueSpecification\",\"valueRequired\":true,\"valueName\":\"search_term_string\"}}],\"inLanguage\":\"ro-RO\"},{\"@type\":[\"Person\",\"Organization\"],\"@id\":\"https:\/\/mhf.ro\/mm\/#\/schema\/person\/a3bebf7bdb4bf12f698aff73c7e46c21\",\"name\":\"Marius Marcu\",\"image\":{\"@type\":\"ImageObject\",\"inLanguage\":\"ro-RO\",\"@id\":\"https:\/\/mhf.ro\/mm\/#\/schema\/person\/image\/\",\"url\":\"https:\/\/mhf.ro\/mm\/wp-content\/uploads\/2025\/12\/cropped-logo_mhf_2.png\",\"contentUrl\":\"https:\/\/mhf.ro\/mm\/wp-content\/uploads\/2025\/12\/cropped-logo_mhf_2.png\",\"width\":1096,\"height\":457,\"caption\":\"Marius Marcu\"},\"logo\":{\"@id\":\"https:\/\/mhf.ro\/mm\/#\/schema\/person\/image\/\"},\"sameAs\":[\"https:\/\/mhf.ro\/mm\"]},{\"@type\":\"Person\",\"@id\":\"https:\/\/mhf.ro\/mm\/#\/schema\/person\/4c8c06c801b7b666e81ed44550086900\",\"name\":\"Preot paroh Horvat Petru\",\"image\":{\"@type\":\"ImageObject\",\"inLanguage\":\"ro-RO\",\"@id\":\"https:\/\/mhf.ro\/mm\/#\/schema\/person\/image\/\",\"url\":\"https:\/\/secure.gravatar.com\/avatar\/c2d2dcdf21c6f41aad486d71768c144cd6e23cb7b63bae9bd6fab542b26ad321?s=96&d=monsterid&r=g\",\"contentUrl\":\"https:\/\/secure.gravatar.com\/avatar\/c2d2dcdf21c6f41aad486d71768c144cd6e23cb7b63bae9bd6fab542b26ad321?s=96&d=monsterid&r=g\",\"caption\":\"Preot paroh Horvat Petru\"},\"sameAs\":[\"https:\/\/mhf.ro\/mm\"],\"url\":\"https:\/\/mhf.ro\/mm\/author\/petrica\/\"}]}<\/script>\n<!-- \/ Yoast SEO plugin. -->","yoast_head_json":{"title":"Duminica cananeencei - MHF Photography","robots":{"index":"index","follow":"follow","max-snippet":"max-snippet:-1","max-image-preview":"max-image-preview:large","max-video-preview":"max-video-preview:-1"},"canonical":"https:\/\/mhf.ro\/mm\/duminica-cananeencei\/","og_locale":"ro_RO","og_type":"article","og_title":"Duminica cananeencei - MHF Photography","og_description":"Ev. Matei 15, 21-28 \u00cen vremea aceea a venit Iisus \u00een p\u0103r\u021bile Tirului \u0219i ale Sidonului. \u0218i, iat\u0103, o femeie","og_url":"https:\/\/mhf.ro\/mm\/duminica-cananeencei\/","og_site_name":"MHF Photography","article_published_time":"2022-02-06T16:06:44+00:00","og_image":[{"width":1024,"height":815,"url":"https:\/\/mhf.ro\/mm\/wp-content\/uploads\/2022\/02\/cananeeanca.jpg","type":"image\/jpeg"}],"author":"Preot paroh Horvat Petru","twitter_card":"summary_large_image","twitter_misc":{"Scris de":"Preot paroh Horvat Petru","Timp estimat pentru citire":"3 minute"},"schema":{"@context":"https:\/\/schema.org","@graph":[{"@type":"Article","@id":"https:\/\/mhf.ro\/mm\/duminica-cananeencei\/#article","isPartOf":{"@id":"https:\/\/mhf.ro\/mm\/duminica-cananeencei\/"},"author":{"name":"Preot paroh Horvat Petru","@id":"https:\/\/mhf.ro\/mm\/#\/schema\/person\/4c8c06c801b7b666e81ed44550086900"},"headline":"Duminica cananeencei","datePublished":"2022-02-06T16:06:44+00:00","mainEntityOfPage":{"@id":"https:\/\/mhf.ro\/mm\/duminica-cananeencei\/"},"wordCount":497,"commentCount":0,"publisher":{"@id":"https:\/\/mhf.ro\/mm\/#\/schema\/person\/a3bebf7bdb4bf12f698aff73c7e46c21"},"image":{"@id":"https:\/\/mhf.ro\/mm\/duminica-cananeencei\/#primaryimage"},"thumbnailUrl":"https:\/\/mhf.ro\/mm\/wp-content\/uploads\/2022\/02\/cananeeanca.jpg","articleSection":["Religie"],"inLanguage":"ro-RO","potentialAction":[{"@type":"CommentAction","name":"Comment","target":["https:\/\/mhf.ro\/mm\/duminica-cananeencei\/#respond"]}]},{"@type":"WebPage","@id":"https:\/\/mhf.ro\/mm\/duminica-cananeencei\/","url":"https:\/\/mhf.ro\/mm\/duminica-cananeencei\/","name":"Duminica cananeencei - MHF Photography","isPartOf":{"@id":"https:\/\/mhf.ro\/mm\/#website"},"primaryImageOfPage":{"@id":"https:\/\/mhf.ro\/mm\/duminica-cananeencei\/#primaryimage"},"image":{"@id":"https:\/\/mhf.ro\/mm\/duminica-cananeencei\/#primaryimage"},"thumbnailUrl":"https:\/\/mhf.ro\/mm\/wp-content\/uploads\/2022\/02\/cananeeanca.jpg","datePublished":"2022-02-06T16:06:44+00:00","breadcrumb":{"@id":"https:\/\/mhf.ro\/mm\/duminica-cananeencei\/#breadcrumb"},"inLanguage":"ro-RO","potentialAction":[{"@type":"ReadAction","target":["https:\/\/mhf.ro\/mm\/duminica-cananeencei\/"]}]},{"@type":"ImageObject","inLanguage":"ro-RO","@id":"https:\/\/mhf.ro\/mm\/duminica-cananeencei\/#primaryimage","url":"https:\/\/mhf.ro\/mm\/wp-content\/uploads\/2022\/02\/cananeeanca.jpg","contentUrl":"https:\/\/mhf.ro\/mm\/wp-content\/uploads\/2022\/02\/cananeeanca.jpg","width":1024,"height":815},{"@type":"BreadcrumbList","@id":"https:\/\/mhf.ro\/mm\/duminica-cananeencei\/#breadcrumb","itemListElement":[{"@type":"ListItem","position":1,"name":"Prima pagin\u0103","item":"https:\/\/mhf.ro\/mm\/"},{"@type":"ListItem","position":2,"name":"Duminica cananeencei"}]},{"@type":"WebSite","@id":"https:\/\/mhf.ro\/mm\/#website","url":"https:\/\/mhf.ro\/mm\/","name":"MHF Photography \u2013 Blog de fotografie, natur\u0103 \u0219i tehnic\u0103 divers\u0103","description":"Aventur\u0103 \u00een fiecare cadru.","publisher":{"@id":"https:\/\/mhf.ro\/mm\/#\/schema\/person\/a3bebf7bdb4bf12f698aff73c7e46c21"},"potentialAction":[{"@type":"SearchAction","target":{"@type":"EntryPoint","urlTemplate":"https:\/\/mhf.ro\/mm\/?s={search_term_string}"},"query-input":{"@type":"PropertyValueSpecification","valueRequired":true,"valueName":"search_term_string"}}],"inLanguage":"ro-RO"},{"@type":["Person","Organization"],"@id":"https:\/\/mhf.ro\/mm\/#\/schema\/person\/a3bebf7bdb4bf12f698aff73c7e46c21","name":"Marius Marcu","image":{"@type":"ImageObject","inLanguage":"ro-RO","@id":"https:\/\/mhf.ro\/mm\/#\/schema\/person\/image\/","url":"https:\/\/mhf.ro\/mm\/wp-content\/uploads\/2025\/12\/cropped-logo_mhf_2.png","contentUrl":"https:\/\/mhf.ro\/mm\/wp-content\/uploads\/2025\/12\/cropped-logo_mhf_2.png","width":1096,"height":457,"caption":"Marius Marcu"},"logo":{"@id":"https:\/\/mhf.ro\/mm\/#\/schema\/person\/image\/"},"sameAs":["https:\/\/mhf.ro\/mm"]},{"@type":"Person","@id":"https:\/\/mhf.ro\/mm\/#\/schema\/person\/4c8c06c801b7b666e81ed44550086900","name":"Preot paroh Horvat Petru","image":{"@type":"ImageObject","inLanguage":"ro-RO","@id":"https:\/\/mhf.ro\/mm\/#\/schema\/person\/image\/","url":"https:\/\/secure.gravatar.com\/avatar\/c2d2dcdf21c6f41aad486d71768c144cd6e23cb7b63bae9bd6fab542b26ad321?s=96&d=monsterid&r=g","contentUrl":"https:\/\/secure.gravatar.com\/avatar\/c2d2dcdf21c6f41aad486d71768c144cd6e23cb7b63bae9bd6fab542b26ad321?s=96&d=monsterid&r=g","caption":"Preot paroh Horvat Petru"},"sameAs":["https:\/\/mhf.ro\/mm"],"url":"https:\/\/mhf.ro\/mm\/author\/petrica\/"}]}},"_links":{"self":[{"href":"https:\/\/mhf.ro\/mm\/wp-json\/wp\/v2\/posts\/6323","targetHints":{"allow":["GET"]}}],"collection":[{"href":"https:\/\/mhf.ro\/mm\/wp-json\/wp\/v2\/posts"}],"about":[{"href":"https:\/\/mhf.ro\/mm\/wp-json\/wp\/v2\/types\/post"}],"author":[{"embeddable":true,"href":"https:\/\/mhf.ro\/mm\/wp-json\/wp\/v2\/users\/4"}],"replies":[{"embeddable":true,"href":"https:\/\/mhf.ro\/mm\/wp-json\/wp\/v2\/comments?post=6323"}],"version-history":[{"count":1,"href":"https:\/\/mhf.ro\/mm\/wp-json\/wp\/v2\/posts\/6323\/revisions"}],"predecessor-version":[{"id":6325,"href":"https:\/\/mhf.ro\/mm\/wp-json\/wp\/v2\/posts\/6323\/revisions\/6325"}],"wp:featuredmedia":[{"embeddable":true,"href":"https:\/\/mhf.ro\/mm\/wp-json\/wp\/v2\/media\/6324"}],"wp:attachment":[{"href":"https:\/\/mhf.ro\/mm\/wp-json\/wp\/v2\/media?parent=6323"}],"wp:term":[{"taxonomy":"category","embeddable":true,"href":"https:\/\/mhf.ro\/mm\/wp-json\/wp\/v2\/categories?post=6323"},{"taxonomy":"post_tag","embeddable":true,"href":"https:\/\/mhf.ro\/mm\/wp-json\/wp\/v2\/tags?post=6323"}],"curies":[{"name":"wp","href":"https:\/\/api.w.org\/{rel}","templated":true}]}}