{"id":6373,"date":"2022-02-09T07:35:03","date_gmt":"2022-02-09T05:35:03","guid":{"rendered":"https:\/\/mhf.ro\/mm\/?p=6373"},"modified":"2022-02-09T09:12:06","modified_gmt":"2022-02-09T07:12:06","slug":"citu-avertizeaza-psd-cu-noi-sau-in-opozitie","status":"publish","type":"post","link":"https:\/\/mhf.ro\/mm\/citu-avertizeaza-psd-cu-noi-sau-in-opozitie\/","title":{"rendered":"C\u00ee\u021bu avertizeaz\u0103 PSD: Cu noi sau \u00een opozi\u0163ie"},"content":{"rendered":"<p class=\"news__title\" title=\"Noi tensiuni \u00een coali\u021bia de guvernare. Florin C\u00ee\u021bu, despre PSD: \u201eS\u0103 se hot\u0103rasc\u0103 dac\u0103 vor s\u0103 fie cu noi \u00een echip\u0103 sau \u00een opozi\u0163ie\u201d\">Noi tensiuni \u00een coali\u021bia de guvernare. Pre\u015fedintele\u00a0PNL, Florin C\u00ee\u0163u, a declarat mar\u0163i, c\u0103 au existat discu\u0163ii cu liderii coali\u0163iei despre colaborarea \u00een viitor, \u00een contextul \u00een care acesta a declarat zilele trecute c\u0103 exist\u0103\u00a0campanii online\u00a0\u00eempotriva sa sponsorizate de social-democra\u021bi.<\/p>\n<p>\u201ePentru mine, trebuie s\u0103 fim transparen\u0163i \u00een ceea ce vrem s\u0103 facem pe viitor, cum vom func\u0163iona \u015fi aici mai mult despre asta a fost discu\u0163ia, despre modul \u00een care va func\u0163iona aceast\u0103 coali\u0163ie \u00een viitor, pentru c\u0103 PNL nu poate de fiecare dat\u0103 s\u0103 \u00eenchid\u0103 ochii \u015fi \u00een acela\u015fi timp s\u0103 fie cel care s\u0103 fie blamat c\u0103 vrea s\u0103 rup\u0103 aceast\u0103 coali\u0163ie. P\u00e2n\u0103 la urm\u0103, cei care au venit \u00een coali\u0163ie cu noi, au venit la guvernare al\u0103turi de noi trebuie s\u0103 se hot\u0103rasc\u0103 dac\u0103 vor s\u0103 fie cu noi \u00een echip\u0103 \u2013 \u015fi facem acest compromis \u2013 sau, dac\u0103 vor, s\u0103 stea \u00een opozi\u0163ie\u201d, a spus C\u00ee\u0163u la Parlament.<\/p>\n<p>Potrivit liderul PNL, \u015fedin\u0163a coali\u0163iei care urma s\u0103 aib\u0103 loc mar\u0163i a fost am\u00e2nat\u0103 pentru zilele urm\u0103toare.<\/p>\n<p>\u201eS-a am\u00e2nat pentru zilele urm\u0103toare. Am avut c\u00e2teva discu\u0163ii \u015fi ieri. Nu este nicio problem\u0103\u201d, a precizat C\u00ee\u0163u. (conf. Jurnalist.ro)<\/p>\n","protected":false},"excerpt":{"rendered":"<p>Noi tensiuni \u00een coali\u021bia de guvernare. Pre\u015fedintele\u00a0PNL, Florin C\u00ee\u0163u, a declarat mar\u0163i, c\u0103 au existat discu\u0163ii cu liderii coali\u0163iei despre<\/p>\n","protected":false},"author":1,"featured_media":6374,"comment_status":"open","ping_status":"open","sticky":false,"template":"","format":"standard","meta":{"colormag_page_container_layout":"default_layout","colormag_page_sidebar_layout":"default_layout","footnotes":""},"categories":[5],"tags":[],"class_list":["post-6373","post","type-post","status-publish","format-standard","has-post-thumbnail","hentry","category-locale"],"yoast_head":"<!-- This site is optimized with the Yoast SEO plugin v27.0 - https:\/\/yoast.com\/product\/yoast-seo-wordpress\/ -->\n<title>C\u00ee\u021bu avertizeaz\u0103 PSD: Cu noi sau \u00een opozi\u0163ie - MHF Photography<\/title>\n<meta name=\"robots\" content=\"index, follow, max-snippet:-1, max-image-preview:large, max-video-preview:-1\" \/>\n<link rel=\"canonical\" href=\"https:\/\/mhf.ro\/mm\/citu-avertizeaza-psd-cu-noi-sau-in-opozitie\/\" \/>\n<meta property=\"og:locale\" content=\"ro_RO\" \/>\n<meta property=\"og:type\" content=\"article\" \/>\n<meta property=\"og:title\" content=\"C\u00ee\u021bu avertizeaz\u0103 PSD: Cu noi sau \u00een opozi\u0163ie - MHF Photography\" \/>\n<meta property=\"og:description\" content=\"Noi tensiuni \u00een coali\u021bia de guvernare. Pre\u015fedintele\u00a0PNL, Florin C\u00ee\u0163u, a declarat mar\u0163i, c\u0103 au existat discu\u0163ii cu liderii coali\u0163iei despre\" \/>\n<meta property=\"og:url\" content=\"https:\/\/mhf.ro\/mm\/citu-avertizeaza-psd-cu-noi-sau-in-opozitie\/\" \/>\n<meta property=\"og:site_name\" content=\"MHF Photography\" \/>\n<meta property=\"article:published_time\" content=\"2022-02-09T05:35:03+00:00\" \/>\n<meta property=\"article:modified_time\" content=\"2022-02-09T07:12:06+00:00\" \/>\n<meta property=\"og:image\" content=\"https:\/\/mhf.ro\/mm\/wp-content\/uploads\/2022\/02\/citu-ciolacu.jpg\" \/>\n\t<meta property=\"og:image:width\" content=\"820\" \/>\n\t<meta property=\"og:image:height\" content=\"478\" \/>\n\t<meta property=\"og:image:type\" content=\"image\/jpeg\" \/>\n<meta name=\"author\" content=\"Marius Marcu\" \/>\n<meta name=\"twitter:card\" content=\"summary_large_image\" \/>\n<meta name=\"twitter:label1\" content=\"Scris de\" \/>\n\t<meta name=\"twitter:data1\" content=\"Marius Marcu\" \/>\n\t<meta name=\"twitter:label2\" content=\"Timp estimat pentru citire\" \/>\n\t<meta name=\"twitter:data2\" content=\"1 minut\" \/>\n<script type=\"application\/ld+json\" class=\"yoast-schema-graph\">{\"@context\":\"https:\/\/schema.org\",\"@graph\":[{\"@type\":\"Article\",\"@id\":\"https:\/\/mhf.ro\/mm\/citu-avertizeaza-psd-cu-noi-sau-in-opozitie\/#article\",\"isPartOf\":{\"@id\":\"https:\/\/mhf.ro\/mm\/citu-avertizeaza-psd-cu-noi-sau-in-opozitie\/\"},\"author\":{\"name\":\"Marius Marcu\",\"@id\":\"https:\/\/mhf.ro\/mm\/#\/schema\/person\/a3bebf7bdb4bf12f698aff73c7e46c21\"},\"headline\":\"C\u00ee\u021bu avertizeaz\u0103 PSD: Cu noi sau \u00een opozi\u0163ie\",\"datePublished\":\"2022-02-09T05:35:03+00:00\",\"dateModified\":\"2022-02-09T07:12:06+00:00\",\"mainEntityOfPage\":{\"@id\":\"https:\/\/mhf.ro\/mm\/citu-avertizeaza-psd-cu-noi-sau-in-opozitie\/\"},\"wordCount\":230,\"commentCount\":0,\"publisher\":{\"@id\":\"https:\/\/mhf.ro\/mm\/#\/schema\/person\/a3bebf7bdb4bf12f698aff73c7e46c21\"},\"image\":{\"@id\":\"https:\/\/mhf.ro\/mm\/citu-avertizeaza-psd-cu-noi-sau-in-opozitie\/#primaryimage\"},\"thumbnailUrl\":\"https:\/\/mhf.ro\/mm\/wp-content\/uploads\/2022\/02\/citu-ciolacu.jpg\",\"articleSection\":[\"Locale\"],\"inLanguage\":\"ro-RO\",\"potentialAction\":[{\"@type\":\"CommentAction\",\"name\":\"Comment\",\"target\":[\"https:\/\/mhf.ro\/mm\/citu-avertizeaza-psd-cu-noi-sau-in-opozitie\/#respond\"]}]},{\"@type\":\"WebPage\",\"@id\":\"https:\/\/mhf.ro\/mm\/citu-avertizeaza-psd-cu-noi-sau-in-opozitie\/\",\"url\":\"https:\/\/mhf.ro\/mm\/citu-avertizeaza-psd-cu-noi-sau-in-opozitie\/\",\"name\":\"C\u00ee\u021bu avertizeaz\u0103 PSD: Cu noi sau \u00een opozi\u0163ie - MHF Photography\",\"isPartOf\":{\"@id\":\"https:\/\/mhf.ro\/mm\/#website\"},\"primaryImageOfPage\":{\"@id\":\"https:\/\/mhf.ro\/mm\/citu-avertizeaza-psd-cu-noi-sau-in-opozitie\/#primaryimage\"},\"image\":{\"@id\":\"https:\/\/mhf.ro\/mm\/citu-avertizeaza-psd-cu-noi-sau-in-opozitie\/#primaryimage\"},\"thumbnailUrl\":\"https:\/\/mhf.ro\/mm\/wp-content\/uploads\/2022\/02\/citu-ciolacu.jpg\",\"datePublished\":\"2022-02-09T05:35:03+00:00\",\"dateModified\":\"2022-02-09T07:12:06+00:00\",\"breadcrumb\":{\"@id\":\"https:\/\/mhf.ro\/mm\/citu-avertizeaza-psd-cu-noi-sau-in-opozitie\/#breadcrumb\"},\"inLanguage\":\"ro-RO\",\"potentialAction\":[{\"@type\":\"ReadAction\",\"target\":[\"https:\/\/mhf.ro\/mm\/citu-avertizeaza-psd-cu-noi-sau-in-opozitie\/\"]}]},{\"@type\":\"ImageObject\",\"inLanguage\":\"ro-RO\",\"@id\":\"https:\/\/mhf.ro\/mm\/citu-avertizeaza-psd-cu-noi-sau-in-opozitie\/#primaryimage\",\"url\":\"https:\/\/mhf.ro\/mm\/wp-content\/uploads\/2022\/02\/citu-ciolacu.jpg\",\"contentUrl\":\"https:\/\/mhf.ro\/mm\/wp-content\/uploads\/2022\/02\/citu-ciolacu.jpg\",\"width\":820,\"height\":478},{\"@type\":\"BreadcrumbList\",\"@id\":\"https:\/\/mhf.ro\/mm\/citu-avertizeaza-psd-cu-noi-sau-in-opozitie\/#breadcrumb\",\"itemListElement\":[{\"@type\":\"ListItem\",\"position\":1,\"name\":\"Prima pagin\u0103\",\"item\":\"https:\/\/mhf.ro\/mm\/\"},{\"@type\":\"ListItem\",\"position\":2,\"name\":\"C\u00ee\u021bu avertizeaz\u0103 PSD: Cu noi sau \u00een opozi\u0163ie\"}]},{\"@type\":\"WebSite\",\"@id\":\"https:\/\/mhf.ro\/mm\/#website\",\"url\":\"https:\/\/mhf.ro\/mm\/\",\"name\":\"MHF Photography \u2013 Blog de fotografie, natur\u0103 \u0219i tehnic\u0103 divers\u0103\",\"description\":\"Aventur\u0103 \u00een fiecare cadru.\",\"publisher\":{\"@id\":\"https:\/\/mhf.ro\/mm\/#\/schema\/person\/a3bebf7bdb4bf12f698aff73c7e46c21\"},\"potentialAction\":[{\"@type\":\"SearchAction\",\"target\":{\"@type\":\"EntryPoint\",\"urlTemplate\":\"https:\/\/mhf.ro\/mm\/?s={search_term_string}\"},\"query-input\":{\"@type\":\"PropertyValueSpecification\",\"valueRequired\":true,\"valueName\":\"search_term_string\"}}],\"inLanguage\":\"ro-RO\"},{\"@type\":[\"Person\",\"Organization\"],\"@id\":\"https:\/\/mhf.ro\/mm\/#\/schema\/person\/a3bebf7bdb4bf12f698aff73c7e46c21\",\"name\":\"Marius Marcu\",\"image\":{\"@type\":\"ImageObject\",\"inLanguage\":\"ro-RO\",\"@id\":\"https:\/\/mhf.ro\/mm\/#\/schema\/person\/image\/\",\"url\":\"https:\/\/mhf.ro\/mm\/wp-content\/uploads\/2025\/12\/cropped-logo_mhf_2.png\",\"contentUrl\":\"https:\/\/mhf.ro\/mm\/wp-content\/uploads\/2025\/12\/cropped-logo_mhf_2.png\",\"width\":1096,\"height\":457,\"caption\":\"Marius Marcu\"},\"logo\":{\"@id\":\"https:\/\/mhf.ro\/mm\/#\/schema\/person\/image\/\"},\"sameAs\":[\"https:\/\/mhf.ro\/mm\"],\"url\":\"https:\/\/mhf.ro\/mm\/author\/mihai\/\"}]}<\/script>\n<!-- \/ Yoast SEO plugin. -->","yoast_head_json":{"title":"C\u00ee\u021bu avertizeaz\u0103 PSD: Cu noi sau \u00een opozi\u0163ie - MHF Photography","robots":{"index":"index","follow":"follow","max-snippet":"max-snippet:-1","max-image-preview":"max-image-preview:large","max-video-preview":"max-video-preview:-1"},"canonical":"https:\/\/mhf.ro\/mm\/citu-avertizeaza-psd-cu-noi-sau-in-opozitie\/","og_locale":"ro_RO","og_type":"article","og_title":"C\u00ee\u021bu avertizeaz\u0103 PSD: Cu noi sau \u00een opozi\u0163ie - MHF Photography","og_description":"Noi tensiuni \u00een coali\u021bia de guvernare. Pre\u015fedintele\u00a0PNL, Florin C\u00ee\u0163u, a declarat mar\u0163i, c\u0103 au existat discu\u0163ii cu liderii coali\u0163iei despre","og_url":"https:\/\/mhf.ro\/mm\/citu-avertizeaza-psd-cu-noi-sau-in-opozitie\/","og_site_name":"MHF Photography","article_published_time":"2022-02-09T05:35:03+00:00","article_modified_time":"2022-02-09T07:12:06+00:00","og_image":[{"width":820,"height":478,"url":"https:\/\/mhf.ro\/mm\/wp-content\/uploads\/2022\/02\/citu-ciolacu.jpg","type":"image\/jpeg"}],"author":"Marius Marcu","twitter_card":"summary_large_image","twitter_misc":{"Scris de":"Marius Marcu","Timp estimat pentru citire":"1 minut"},"schema":{"@context":"https:\/\/schema.org","@graph":[{"@type":"Article","@id":"https:\/\/mhf.ro\/mm\/citu-avertizeaza-psd-cu-noi-sau-in-opozitie\/#article","isPartOf":{"@id":"https:\/\/mhf.ro\/mm\/citu-avertizeaza-psd-cu-noi-sau-in-opozitie\/"},"author":{"name":"Marius Marcu","@id":"https:\/\/mhf.ro\/mm\/#\/schema\/person\/a3bebf7bdb4bf12f698aff73c7e46c21"},"headline":"C\u00ee\u021bu avertizeaz\u0103 PSD: Cu noi sau \u00een opozi\u0163ie","datePublished":"2022-02-09T05:35:03+00:00","dateModified":"2022-02-09T07:12:06+00:00","mainEntityOfPage":{"@id":"https:\/\/mhf.ro\/mm\/citu-avertizeaza-psd-cu-noi-sau-in-opozitie\/"},"wordCount":230,"commentCount":0,"publisher":{"@id":"https:\/\/mhf.ro\/mm\/#\/schema\/person\/a3bebf7bdb4bf12f698aff73c7e46c21"},"image":{"@id":"https:\/\/mhf.ro\/mm\/citu-avertizeaza-psd-cu-noi-sau-in-opozitie\/#primaryimage"},"thumbnailUrl":"https:\/\/mhf.ro\/mm\/wp-content\/uploads\/2022\/02\/citu-ciolacu.jpg","articleSection":["Locale"],"inLanguage":"ro-RO","potentialAction":[{"@type":"CommentAction","name":"Comment","target":["https:\/\/mhf.ro\/mm\/citu-avertizeaza-psd-cu-noi-sau-in-opozitie\/#respond"]}]},{"@type":"WebPage","@id":"https:\/\/mhf.ro\/mm\/citu-avertizeaza-psd-cu-noi-sau-in-opozitie\/","url":"https:\/\/mhf.ro\/mm\/citu-avertizeaza-psd-cu-noi-sau-in-opozitie\/","name":"C\u00ee\u021bu avertizeaz\u0103 PSD: Cu noi sau \u00een opozi\u0163ie - MHF Photography","isPartOf":{"@id":"https:\/\/mhf.ro\/mm\/#website"},"primaryImageOfPage":{"@id":"https:\/\/mhf.ro\/mm\/citu-avertizeaza-psd-cu-noi-sau-in-opozitie\/#primaryimage"},"image":{"@id":"https:\/\/mhf.ro\/mm\/citu-avertizeaza-psd-cu-noi-sau-in-opozitie\/#primaryimage"},"thumbnailUrl":"https:\/\/mhf.ro\/mm\/wp-content\/uploads\/2022\/02\/citu-ciolacu.jpg","datePublished":"2022-02-09T05:35:03+00:00","dateModified":"2022-02-09T07:12:06+00:00","breadcrumb":{"@id":"https:\/\/mhf.ro\/mm\/citu-avertizeaza-psd-cu-noi-sau-in-opozitie\/#breadcrumb"},"inLanguage":"ro-RO","potentialAction":[{"@type":"ReadAction","target":["https:\/\/mhf.ro\/mm\/citu-avertizeaza-psd-cu-noi-sau-in-opozitie\/"]}]},{"@type":"ImageObject","inLanguage":"ro-RO","@id":"https:\/\/mhf.ro\/mm\/citu-avertizeaza-psd-cu-noi-sau-in-opozitie\/#primaryimage","url":"https:\/\/mhf.ro\/mm\/wp-content\/uploads\/2022\/02\/citu-ciolacu.jpg","contentUrl":"https:\/\/mhf.ro\/mm\/wp-content\/uploads\/2022\/02\/citu-ciolacu.jpg","width":820,"height":478},{"@type":"BreadcrumbList","@id":"https:\/\/mhf.ro\/mm\/citu-avertizeaza-psd-cu-noi-sau-in-opozitie\/#breadcrumb","itemListElement":[{"@type":"ListItem","position":1,"name":"Prima pagin\u0103","item":"https:\/\/mhf.ro\/mm\/"},{"@type":"ListItem","position":2,"name":"C\u00ee\u021bu avertizeaz\u0103 PSD: Cu noi sau \u00een opozi\u0163ie"}]},{"@type":"WebSite","@id":"https:\/\/mhf.ro\/mm\/#website","url":"https:\/\/mhf.ro\/mm\/","name":"MHF Photography \u2013 Blog de fotografie, natur\u0103 \u0219i tehnic\u0103 divers\u0103","description":"Aventur\u0103 \u00een fiecare cadru.","publisher":{"@id":"https:\/\/mhf.ro\/mm\/#\/schema\/person\/a3bebf7bdb4bf12f698aff73c7e46c21"},"potentialAction":[{"@type":"SearchAction","target":{"@type":"EntryPoint","urlTemplate":"https:\/\/mhf.ro\/mm\/?s={search_term_string}"},"query-input":{"@type":"PropertyValueSpecification","valueRequired":true,"valueName":"search_term_string"}}],"inLanguage":"ro-RO"},{"@type":["Person","Organization"],"@id":"https:\/\/mhf.ro\/mm\/#\/schema\/person\/a3bebf7bdb4bf12f698aff73c7e46c21","name":"Marius Marcu","image":{"@type":"ImageObject","inLanguage":"ro-RO","@id":"https:\/\/mhf.ro\/mm\/#\/schema\/person\/image\/","url":"https:\/\/mhf.ro\/mm\/wp-content\/uploads\/2025\/12\/cropped-logo_mhf_2.png","contentUrl":"https:\/\/mhf.ro\/mm\/wp-content\/uploads\/2025\/12\/cropped-logo_mhf_2.png","width":1096,"height":457,"caption":"Marius Marcu"},"logo":{"@id":"https:\/\/mhf.ro\/mm\/#\/schema\/person\/image\/"},"sameAs":["https:\/\/mhf.ro\/mm"],"url":"https:\/\/mhf.ro\/mm\/author\/mihai\/"}]}},"_links":{"self":[{"href":"https:\/\/mhf.ro\/mm\/wp-json\/wp\/v2\/posts\/6373","targetHints":{"allow":["GET"]}}],"collection":[{"href":"https:\/\/mhf.ro\/mm\/wp-json\/wp\/v2\/posts"}],"about":[{"href":"https:\/\/mhf.ro\/mm\/wp-json\/wp\/v2\/types\/post"}],"author":[{"embeddable":true,"href":"https:\/\/mhf.ro\/mm\/wp-json\/wp\/v2\/users\/1"}],"replies":[{"embeddable":true,"href":"https:\/\/mhf.ro\/mm\/wp-json\/wp\/v2\/comments?post=6373"}],"version-history":[{"count":1,"href":"https:\/\/mhf.ro\/mm\/wp-json\/wp\/v2\/posts\/6373\/revisions"}],"predecessor-version":[{"id":6375,"href":"https:\/\/mhf.ro\/mm\/wp-json\/wp\/v2\/posts\/6373\/revisions\/6375"}],"wp:featuredmedia":[{"embeddable":true,"href":"https:\/\/mhf.ro\/mm\/wp-json\/wp\/v2\/media\/6374"}],"wp:attachment":[{"href":"https:\/\/mhf.ro\/mm\/wp-json\/wp\/v2\/media?parent=6373"}],"wp:term":[{"taxonomy":"category","embeddable":true,"href":"https:\/\/mhf.ro\/mm\/wp-json\/wp\/v2\/categories?post=6373"},{"taxonomy":"post_tag","embeddable":true,"href":"https:\/\/mhf.ro\/mm\/wp-json\/wp\/v2\/tags?post=6373"}],"curies":[{"name":"wp","href":"https:\/\/api.w.org\/{rel}","templated":true}]}}